{"id":590,"date":"2008-02-20T16:33:57","date_gmt":"2008-02-20T21:33:57","guid":{"rendered":"http:\/\/www.visit-ulcinj.com\/blog\/2008\/02\/20\/vujanovic-danas-predlaze-mandatara\/"},"modified":"2008-02-26T12:49:25","modified_gmt":"2008-02-26T17:49:25","slug":"vujanovic-danas-predlaze-mandatara","status":"publish","type":"post","link":"https:\/\/www.visit-ulcinj.com\/blog\/2008\/02\/20\/vujanovic-danas-predlaze-mandatara\/","title":{"rendered":"Vujanovi? danas predla\u017ee mandatara"},"content":{"rendered":"<p><img loading=\"lazy\" src=\"http:\/\/www.pobjeda.cg.yu\/slike\/135939.jpg\" align=\"left\" height=\"213\" width=\"351\" \/><strong>Na konsultacije o mandataru do\u0161li predstavnici DPS, SDP, DUA, HGI i BS i najavili da ?e podr\u017eati predlog predsjednika Filipa Vujanovi?a<\/strong><\/p>\n<p>Podgorica, 19. februara \u2013 Predsjednik Crne Gore Filip Vujanovi? sjutra ?e na Cetinju predlo\u017eiti mandatara za sastav nove vlade. Saop\u0161ti?u ono \u0161to je ve? poznato, jer DPS je predlo\u017eila za mandatara svog lidera Hajredin Kova\u00e7ia, a o tome je postignut i dogovor sa na\u0161im koalicionim partnerom, saop\u0161tio je Vujanovi?, nakon dana\u0161njih konsultacija o mandataru sa predstavnicima DPS, SDP, DUA, HGI i BS, koje su se odazvale njegovom pozivu na sastanak.<br \/>\nVujanovi? je saop\u0161tio da je uva\u017eio potrebu da se \u0161to prije konstitui\u0161e nova vlada i izrazio nadu da ?e sjednica parlamenta tim povodom biti uskoro odr\u017eana. On je rekao da su konsultacije sa parlamentarnim strankama uo?i predlaganja mandatara ne samo obaveza ve? i dobra praksa. Nedolazak opozicionih predstavnika nije \u017eelio da komentari\u0161e, jer, kako je kazao, \u201cpoliti?ki razlozi koje su oni saop\u0161tili sami su po sebi dovoljan komentar\u201d.<br \/>\n\u0160ef poslani?kog kluba DPS Miodrag Vukovi? kazao je da ?e nova vlada nastaviti ono \u0161to je zavrijedilo ocjene da je Crna Gora sna\u017eno razvijena demokratska dr\u017eava kojoj vi\u0161e ne trebaju medijatori, ni posmatra?i kada svojim demokratskim procedurama rje\u0161ava otvorena pitanja, pa i kada ide na predsjedni?ke izbore.<br \/>\nIvan Brajovi?, \u0161ef poslani?kog kluba SDP, ocijenio je da je predlog koji ?e Vujanovi? saop\u0161titi sjutra na Cetinju \u201clogi?an i o?ekivan\u201d. Dogovorili smo se sa koalicionim partnerom o prioritetima budu?e vlade do 2009. godine, saop\u0161tio je Brajovi?, ponavljaju?i stav SDP-a da Crna Gora treba \u0161to prije da izabere vladu.<br \/>\n&#8211; Crna Gora treba \u0161to prije da izabere vladu, smatra i Ferhat Dino\u0161a (DUA), najavljuju?i podr\u0161ku Vujanovi?evom predlogu u parlamentu. Na taj na?in da?e se novi zamah onome \u0161to ?eka Crnu Goru u pozitivnom smislu, rekao je Dino\u0161a. Predlog da Milo ?ukanovi? bude novi premijer podr\u017ea?e i Hrvatska gra?anska inicijativa, saop\u0161tio je Bo\u017eo Nikoli?, navode?i da nije u pitanju vanredna situacija, ve? nastavak rada jedne vlade. Amer Halilovi? iz Bo\u0161nja?ke stranke istakao je da za njegovu stranku Vujanovi?ev predlog nije iznena?enje. BS o?ekuje i poziv budu?eg premijera na razgovor kojem ?e saop\u0161titi svoje politi?ke zahtjeve, koji se ti?u statusa bo\u0161nja?kog naroda u Crnoj Gori, pogotovo u?e\u0161?a njegovih predstavnika u radu dr\u017eavnih institucija.<br \/>\nGlavni odbor Demokratske partije socijalista predlo\u017eio je ranije da mandatar za sastav nove Vlade bude predsjednik te stranke Milo ?ukanovi? nakon \u0161to je premijer \u017deljko \u0160turanovi?, zbog bolesti, podnio ostavku.<\/p>\n<p>Vukovi?: Nijesu do\u0161li oni koji su politi?ki nezreli<br \/>\nMiodrag Vukovi? je nedolazak predstavnika pojedinih poslani?kih klubova i partija na sastanak sa Filipom Vujanovi?em ocijenio \u201cpoliti?ki nezrelim\u201d. Opozicione partije nijesu do\u0161le na sastanak sa predsjednikom Crne Gore, smatraju?i njegov poziv farsom.<br \/>\n-Mora?emo sa?ekati da taj dio Crne Gore demokratski sazri, rekao je Vukovi?, navode?i da je danas kod Vujanovi?a bila Crna Gora od 21. maja 2006. godine, odnosno predstavnici onih stranaka koje su se izborile da se na\u0161a dr\u017eava vrati sebi. Logi?no je da sada kada biramo novu vladu, ponovo budemo na okupu, kazao je Vukovi?.<br \/>\nOn je \u201cone druge\u201d upitao \u201cda li imaju politi?kog morala da se kandiduju za predsjednika dr\u017eave, koju odlaze?i ju?e van nje, nazivaju la\u017enom, kvazi i dr\u017eavom koju ne treba po\u0161tovati\u201d. Na ivici je razuma da se neko kandiduje za ono \u0161to ne priznaje, dodao je Vukovi?.<br \/>\nFerhat Dino\u0161a smatra da su danas na sastanku sa Vujanovi?em bili predstavnici subjekata koji su bili i na zavr\u0161noj konvenciji uo?i referenduma 2006. godine, \u0161to \u201cpokazuje da oni koji su bili kadri da vrate dostojanstvo Crne Gore i dalje vode brigu o tome da dr\u017eava bude ozbiljna u onome \u0161to je pred nama\u201d.<\/p>\n<p>Bardhi zakasnio<br \/>\nMehmet Bardhi, predsjednik Demokratskog saveza u Crnoj Gori, nije u?estvovao u konsultacijama sa Filipom Vujanovi?em. Objasnio nam je da je jedini razlog nedolaska \u0161to je zakasnio.<\/p>\n<p>PORTPAROL DPS-A RAJKO KOVA?EVI? OCIJENIO<br \/>\nOpozicija neodgovorna prema nacionalnim interesima<br \/>\n(MINA) \u2013 Opozicione stranke koje nijesu prisustvovale konsultacijama oko imenovanja mandatara za sastav nove Vlade, jo\u0161 jednom su pokazale neodgovornost prema nacionalnim interesima, ocijenjeno je iz danas iz Demokratske partije socijalista. Portparol DPS-a Rajko Kova?evi? smatra da nedolazak opozicionih stranaka pokazuje i \u201cnedostatak politi?ke kulture onih koji stalno govore o funkcionisanju institucija sistema, a zapravo ih sami ne po\u0161tuju\u201d.<br \/>\n\u201cUkoliko smatraju da je njihovo prisustvo sastanku koji je zakazao Vujanovi? bilo neophodno da daju legitimet mandataru, u grdnoj su zabludi\u201d, naveo je Kova?evi? u izjavi dostavljenoj agenciji MINA.<br \/>\nPrema njegovim rije?ima, taj legitimet je obezbije?en voljom gra?ana na izborima koji su odr\u017eani prije godinu i po. \u201cNjihovo nepo\u0161tovanje te volje najslikovitije govori o demokratskom kapacitetu ra\u0161timovanog opozicionog orkestra\u201d.<br \/>\nKova?evi? je ocijenio da je opredjeljenje Vujanovi?a da mandat za sastav nove Vlade da najja?oj politi?koj partiji jedino logi?no i u skladu sa voljom crnogorskih bira?a. \u201cOno je ujedno garant da ?e Crna Gora sigurnim korakom nastaviti svoj demokratski put, usmjeren prema me?unarodnim integracijama\u201d, zaklju?io je Kova?evi?.<\/p>\n<p>Dino\u0161a: Ne \u017euriti sa priznavanjem Kosova, ali uva\u017eiti dr\u017eavni interes<br \/>\n-Crna Gora ne treba da \u017euri sa priznavanjem nezavisnosti Kosova, niti da barja?i tim, ali nadam se da ?e umjeti da prati op\u0161ti i dr\u017eavni interes, rekao je Ferhat Dino\u0161a, odgovaraju?i na pitanje da li ?e tra\u017eiti od budu?eg premijera da prizna nezavisnost Kosova. -Nadam se da ?e Crna Gora umjeti da prati interes koji ?e imati u vidu stav najzna?ajnijih faktora me?unarodne zajednice, EU i SAD, dodao je Dino\u0161a.<\/p>\n<p>I. K.<br \/>\nwww.pobjeda.cg.yu\/<\/p>\n","protected":false},"excerpt":{"rendered":"<p><img loading=\"lazy\" src=\"http:\/\/www.pobjeda.cg.yu\/slike\/135939.jpg\" align=\"left\" height=\"140\" width=\"140\" \/><\/p>\n","protected":false},"author":1,"featured_media":0,"comment_status":"open","ping_status":"closed","sticky":false,"template":"","format":"standard","meta":{"spay_email":"","jetpack_publicize_message":"","jetpack_is_tweetstorm":false,"jetpack_publicize_feature_enabled":true},"categories":[6],"tags":[90,1340,530,87,1868,1742,1398,1764,49,1404,1423,1618,1763,92,701,1854],"jetpack_publicize_connections":[],"yoast_head":"<!-- This site is optimized with the Yoast SEO plugin v19.1 - https:\/\/yoast.com\/wordpress\/plugins\/seo\/ -->\n<title>Vujanovi? danas predla\u017ee mandatara - Lajme nga Ulqini<\/title>\n<meta name=\"robots\" content=\"index, follow, max-snippet:-1, max-image-preview:large, max-video-preview:-1\" \/>\n<link rel=\"canonical\" href=\"https:\/\/www.visit-ulcinj.com\/blog\/2008\/02\/20\/vujanovic-danas-predlaze-mandatara\/\" \/>\n<meta property=\"og:locale\" content=\"en_US\" \/>\n<meta property=\"og:type\" content=\"article\" \/>\n<meta property=\"og:title\" content=\"Vujanovi? danas predla\u017ee mandatara - Lajme nga Ulqini\" \/>\n<meta property=\"og:url\" content=\"https:\/\/www.visit-ulcinj.com\/blog\/2008\/02\/20\/vujanovic-danas-predlaze-mandatara\/\" \/>\n<meta property=\"og:site_name\" content=\"Lajme nga Ulqini\" \/>\n<meta property=\"article:published_time\" content=\"2008-02-20T21:33:57+00:00\" \/>\n<meta property=\"article:modified_time\" content=\"2008-02-26T17:49:25+00:00\" \/>\n<meta property=\"og:image\" content=\"http:\/\/www.pobjeda.cg.yu\/slike\/135939.jpg\" \/>\n<meta name=\"twitter:label1\" content=\"Written by\" \/>\n\t<meta name=\"twitter:data1\" content=\"ulqini\" \/>\n\t<meta name=\"twitter:label2\" content=\"Est. reading time\" \/>\n\t<meta name=\"twitter:data2\" content=\"5 minutes\" \/>\n<script type=\"application\/ld+json\" class=\"yoast-schema-graph\">{\"@context\":\"https:\/\/schema.org\",\"@graph\":[{\"@type\":\"WebSite\",\"@id\":\"https:\/\/www.visit-ulcinj.com\/blog\/#website\",\"url\":\"https:\/\/www.visit-ulcinj.com\/blog\/\",\"name\":\"Lajme nga Ulqini\",\"description\":\"Lajme,Vijesti,Ulqini,Ulqin,Crna Gora,Mali i Zi\",\"potentialAction\":[{\"@type\":\"SearchAction\",\"target\":{\"@type\":\"EntryPoint\",\"urlTemplate\":\"https:\/\/www.visit-ulcinj.com\/blog\/?s={search_term_string}\"},\"query-input\":\"required name=search_term_string\"}],\"inLanguage\":\"en-US\"},{\"@type\":\"ImageObject\",\"inLanguage\":\"en-US\",\"@id\":\"https:\/\/www.visit-ulcinj.com\/blog\/2008\/02\/20\/vujanovic-danas-predlaze-mandatara\/#primaryimage\",\"url\":\"http:\/\/www.pobjeda.cg.yu\/slike\/135939.jpg\",\"contentUrl\":\"http:\/\/www.pobjeda.cg.yu\/slike\/135939.jpg\"},{\"@type\":\"WebPage\",\"@id\":\"https:\/\/www.visit-ulcinj.com\/blog\/2008\/02\/20\/vujanovic-danas-predlaze-mandatara\/#webpage\",\"url\":\"https:\/\/www.visit-ulcinj.com\/blog\/2008\/02\/20\/vujanovic-danas-predlaze-mandatara\/\",\"name\":\"Vujanovi? danas predla\u017ee mandatara - Lajme nga Ulqini\",\"isPartOf\":{\"@id\":\"https:\/\/www.visit-ulcinj.com\/blog\/#website\"},\"primaryImageOfPage\":{\"@id\":\"https:\/\/www.visit-ulcinj.com\/blog\/2008\/02\/20\/vujanovic-danas-predlaze-mandatara\/#primaryimage\"},\"datePublished\":\"2008-02-20T21:33:57+00:00\",\"dateModified\":\"2008-02-26T17:49:25+00:00\",\"author\":{\"@id\":\"https:\/\/www.visit-ulcinj.com\/blog\/#\/schema\/person\/dcab619c614d3038751c63bc2aadc06d\"},\"breadcrumb\":{\"@id\":\"https:\/\/www.visit-ulcinj.com\/blog\/2008\/02\/20\/vujanovic-danas-predlaze-mandatara\/#breadcrumb\"},\"inLanguage\":\"en-US\",\"potentialAction\":[{\"@type\":\"ReadAction\",\"target\":[\"https:\/\/www.visit-ulcinj.com\/blog\/2008\/02\/20\/vujanovic-danas-predlaze-mandatara\/\"]}]},{\"@type\":\"BreadcrumbList\",\"@id\":\"https:\/\/www.visit-ulcinj.com\/blog\/2008\/02\/20\/vujanovic-danas-predlaze-mandatara\/#breadcrumb\",\"itemListElement\":[{\"@type\":\"ListItem\",\"position\":1,\"name\":\"Vujanovi? danas predla\u017ee mandatara\"}]},{\"@type\":\"Person\",\"@id\":\"https:\/\/www.visit-ulcinj.com\/blog\/#\/schema\/person\/dcab619c614d3038751c63bc2aadc06d\",\"name\":\"ulqini\",\"sameAs\":[\"http:\/\/www.visit-ulcinj.com\"],\"url\":\"https:\/\/www.visit-ulcinj.com\/blog\/author\/admin\/\"}]}<\/script>\n<!-- \/ Yoast SEO plugin. -->","yoast_head_json":{"title":"Vujanovi? danas predla\u017ee mandatara - Lajme nga Ulqini","robots":{"index":"index","follow":"follow","max-snippet":"max-snippet:-1","max-image-preview":"max-image-preview:large","max-video-preview":"max-video-preview:-1"},"canonical":"https:\/\/www.visit-ulcinj.com\/blog\/2008\/02\/20\/vujanovic-danas-predlaze-mandatara\/","og_locale":"en_US","og_type":"article","og_title":"Vujanovi? danas predla\u017ee mandatara - Lajme nga Ulqini","og_url":"https:\/\/www.visit-ulcinj.com\/blog\/2008\/02\/20\/vujanovic-danas-predlaze-mandatara\/","og_site_name":"Lajme nga Ulqini","article_published_time":"2008-02-20T21:33:57+00:00","article_modified_time":"2008-02-26T17:49:25+00:00","og_image":[{"url":"http:\/\/www.pobjeda.cg.yu\/slike\/135939.jpg"}],"twitter_misc":{"Written by":"ulqini","Est. reading time":"5 minutes"},"schema":{"@context":"https:\/\/schema.org","@graph":[{"@type":"WebSite","@id":"https:\/\/www.visit-ulcinj.com\/blog\/#website","url":"https:\/\/www.visit-ulcinj.com\/blog\/","name":"Lajme nga Ulqini","description":"Lajme,Vijesti,Ulqini,Ulqin,Crna Gora,Mali i Zi","potentialAction":[{"@type":"SearchAction","target":{"@type":"EntryPoint","urlTemplate":"https:\/\/www.visit-ulcinj.com\/blog\/?s={search_term_string}"},"query-input":"required name=search_term_string"}],"inLanguage":"en-US"},{"@type":"ImageObject","inLanguage":"en-US","@id":"https:\/\/www.visit-ulcinj.com\/blog\/2008\/02\/20\/vujanovic-danas-predlaze-mandatara\/#primaryimage","url":"http:\/\/www.pobjeda.cg.yu\/slike\/135939.jpg","contentUrl":"http:\/\/www.pobjeda.cg.yu\/slike\/135939.jpg"},{"@type":"WebPage","@id":"https:\/\/www.visit-ulcinj.com\/blog\/2008\/02\/20\/vujanovic-danas-predlaze-mandatara\/#webpage","url":"https:\/\/www.visit-ulcinj.com\/blog\/2008\/02\/20\/vujanovic-danas-predlaze-mandatara\/","name":"Vujanovi? danas predla\u017ee mandatara - Lajme nga Ulqini","isPartOf":{"@id":"https:\/\/www.visit-ulcinj.com\/blog\/#website"},"primaryImageOfPage":{"@id":"https:\/\/www.visit-ulcinj.com\/blog\/2008\/02\/20\/vujanovic-danas-predlaze-mandatara\/#primaryimage"},"datePublished":"2008-02-20T21:33:57+00:00","dateModified":"2008-02-26T17:49:25+00:00","author":{"@id":"https:\/\/www.visit-ulcinj.com\/blog\/#\/schema\/person\/dcab619c614d3038751c63bc2aadc06d"},"breadcrumb":{"@id":"https:\/\/www.visit-ulcinj.com\/blog\/2008\/02\/20\/vujanovic-danas-predlaze-mandatara\/#breadcrumb"},"inLanguage":"en-US","potentialAction":[{"@type":"ReadAction","target":["https:\/\/www.visit-ulcinj.com\/blog\/2008\/02\/20\/vujanovic-danas-predlaze-mandatara\/"]}]},{"@type":"BreadcrumbList","@id":"https:\/\/www.visit-ulcinj.com\/blog\/2008\/02\/20\/vujanovic-danas-predlaze-mandatara\/#breadcrumb","itemListElement":[{"@type":"ListItem","position":1,"name":"Vujanovi? danas predla\u017ee mandatara"}]},{"@type":"Person","@id":"https:\/\/www.visit-ulcinj.com\/blog\/#\/schema\/person\/dcab619c614d3038751c63bc2aadc06d","name":"ulqini","sameAs":["http:\/\/www.visit-ulcinj.com"],"url":"https:\/\/www.visit-ulcinj.com\/blog\/author\/admin\/"}]}},"jetpack_featured_media_url":"","jetpack_sharing_enabled":true,"jetpack_shortlink":"https:\/\/wp.me\/pe6lTn-9w","_links":{"self":[{"href":"https:\/\/www.visit-ulcinj.com\/blog\/wp-json\/wp\/v2\/posts\/590"}],"collection":[{"href":"https:\/\/www.visit-ulcinj.com\/blog\/wp-json\/wp\/v2\/posts"}],"about":[{"href":"https:\/\/www.visit-ulcinj.com\/blog\/wp-json\/wp\/v2\/types\/post"}],"author":[{"embeddable":true,"href":"https:\/\/www.visit-ulcinj.com\/blog\/wp-json\/wp\/v2\/users\/1"}],"replies":[{"embeddable":true,"href":"https:\/\/www.visit-ulcinj.com\/blog\/wp-json\/wp\/v2\/comments?post=590"}],"version-history":[{"count":0,"href":"https:\/\/www.visit-ulcinj.com\/blog\/wp-json\/wp\/v2\/posts\/590\/revisions"}],"wp:attachment":[{"href":"https:\/\/www.visit-ulcinj.com\/blog\/wp-json\/wp\/v2\/media?parent=590"}],"wp:term":[{"taxonomy":"category","embeddable":true,"href":"https:\/\/www.visit-ulcinj.com\/blog\/wp-json\/wp\/v2\/categories?post=590"},{"taxonomy":"post_tag","embeddable":true,"href":"https:\/\/www.visit-ulcinj.com\/blog\/wp-json\/wp\/v2\/tags?post=590"}],"curies":[{"name":"wp","href":"https:\/\/api.w.org\/{rel}","templated":true}]}}