{"id":59004,"date":"2012-04-05T14:54:09","date_gmt":"2012-04-05T13:54:09","guid":{"rendered":"http:\/\/www.visit-ulcinj.com\/blog\/?p=59004"},"modified":"2012-04-05T17:00:34","modified_gmt":"2012-04-05T16:00:34","slug":"organizata-turistike-e-ulqinit-ne-panairin-e-turizmit-ne-sarajeve","status":"publish","type":"post","link":"https:\/\/www.visit-ulcinj.com\/blog\/2012\/04\/05\/organizata-turistike-e-ulqinit-ne-panairin-e-turizmit-ne-sarajeve\/","title":{"rendered":"Organizata turistike e Ulqinit n\u00eb panairin e turizmit ne Sarajev\u00eb"},"content":{"rendered":"<p align=\"center\"><strong><a href=\"http:\/\/www.visit-ulcinj.com\/blog\/wp-content\/uploads\/2012\/04\/Organizata-turistike-e-Ulqinit-ne-panair-te-Sarajeves.1_picnik.jpg\"><img loading=\"lazy\" class=\"alignleft  wp-image-59005\" title=\"SONY DSC\" src=\"http:\/\/www.visit-ulcinj.com\/blog\/wp-content\/uploads\/2012\/04\/Organizata-turistike-e-Ulqinit-ne-panair-te-Sarajeves.1_picnik.jpg\" alt=\"\" width=\"508\" height=\"360\" \/><\/a>Panairi nd\u00ebrkomb\u00ebtar i turizmit, gastronomis\u00eb dhe berza turistike <\/strong><\/p>\n<p align=\"center\"><strong>\u00a0<\/strong><\/p>\n<p align=\"center\"><strong>DIT\u00cbT E TURIZMIT, Sarajev\u00eb 28-31 mars 2012<\/strong><\/p>\n<p align=\"center\"><strong>\u00a0<\/strong><\/p>\n<p>Turizmi si fenomen ekonomiko-shoq\u00ebror, edhe p\u00ebrkund\u00ebr kriz\u00ebs ekonomike globale, \u00ebsht\u00eb nj\u00ebra nga deg\u00ebt e ekonomis\u00eb me zhvillim m\u00eb t\u00eb shpejt\u00eb dhe m\u00eb t\u00eb madh. Tregu turistik ka ndikim t\u00eb r\u00ebnd\u00ebsish\u00ebm si n\u00eb zhvillimin e p\u00ebrgjithsh\u00ebm t\u00eb nj\u00eb vendi ashtu edhe n\u00eb prezervimin dhe ruajtjen e ekologjis\u00eb dhe trashigimis\u00eb kulturore t\u00eb tij.<strong>\u00a0\u00a0\u00a0 <\/strong><\/p>\n<p><strong>\u00a0<a href=\"http:\/\/www.visit-ulcinj.com\/blog\/wp-content\/uploads\/2012\/04\/Organizata-turistike-e-Ulqinit-ne-panair-te-Sarajeves.3.jpg\"><img loading=\"lazy\" class=\"alignleft  wp-image-59006\" title=\"SONY DSC\" src=\"http:\/\/www.visit-ulcinj.com\/blog\/wp-content\/uploads\/2012\/04\/Organizata-turistike-e-Ulqinit-ne-panair-te-Sarajeves.3.jpg\" alt=\"\" width=\"508\" height=\"300\" \/><\/a><\/strong><\/p>\n<p>Panairi\u00a0 i 35 \u2013t\u00eb nd\u00ebrkomb\u00ebtar i turizmit, gastronomis\u00eb dhe berz\u00ebs turistike, \u201cDit\u00ebt e turizmit\u201d, \u00a0i cili po zhvillohet n\u00eb Sarajev\u00eb nga data 28 deri m\u00eb 31 mars,\u00a0 \u00ebsht\u00eb nj\u00eb manifestim me pesh\u00eb, \u00a0vendtakim i r\u00ebnd\u00ebsish\u00ebm dhe mjet efikas marketingo-propagandues p\u00ebr prezantimin e ofert\u00ebs dhe sh\u00ebrbimeve t\u00eb Ulqinit si destinacion turistik. \u00a0P\u00ebr k\u00ebt\u00eb arsye, Organizata turistike e Ulqinit, bazuar n\u00eb programin informativo-propagandues p\u00ebr vitin 2012, n\u00eb k\u00ebt\u00eb eveniment t\u00eb r\u00ebnd\u00ebsish\u00ebm turistik p\u00ebr her\u00eb t\u00eb par\u00eb merr pjes\u00eb me banak t\u00eb posa\u00e7\u00ebm, n\u00eb sip\u00ebrfaqe prej 25 m2\u00a0 Analizat e dy &#8211; \u00a0tri vit\u00ebve t\u00eb fundit tregojn\u00eb nj\u00eb rritje t\u00eb dukshme t\u00eb pushuesve nga Bosnja e Hercegovina \u00a0n\u00eb Mal t\u00eb Zi n\u00eb p\u00ebrgjith\u00ebsi, e n\u00eb Ulqin n\u00eb ve\u00e7anti.<\/p>\n<p><a href=\"http:\/\/www.visit-ulcinj.com\/blog\/wp-content\/uploads\/2012\/04\/Organizata-turistike-e-Ulqinit-ne-panair-te-Sarajeves.4.jpg\"><img loading=\"lazy\" class=\"alignleft  wp-image-59007\" title=\"SONY DSC\" src=\"http:\/\/www.visit-ulcinj.com\/blog\/wp-content\/uploads\/2012\/04\/Organizata-turistike-e-Ulqinit-ne-panair-te-Sarajeves.4.jpg\" alt=\"\" width=\"508\" height=\"300\" \/><\/a><\/p>\n<p>Nga mysafir\u00ebt q\u00eb vizituan banakun e OTU dhe bashk\u00ebbiseduesit e shumt\u00eb si:\u00a0 ndihm\u00ebs-ministri i Turizmit dhe Ekologjis\u00eb s\u00eb federates s\u00eb B &amp; H , z. Babic, \u00a0djejtori i p\u00ebrgjithsh\u00ebm i federat\u00ebs s\u00eb turizmit\u00a0 t\u00eb Kantonit\u00a0 t\u00eb Tuzl\u00ebs, z. Fazliq, kryetari i dhom\u00ebs s\u00eb ekonomis\u00eb t\u00eb kantonit t\u00eb Sarajev\u00ebs si dhe nga shum\u00eb kontakte t\u00eb tjera, m\u00ebsuam se interesimi p\u00ebr Malin e Zi dhe pik\u00ebrisht p\u00ebr Ulqinin \u00ebsht\u00eb n\u00eb rritje e sip\u00ebr.\u00a0 Arsyet mb\u00ebshteten si gjithmon\u00eb, n\u00eb potencialin natyror q\u00eb posedon Ulqini, n\u00eb plazhet e bukura dhe jashtzakonisht mir\u00eb t\u00eb menaxhuara, por edhe n\u00eb p\u00ebrmir\u00ebsimin e duksh\u00ebm t\u00eb akomodimeve si n\u00eb sektorin privat ashtu edhe n\u00eb at\u00eb hotelier, posa\u00e7\u00ebrisht \u00a0dy vitet e fundit. Stagnimi i \u00e7mimeve patjet\u00ebr q\u00eb \u00ebsht\u00eb faktor josh\u00ebs dhe mjaft determinues, pa harruar edhe sh\u00ebrbimet apo mikpritj\u00ebn tradicionale e t\u00eb rall\u00eb ulqinake q\u00eb thjesht\u00eb t\u00eb p\u00ebrfiton dhe t\u00eb b\u00ebn p\u00ebr vete.<\/p>\n<p>Gjithashtu u cek se n\u00eb k\u00ebt\u00eb rritje r\u00ebnd\u00ebsi t\u00eb ve\u00e7ant\u00eb ka pasur edhe politika propaganduse m\u00eb intensive e Ulqinit gjat\u00eb viteve t\u00eb fundit, binjakzimi i Ulqinit me qytetin e vjet\u00ebr t\u00eb Sarajev\u00ebs,\u00a0 prezenca konstante n\u00eb Bosnje p\u00ebrmes paraqitjeve t\u00eb shumta n\u00eb media, organizimi i vizitave t\u00eb p\u00ebrfaqsues\u00ebve t\u00eb mediave n\u00eb Ulqin, pjes\u00ebmarrja n\u00eb panaire, si dhe aktivitetet e\u00a0 Zyr\u00ebs s\u00eb Org. Nacionale t\u00eb turizmit t\u00eb MZ n\u00eb Sarajev\u00eb.<\/p>\n<p><a href=\"http:\/\/www.visit-ulcinj.com\/blog\/wp-content\/uploads\/2012\/04\/Organizata-turistike-e-Ulqinit-ne-panair-te-Sarajeves.5.jpg\"><img loading=\"lazy\" class=\"alignleft  wp-image-59008\" title=\"SONY DSC\" src=\"http:\/\/www.visit-ulcinj.com\/blog\/wp-content\/uploads\/2012\/04\/Organizata-turistike-e-Ulqinit-ne-panair-te-Sarajeves.5.jpg\" alt=\"\" width=\"508\" height=\"300\" \/><\/a><\/p>\n<p>Mysafir\u00ebt u informuan mbi investimet dhe p\u00ebrgatitjet e shumta q\u00eb po nd\u00ebrmirren n\u00eb p\u00ebrmir\u00ebsimin e infrastukur\u00ebs rrugore, ujore, elektrike, n\u00eb rregullimin e hapsir\u00ebs, n\u00eb manaxhimin e b\u00ebrllogut dhe mbeturinave dhe n\u00eb shum\u00eb segmente tjera shoq\u00ebrore p\u00ebr nj\u00eb sezon turistik t\u00eb suksesh\u00ebm, i cili pritet t\u00eb filloj\u00eb nga mesi i prillit kur Ulqinin do ta vizitojn\u00eb nj\u00eb grup turist\u00ebsh si dhe p\u00ebrfaq\u00ebsues t\u00eb agjensioneve turistike n\u00eb nj\u00eb turne pune n\u00eb Mal t\u00eb Zi.<\/p>\n<p>&nbsp;<\/p>\n<p>Nga Kantoni i Tuzl\u00ebs, Ulqini mori ftes\u00eb q\u00eb m\u00eb rastin e pjes\u00ebmarrjes n\u00eb panairin e Lukovacit, i cili do t\u00eb mbahet nga 10-12 maj 2012 t\u00eb marr\u00eb edhe nj\u00eb grup foklorik nga Ulqini si mysafir nderi.\u00a0 Ky grup folklorik do t\u2019u bashkohet grupeve foklorike nga Kroacia, Serbia, Turqia, Ukraina dhe t\u00eb ftuar t\u00eb tjer\u00eb n\u00eb shfaqje solemne dhe defilim n\u00ebp\u00ebr qytet.<\/p>\n<p><a href=\"http:\/\/www.visit-ulcinj.com\/blog\/wp-content\/uploads\/2012\/04\/Organizata-turistike-e-Ulqinit-ne-panair-te-Sarajeves.jpg\"><img loading=\"lazy\" class=\"alignleft  wp-image-59009\" title=\"SONY DSC\" src=\"http:\/\/www.visit-ulcinj.com\/blog\/wp-content\/uploads\/2012\/04\/Organizata-turistike-e-Ulqinit-ne-panair-te-Sarajeves.jpg\" alt=\"\" width=\"508\" height=\"300\" \/><\/a><\/p>\n<p>Gjat\u00eb zgjatjes s\u00eb panairit u dhan\u00eb intervista promovuese t\u00eb ofert\u00ebs turistike t\u00eb Ulqinit n\u00eb disa rrjete televizive t\u00eb Bosnj\u00ebs e Hercegovin\u00ebs, si\u00e7 jan\u00eb: TVSA, TV Zenica, Hema TV, TVTK, RTVFBIH, Radio BiH dhe paraqitje direkte n\u00eb Radio Sarajevo live, programi i m\u00ebngjezit.<\/p>\n<p><a href=\"http:\/\/www.visit-ulcinj.com\/blog\/wp-content\/uploads\/2012\/04\/Organizata-turistike-e-Ulqinit-ne-panair-te-Sarajeves.2.jpg\"><img loading=\"lazy\" class=\"alignleft  wp-image-59011\" title=\"SONY DSC\" src=\"http:\/\/www.visit-ulcinj.com\/blog\/wp-content\/uploads\/2012\/04\/Organizata-turistike-e-Ulqinit-ne-panair-te-Sarajeves.2.jpg\" alt=\"\" width=\"508\" height=\"300\" \/><\/a><\/p>\n<p>Drejtori i Org. Turistike i b\u00ebri nj\u00eb vizit\u00eb kortezie komun\u00ebs \u201c Qyteti i vjet\u00ebr\u201d i Sarajev\u00ebs ku u takua me k\u00ebshilltaren e kryetarit t\u00eb komun\u00ebs Ibrahim Haxhibajriq, znj. Selma Veliq, e cila shprehu vullnetin t\u00eb punohet n\u00eb avansimin e mardh\u00ebnjeve n\u00eb mes dy qyteteve tani m\u00eb t\u00eb binjakzuara p\u00ebrmes ndonj\u00eb projekti konkret t\u00eb finansuar nga IPA fondet.<\/p>\n<p align=\"center\"><strong>\u00a0<\/strong><\/p>\n<p>N\u00eb panair morr\u00ebn pjes\u00eb edhe p\u00ebrfaq\u00ebsuesit e hotel Mediteran q\u00eb prezentuan ofert\u00ebn e tyre p\u00ebr sezonin veror\u00eb 2012.<\/p>\n<p>N\u00eb vizit\u00eb mb\u00ebshtet\u00ebse ishin edhe p\u00ebrfaq\u00ebsues t\u00eb qeverisjes lokale t\u00eb komun\u00ebs s\u00eb Ulqinit.<\/p>\n<p>&nbsp;<\/p>\n<p>Sarajev\u00eb m\u00eb 31.03.2012<\/p>\n<p><strong>Lajme nga Ulqini<\/strong><br \/>\n<!--YouTube Error: bad URL entered--><\/p>\n","protected":false},"excerpt":{"rendered":"<p>Panairi nd\u00ebrkomb\u00ebtar i turizmit, gastronomis\u00eb dhe berza turistike \u00a0 DIT\u00cbT E TURIZMIT, Sarajev\u00eb 28-31 mars 2012 \u00a0 Turizmi si fenomen ekonomiko-shoq\u00ebror, edhe p\u00ebrkund\u00ebr kriz\u00ebs ekonomike globale, \u00ebsht\u00eb nj\u00ebra nga deg\u00ebt e ekonomis\u00eb me zhvillim m\u00eb t\u00eb shpejt\u00eb dhe m\u00eb t\u00eb madh. Tregu turistik ka ndikim t\u00eb r\u00ebnd\u00ebsish\u00ebm si n\u00eb zhvillimin e p\u00ebrgjithsh\u00ebm t\u00eb nj\u00eb vendi [&hellip;]<\/p>\n","protected":false},"author":1,"featured_media":0,"comment_status":"open","ping_status":"closed","sticky":false,"template":"","format":"standard","meta":{"spay_email":"","jetpack_publicize_message":"","jetpack_is_tweetstorm":false,"jetpack_publicize_feature_enabled":true},"categories":[15],"tags":[200,18],"jetpack_publicize_connections":[],"yoast_head":"<!-- This site is optimized with the Yoast SEO plugin v19.1 - https:\/\/yoast.com\/wordpress\/plugins\/seo\/ -->\n<title>Organizata turistike e Ulqinit n\u00eb panairin e turizmit ne Sarajev\u00eb - Lajme nga Ulqini<\/title>\n<meta name=\"description\" content=\"Panairi nd\u00ebrkomb\u00ebtar i turizmit, gastronomis\u00eb dhe berza turistike \u00a0 DIT\u00cbT E TURIZMIT, Sarajev\u00eb 28-31 mars 2012 \u00a0 Turizmi si fenomen ekonomiko-shoq\u00ebror,\" \/>\n<meta name=\"robots\" content=\"index, follow, max-snippet:-1, max-image-preview:large, max-video-preview:-1\" \/>\n<link rel=\"canonical\" href=\"https:\/\/www.visit-ulcinj.com\/blog\/2012\/04\/05\/organizata-turistike-e-ulqinit-ne-panairin-e-turizmit-ne-sarajeve\/\" \/>\n<meta property=\"og:locale\" content=\"en_US\" \/>\n<meta property=\"og:type\" content=\"article\" \/>\n<meta property=\"og:title\" content=\"Organizata turistike e Ulqinit n\u00eb panairin e turizmit ne Sarajev\u00eb - Lajme nga Ulqini\" \/>\n<meta property=\"og:description\" content=\"Panairi nd\u00ebrkomb\u00ebtar i turizmit, gastronomis\u00eb dhe berza turistike \u00a0 DIT\u00cbT E TURIZMIT, Sarajev\u00eb 28-31 mars 2012 \u00a0 Turizmi si fenomen ekonomiko-shoq\u00ebror,\" \/>\n<meta property=\"og:url\" content=\"https:\/\/www.visit-ulcinj.com\/blog\/2012\/04\/05\/organizata-turistike-e-ulqinit-ne-panairin-e-turizmit-ne-sarajeve\/\" \/>\n<meta property=\"og:site_name\" content=\"Lajme nga Ulqini\" \/>\n<meta property=\"article:published_time\" content=\"2012-04-05T13:54:09+00:00\" \/>\n<meta property=\"article:modified_time\" content=\"2012-04-05T16:00:34+00:00\" \/>\n<meta property=\"og:image\" content=\"http:\/\/www.visit-ulcinj.com\/blog\/wp-content\/uploads\/2012\/04\/Organizata-turistike-e-Ulqinit-ne-panair-te-Sarajeves.1_picnik.jpg\" \/>\n<meta name=\"twitter:label1\" content=\"Written by\" \/>\n\t<meta name=\"twitter:data1\" content=\"ulqini\" \/>\n\t<meta name=\"twitter:label2\" content=\"Est. reading time\" \/>\n\t<meta name=\"twitter:data2\" content=\"4 minutes\" \/>\n<script type=\"application\/ld+json\" class=\"yoast-schema-graph\">{\"@context\":\"https:\/\/schema.org\",\"@graph\":[{\"@type\":\"WebSite\",\"@id\":\"https:\/\/www.visit-ulcinj.com\/blog\/#website\",\"url\":\"https:\/\/www.visit-ulcinj.com\/blog\/\",\"name\":\"Lajme nga Ulqini\",\"description\":\"Lajme,Vijesti,Ulqini,Ulqin,Crna Gora,Mali i Zi\",\"potentialAction\":[{\"@type\":\"SearchAction\",\"target\":{\"@type\":\"EntryPoint\",\"urlTemplate\":\"https:\/\/www.visit-ulcinj.com\/blog\/?s={search_term_string}\"},\"query-input\":\"required name=search_term_string\"}],\"inLanguage\":\"en-US\"},{\"@type\":\"ImageObject\",\"inLanguage\":\"en-US\",\"@id\":\"https:\/\/www.visit-ulcinj.com\/blog\/2012\/04\/05\/organizata-turistike-e-ulqinit-ne-panairin-e-turizmit-ne-sarajeve\/#primaryimage\",\"url\":\"https:\/\/www.visit-ulcinj.com\/blog\/wp-content\/uploads\/2012\/04\/Organizata-turistike-e-Ulqinit-ne-panair-te-Sarajeves.1_picnik.jpg\",\"contentUrl\":\"https:\/\/www.visit-ulcinj.com\/blog\/wp-content\/uploads\/2012\/04\/Organizata-turistike-e-Ulqinit-ne-panair-te-Sarajeves.1_picnik.jpg\",\"width\":\"991\",\"height\":\"638\"},{\"@type\":\"WebPage\",\"@id\":\"https:\/\/www.visit-ulcinj.com\/blog\/2012\/04\/05\/organizata-turistike-e-ulqinit-ne-panairin-e-turizmit-ne-sarajeve\/#webpage\",\"url\":\"https:\/\/www.visit-ulcinj.com\/blog\/2012\/04\/05\/organizata-turistike-e-ulqinit-ne-panairin-e-turizmit-ne-sarajeve\/\",\"name\":\"Organizata turistike e Ulqinit n\u00eb panairin e turizmit ne Sarajev\u00eb - Lajme nga Ulqini\",\"isPartOf\":{\"@id\":\"https:\/\/www.visit-ulcinj.com\/blog\/#website\"},\"primaryImageOfPage\":{\"@id\":\"https:\/\/www.visit-ulcinj.com\/blog\/2012\/04\/05\/organizata-turistike-e-ulqinit-ne-panairin-e-turizmit-ne-sarajeve\/#primaryimage\"},\"datePublished\":\"2012-04-05T13:54:09+00:00\",\"dateModified\":\"2012-04-05T16:00:34+00:00\",\"author\":{\"@id\":\"https:\/\/www.visit-ulcinj.com\/blog\/#\/schema\/person\/dcab619c614d3038751c63bc2aadc06d\"},\"description\":\"Panairi nd\u00ebrkomb\u00ebtar i turizmit, gastronomis\u00eb dhe berza turistike \u00a0 DIT\u00cbT E TURIZMIT, Sarajev\u00eb 28-31 mars 2012 \u00a0 Turizmi si fenomen ekonomiko-shoq\u00ebror,\",\"breadcrumb\":{\"@id\":\"https:\/\/www.visit-ulcinj.com\/blog\/2012\/04\/05\/organizata-turistike-e-ulqinit-ne-panairin-e-turizmit-ne-sarajeve\/#breadcrumb\"},\"inLanguage\":\"en-US\",\"potentialAction\":[{\"@type\":\"ReadAction\",\"target\":[\"https:\/\/www.visit-ulcinj.com\/blog\/2012\/04\/05\/organizata-turistike-e-ulqinit-ne-panairin-e-turizmit-ne-sarajeve\/\"]}]},{\"@type\":\"BreadcrumbList\",\"@id\":\"https:\/\/www.visit-ulcinj.com\/blog\/2012\/04\/05\/organizata-turistike-e-ulqinit-ne-panairin-e-turizmit-ne-sarajeve\/#breadcrumb\",\"itemListElement\":[{\"@type\":\"ListItem\",\"position\":1,\"name\":\"Organizata turistike e Ulqinit n\u00eb panairin e turizmit ne Sarajev\u00eb\"}]},{\"@type\":\"Person\",\"@id\":\"https:\/\/www.visit-ulcinj.com\/blog\/#\/schema\/person\/dcab619c614d3038751c63bc2aadc06d\",\"name\":\"ulqini\",\"sameAs\":[\"http:\/\/www.visit-ulcinj.com\"],\"url\":\"https:\/\/www.visit-ulcinj.com\/blog\/author\/admin\/\"}]}<\/script>\n<!-- \/ Yoast SEO plugin. -->","yoast_head_json":{"title":"Organizata turistike e Ulqinit n\u00eb panairin e turizmit ne Sarajev\u00eb - Lajme nga Ulqini","description":"Panairi nd\u00ebrkomb\u00ebtar i turizmit, gastronomis\u00eb dhe berza turistike \u00a0 DIT\u00cbT E TURIZMIT, Sarajev\u00eb 28-31 mars 2012 \u00a0 Turizmi si fenomen ekonomiko-shoq\u00ebror,","robots":{"index":"index","follow":"follow","max-snippet":"max-snippet:-1","max-image-preview":"max-image-preview:large","max-video-preview":"max-video-preview:-1"},"canonical":"https:\/\/www.visit-ulcinj.com\/blog\/2012\/04\/05\/organizata-turistike-e-ulqinit-ne-panairin-e-turizmit-ne-sarajeve\/","og_locale":"en_US","og_type":"article","og_title":"Organizata turistike e Ulqinit n\u00eb panairin e turizmit ne Sarajev\u00eb - Lajme nga Ulqini","og_description":"Panairi nd\u00ebrkomb\u00ebtar i turizmit, gastronomis\u00eb dhe berza turistike \u00a0 DIT\u00cbT E TURIZMIT, Sarajev\u00eb 28-31 mars 2012 \u00a0 Turizmi si fenomen ekonomiko-shoq\u00ebror,","og_url":"https:\/\/www.visit-ulcinj.com\/blog\/2012\/04\/05\/organizata-turistike-e-ulqinit-ne-panairin-e-turizmit-ne-sarajeve\/","og_site_name":"Lajme nga Ulqini","article_published_time":"2012-04-05T13:54:09+00:00","article_modified_time":"2012-04-05T16:00:34+00:00","og_image":[{"url":"http:\/\/www.visit-ulcinj.com\/blog\/wp-content\/uploads\/2012\/04\/Organizata-turistike-e-Ulqinit-ne-panair-te-Sarajeves.1_picnik.jpg"}],"twitter_misc":{"Written by":"ulqini","Est. reading time":"4 minutes"},"schema":{"@context":"https:\/\/schema.org","@graph":[{"@type":"WebSite","@id":"https:\/\/www.visit-ulcinj.com\/blog\/#website","url":"https:\/\/www.visit-ulcinj.com\/blog\/","name":"Lajme nga Ulqini","description":"Lajme,Vijesti,Ulqini,Ulqin,Crna Gora,Mali i Zi","potentialAction":[{"@type":"SearchAction","target":{"@type":"EntryPoint","urlTemplate":"https:\/\/www.visit-ulcinj.com\/blog\/?s={search_term_string}"},"query-input":"required name=search_term_string"}],"inLanguage":"en-US"},{"@type":"ImageObject","inLanguage":"en-US","@id":"https:\/\/www.visit-ulcinj.com\/blog\/2012\/04\/05\/organizata-turistike-e-ulqinit-ne-panairin-e-turizmit-ne-sarajeve\/#primaryimage","url":"https:\/\/www.visit-ulcinj.com\/blog\/wp-content\/uploads\/2012\/04\/Organizata-turistike-e-Ulqinit-ne-panair-te-Sarajeves.1_picnik.jpg","contentUrl":"https:\/\/www.visit-ulcinj.com\/blog\/wp-content\/uploads\/2012\/04\/Organizata-turistike-e-Ulqinit-ne-panair-te-Sarajeves.1_picnik.jpg","width":"991","height":"638"},{"@type":"WebPage","@id":"https:\/\/www.visit-ulcinj.com\/blog\/2012\/04\/05\/organizata-turistike-e-ulqinit-ne-panairin-e-turizmit-ne-sarajeve\/#webpage","url":"https:\/\/www.visit-ulcinj.com\/blog\/2012\/04\/05\/organizata-turistike-e-ulqinit-ne-panairin-e-turizmit-ne-sarajeve\/","name":"Organizata turistike e Ulqinit n\u00eb panairin e turizmit ne Sarajev\u00eb - Lajme nga Ulqini","isPartOf":{"@id":"https:\/\/www.visit-ulcinj.com\/blog\/#website"},"primaryImageOfPage":{"@id":"https:\/\/www.visit-ulcinj.com\/blog\/2012\/04\/05\/organizata-turistike-e-ulqinit-ne-panairin-e-turizmit-ne-sarajeve\/#primaryimage"},"datePublished":"2012-04-05T13:54:09+00:00","dateModified":"2012-04-05T16:00:34+00:00","author":{"@id":"https:\/\/www.visit-ulcinj.com\/blog\/#\/schema\/person\/dcab619c614d3038751c63bc2aadc06d"},"description":"Panairi nd\u00ebrkomb\u00ebtar i turizmit, gastronomis\u00eb dhe berza turistike \u00a0 DIT\u00cbT E TURIZMIT, Sarajev\u00eb 28-31 mars 2012 \u00a0 Turizmi si fenomen ekonomiko-shoq\u00ebror,","breadcrumb":{"@id":"https:\/\/www.visit-ulcinj.com\/blog\/2012\/04\/05\/organizata-turistike-e-ulqinit-ne-panairin-e-turizmit-ne-sarajeve\/#breadcrumb"},"inLanguage":"en-US","potentialAction":[{"@type":"ReadAction","target":["https:\/\/www.visit-ulcinj.com\/blog\/2012\/04\/05\/organizata-turistike-e-ulqinit-ne-panairin-e-turizmit-ne-sarajeve\/"]}]},{"@type":"BreadcrumbList","@id":"https:\/\/www.visit-ulcinj.com\/blog\/2012\/04\/05\/organizata-turistike-e-ulqinit-ne-panairin-e-turizmit-ne-sarajeve\/#breadcrumb","itemListElement":[{"@type":"ListItem","position":1,"name":"Organizata turistike e Ulqinit n\u00eb panairin e turizmit ne Sarajev\u00eb"}]},{"@type":"Person","@id":"https:\/\/www.visit-ulcinj.com\/blog\/#\/schema\/person\/dcab619c614d3038751c63bc2aadc06d","name":"ulqini","sameAs":["http:\/\/www.visit-ulcinj.com"],"url":"https:\/\/www.visit-ulcinj.com\/blog\/author\/admin\/"}]}},"jetpack_featured_media_url":"","jetpack_sharing_enabled":true,"jetpack_shortlink":"https:\/\/wp.me\/pe6lTn-flG","_links":{"self":[{"href":"https:\/\/www.visit-ulcinj.com\/blog\/wp-json\/wp\/v2\/posts\/59004"}],"collection":[{"href":"https:\/\/www.visit-ulcinj.com\/blog\/wp-json\/wp\/v2\/posts"}],"about":[{"href":"https:\/\/www.visit-ulcinj.com\/blog\/wp-json\/wp\/v2\/types\/post"}],"author":[{"embeddable":true,"href":"https:\/\/www.visit-ulcinj.com\/blog\/wp-json\/wp\/v2\/users\/1"}],"replies":[{"embeddable":true,"href":"https:\/\/www.visit-ulcinj.com\/blog\/wp-json\/wp\/v2\/comments?post=59004"}],"version-history":[{"count":5,"href":"https:\/\/www.visit-ulcinj.com\/blog\/wp-json\/wp\/v2\/posts\/59004\/revisions"}],"predecessor-version":[{"id":59012,"href":"https:\/\/www.visit-ulcinj.com\/blog\/wp-json\/wp\/v2\/posts\/59004\/revisions\/59012"}],"wp:attachment":[{"href":"https:\/\/www.visit-ulcinj.com\/blog\/wp-json\/wp\/v2\/media?parent=59004"}],"wp:term":[{"taxonomy":"category","embeddable":true,"href":"https:\/\/www.visit-ulcinj.com\/blog\/wp-json\/wp\/v2\/categories?post=59004"},{"taxonomy":"post_tag","embeddable":true,"href":"https:\/\/www.visit-ulcinj.com\/blog\/wp-json\/wp\/v2\/tags?post=59004"}],"curies":[{"name":"wp","href":"https:\/\/api.w.org\/{rel}","templated":true}]}}