{"id":59024,"date":"2012-04-07T20:58:36","date_gmt":"2012-04-07T19:58:36","guid":{"rendered":"http:\/\/www.visit-ulcinj.com\/blog\/?p=59024"},"modified":"2012-04-07T20:58:36","modified_gmt":"2012-04-07T19:58:36","slug":"knsh-gezuar-e-per-shume-vjete-pashket","status":"publish","type":"post","link":"https:\/\/www.visit-ulcinj.com\/blog\/2012\/04\/07\/knsh-gezuar-e-per-shume-vjete-pashket\/","title":{"rendered":"KNSH: G\u00ebzuar e p\u00ebr shum\u00eb vjet\u00eb  Pashk\u00ebt"},"content":{"rendered":"<p style=\"text-align: left;\"><a href=\"http:\/\/www.visit-ulcinj.com\/blog\/wp-content\/uploads\/2011\/03\/KNSH_MZ_logo.jpg\"><img loading=\"lazy\" class=\"alignleft size-full wp-image-45189\" title=\"KNSH_MZ_logo\" src=\"http:\/\/www.visit-ulcinj.com\/blog\/wp-content\/uploads\/2011\/03\/KNSH_MZ_logo.jpg\" alt=\"\" width=\"318\" height=\"142\" srcset=\"https:\/\/www.visit-ulcinj.com\/blog\/wp-content\/uploads\/2011\/03\/KNSH_MZ_logo.jpg 318w, https:\/\/www.visit-ulcinj.com\/blog\/wp-content\/uploads\/2011\/03\/KNSH_MZ_logo-300x133.jpg 300w\" sizes=\"(max-width: 318px) 100vw, 318px\" \/><\/a>K\u00cbSHILLI NACIONAL I SHQIPTAR\u00cbVE N\u00cb MALIN E ZI<\/p>\n<p style=\"text-align: left;\">NACIONALNI SAVJET ALBANACA U CRNOJ GORI<\/p>\n<p style=\"text-align: left;\">ALBANIAN NATIONAL COUNCIL IN MONTENEGRO<\/p>\n<p>Nr. 25\/12<\/p>\n<p>Ulqin, m\u00eb 06.04. 2012<\/p>\n<p align=\"center\"><strong>U R I M\u00a0 p\u00ebr\u00a0 Fest\u00ebn e Pashk\u00ebve<\/strong><\/p>\n<p><strong>\u00a0<\/strong><\/p>\n<p><strong>\u00a0<\/strong><\/p>\n<p>K\u00ebshilli \u00a0Nacional i Shqiptar\u00ebve n\u00eb Malin e Zi dhe kryetari Tahir Tahiri uron \u00a0t\u00eb \u00a0gjith\u00eb\u00a0 besimtar\u00ebt e\u00a0 krishter\u00eb \u00a0p\u00ebr\u00a0 fest\u00ebn e Pashk\u00ebve.<\/p>\n<p>&nbsp;<\/p>\n<p>Festa e \u00a0Pashk\u00ebve \u00a0na\u00a0 kujton\u00a0 ngadhnjimin e jet\u00ebs \u00a0dhe\u00a0 ringjalljen e shpres\u00ebs, p\u00ebr dit\u00eb m\u00eb t\u00eb mira. Kjo\u00a0 \u00ebsht\u00eb dita e p\u00ebrjet\u00ebsis\u00eb, dit\u00eb e besimit tek Zoti, besimit te vetvetja dhe besimit p\u00ebr nj\u00eb mir\u00ebqenie dhe t\u00eb ardhme m\u00eb t\u00eb mir\u00eb p\u00ebr p\u00ebr t\u00eb gjith\u00eb.<\/p>\n<p>Festa e Pashk\u00ebve \u00ebsht\u00eb moment reflektimi , jo vet\u00ebm p\u00ebr besimtar\u00ebt e krishter\u00eb, por dhe\u00a0 p\u00ebr t\u00eb gjithe shqiptar\u00ebt, p\u00ebr nji afrim dhe p\u00ebrkushtim m\u00eb t\u00eb madh si ndaj nj\u00ebri-tjetrit ashtu dhe ndaj kombit q\u00eb i takojme, p\u00ebr t\u00eb mir\u00ebn e brezave q\u00eb vijn\u00eb.\u00a0 \u00a0Dhasht\u00eb Zoti q\u00eb k\u00ebshtu t\u00eb b\u00ebhet.<\/p>\n<p>&nbsp;<\/p>\n<p>G\u00ebzuar e p\u00ebr shum\u00eb vjet\u00eb\u00a0 Pashk\u00ebt, mir\u00ebsi dhe lumturi n\u00eb familjet Tuaja!<br \/>\n<a href=\"http:\/\/www.visit-ulcinj.com\/blog\/wp-content\/uploads\/2011\/03\/Keshilli-Nacional-Shqiptar-ne-Mal-te-Zi_KUMTES-MEDIA.jpg\"><img loading=\"lazy\" class=\"alignleft size-full wp-image-45190\" title=\"Keshilli Nacional Shqiptar ne Mal te Zi_KUMTES MEDIA\" src=\"http:\/\/www.visit-ulcinj.com\/blog\/wp-content\/uploads\/2011\/03\/Keshilli-Nacional-Shqiptar-ne-Mal-te-Zi_KUMTES-MEDIA.jpg\" alt=\"\" width=\"508\" height=\"158\" \/><\/a><\/p>\n","protected":false},"excerpt":{"rendered":"<p>K\u00cbSHILLI NACIONAL I SHQIPTAR\u00cbVE N\u00cb MALIN E ZI NACIONALNI SAVJET ALBANACA U CRNOJ GORI ALBANIAN NATIONAL COUNCIL IN MONTENEGRO Nr. 25\/12 Ulqin, m\u00eb 06.04. 2012 U R I M\u00a0 p\u00ebr\u00a0 Fest\u00ebn e Pashk\u00ebve \u00a0 \u00a0 K\u00ebshilli \u00a0Nacional i Shqiptar\u00ebve n\u00eb Malin e Zi dhe kryetari Tahir Tahiri uron \u00a0t\u00eb \u00a0gjith\u00eb\u00a0 besimtar\u00ebt e\u00a0 krishter\u00eb \u00a0p\u00ebr\u00a0 fest\u00ebn [&hellip;]<\/p>\n","protected":false},"author":1,"featured_media":0,"comment_status":"open","ping_status":"closed","sticky":false,"template":"","format":"standard","meta":{"spay_email":"","jetpack_publicize_message":"","jetpack_is_tweetstorm":false,"jetpack_publicize_feature_enabled":true},"categories":[6950],"tags":[200,18],"jetpack_publicize_connections":[],"yoast_head":"<!-- This site is optimized with the Yoast SEO plugin v19.1 - https:\/\/yoast.com\/wordpress\/plugins\/seo\/ -->\n<title>KNSH: G\u00ebzuar e p\u00ebr shum\u00eb vjet\u00eb Pashk\u00ebt - Lajme nga Ulqini<\/title>\n<meta name=\"description\" content=\"K\u00cbSHILLI NACIONAL I SHQIPTAR\u00cbVE N\u00cb MALIN E ZI NACIONALNI SAVJET ALBANACA U CRNOJ GORI ALBANIAN NATIONAL COUNCIL IN MONTENEGRO Nr. 25\/12 Ulqin, m\u00eb 06.04.\" \/>\n<meta name=\"robots\" content=\"index, follow, max-snippet:-1, max-image-preview:large, max-video-preview:-1\" \/>\n<link rel=\"canonical\" href=\"https:\/\/www.visit-ulcinj.com\/blog\/2012\/04\/07\/knsh-gezuar-e-per-shume-vjete-pashket\/\" \/>\n<meta property=\"og:locale\" content=\"en_US\" \/>\n<meta property=\"og:type\" content=\"article\" \/>\n<meta property=\"og:title\" content=\"KNSH: G\u00ebzuar e p\u00ebr shum\u00eb vjet\u00eb Pashk\u00ebt - Lajme nga Ulqini\" \/>\n<meta property=\"og:description\" content=\"K\u00cbSHILLI NACIONAL I SHQIPTAR\u00cbVE N\u00cb MALIN E ZI NACIONALNI SAVJET ALBANACA U CRNOJ GORI ALBANIAN NATIONAL COUNCIL IN MONTENEGRO Nr. 25\/12 Ulqin, m\u00eb 06.04.\" \/>\n<meta property=\"og:url\" content=\"https:\/\/www.visit-ulcinj.com\/blog\/2012\/04\/07\/knsh-gezuar-e-per-shume-vjete-pashket\/\" \/>\n<meta property=\"og:site_name\" content=\"Lajme nga Ulqini\" \/>\n<meta property=\"article:published_time\" content=\"2012-04-07T19:58:36+00:00\" \/>\n<meta property=\"og:image\" content=\"http:\/\/www.visit-ulcinj.com\/blog\/wp-content\/uploads\/2011\/03\/KNSH_MZ_logo.jpg\" \/>\n<meta name=\"twitter:label1\" content=\"Written by\" \/>\n\t<meta name=\"twitter:data1\" content=\"ulqini\" \/>\n\t<meta name=\"twitter:label2\" content=\"Est. reading time\" \/>\n\t<meta name=\"twitter:data2\" content=\"1 minute\" \/>\n<script type=\"application\/ld+json\" class=\"yoast-schema-graph\">{\"@context\":\"https:\/\/schema.org\",\"@graph\":[{\"@type\":\"WebSite\",\"@id\":\"https:\/\/www.visit-ulcinj.com\/blog\/#website\",\"url\":\"https:\/\/www.visit-ulcinj.com\/blog\/\",\"name\":\"Lajme nga Ulqini\",\"description\":\"Lajme,Vijesti,Ulqini,Ulqin,Crna Gora,Mali i Zi\",\"potentialAction\":[{\"@type\":\"SearchAction\",\"target\":{\"@type\":\"EntryPoint\",\"urlTemplate\":\"https:\/\/www.visit-ulcinj.com\/blog\/?s={search_term_string}\"},\"query-input\":\"required name=search_term_string\"}],\"inLanguage\":\"en-US\"},{\"@type\":\"ImageObject\",\"inLanguage\":\"en-US\",\"@id\":\"https:\/\/www.visit-ulcinj.com\/blog\/2012\/04\/07\/knsh-gezuar-e-per-shume-vjete-pashket\/#primaryimage\",\"url\":\"https:\/\/www.visit-ulcinj.com\/blog\/wp-content\/uploads\/2011\/03\/KNSH_MZ_logo.jpg\",\"contentUrl\":\"https:\/\/www.visit-ulcinj.com\/blog\/wp-content\/uploads\/2011\/03\/KNSH_MZ_logo.jpg\",\"width\":\"318\",\"height\":\"142\"},{\"@type\":\"WebPage\",\"@id\":\"https:\/\/www.visit-ulcinj.com\/blog\/2012\/04\/07\/knsh-gezuar-e-per-shume-vjete-pashket\/#webpage\",\"url\":\"https:\/\/www.visit-ulcinj.com\/blog\/2012\/04\/07\/knsh-gezuar-e-per-shume-vjete-pashket\/\",\"name\":\"KNSH: G\u00ebzuar e p\u00ebr shum\u00eb vjet\u00eb Pashk\u00ebt - Lajme nga Ulqini\",\"isPartOf\":{\"@id\":\"https:\/\/www.visit-ulcinj.com\/blog\/#website\"},\"primaryImageOfPage\":{\"@id\":\"https:\/\/www.visit-ulcinj.com\/blog\/2012\/04\/07\/knsh-gezuar-e-per-shume-vjete-pashket\/#primaryimage\"},\"datePublished\":\"2012-04-07T19:58:36+00:00\",\"dateModified\":\"2012-04-07T19:58:36+00:00\",\"author\":{\"@id\":\"https:\/\/www.visit-ulcinj.com\/blog\/#\/schema\/person\/dcab619c614d3038751c63bc2aadc06d\"},\"description\":\"K\u00cbSHILLI NACIONAL I SHQIPTAR\u00cbVE N\u00cb MALIN E ZI NACIONALNI SAVJET ALBANACA U CRNOJ GORI ALBANIAN NATIONAL COUNCIL IN MONTENEGRO Nr. 25\/12 Ulqin, m\u00eb 06.04.\",\"breadcrumb\":{\"@id\":\"https:\/\/www.visit-ulcinj.com\/blog\/2012\/04\/07\/knsh-gezuar-e-per-shume-vjete-pashket\/#breadcrumb\"},\"inLanguage\":\"en-US\",\"potentialAction\":[{\"@type\":\"ReadAction\",\"target\":[\"https:\/\/www.visit-ulcinj.com\/blog\/2012\/04\/07\/knsh-gezuar-e-per-shume-vjete-pashket\/\"]}]},{\"@type\":\"BreadcrumbList\",\"@id\":\"https:\/\/www.visit-ulcinj.com\/blog\/2012\/04\/07\/knsh-gezuar-e-per-shume-vjete-pashket\/#breadcrumb\",\"itemListElement\":[{\"@type\":\"ListItem\",\"position\":1,\"name\":\"KNSH: G\u00ebzuar e p\u00ebr shum\u00eb vjet\u00eb Pashk\u00ebt\"}]},{\"@type\":\"Person\",\"@id\":\"https:\/\/www.visit-ulcinj.com\/blog\/#\/schema\/person\/dcab619c614d3038751c63bc2aadc06d\",\"name\":\"ulqini\",\"sameAs\":[\"http:\/\/www.visit-ulcinj.com\"],\"url\":\"https:\/\/www.visit-ulcinj.com\/blog\/author\/admin\/\"}]}<\/script>\n<!-- \/ Yoast SEO plugin. -->","yoast_head_json":{"title":"KNSH: G\u00ebzuar e p\u00ebr shum\u00eb vjet\u00eb Pashk\u00ebt - Lajme nga Ulqini","description":"K\u00cbSHILLI NACIONAL I SHQIPTAR\u00cbVE N\u00cb MALIN E ZI NACIONALNI SAVJET ALBANACA U CRNOJ GORI ALBANIAN NATIONAL COUNCIL IN MONTENEGRO Nr. 25\/12 Ulqin, m\u00eb 06.04.","robots":{"index":"index","follow":"follow","max-snippet":"max-snippet:-1","max-image-preview":"max-image-preview:large","max-video-preview":"max-video-preview:-1"},"canonical":"https:\/\/www.visit-ulcinj.com\/blog\/2012\/04\/07\/knsh-gezuar-e-per-shume-vjete-pashket\/","og_locale":"en_US","og_type":"article","og_title":"KNSH: G\u00ebzuar e p\u00ebr shum\u00eb vjet\u00eb Pashk\u00ebt - Lajme nga Ulqini","og_description":"K\u00cbSHILLI NACIONAL I SHQIPTAR\u00cbVE N\u00cb MALIN E ZI NACIONALNI SAVJET ALBANACA U CRNOJ GORI ALBANIAN NATIONAL COUNCIL IN MONTENEGRO Nr. 25\/12 Ulqin, m\u00eb 06.04.","og_url":"https:\/\/www.visit-ulcinj.com\/blog\/2012\/04\/07\/knsh-gezuar-e-per-shume-vjete-pashket\/","og_site_name":"Lajme nga Ulqini","article_published_time":"2012-04-07T19:58:36+00:00","og_image":[{"url":"http:\/\/www.visit-ulcinj.com\/blog\/wp-content\/uploads\/2011\/03\/KNSH_MZ_logo.jpg"}],"twitter_misc":{"Written by":"ulqini","Est. reading time":"1 minute"},"schema":{"@context":"https:\/\/schema.org","@graph":[{"@type":"WebSite","@id":"https:\/\/www.visit-ulcinj.com\/blog\/#website","url":"https:\/\/www.visit-ulcinj.com\/blog\/","name":"Lajme nga Ulqini","description":"Lajme,Vijesti,Ulqini,Ulqin,Crna Gora,Mali i Zi","potentialAction":[{"@type":"SearchAction","target":{"@type":"EntryPoint","urlTemplate":"https:\/\/www.visit-ulcinj.com\/blog\/?s={search_term_string}"},"query-input":"required name=search_term_string"}],"inLanguage":"en-US"},{"@type":"ImageObject","inLanguage":"en-US","@id":"https:\/\/www.visit-ulcinj.com\/blog\/2012\/04\/07\/knsh-gezuar-e-per-shume-vjete-pashket\/#primaryimage","url":"https:\/\/www.visit-ulcinj.com\/blog\/wp-content\/uploads\/2011\/03\/KNSH_MZ_logo.jpg","contentUrl":"https:\/\/www.visit-ulcinj.com\/blog\/wp-content\/uploads\/2011\/03\/KNSH_MZ_logo.jpg","width":"318","height":"142"},{"@type":"WebPage","@id":"https:\/\/www.visit-ulcinj.com\/blog\/2012\/04\/07\/knsh-gezuar-e-per-shume-vjete-pashket\/#webpage","url":"https:\/\/www.visit-ulcinj.com\/blog\/2012\/04\/07\/knsh-gezuar-e-per-shume-vjete-pashket\/","name":"KNSH: G\u00ebzuar e p\u00ebr shum\u00eb vjet\u00eb Pashk\u00ebt - Lajme nga Ulqini","isPartOf":{"@id":"https:\/\/www.visit-ulcinj.com\/blog\/#website"},"primaryImageOfPage":{"@id":"https:\/\/www.visit-ulcinj.com\/blog\/2012\/04\/07\/knsh-gezuar-e-per-shume-vjete-pashket\/#primaryimage"},"datePublished":"2012-04-07T19:58:36+00:00","dateModified":"2012-04-07T19:58:36+00:00","author":{"@id":"https:\/\/www.visit-ulcinj.com\/blog\/#\/schema\/person\/dcab619c614d3038751c63bc2aadc06d"},"description":"K\u00cbSHILLI NACIONAL I SHQIPTAR\u00cbVE N\u00cb MALIN E ZI NACIONALNI SAVJET ALBANACA U CRNOJ GORI ALBANIAN NATIONAL COUNCIL IN MONTENEGRO Nr. 25\/12 Ulqin, m\u00eb 06.04.","breadcrumb":{"@id":"https:\/\/www.visit-ulcinj.com\/blog\/2012\/04\/07\/knsh-gezuar-e-per-shume-vjete-pashket\/#breadcrumb"},"inLanguage":"en-US","potentialAction":[{"@type":"ReadAction","target":["https:\/\/www.visit-ulcinj.com\/blog\/2012\/04\/07\/knsh-gezuar-e-per-shume-vjete-pashket\/"]}]},{"@type":"BreadcrumbList","@id":"https:\/\/www.visit-ulcinj.com\/blog\/2012\/04\/07\/knsh-gezuar-e-per-shume-vjete-pashket\/#breadcrumb","itemListElement":[{"@type":"ListItem","position":1,"name":"KNSH: G\u00ebzuar e p\u00ebr shum\u00eb vjet\u00eb Pashk\u00ebt"}]},{"@type":"Person","@id":"https:\/\/www.visit-ulcinj.com\/blog\/#\/schema\/person\/dcab619c614d3038751c63bc2aadc06d","name":"ulqini","sameAs":["http:\/\/www.visit-ulcinj.com"],"url":"https:\/\/www.visit-ulcinj.com\/blog\/author\/admin\/"}]}},"jetpack_featured_media_url":"","jetpack_sharing_enabled":true,"jetpack_shortlink":"https:\/\/wp.me\/pe6lTn-fm0","_links":{"self":[{"href":"https:\/\/www.visit-ulcinj.com\/blog\/wp-json\/wp\/v2\/posts\/59024"}],"collection":[{"href":"https:\/\/www.visit-ulcinj.com\/blog\/wp-json\/wp\/v2\/posts"}],"about":[{"href":"https:\/\/www.visit-ulcinj.com\/blog\/wp-json\/wp\/v2\/types\/post"}],"author":[{"embeddable":true,"href":"https:\/\/www.visit-ulcinj.com\/blog\/wp-json\/wp\/v2\/users\/1"}],"replies":[{"embeddable":true,"href":"https:\/\/www.visit-ulcinj.com\/blog\/wp-json\/wp\/v2\/comments?post=59024"}],"version-history":[{"count":2,"href":"https:\/\/www.visit-ulcinj.com\/blog\/wp-json\/wp\/v2\/posts\/59024\/revisions"}],"predecessor-version":[{"id":60595,"href":"https:\/\/www.visit-ulcinj.com\/blog\/wp-json\/wp\/v2\/posts\/59024\/revisions\/60595"}],"wp:attachment":[{"href":"https:\/\/www.visit-ulcinj.com\/blog\/wp-json\/wp\/v2\/media?parent=59024"}],"wp:term":[{"taxonomy":"category","embeddable":true,"href":"https:\/\/www.visit-ulcinj.com\/blog\/wp-json\/wp\/v2\/categories?post=59024"},{"taxonomy":"post_tag","embeddable":true,"href":"https:\/\/www.visit-ulcinj.com\/blog\/wp-json\/wp\/v2\/tags?post=59024"}],"curies":[{"name":"wp","href":"https:\/\/api.w.org\/{rel}","templated":true}]}}