{"id":59026,"date":"2012-04-07T21:05:41","date_gmt":"2012-04-07T20:05:41","guid":{"rendered":"http:\/\/www.visit-ulcinj.com\/blog\/?p=59026"},"modified":"2012-04-12T18:22:15","modified_gmt":"2012-04-12T17:22:15","slug":"hapja-e-qendres-per-orientimin-dhe-kualifikimin-profesional-te-grave","status":"publish","type":"post","link":"https:\/\/www.visit-ulcinj.com\/blog\/2012\/04\/07\/hapja-e-qendres-per-orientimin-dhe-kualifikimin-profesional-te-grave\/","title":{"rendered":"Hapja e qendr\u00ebs p\u00ebr orientimin dhe kualifikimin profesional t\u00eb grave"},"content":{"rendered":"<p><a href=\"http:\/\/www.visit-ulcinj.com\/blog\/wp-content\/uploads\/2012\/04\/fotografija-ipa_Nazif-Cungu.jpg\"><img loading=\"lazy\" class=\"alignleft  wp-image-59027\" title=\"fotografija-ipa_Nazif Cungu\" src=\"http:\/\/www.visit-ulcinj.com\/blog\/wp-content\/uploads\/2012\/04\/fotografija-ipa_Nazif-Cungu.jpg\" alt=\"\" width=\"508\" height=\"360\" \/><\/a>N\u00eb kuad\u00ebr t\u00eb kremtimit t\u00eb Dit\u00ebs s\u00eb Komun\u00ebs s\u00eb Ulqinit, sot \u00ebsht\u00eb hapur Qendra p\u00ebr orientimin dhe kualifikimin e grave t\u00eb Ulqinit.<\/p>\n<p>T\u00eb pranishm\u00ebve n\u00eb em\u00ebr t\u00eb Komun\u00ebs s\u00eb Ulqinit ju \u00ebsht\u00eb drejtuar Kryetari i Komun\u00ebs Nazif Cungu. Kryetari Cungu i ka njoftuar t\u00eb pranishmit q\u00eb projekti financohet me mjete t\u00eb IPA Adriatik fondit, q\u00eb vlera e p\u00ebrgjithshme e projektit \u00ebsht\u00eb 1.000.000 Euro, prej t\u00eb cilave Komun\u00ebs s\u00eb Ulqinit i p\u00ebrkasin 300.000 Euro.<\/p>\n<p>Ai m\u00eb tutje ka th\u00ebn\u00eb se m\u00eb heret \u00ebsht\u00eb themeluar zyra p\u00ebr bashk\u00ebpunim nd\u00ebrkomb\u00ebtar dhe projekte p\u00ebr nj\u00eb koh\u00eb t\u00eb shkurt\u00ebr ka pasur sukses q\u00eb komun\u00ebn ta radhis\u00eb nd\u00ebr m\u00eb t\u00eb suksesshmet n\u00eb Mal t\u00eb Zi p\u00ebr kapacitetet p\u00ebr punimin dhe implementimin e projekteve nga asistenca europiane.<\/p>\n<p>Plani i sivjet\u00ebm i pun\u00ebs s\u00eb Zyr\u00ebs p\u00ebr bashk\u00ebpunim nd\u00ebrkomb\u00ebtar dhe projekte i Komun\u00ebs s\u00eb Ulqinit \u00ebsht\u00eb shum\u00eb ambicioz me \u00e7\u2019gj\u00eb v\u00ebrtetohet gatishm\u00ebria jon\u00eb q\u00eb t\u00eb japim ndihmes\u00eb t\u00eb plot\u00eb p\u00ebrshpejtimit t\u00eb proceseve t\u00eb integrimeve europiane \u2013 tha Kryetari Cungu.<\/p>\n<p>N\u00eb em\u00ebr t\u00eb partnerit t\u00eb pranishm\u00ebve ju drejtua Dijana \u00c7uli nga Forumi i pavarur i grave nga Tirana e cila theksoi q\u00eb partneritetin n\u00eb k\u00ebt\u00eb projekt e b\u00ebjn\u00eb Komuna e Ulqinit dhe Durr\u00ebsit, Rrjeti Women nga Italia, forumi i saj dhe Instituti p\u00ebr barazi gjinore nga Tirana. Projekti \u00ebsht\u00eb konceptuar n\u00eb at\u00eb m\u00ebnyr\u00eb q\u00eb qyteteve turiostike Ulqin dhe Durr\u00ebs tu sigurohet fuqia pun\u00ebtore q\u00eb ju mungon dhe kualifikimi p\u00ebr pun\u00eb n\u00eb turiz\u00ebm permes organizimit t\u00eb kurseve p\u00ebr gra.<\/p>\n<p>Projekt menaxherja e Komun\u00ebs s\u00eb Ulqinit Ilmira Lika i njoftoi t\u00eb pranishmit me detajet e projektit. Ajo tha se me projekt planifikohet q\u00eb rreth 250 gra t\u00eb kalojn\u00eb trajnimin n\u00eb kurset e rrobaqep\u00ebsis\u00eb, turizmit, gjellb\u00ebrjes, kompjuter\u00ebve, gjuh\u00ebs angleze dhe italiane. Krahas k\u00ebsaj, n\u00eb kuad\u00ebr t\u00eb projektit do t\u00eb hapet nj\u00eb info punkt ku grate mund t\u00eb drejtohen p\u00ebr ndihm\u00eb profesionale. Me project jan\u00eb parapar\u00eb mjete p\u00ebr analiz\u00ebn e ligjeve n\u00eb fuqi si dhe p\u00ebr avancimin e korniz\u00ebs ligjore p\u00ebr barazin\u00eb gjinore n\u00eb Mal t\u00eb Zi dhe Shqip\u00ebri.<\/p>\n<p>&nbsp;<\/p>\n<p><strong>Komuna e Ulqinit<\/strong><\/p>\n","protected":false},"excerpt":{"rendered":"<p>N\u00eb kuad\u00ebr t\u00eb kremtimit t\u00eb Dit\u00ebs s\u00eb Komun\u00ebs s\u00eb Ulqinit, sot \u00ebsht\u00eb hapur Qendra p\u00ebr orientimin dhe kualifikimin e grave t\u00eb Ulqinit. T\u00eb pranishm\u00ebve n\u00eb em\u00ebr t\u00eb Komun\u00ebs s\u00eb Ulqinit ju \u00ebsht\u00eb drejtuar Kryetari i Komun\u00ebs Nazif Cungu. Kryetari Cungu i ka njoftuar t\u00eb pranishmit q\u00eb projekti financohet me mjete t\u00eb IPA Adriatik fondit, q\u00eb [&hellip;]<\/p>\n","protected":false},"author":1,"featured_media":0,"comment_status":"open","ping_status":"closed","sticky":false,"template":"","format":"standard","meta":{"spay_email":"","jetpack_publicize_message":"","jetpack_is_tweetstorm":false,"jetpack_publicize_feature_enabled":true},"categories":[1,6950],"tags":[118,200,18],"jetpack_publicize_connections":[],"yoast_head":"<!-- This site is optimized with the Yoast SEO plugin v19.1 - https:\/\/yoast.com\/wordpress\/plugins\/seo\/ -->\n<title>Hapja e qendr\u00ebs p\u00ebr orientimin dhe kualifikimin profesional t\u00eb grave - Lajme nga Ulqini<\/title>\n<meta name=\"description\" content=\"N\u00eb kuad\u00ebr t\u00eb kremtimit t\u00eb Dit\u00ebs s\u00eb Komun\u00ebs s\u00eb Ulqinit, sot \u00ebsht\u00eb hapur Qendra p\u00ebr orientimin dhe kualifikimin e grave t\u00eb Ulqinit. T\u00eb pranishm\u00ebve n\u00eb em\u00ebr\" \/>\n<meta name=\"robots\" content=\"index, follow, max-snippet:-1, max-image-preview:large, max-video-preview:-1\" \/>\n<link rel=\"canonical\" href=\"https:\/\/www.visit-ulcinj.com\/blog\/2012\/04\/07\/hapja-e-qendres-per-orientimin-dhe-kualifikimin-profesional-te-grave\/\" \/>\n<meta property=\"og:locale\" content=\"en_US\" \/>\n<meta property=\"og:type\" content=\"article\" \/>\n<meta property=\"og:title\" content=\"Hapja e qendr\u00ebs p\u00ebr orientimin dhe kualifikimin profesional t\u00eb grave - Lajme nga Ulqini\" \/>\n<meta property=\"og:description\" content=\"N\u00eb kuad\u00ebr t\u00eb kremtimit t\u00eb Dit\u00ebs s\u00eb Komun\u00ebs s\u00eb Ulqinit, sot \u00ebsht\u00eb hapur Qendra p\u00ebr orientimin dhe kualifikimin e grave t\u00eb Ulqinit. T\u00eb pranishm\u00ebve n\u00eb em\u00ebr\" \/>\n<meta property=\"og:url\" content=\"https:\/\/www.visit-ulcinj.com\/blog\/2012\/04\/07\/hapja-e-qendres-per-orientimin-dhe-kualifikimin-profesional-te-grave\/\" \/>\n<meta property=\"og:site_name\" content=\"Lajme nga Ulqini\" \/>\n<meta property=\"article:published_time\" content=\"2012-04-07T20:05:41+00:00\" \/>\n<meta property=\"article:modified_time\" content=\"2012-04-12T17:22:15+00:00\" \/>\n<meta property=\"og:image\" content=\"http:\/\/www.visit-ulcinj.com\/blog\/wp-content\/uploads\/2012\/04\/fotografija-ipa_Nazif-Cungu.jpg\" \/>\n<meta name=\"twitter:label1\" content=\"Written by\" \/>\n\t<meta name=\"twitter:data1\" content=\"ulqini\" \/>\n\t<meta name=\"twitter:label2\" content=\"Est. reading time\" \/>\n\t<meta name=\"twitter:data2\" content=\"2 minutes\" \/>\n<script type=\"application\/ld+json\" class=\"yoast-schema-graph\">{\"@context\":\"https:\/\/schema.org\",\"@graph\":[{\"@type\":\"WebSite\",\"@id\":\"https:\/\/www.visit-ulcinj.com\/blog\/#website\",\"url\":\"https:\/\/www.visit-ulcinj.com\/blog\/\",\"name\":\"Lajme nga Ulqini\",\"description\":\"Lajme,Vijesti,Ulqini,Ulqin,Crna Gora,Mali i Zi\",\"potentialAction\":[{\"@type\":\"SearchAction\",\"target\":{\"@type\":\"EntryPoint\",\"urlTemplate\":\"https:\/\/www.visit-ulcinj.com\/blog\/?s={search_term_string}\"},\"query-input\":\"required name=search_term_string\"}],\"inLanguage\":\"en-US\"},{\"@type\":\"ImageObject\",\"inLanguage\":\"en-US\",\"@id\":\"https:\/\/www.visit-ulcinj.com\/blog\/2012\/04\/07\/hapja-e-qendres-per-orientimin-dhe-kualifikimin-profesional-te-grave\/#primaryimage\",\"url\":\"https:\/\/www.visit-ulcinj.com\/blog\/wp-content\/uploads\/2012\/04\/fotografija-ipa_Nazif-Cungu.jpg\",\"contentUrl\":\"https:\/\/www.visit-ulcinj.com\/blog\/wp-content\/uploads\/2012\/04\/fotografija-ipa_Nazif-Cungu.jpg\",\"width\":\"800\",\"height\":\"530\"},{\"@type\":\"WebPage\",\"@id\":\"https:\/\/www.visit-ulcinj.com\/blog\/2012\/04\/07\/hapja-e-qendres-per-orientimin-dhe-kualifikimin-profesional-te-grave\/#webpage\",\"url\":\"https:\/\/www.visit-ulcinj.com\/blog\/2012\/04\/07\/hapja-e-qendres-per-orientimin-dhe-kualifikimin-profesional-te-grave\/\",\"name\":\"Hapja e qendr\u00ebs p\u00ebr orientimin dhe kualifikimin profesional t\u00eb grave - Lajme nga Ulqini\",\"isPartOf\":{\"@id\":\"https:\/\/www.visit-ulcinj.com\/blog\/#website\"},\"primaryImageOfPage\":{\"@id\":\"https:\/\/www.visit-ulcinj.com\/blog\/2012\/04\/07\/hapja-e-qendres-per-orientimin-dhe-kualifikimin-profesional-te-grave\/#primaryimage\"},\"datePublished\":\"2012-04-07T20:05:41+00:00\",\"dateModified\":\"2012-04-12T17:22:15+00:00\",\"author\":{\"@id\":\"https:\/\/www.visit-ulcinj.com\/blog\/#\/schema\/person\/dcab619c614d3038751c63bc2aadc06d\"},\"description\":\"N\u00eb kuad\u00ebr t\u00eb kremtimit t\u00eb Dit\u00ebs s\u00eb Komun\u00ebs s\u00eb Ulqinit, sot \u00ebsht\u00eb hapur Qendra p\u00ebr orientimin dhe kualifikimin e grave t\u00eb Ulqinit. T\u00eb pranishm\u00ebve n\u00eb em\u00ebr\",\"breadcrumb\":{\"@id\":\"https:\/\/www.visit-ulcinj.com\/blog\/2012\/04\/07\/hapja-e-qendres-per-orientimin-dhe-kualifikimin-profesional-te-grave\/#breadcrumb\"},\"inLanguage\":\"en-US\",\"potentialAction\":[{\"@type\":\"ReadAction\",\"target\":[\"https:\/\/www.visit-ulcinj.com\/blog\/2012\/04\/07\/hapja-e-qendres-per-orientimin-dhe-kualifikimin-profesional-te-grave\/\"]}]},{\"@type\":\"BreadcrumbList\",\"@id\":\"https:\/\/www.visit-ulcinj.com\/blog\/2012\/04\/07\/hapja-e-qendres-per-orientimin-dhe-kualifikimin-profesional-te-grave\/#breadcrumb\",\"itemListElement\":[{\"@type\":\"ListItem\",\"position\":1,\"name\":\"Hapja e qendr\u00ebs p\u00ebr orientimin dhe kualifikimin profesional t\u00eb grave\"}]},{\"@type\":\"Person\",\"@id\":\"https:\/\/www.visit-ulcinj.com\/blog\/#\/schema\/person\/dcab619c614d3038751c63bc2aadc06d\",\"name\":\"ulqini\",\"sameAs\":[\"http:\/\/www.visit-ulcinj.com\"],\"url\":\"https:\/\/www.visit-ulcinj.com\/blog\/author\/admin\/\"}]}<\/script>\n<!-- \/ Yoast SEO plugin. -->","yoast_head_json":{"title":"Hapja e qendr\u00ebs p\u00ebr orientimin dhe kualifikimin profesional t\u00eb grave - Lajme nga Ulqini","description":"N\u00eb kuad\u00ebr t\u00eb kremtimit t\u00eb Dit\u00ebs s\u00eb Komun\u00ebs s\u00eb Ulqinit, sot \u00ebsht\u00eb hapur Qendra p\u00ebr orientimin dhe kualifikimin e grave t\u00eb Ulqinit. T\u00eb pranishm\u00ebve n\u00eb em\u00ebr","robots":{"index":"index","follow":"follow","max-snippet":"max-snippet:-1","max-image-preview":"max-image-preview:large","max-video-preview":"max-video-preview:-1"},"canonical":"https:\/\/www.visit-ulcinj.com\/blog\/2012\/04\/07\/hapja-e-qendres-per-orientimin-dhe-kualifikimin-profesional-te-grave\/","og_locale":"en_US","og_type":"article","og_title":"Hapja e qendr\u00ebs p\u00ebr orientimin dhe kualifikimin profesional t\u00eb grave - Lajme nga Ulqini","og_description":"N\u00eb kuad\u00ebr t\u00eb kremtimit t\u00eb Dit\u00ebs s\u00eb Komun\u00ebs s\u00eb Ulqinit, sot \u00ebsht\u00eb hapur Qendra p\u00ebr orientimin dhe kualifikimin e grave t\u00eb Ulqinit. T\u00eb pranishm\u00ebve n\u00eb em\u00ebr","og_url":"https:\/\/www.visit-ulcinj.com\/blog\/2012\/04\/07\/hapja-e-qendres-per-orientimin-dhe-kualifikimin-profesional-te-grave\/","og_site_name":"Lajme nga Ulqini","article_published_time":"2012-04-07T20:05:41+00:00","article_modified_time":"2012-04-12T17:22:15+00:00","og_image":[{"url":"http:\/\/www.visit-ulcinj.com\/blog\/wp-content\/uploads\/2012\/04\/fotografija-ipa_Nazif-Cungu.jpg"}],"twitter_misc":{"Written by":"ulqini","Est. reading time":"2 minutes"},"schema":{"@context":"https:\/\/schema.org","@graph":[{"@type":"WebSite","@id":"https:\/\/www.visit-ulcinj.com\/blog\/#website","url":"https:\/\/www.visit-ulcinj.com\/blog\/","name":"Lajme nga Ulqini","description":"Lajme,Vijesti,Ulqini,Ulqin,Crna Gora,Mali i Zi","potentialAction":[{"@type":"SearchAction","target":{"@type":"EntryPoint","urlTemplate":"https:\/\/www.visit-ulcinj.com\/blog\/?s={search_term_string}"},"query-input":"required name=search_term_string"}],"inLanguage":"en-US"},{"@type":"ImageObject","inLanguage":"en-US","@id":"https:\/\/www.visit-ulcinj.com\/blog\/2012\/04\/07\/hapja-e-qendres-per-orientimin-dhe-kualifikimin-profesional-te-grave\/#primaryimage","url":"https:\/\/www.visit-ulcinj.com\/blog\/wp-content\/uploads\/2012\/04\/fotografija-ipa_Nazif-Cungu.jpg","contentUrl":"https:\/\/www.visit-ulcinj.com\/blog\/wp-content\/uploads\/2012\/04\/fotografija-ipa_Nazif-Cungu.jpg","width":"800","height":"530"},{"@type":"WebPage","@id":"https:\/\/www.visit-ulcinj.com\/blog\/2012\/04\/07\/hapja-e-qendres-per-orientimin-dhe-kualifikimin-profesional-te-grave\/#webpage","url":"https:\/\/www.visit-ulcinj.com\/blog\/2012\/04\/07\/hapja-e-qendres-per-orientimin-dhe-kualifikimin-profesional-te-grave\/","name":"Hapja e qendr\u00ebs p\u00ebr orientimin dhe kualifikimin profesional t\u00eb grave - Lajme nga Ulqini","isPartOf":{"@id":"https:\/\/www.visit-ulcinj.com\/blog\/#website"},"primaryImageOfPage":{"@id":"https:\/\/www.visit-ulcinj.com\/blog\/2012\/04\/07\/hapja-e-qendres-per-orientimin-dhe-kualifikimin-profesional-te-grave\/#primaryimage"},"datePublished":"2012-04-07T20:05:41+00:00","dateModified":"2012-04-12T17:22:15+00:00","author":{"@id":"https:\/\/www.visit-ulcinj.com\/blog\/#\/schema\/person\/dcab619c614d3038751c63bc2aadc06d"},"description":"N\u00eb kuad\u00ebr t\u00eb kremtimit t\u00eb Dit\u00ebs s\u00eb Komun\u00ebs s\u00eb Ulqinit, sot \u00ebsht\u00eb hapur Qendra p\u00ebr orientimin dhe kualifikimin e grave t\u00eb Ulqinit. T\u00eb pranishm\u00ebve n\u00eb em\u00ebr","breadcrumb":{"@id":"https:\/\/www.visit-ulcinj.com\/blog\/2012\/04\/07\/hapja-e-qendres-per-orientimin-dhe-kualifikimin-profesional-te-grave\/#breadcrumb"},"inLanguage":"en-US","potentialAction":[{"@type":"ReadAction","target":["https:\/\/www.visit-ulcinj.com\/blog\/2012\/04\/07\/hapja-e-qendres-per-orientimin-dhe-kualifikimin-profesional-te-grave\/"]}]},{"@type":"BreadcrumbList","@id":"https:\/\/www.visit-ulcinj.com\/blog\/2012\/04\/07\/hapja-e-qendres-per-orientimin-dhe-kualifikimin-profesional-te-grave\/#breadcrumb","itemListElement":[{"@type":"ListItem","position":1,"name":"Hapja e qendr\u00ebs p\u00ebr orientimin dhe kualifikimin profesional t\u00eb grave"}]},{"@type":"Person","@id":"https:\/\/www.visit-ulcinj.com\/blog\/#\/schema\/person\/dcab619c614d3038751c63bc2aadc06d","name":"ulqini","sameAs":["http:\/\/www.visit-ulcinj.com"],"url":"https:\/\/www.visit-ulcinj.com\/blog\/author\/admin\/"}]}},"jetpack_featured_media_url":"","jetpack_sharing_enabled":true,"jetpack_shortlink":"https:\/\/wp.me\/pe6lTn-fm2","_links":{"self":[{"href":"https:\/\/www.visit-ulcinj.com\/blog\/wp-json\/wp\/v2\/posts\/59026"}],"collection":[{"href":"https:\/\/www.visit-ulcinj.com\/blog\/wp-json\/wp\/v2\/posts"}],"about":[{"href":"https:\/\/www.visit-ulcinj.com\/blog\/wp-json\/wp\/v2\/types\/post"}],"author":[{"embeddable":true,"href":"https:\/\/www.visit-ulcinj.com\/blog\/wp-json\/wp\/v2\/users\/1"}],"replies":[{"embeddable":true,"href":"https:\/\/www.visit-ulcinj.com\/blog\/wp-json\/wp\/v2\/comments?post=59026"}],"version-history":[{"count":4,"href":"https:\/\/www.visit-ulcinj.com\/blog\/wp-json\/wp\/v2\/posts\/59026\/revisions"}],"predecessor-version":[{"id":59029,"href":"https:\/\/www.visit-ulcinj.com\/blog\/wp-json\/wp\/v2\/posts\/59026\/revisions\/59029"}],"wp:attachment":[{"href":"https:\/\/www.visit-ulcinj.com\/blog\/wp-json\/wp\/v2\/media?parent=59026"}],"wp:term":[{"taxonomy":"category","embeddable":true,"href":"https:\/\/www.visit-ulcinj.com\/blog\/wp-json\/wp\/v2\/categories?post=59026"},{"taxonomy":"post_tag","embeddable":true,"href":"https:\/\/www.visit-ulcinj.com\/blog\/wp-json\/wp\/v2\/tags?post=59026"}],"curies":[{"name":"wp","href":"https:\/\/api.w.org\/{rel}","templated":true}]}}