{"id":59060,"date":"2012-04-09T22:25:28","date_gmt":"2012-04-09T21:25:28","guid":{"rendered":"http:\/\/www.visit-ulcinj.com\/blog\/?p=59060"},"modified":"2012-04-24T12:59:24","modified_gmt":"2012-04-24T11:59:24","slug":"ulqini-open-2012-tradita-vazhdon-me-sukses","status":"publish","type":"post","link":"https:\/\/www.visit-ulcinj.com\/blog\/2012\/04\/09\/ulqini-open-2012-tradita-vazhdon-me-sukses\/","title":{"rendered":"Ulqini Open 2012: Tradita vazhdon me sukses"},"content":{"rendered":"<p><a href=\"http:\/\/www.visit-ulcinj.com\/blog\/wp-content\/uploads\/2012\/04\/Ulqini-Open-2012_Tradita-vazhdon-me-sukses.jpg\"><img loading=\"lazy\" class=\"alignleft  wp-image-59061\" title=\"Ulqini Open 2012_Tradita vazhdon me sukses\" src=\"http:\/\/www.visit-ulcinj.com\/blog\/wp-content\/uploads\/2012\/04\/Ulqini-Open-2012_Tradita-vazhdon-me-sukses.jpg\" alt=\"\" width=\"508\" height=\"360\" \/><\/a>Ulqin \u2013 Klubi i Karates\u00eb \u201cUlqini\u201d n\u00eb bashk\u00ebpunim me Komun\u00ebn e Ulqinit dhe Federat\u00ebn e Karates\u00eb s\u00eb Malit t\u00eb Zi organizoi t\u00eb shtun\u00ebn n\u00eb sall\u00ebn e Shkoll\u00ebs fillore \u201cMarshali Tito\u201d n\u00eb Ulqin Turneun XII Nd\u00ebrkomb\u00ebtar t\u00eb Karates\u00eb \u201cUlqini Open 2012\u201d. Turneu i u organizua me rastin e Dit\u00ebs s\u00eb Ulqinit duke vazhduar tradit\u00ebn i viteve t\u00eb m\u00ebparshme.<\/p>\n<p>N\u00eb Turne mor\u00ebn pjes\u00eb 44 klube t\u00eb karates\u00eb nga 9 shtete: Mali i Zi, Shqip\u00ebria, Kosova, Maqedonia, Bosna dhe Hercegovina, Kroacia, Gjermania, Serbia dhe Zvicra, me gjithsej 700 garues. Vendi i par\u00eb n\u00eb renditjen e p\u00ebrgjithshme i takoi KK \u201cBuduqnost\u201d nga Podgorica, vendi i dyt\u00eb KK \u201cOmlladinac\u201d nga Podgorica dhe vendi i tret\u00eb KK \u201cBar\u201d nga Tivari, t\u00eb cil\u00ebt u shp\u00ebrblyen me kupa. Garuesja m\u00eb e mir\u00eb e Turneut u shpall Sara Jovanoviq nga KK \u201cBuduqnost\u201d nga Podgorica, nd\u00ebrsa garuesi m\u00eb i mir\u00eb Mario Hoxhiq nga KK \u201cOmlladinac\u201d nga Podgorica. N\u00eb kategorin\u00eb open t\u00eb grupmosh\u00ebs senior\u00eb punuan shum\u00eb garues t\u00eb njohur, t\u00eb cil\u00ebt u shp\u00ebrblyen me kupa dhe t\u00eb holla. Nga radh\u00ebt e djemve, n\u00eb k\u00ebt\u00eb kategori, vendi i par\u00eb i takoi Gazmend Misinit nga KK \u201cBashkimi\u201d nga Kumanova, kurse p\u00ebr femra, vendi i par\u00eb i takoi Jelena Maksimoviq e KK \u201cOmlladinac\u201d nga Podgorica. Pjes\u00ebmarrja e garuesve m\u00eb t\u00eb mir\u00eb nga klubet pjes\u00ebmarr\u00ebse b\u00ebri q\u00eb konkurrenca t\u00eb jet\u00eb shum\u00eb e madhe. Nga KK \u201cUlqini\u201d kan\u00eb b\u00ebr\u00eb t\u00eb ditur se jan\u00eb shum\u00eb t\u00eb k\u00ebnaqur me pjes\u00ebmarrjen e klubeve duke b\u00ebr\u00eb q\u00eb ky t\u00eb jet\u00eb nj\u00ebri nd\u00ebr turnet\u00eb m\u00eb masovik\u00eb dhe m\u00eb cil\u00ebsor\u00eb n\u00eb vend dhe rajon. Garuesit e KK \u201cUlqini\u201d-t, p\u00ebr shkak se ishin organizator\u00eb t\u00eb turneut, nuk konkurruan p\u00ebr shp\u00ebrblime e as p\u00ebr radhitje n\u00eb plasman gjeneral, edhe pse rezultatet e garuesve t\u00eb tyre ishin mjaft t\u00eb mira, duke treguar edhe nj\u00ebher\u00eb p\u00ebrgatitjen e mir\u00eb t\u00eb tyre n\u00eb ndeshje me garuesit m\u00eb t\u00eb mir\u00eb t\u00eb rajonit.<\/p>\n<p>Udh\u00ebheq\u00ebsia e KK \u201cUlqini\u201d fal\u00ebnderon t\u00eb gjith\u00eb pjes\u00ebmarr\u00ebsit q\u00eb mor\u00ebn pjes\u00eb n\u00eb k\u00ebt\u00eb turne tradicional, sepse me k\u00ebt\u00eb ata e madh\u00ebshtuan festimin e Dit\u00ebs s\u00eb Ulqinit. Po ashtu pjes\u00ebmarrja masovike \u00ebsht\u00eb d\u00ebshmi i miq\u00ebsis\u00eb dhe bashk\u00ebpunimit t\u00eb mir\u00eb t\u00eb KK \u201cUlqini\u201d me klube n\u00eb vend dhe jasht\u00eb vendit. Shpresojm\u00eb q\u00eb n\u00eb t\u00eb ardhmen ky Turne do t\u00eb jet\u00eb edhe m\u00eb masovik dhe t\u00eb shnd\u00ebrohet n\u00eb Turne dyditor.<\/p>\n<p>TRADITA VAZHDON ME SUKSES Ulqin \u2013 Klubi i Karates\u00eb \u201cUlqini\u201d n\u00eb bashk\u00ebpunim me Komun\u00ebn e Ulqinit dhe Federat\u00ebn e Karates\u00eb s\u00eb Malit t\u00eb Zi organizoi t\u00eb shtun\u00ebn n\u00eb sall\u00ebn e Shkoll\u00ebs fillore \u201cMarshali Tito\u201d n\u00eb Ulqin Turneun XII Nd\u00ebrkomb\u00ebtar t\u00eb Karates\u00eb \u201cUlqini Open 2012\u201d. Turneu i u organizua me rastin e Dit\u00ebs s\u00eb Ulqinit duke vazhduar tradit\u00ebn i viteve t\u00eb m\u00ebparshme. N\u00eb Turne mor\u00ebn pjes\u00eb 44 klube t\u00eb karates\u00eb nga 9 shtete: Mali i Zi, Shqip\u00ebria, Kosova, Maqedonia, Bosna dhe Hercegovina, Kroacia, Gjermania, Serbia dhe Zvicra, me gjithsej 700 garues. Vendi i par\u00eb n\u00eb renditjen e p\u00ebrgjithshme i takoi KK \u201cBuduqnost\u201d nga Podgorica, vendi i dyt\u00eb KK \u201cOmlladinac\u201d nga Podgorica dhe vendi i tret\u00eb KK \u201cBar\u201d nga Tivari, t\u00eb cil\u00ebt u shp\u00ebrblyen me kupa. Garuesja m\u00eb e mir\u00eb e Turneut u shpall Sara Jovanoviq nga KK \u201cBuduqnost\u201d nga Podgorica, nd\u00ebrsa garuesi m\u00eb i mir\u00eb Mario Hoxhiq nga KK \u201cOmlladinac\u201d nga Podgorica. N\u00eb kategorin\u00eb open t\u00eb grupmosh\u00ebs senior\u00eb punuan shum\u00eb garues t\u00eb njohur, t\u00eb cil\u00ebt u shp\u00ebrblyen me kupa dhe t\u00eb holla. Nga radh\u00ebt e djemve, n\u00eb k\u00ebt\u00eb kategori, vendi i par\u00eb i takoi Gazmend Misinit nga KK \u201cBashkimi\u201d nga Kumanova, kurse p\u00ebr femra, vendi i par\u00eb i takoi Jelena Maksimoviq e KK \u201cOmlladinac\u201d nga Podgorica. Pjes\u00ebmarrja e garuesve m\u00eb t\u00eb mir\u00eb nga klubet pjes\u00ebmarr\u00ebse b\u00ebri q\u00eb konkurrenca t\u00eb jet\u00eb shum\u00eb e madhe. Nga KK \u201cUlqini\u201d kan\u00eb b\u00ebr\u00eb t\u00eb ditur se jan\u00eb shum\u00eb t\u00eb k\u00ebnaqur me pjes\u00ebmarrjen e klubeve duke b\u00ebr\u00eb q\u00eb ky t\u00eb jet\u00eb nj\u00ebri nd\u00ebr turnet\u00eb m\u00eb masovik\u00eb dhe m\u00eb cil\u00ebsor\u00eb n\u00eb vend dhe rajon. Garuesit e KK \u201cUlqini\u201d-t, p\u00ebr shkak se ishin organizator\u00eb t\u00eb turneut, nuk konkurruan p\u00ebr shp\u00ebrblime e as p\u00ebr radhitje n\u00eb plasman gjeneral, edhe pse rezultatet e garuesve t\u00eb tyre ishin mjaft t\u00eb mira, duke treguar edhe nj\u00ebher\u00eb p\u00ebrgatitjen e mir\u00eb t\u00eb tyre n\u00eb ndeshje me garuesit m\u00eb t\u00eb mir\u00eb t\u00eb rajonit. Udh\u00ebheq\u00ebsia e KK \u201cUlqini\u201d fal\u00ebnderon t\u00eb gjith\u00eb pjes\u00ebmarr\u00ebsit q\u00eb mor\u00ebn pjes\u00eb n\u00eb k\u00ebt\u00eb turne tradicional, sepse me k\u00ebt\u00eb ata e madh\u00ebshtuan festimin e Dit\u00ebs s\u00eb Ulqinit. Po ashtu pjes\u00ebmarrja masovike \u00ebsht\u00eb d\u00ebshmi i miq\u00ebsis\u00eb dhe bashk\u00ebpunimit t\u00eb mir\u00eb t\u00eb KK \u201cUlqini\u201d me klube n\u00eb vend dhe jasht\u00eb vendit. Shpresojm\u00eb q\u00eb n\u00eb t\u00eb ardhmen ky Turne do t\u00eb jet\u00eb edhe m\u00eb masovik dhe t\u00eb shnd\u00ebrohet n\u00eb Turne dyditor.<br \/>\n\n\t\t<style type=\"text\/css\">\n\t\t\t#gallery-1 {\n\t\t\t\tmargin: auto;\n\t\t\t}\n\t\t\t#gallery-1 .gallery-item {\n\t\t\t\tfloat: left;\n\t\t\t\tmargin-top: 10px;\n\t\t\t\ttext-align: center;\n\t\t\t\twidth: 33%;\n\t\t\t}\n\t\t\t#gallery-1 img {\n\t\t\t\tborder: 2px solid #cfcfcf;\n\t\t\t}\n\t\t\t#gallery-1 .gallery-caption {\n\t\t\t\tmargin-left: 0;\n\t\t\t}\n\t\t\t\/* see gallery_shortcode() in wp-includes\/media.php *\/\n\t\t<\/style>\n\t\t<div id='gallery-1' class='gallery galleryid-59060 gallery-columns-3 gallery-size-thumbnail'><dl class='gallery-item'>\n\t\t\t<dt class='gallery-icon portrait'>\n\t\t\t\t<a href='https:\/\/www.visit-ulcinj.com\/blog\/wp-content\/uploads\/2012\/04\/Ulqini-Open-2012_Tradita-vazhdon-me-sukses.jpg'><img width=\"150\" height=\"150\" src=\"https:\/\/www.visit-ulcinj.com\/blog\/wp-content\/uploads\/2012\/04\/Ulqini-Open-2012_Tradita-vazhdon-me-sukses-150x150.jpg\" class=\"attachment-thumbnail size-thumbnail\" alt=\"\" loading=\"lazy\" \/><\/a>\n\t\t\t<\/dt><\/dl><dl class='gallery-item'>\n\t\t\t<dt class='gallery-icon landscape'>\n\t\t\t\t<a href='https:\/\/www.visit-ulcinj.com\/blog\/wp-content\/uploads\/2012\/04\/ULQINI-ULCINJ-OPEN-2012.1.jpg'><img width=\"150\" height=\"150\" src=\"https:\/\/www.visit-ulcinj.com\/blog\/wp-content\/uploads\/2012\/04\/ULQINI-ULCINJ-OPEN-2012.1-150x150.jpg\" class=\"attachment-thumbnail size-thumbnail\" alt=\"\" loading=\"lazy\" \/><\/a>\n\t\t\t<\/dt><\/dl><dl class='gallery-item'>\n\t\t\t<dt class='gallery-icon portrait'>\n\t\t\t\t<a href='https:\/\/www.visit-ulcinj.com\/blog\/wp-content\/uploads\/2012\/04\/ULQINI-ULCINJ-OPEN-2012.2.jpg'><img width=\"150\" height=\"150\" src=\"https:\/\/www.visit-ulcinj.com\/blog\/wp-content\/uploads\/2012\/04\/ULQINI-ULCINJ-OPEN-2012.2-150x150.jpg\" class=\"attachment-thumbnail size-thumbnail\" alt=\"\" loading=\"lazy\" \/><\/a>\n\t\t\t<\/dt><\/dl><br style=\"clear: both\" \/><dl class='gallery-item'>\n\t\t\t<dt class='gallery-icon portrait'>\n\t\t\t\t<a href='https:\/\/www.visit-ulcinj.com\/blog\/wp-content\/uploads\/2012\/04\/ULQINI-ULCINJ-OPEN-2012.3.jpg'><img width=\"150\" height=\"150\" src=\"https:\/\/www.visit-ulcinj.com\/blog\/wp-content\/uploads\/2012\/04\/ULQINI-ULCINJ-OPEN-2012.3-150x150.jpg\" class=\"attachment-thumbnail size-thumbnail\" alt=\"\" loading=\"lazy\" \/><\/a>\n\t\t\t<\/dt><\/dl><dl class='gallery-item'>\n\t\t\t<dt class='gallery-icon landscape'>\n\t\t\t\t<a href='https:\/\/www.visit-ulcinj.com\/blog\/wp-content\/uploads\/2012\/04\/ULQINI-ULCINJ-OPEN-2012.4.jpg'><img width=\"150\" height=\"150\" src=\"https:\/\/www.visit-ulcinj.com\/blog\/wp-content\/uploads\/2012\/04\/ULQINI-ULCINJ-OPEN-2012.4-150x150.jpg\" class=\"attachment-thumbnail size-thumbnail\" alt=\"\" loading=\"lazy\" \/><\/a>\n\t\t\t<\/dt><\/dl><dl class='gallery-item'>\n\t\t\t<dt class='gallery-icon landscape'>\n\t\t\t\t<a href='https:\/\/www.visit-ulcinj.com\/blog\/wp-content\/uploads\/2012\/04\/ULQINI-ULCINJ-OPEN-2012.5.jpg'><img width=\"150\" height=\"150\" src=\"https:\/\/www.visit-ulcinj.com\/blog\/wp-content\/uploads\/2012\/04\/ULQINI-ULCINJ-OPEN-2012.5-150x150.jpg\" class=\"attachment-thumbnail size-thumbnail\" alt=\"\" loading=\"lazy\" \/><\/a>\n\t\t\t<\/dt><\/dl><br style=\"clear: both\" \/><dl class='gallery-item'>\n\t\t\t<dt class='gallery-icon portrait'>\n\t\t\t\t<a href='https:\/\/www.visit-ulcinj.com\/blog\/wp-content\/uploads\/2012\/04\/ULQINI-ULCINJ-OPEN-2012.6.jpg'><img width=\"150\" height=\"150\" src=\"https:\/\/www.visit-ulcinj.com\/blog\/wp-content\/uploads\/2012\/04\/ULQINI-ULCINJ-OPEN-2012.6-150x150.jpg\" class=\"attachment-thumbnail size-thumbnail\" alt=\"\" loading=\"lazy\" \/><\/a>\n\t\t\t<\/dt><\/dl><dl class='gallery-item'>\n\t\t\t<dt class='gallery-icon landscape'>\n\t\t\t\t<a href='https:\/\/www.visit-ulcinj.com\/blog\/wp-content\/uploads\/2012\/04\/ULQINI-ULCINJ-OPEN-2012.7.jpg'><img width=\"150\" height=\"150\" src=\"https:\/\/www.visit-ulcinj.com\/blog\/wp-content\/uploads\/2012\/04\/ULQINI-ULCINJ-OPEN-2012.7-150x150.jpg\" class=\"attachment-thumbnail size-thumbnail\" alt=\"\" loading=\"lazy\" \/><\/a>\n\t\t\t<\/dt><\/dl><dl class='gallery-item'>\n\t\t\t<dt class='gallery-icon landscape'>\n\t\t\t\t<a href='https:\/\/www.visit-ulcinj.com\/blog\/wp-content\/uploads\/2012\/04\/ULQINI-ULCINJ-OPEN-2012.8.jpg'><img width=\"150\" height=\"150\" src=\"https:\/\/www.visit-ulcinj.com\/blog\/wp-content\/uploads\/2012\/04\/ULQINI-ULCINJ-OPEN-2012.8-150x150.jpg\" class=\"attachment-thumbnail size-thumbnail\" alt=\"\" loading=\"lazy\" \/><\/a>\n\t\t\t<\/dt><\/dl><br style=\"clear: both\" \/><dl class='gallery-item'>\n\t\t\t<dt class='gallery-icon landscape'>\n\t\t\t\t<a href='https:\/\/www.visit-ulcinj.com\/blog\/wp-content\/uploads\/2012\/04\/ULQINI-ULCINJ-OPEN-2012.9.jpg'><img width=\"150\" height=\"150\" src=\"https:\/\/www.visit-ulcinj.com\/blog\/wp-content\/uploads\/2012\/04\/ULQINI-ULCINJ-OPEN-2012.9-150x150.jpg\" class=\"attachment-thumbnail size-thumbnail\" alt=\"\" loading=\"lazy\" \/><\/a>\n\t\t\t<\/dt><\/dl><dl class='gallery-item'>\n\t\t\t<dt class='gallery-icon landscape'>\n\t\t\t\t<a href='https:\/\/www.visit-ulcinj.com\/blog\/wp-content\/uploads\/2012\/04\/ULQINI-ULCINJ-OPEN-2012.10.jpg'><img width=\"150\" height=\"150\" src=\"https:\/\/www.visit-ulcinj.com\/blog\/wp-content\/uploads\/2012\/04\/ULQINI-ULCINJ-OPEN-2012.10-150x150.jpg\" class=\"attachment-thumbnail size-thumbnail\" alt=\"\" loading=\"lazy\" \/><\/a>\n\t\t\t<\/dt><\/dl><dl class='gallery-item'>\n\t\t\t<dt class='gallery-icon landscape'>\n\t\t\t\t<a href='https:\/\/www.visit-ulcinj.com\/blog\/wp-content\/uploads\/2012\/04\/ULQINI-ULCINJ-OPEN-2012.11.jpg'><img width=\"150\" height=\"150\" src=\"https:\/\/www.visit-ulcinj.com\/blog\/wp-content\/uploads\/2012\/04\/ULQINI-ULCINJ-OPEN-2012.11-150x150.jpg\" class=\"attachment-thumbnail size-thumbnail\" alt=\"\" loading=\"lazy\" \/><\/a>\n\t\t\t<\/dt><\/dl><br style=\"clear: both\" \/><dl class='gallery-item'>\n\t\t\t<dt class='gallery-icon landscape'>\n\t\t\t\t<a href='https:\/\/www.visit-ulcinj.com\/blog\/wp-content\/uploads\/2012\/04\/ULQINI-ULCINJ-OPEN-2012.12.jpg'><img width=\"150\" height=\"150\" src=\"https:\/\/www.visit-ulcinj.com\/blog\/wp-content\/uploads\/2012\/04\/ULQINI-ULCINJ-OPEN-2012.12-150x150.jpg\" class=\"attachment-thumbnail size-thumbnail\" alt=\"\" loading=\"lazy\" \/><\/a>\n\t\t\t<\/dt><\/dl><dl class='gallery-item'>\n\t\t\t<dt class='gallery-icon landscape'>\n\t\t\t\t<a href='https:\/\/www.visit-ulcinj.com\/blog\/wp-content\/uploads\/2012\/04\/ULQINI-ULCINJ-OPEN-2012.13.jpg'><img width=\"150\" height=\"150\" src=\"https:\/\/www.visit-ulcinj.com\/blog\/wp-content\/uploads\/2012\/04\/ULQINI-ULCINJ-OPEN-2012.13-150x150.jpg\" class=\"attachment-thumbnail size-thumbnail\" alt=\"\" loading=\"lazy\" \/><\/a>\n\t\t\t<\/dt><\/dl><dl class='gallery-item'>\n\t\t\t<dt class='gallery-icon portrait'>\n\t\t\t\t<a href='https:\/\/www.visit-ulcinj.com\/blog\/wp-content\/uploads\/2012\/04\/ULQINI-ULCINJ-OPEN-2012.14.jpg'><img width=\"150\" height=\"150\" src=\"https:\/\/www.visit-ulcinj.com\/blog\/wp-content\/uploads\/2012\/04\/ULQINI-ULCINJ-OPEN-2012.14-150x150.jpg\" class=\"attachment-thumbnail size-thumbnail\" alt=\"\" loading=\"lazy\" \/><\/a>\n\t\t\t<\/dt><\/dl><br style=\"clear: both\" \/><dl class='gallery-item'>\n\t\t\t<dt class='gallery-icon landscape'>\n\t\t\t\t<a href='https:\/\/www.visit-ulcinj.com\/blog\/wp-content\/uploads\/2012\/04\/ULQINI-ULCINJ-OPEN-2012.15.jpg'><img width=\"150\" height=\"150\" src=\"https:\/\/www.visit-ulcinj.com\/blog\/wp-content\/uploads\/2012\/04\/ULQINI-ULCINJ-OPEN-2012.15-150x150.jpg\" class=\"attachment-thumbnail size-thumbnail\" alt=\"\" loading=\"lazy\" \/><\/a>\n\t\t\t<\/dt><\/dl><dl class='gallery-item'>\n\t\t\t<dt class='gallery-icon landscape'>\n\t\t\t\t<a href='https:\/\/www.visit-ulcinj.com\/blog\/wp-content\/uploads\/2012\/04\/ULQINI-ULCINJ-OPEN-2012.16.jpg'><img width=\"150\" height=\"150\" src=\"https:\/\/www.visit-ulcinj.com\/blog\/wp-content\/uploads\/2012\/04\/ULQINI-ULCINJ-OPEN-2012.16-150x150.jpg\" class=\"attachment-thumbnail size-thumbnail\" alt=\"\" loading=\"lazy\" \/><\/a>\n\t\t\t<\/dt><\/dl><dl class='gallery-item'>\n\t\t\t<dt class='gallery-icon landscape'>\n\t\t\t\t<a href='https:\/\/www.visit-ulcinj.com\/blog\/wp-content\/uploads\/2012\/04\/ULQINI-ULCINJ-OPEN-2012.17.jpg'><img width=\"150\" height=\"150\" src=\"https:\/\/www.visit-ulcinj.com\/blog\/wp-content\/uploads\/2012\/04\/ULQINI-ULCINJ-OPEN-2012.17-150x150.jpg\" class=\"attachment-thumbnail size-thumbnail\" alt=\"\" loading=\"lazy\" \/><\/a>\n\t\t\t<\/dt><\/dl><br style=\"clear: both\" \/><dl class='gallery-item'>\n\t\t\t<dt class='gallery-icon portrait'>\n\t\t\t\t<a href='https:\/\/www.visit-ulcinj.com\/blog\/wp-content\/uploads\/2012\/04\/ULQINI-ULCINJ-OPEN-2012.18.jpg'><img width=\"150\" height=\"150\" src=\"https:\/\/www.visit-ulcinj.com\/blog\/wp-content\/uploads\/2012\/04\/ULQINI-ULCINJ-OPEN-2012.18-150x150.jpg\" class=\"attachment-thumbnail size-thumbnail\" alt=\"\" loading=\"lazy\" \/><\/a>\n\t\t\t<\/dt><\/dl><dl class='gallery-item'>\n\t\t\t<dt class='gallery-icon landscape'>\n\t\t\t\t<a href='https:\/\/www.visit-ulcinj.com\/blog\/wp-content\/uploads\/2012\/04\/ULQINI-ULCINJ-OPEN-2012.19.jpg'><img width=\"150\" height=\"150\" src=\"https:\/\/www.visit-ulcinj.com\/blog\/wp-content\/uploads\/2012\/04\/ULQINI-ULCINJ-OPEN-2012.19-150x150.jpg\" class=\"attachment-thumbnail size-thumbnail\" alt=\"\" loading=\"lazy\" \/><\/a>\n\t\t\t<\/dt><\/dl><dl class='gallery-item'>\n\t\t\t<dt class='gallery-icon landscape'>\n\t\t\t\t<a href='https:\/\/www.visit-ulcinj.com\/blog\/wp-content\/uploads\/2012\/04\/ULQINI-ULCINJ-OPEN-2012.20.jpg'><img width=\"150\" height=\"150\" src=\"https:\/\/www.visit-ulcinj.com\/blog\/wp-content\/uploads\/2012\/04\/ULQINI-ULCINJ-OPEN-2012.20-150x150.jpg\" class=\"attachment-thumbnail size-thumbnail\" alt=\"\" loading=\"lazy\" \/><\/a>\n\t\t\t<\/dt><\/dl><br style=\"clear: both\" \/><dl class='gallery-item'>\n\t\t\t<dt class='gallery-icon landscape'>\n\t\t\t\t<a href='https:\/\/www.visit-ulcinj.com\/blog\/wp-content\/uploads\/2012\/04\/ULQINI-ULCINJ-OPEN-2012.21.jpg'><img width=\"150\" height=\"150\" src=\"https:\/\/www.visit-ulcinj.com\/blog\/wp-content\/uploads\/2012\/04\/ULQINI-ULCINJ-OPEN-2012.21-150x150.jpg\" class=\"attachment-thumbnail size-thumbnail\" alt=\"\" loading=\"lazy\" \/><\/a>\n\t\t\t<\/dt><\/dl><dl class='gallery-item'>\n\t\t\t<dt class='gallery-icon landscape'>\n\t\t\t\t<a href='https:\/\/www.visit-ulcinj.com\/blog\/wp-content\/uploads\/2012\/04\/ULQINI-ULCINJ-OPEN-2012.22.jpg'><img width=\"150\" height=\"150\" src=\"https:\/\/www.visit-ulcinj.com\/blog\/wp-content\/uploads\/2012\/04\/ULQINI-ULCINJ-OPEN-2012.22-150x150.jpg\" class=\"attachment-thumbnail size-thumbnail\" alt=\"\" loading=\"lazy\" \/><\/a>\n\t\t\t<\/dt><\/dl><dl class='gallery-item'>\n\t\t\t<dt class='gallery-icon landscape'>\n\t\t\t\t<a href='https:\/\/www.visit-ulcinj.com\/blog\/wp-content\/uploads\/2012\/04\/ULQINI-ULCINJ-OPEN-2012.23.jpg'><img width=\"150\" height=\"150\" src=\"https:\/\/www.visit-ulcinj.com\/blog\/wp-content\/uploads\/2012\/04\/ULQINI-ULCINJ-OPEN-2012.23-150x150.jpg\" class=\"attachment-thumbnail size-thumbnail\" alt=\"\" loading=\"lazy\" \/><\/a>\n\t\t\t<\/dt><\/dl><br style=\"clear: both\" \/><dl class='gallery-item'>\n\t\t\t<dt class='gallery-icon landscape'>\n\t\t\t\t<a href='https:\/\/www.visit-ulcinj.com\/blog\/wp-content\/uploads\/2012\/04\/ULQINI-ULCINJ-OPEN-2012.24.jpg'><img width=\"150\" height=\"150\" src=\"https:\/\/www.visit-ulcinj.com\/blog\/wp-content\/uploads\/2012\/04\/ULQINI-ULCINJ-OPEN-2012.24-150x150.jpg\" class=\"attachment-thumbnail size-thumbnail\" alt=\"\" loading=\"lazy\" \/><\/a>\n\t\t\t<\/dt><\/dl><dl class='gallery-item'>\n\t\t\t<dt class='gallery-icon landscape'>\n\t\t\t\t<a href='https:\/\/www.visit-ulcinj.com\/blog\/wp-content\/uploads\/2012\/04\/ULQINI-ULCINJ-OPEN-2012.25.jpg'><img width=\"150\" height=\"150\" src=\"https:\/\/www.visit-ulcinj.com\/blog\/wp-content\/uploads\/2012\/04\/ULQINI-ULCINJ-OPEN-2012.25-150x150.jpg\" class=\"attachment-thumbnail size-thumbnail\" alt=\"\" loading=\"lazy\" \/><\/a>\n\t\t\t<\/dt><\/dl><dl class='gallery-item'>\n\t\t\t<dt class='gallery-icon landscape'>\n\t\t\t\t<a href='https:\/\/www.visit-ulcinj.com\/blog\/wp-content\/uploads\/2012\/04\/ULQINI-ULCINJ-OPEN-2012.jpg'><img width=\"150\" height=\"150\" src=\"https:\/\/www.visit-ulcinj.com\/blog\/wp-content\/uploads\/2012\/04\/ULQINI-ULCINJ-OPEN-2012-150x150.jpg\" class=\"attachment-thumbnail size-thumbnail\" alt=\"\" loading=\"lazy\" \/><\/a>\n\t\t\t<\/dt><\/dl><br style=\"clear: both\" \/>\n\t\t<\/div>\n<br \/>\n<a href=\"https:\/\/www.facebook.com\/media\/set\/?set=a.3141622095713.2131387.1119765684&amp;type=3&amp;fb_source=message\" target=\"_blank\"><strong>P\u00cbR M\u00cb TEPER FOTO &#8211; ULQINI-ULCINJ OPEN 2012 &#8211; RUZHDI RAMA FACEBOOK<\/strong><\/a><\/p>\n","protected":false},"excerpt":{"rendered":"<p>Ulqin \u2013 Klubi i Karates\u00eb \u201cUlqini\u201d n\u00eb bashk\u00ebpunim me Komun\u00ebn e Ulqinit dhe Federat\u00ebn e Karates\u00eb s\u00eb Malit t\u00eb Zi organizoi t\u00eb shtun\u00ebn n\u00eb sall\u00ebn e Shkoll\u00ebs fillore \u201cMarshali Tito\u201d n\u00eb Ulqin Turneun XII Nd\u00ebrkomb\u00ebtar t\u00eb Karates\u00eb \u201cUlqini Open 2012\u201d. Turneu i u organizua me rastin e Dit\u00ebs s\u00eb Ulqinit duke vazhduar tradit\u00ebn i viteve [&hellip;]<\/p>\n","protected":false},"author":1,"featured_media":0,"comment_status":"open","ping_status":"closed","sticky":false,"template":"","format":"standard","meta":{"spay_email":"","jetpack_publicize_message":"","jetpack_is_tweetstorm":false,"jetpack_publicize_feature_enabled":true},"categories":[3],"tags":[20309],"jetpack_publicize_connections":[],"yoast_head":"<!-- This site is optimized with the Yoast SEO plugin v19.1 - https:\/\/yoast.com\/wordpress\/plugins\/seo\/ -->\n<title>Ulqini Open 2012: Tradita vazhdon me sukses - Lajme nga Ulqini<\/title>\n<meta name=\"description\" content=\"Ulqin \u2013 Klubi i Karates\u00eb \u201cUlqini\u201d n\u00eb bashk\u00ebpunim me Komun\u00ebn e Ulqinit dhe Federat\u00ebn e Karates\u00eb s\u00eb Malit t\u00eb Zi organizoi t\u00eb shtun\u00ebn n\u00eb sall\u00ebn e Shkoll\u00ebs\" \/>\n<meta name=\"robots\" content=\"index, follow, max-snippet:-1, max-image-preview:large, max-video-preview:-1\" \/>\n<link rel=\"canonical\" href=\"https:\/\/www.visit-ulcinj.com\/blog\/2012\/04\/09\/ulqini-open-2012-tradita-vazhdon-me-sukses\/\" \/>\n<meta property=\"og:locale\" content=\"en_US\" \/>\n<meta property=\"og:type\" content=\"article\" \/>\n<meta property=\"og:title\" content=\"Ulqini Open 2012: Tradita vazhdon me sukses - Lajme nga Ulqini\" \/>\n<meta property=\"og:description\" content=\"Ulqin \u2013 Klubi i Karates\u00eb \u201cUlqini\u201d n\u00eb bashk\u00ebpunim me Komun\u00ebn e Ulqinit dhe Federat\u00ebn e Karates\u00eb s\u00eb Malit t\u00eb Zi organizoi t\u00eb shtun\u00ebn n\u00eb sall\u00ebn e Shkoll\u00ebs\" \/>\n<meta property=\"og:url\" content=\"https:\/\/www.visit-ulcinj.com\/blog\/2012\/04\/09\/ulqini-open-2012-tradita-vazhdon-me-sukses\/\" \/>\n<meta property=\"og:site_name\" content=\"Lajme nga Ulqini\" \/>\n<meta property=\"article:published_time\" content=\"2012-04-09T21:25:28+00:00\" \/>\n<meta property=\"article:modified_time\" content=\"2012-04-24T11:59:24+00:00\" \/>\n<meta property=\"og:image\" content=\"https:\/\/www.visit-ulcinj.com\/blog\/wp-content\/uploads\/2012\/04\/Ulqini-Open-2012_Tradita-vazhdon-me-sukses-150x150.jpg\" \/>\n<meta name=\"twitter:label1\" content=\"Written by\" \/>\n\t<meta name=\"twitter:data1\" content=\"ulqini\" \/>\n\t<meta name=\"twitter:label2\" content=\"Est. reading time\" \/>\n\t<meta name=\"twitter:data2\" content=\"4 minutes\" \/>\n<script type=\"application\/ld+json\" class=\"yoast-schema-graph\">{\"@context\":\"https:\/\/schema.org\",\"@graph\":[{\"@type\":\"WebSite\",\"@id\":\"https:\/\/www.visit-ulcinj.com\/blog\/#website\",\"url\":\"https:\/\/www.visit-ulcinj.com\/blog\/\",\"name\":\"Lajme nga Ulqini\",\"description\":\"Lajme,Vijesti,Ulqini,Ulqin,Crna Gora,Mali i Zi\",\"potentialAction\":[{\"@type\":\"SearchAction\",\"target\":{\"@type\":\"EntryPoint\",\"urlTemplate\":\"https:\/\/www.visit-ulcinj.com\/blog\/?s={search_term_string}\"},\"query-input\":\"required name=search_term_string\"}],\"inLanguage\":\"en-US\"},{\"@type\":\"ImageObject\",\"inLanguage\":\"en-US\",\"@id\":\"https:\/\/www.visit-ulcinj.com\/blog\/2012\/04\/09\/ulqini-open-2012-tradita-vazhdon-me-sukses\/#primaryimage\",\"url\":\"https:\/\/www.visit-ulcinj.com\/blog\/wp-content\/uploads\/2012\/04\/Ulqini-Open-2012_Tradita-vazhdon-me-sukses.jpg\",\"contentUrl\":\"https:\/\/www.visit-ulcinj.com\/blog\/wp-content\/uploads\/2012\/04\/Ulqini-Open-2012_Tradita-vazhdon-me-sukses.jpg\",\"width\":\"838\",\"height\":\"865\"},{\"@type\":\"WebPage\",\"@id\":\"https:\/\/www.visit-ulcinj.com\/blog\/2012\/04\/09\/ulqini-open-2012-tradita-vazhdon-me-sukses\/#webpage\",\"url\":\"https:\/\/www.visit-ulcinj.com\/blog\/2012\/04\/09\/ulqini-open-2012-tradita-vazhdon-me-sukses\/\",\"name\":\"Ulqini Open 2012: Tradita vazhdon me sukses - Lajme nga Ulqini\",\"isPartOf\":{\"@id\":\"https:\/\/www.visit-ulcinj.com\/blog\/#website\"},\"primaryImageOfPage\":{\"@id\":\"https:\/\/www.visit-ulcinj.com\/blog\/2012\/04\/09\/ulqini-open-2012-tradita-vazhdon-me-sukses\/#primaryimage\"},\"datePublished\":\"2012-04-09T21:25:28+00:00\",\"dateModified\":\"2012-04-24T11:59:24+00:00\",\"author\":{\"@id\":\"https:\/\/www.visit-ulcinj.com\/blog\/#\/schema\/person\/dcab619c614d3038751c63bc2aadc06d\"},\"description\":\"Ulqin \u2013 Klubi i Karates\u00eb \u201cUlqini\u201d n\u00eb bashk\u00ebpunim me Komun\u00ebn e Ulqinit dhe Federat\u00ebn e Karates\u00eb s\u00eb Malit t\u00eb Zi organizoi t\u00eb shtun\u00ebn n\u00eb sall\u00ebn e Shkoll\u00ebs\",\"breadcrumb\":{\"@id\":\"https:\/\/www.visit-ulcinj.com\/blog\/2012\/04\/09\/ulqini-open-2012-tradita-vazhdon-me-sukses\/#breadcrumb\"},\"inLanguage\":\"en-US\",\"potentialAction\":[{\"@type\":\"ReadAction\",\"target\":[\"https:\/\/www.visit-ulcinj.com\/blog\/2012\/04\/09\/ulqini-open-2012-tradita-vazhdon-me-sukses\/\"]}]},{\"@type\":\"BreadcrumbList\",\"@id\":\"https:\/\/www.visit-ulcinj.com\/blog\/2012\/04\/09\/ulqini-open-2012-tradita-vazhdon-me-sukses\/#breadcrumb\",\"itemListElement\":[{\"@type\":\"ListItem\",\"position\":1,\"name\":\"Ulqini Open 2012: Tradita vazhdon me sukses\"}]},{\"@type\":\"Person\",\"@id\":\"https:\/\/www.visit-ulcinj.com\/blog\/#\/schema\/person\/dcab619c614d3038751c63bc2aadc06d\",\"name\":\"ulqini\",\"sameAs\":[\"http:\/\/www.visit-ulcinj.com\"],\"url\":\"https:\/\/www.visit-ulcinj.com\/blog\/author\/admin\/\"}]}<\/script>\n<!-- \/ Yoast SEO plugin. -->","yoast_head_json":{"title":"Ulqini Open 2012: Tradita vazhdon me sukses - Lajme nga Ulqini","description":"Ulqin \u2013 Klubi i Karates\u00eb \u201cUlqini\u201d n\u00eb bashk\u00ebpunim me Komun\u00ebn e Ulqinit dhe Federat\u00ebn e Karates\u00eb s\u00eb Malit t\u00eb Zi organizoi t\u00eb shtun\u00ebn n\u00eb sall\u00ebn e Shkoll\u00ebs","robots":{"index":"index","follow":"follow","max-snippet":"max-snippet:-1","max-image-preview":"max-image-preview:large","max-video-preview":"max-video-preview:-1"},"canonical":"https:\/\/www.visit-ulcinj.com\/blog\/2012\/04\/09\/ulqini-open-2012-tradita-vazhdon-me-sukses\/","og_locale":"en_US","og_type":"article","og_title":"Ulqini Open 2012: Tradita vazhdon me sukses - Lajme nga Ulqini","og_description":"Ulqin \u2013 Klubi i Karates\u00eb \u201cUlqini\u201d n\u00eb bashk\u00ebpunim me Komun\u00ebn e Ulqinit dhe Federat\u00ebn e Karates\u00eb s\u00eb Malit t\u00eb Zi organizoi t\u00eb shtun\u00ebn n\u00eb sall\u00ebn e Shkoll\u00ebs","og_url":"https:\/\/www.visit-ulcinj.com\/blog\/2012\/04\/09\/ulqini-open-2012-tradita-vazhdon-me-sukses\/","og_site_name":"Lajme nga Ulqini","article_published_time":"2012-04-09T21:25:28+00:00","article_modified_time":"2012-04-24T11:59:24+00:00","og_image":[{"url":"https:\/\/www.visit-ulcinj.com\/blog\/wp-content\/uploads\/2012\/04\/Ulqini-Open-2012_Tradita-vazhdon-me-sukses-150x150.jpg"}],"twitter_misc":{"Written by":"ulqini","Est. reading time":"4 minutes"},"schema":{"@context":"https:\/\/schema.org","@graph":[{"@type":"WebSite","@id":"https:\/\/www.visit-ulcinj.com\/blog\/#website","url":"https:\/\/www.visit-ulcinj.com\/blog\/","name":"Lajme nga Ulqini","description":"Lajme,Vijesti,Ulqini,Ulqin,Crna Gora,Mali i Zi","potentialAction":[{"@type":"SearchAction","target":{"@type":"EntryPoint","urlTemplate":"https:\/\/www.visit-ulcinj.com\/blog\/?s={search_term_string}"},"query-input":"required name=search_term_string"}],"inLanguage":"en-US"},{"@type":"ImageObject","inLanguage":"en-US","@id":"https:\/\/www.visit-ulcinj.com\/blog\/2012\/04\/09\/ulqini-open-2012-tradita-vazhdon-me-sukses\/#primaryimage","url":"https:\/\/www.visit-ulcinj.com\/blog\/wp-content\/uploads\/2012\/04\/Ulqini-Open-2012_Tradita-vazhdon-me-sukses.jpg","contentUrl":"https:\/\/www.visit-ulcinj.com\/blog\/wp-content\/uploads\/2012\/04\/Ulqini-Open-2012_Tradita-vazhdon-me-sukses.jpg","width":"838","height":"865"},{"@type":"WebPage","@id":"https:\/\/www.visit-ulcinj.com\/blog\/2012\/04\/09\/ulqini-open-2012-tradita-vazhdon-me-sukses\/#webpage","url":"https:\/\/www.visit-ulcinj.com\/blog\/2012\/04\/09\/ulqini-open-2012-tradita-vazhdon-me-sukses\/","name":"Ulqini Open 2012: Tradita vazhdon me sukses - Lajme nga Ulqini","isPartOf":{"@id":"https:\/\/www.visit-ulcinj.com\/blog\/#website"},"primaryImageOfPage":{"@id":"https:\/\/www.visit-ulcinj.com\/blog\/2012\/04\/09\/ulqini-open-2012-tradita-vazhdon-me-sukses\/#primaryimage"},"datePublished":"2012-04-09T21:25:28+00:00","dateModified":"2012-04-24T11:59:24+00:00","author":{"@id":"https:\/\/www.visit-ulcinj.com\/blog\/#\/schema\/person\/dcab619c614d3038751c63bc2aadc06d"},"description":"Ulqin \u2013 Klubi i Karates\u00eb \u201cUlqini\u201d n\u00eb bashk\u00ebpunim me Komun\u00ebn e Ulqinit dhe Federat\u00ebn e Karates\u00eb s\u00eb Malit t\u00eb Zi organizoi t\u00eb shtun\u00ebn n\u00eb sall\u00ebn e Shkoll\u00ebs","breadcrumb":{"@id":"https:\/\/www.visit-ulcinj.com\/blog\/2012\/04\/09\/ulqini-open-2012-tradita-vazhdon-me-sukses\/#breadcrumb"},"inLanguage":"en-US","potentialAction":[{"@type":"ReadAction","target":["https:\/\/www.visit-ulcinj.com\/blog\/2012\/04\/09\/ulqini-open-2012-tradita-vazhdon-me-sukses\/"]}]},{"@type":"BreadcrumbList","@id":"https:\/\/www.visit-ulcinj.com\/blog\/2012\/04\/09\/ulqini-open-2012-tradita-vazhdon-me-sukses\/#breadcrumb","itemListElement":[{"@type":"ListItem","position":1,"name":"Ulqini Open 2012: Tradita vazhdon me sukses"}]},{"@type":"Person","@id":"https:\/\/www.visit-ulcinj.com\/blog\/#\/schema\/person\/dcab619c614d3038751c63bc2aadc06d","name":"ulqini","sameAs":["http:\/\/www.visit-ulcinj.com"],"url":"https:\/\/www.visit-ulcinj.com\/blog\/author\/admin\/"}]}},"jetpack_featured_media_url":"","jetpack_sharing_enabled":true,"jetpack_shortlink":"https:\/\/wp.me\/pe6lTn-fmA","_links":{"self":[{"href":"https:\/\/www.visit-ulcinj.com\/blog\/wp-json\/wp\/v2\/posts\/59060"}],"collection":[{"href":"https:\/\/www.visit-ulcinj.com\/blog\/wp-json\/wp\/v2\/posts"}],"about":[{"href":"https:\/\/www.visit-ulcinj.com\/blog\/wp-json\/wp\/v2\/types\/post"}],"author":[{"embeddable":true,"href":"https:\/\/www.visit-ulcinj.com\/blog\/wp-json\/wp\/v2\/users\/1"}],"replies":[{"embeddable":true,"href":"https:\/\/www.visit-ulcinj.com\/blog\/wp-json\/wp\/v2\/comments?post=59060"}],"version-history":[{"count":3,"href":"https:\/\/www.visit-ulcinj.com\/blog\/wp-json\/wp\/v2\/posts\/59060\/revisions"}],"predecessor-version":[{"id":59575,"href":"https:\/\/www.visit-ulcinj.com\/blog\/wp-json\/wp\/v2\/posts\/59060\/revisions\/59575"}],"wp:attachment":[{"href":"https:\/\/www.visit-ulcinj.com\/blog\/wp-json\/wp\/v2\/media?parent=59060"}],"wp:term":[{"taxonomy":"category","embeddable":true,"href":"https:\/\/www.visit-ulcinj.com\/blog\/wp-json\/wp\/v2\/categories?post=59060"},{"taxonomy":"post_tag","embeddable":true,"href":"https:\/\/www.visit-ulcinj.com\/blog\/wp-json\/wp\/v2\/tags?post=59060"}],"curies":[{"name":"wp","href":"https:\/\/api.w.org\/{rel}","templated":true}]}}