{"id":59096,"date":"2012-04-09T23:31:32","date_gmt":"2012-04-09T22:31:32","guid":{"rendered":"http:\/\/www.visit-ulcinj.com\/blog\/?p=59096"},"modified":"2012-04-11T16:58:59","modified_gmt":"2012-04-11T15:58:59","slug":"nail-draga-deshmi-e-gjenocidit-ndaj-shqiptareve-libri-i-u-butkes","status":"publish","type":"post","link":"https:\/\/www.visit-ulcinj.com\/blog\/2012\/04\/09\/nail-draga-deshmi-e-gjenocidit-ndaj-shqiptareve-libri-i-u-butkes\/","title":{"rendered":"Nail Draga: D\u00ebshmi e gjenocidit ndaj shqiptar\u00ebve &#8211; Libri i U.Butk\u00ebs"},"content":{"rendered":"<p><strong><a href=\"http:\/\/www.visit-ulcinj.com\/blog\/wp-content\/uploads\/2012\/04\/Masakra-e-Tivarit_Uran-Butka_Promovimi-i-librit-ne-Ulqin1.jpg\"><img loading=\"lazy\" class=\"alignleft size-full wp-image-59097\" title=\"Masakra-e-Tivarit_Uran-Butka_Promovimi-i-librit-ne-Ulqin\" src=\"http:\/\/www.visit-ulcinj.com\/blog\/wp-content\/uploads\/2012\/04\/Masakra-e-Tivarit_Uran-Butka_Promovimi-i-librit-ne-Ulqin1.jpg\" alt=\"\" width=\"508\" height=\"203\" srcset=\"https:\/\/www.visit-ulcinj.com\/blog\/wp-content\/uploads\/2012\/04\/Masakra-e-Tivarit_Uran-Butka_Promovimi-i-librit-ne-Ulqin1.jpg 508w, https:\/\/www.visit-ulcinj.com\/blog\/wp-content\/uploads\/2012\/04\/Masakra-e-Tivarit_Uran-Butka_Promovimi-i-librit-ne-Ulqin1-300x119.jpg 300w\" sizes=\"(max-width: 508px) 100vw, 508px\" \/><\/a>Uran Butka, Masakra e Tivarit dhe p\u00ebrgjegj\u00ebsia e shtetit shqiptar, Botoi: ASD-studio, Tiran\u00eb 2011<\/strong><\/p>\n<p>Te populli\u00a0 shqiptar jan\u00eb dy ngjarje t\u00eb ve\u00e7anta gjat\u00eb Luft\u00ebs s\u00eb Dyt\u00eb Bot\u00ebrore\u00a0 qe kan\u00eb p\u00ebrmasat e gjenocidit etnik, e para ka t\u00eb bej\u00eb me gjenocidin grek ndaj \u00e7am\u00ebve n\u00eb qershor 1944, dhe e dyta me 1 prill 1945 ne Masakren e Tivarit. K\u00ebto masakra nuk jan\u00eb t\u00eb rastit, por si rezultat i politikave shovinste t\u00eb shteteve p\u00ebrkat\u00ebse, ku n\u00eb saj\u00eb t\u00eb urrejtjes patologjike si qellim final kishin spastrimin etnik t\u00eb territoreve prej\u00a0 shqiptar\u00ebve.Nuk ka dilem\u00eb se vras\u00ebsit n\u00eb Tivar tek shqiptar\u00ebt shihnin kund\u00ebrshtar\u00ebt politik\u00eb, ideologjik\u00eb, fetar\u00eb dhe komb\u00ebtar\u00eb.<\/p>\n<p>Pas d\u00ebshtimit t\u00eb komunizmit\u00a0 si ideologji dhe sistem shoq\u00ebror nga viti 1990 t\u00eb shekulllit t\u00eb kaluar, shqiptar\u00ebt n\u00eb ish-Jugosllavi filluan p\u00ebr t\u00eb par\u00ebn her\u00eb t\u00eb shkruajn\u00eb lirsh\u00ebm pa cenzur\u00eb p\u00ebr ate q\u00eb kan\u00eb d\u00ebgjuar dhe p\u00ebrjetuar\u00a0 n\u00eb t\u00eb kaluar\u00ebn n\u00ebn pushtetin e Jugosllavis\u00eb s\u00eb Vjet\u00ebr por edhe asaj t\u00eb re pas Luft\u00ebs s\u00eb Dyt\u00eb Bot\u00ebrore.<\/p>\n<p>N\u00eb ket\u00eb gam\u00eb t\u00eb ngjarjeve nuk ka dilem\u00eb se vend t\u00eb r\u00ebnd\u00ebsish\u00ebm z\u00eb tragjedia e Tivarit, q\u00eb n\u00eb popull njihen me emrin Masakra e Tivarit, e ndodhur me 1 prill 1945, t\u00eb Monopoli i duhanit n\u00eb qytetin e Tivarit t\u00eb Ri. Edhe pse p\u00ebr Masakren e Tivarit \u00ebsht\u00eb ditur e p\u00ebrfolur n\u00eb popull kan\u00eb munguar\u00a0 studime apo botime t\u00eb ve\u00e7anta, sepse trajtimi i temave t\u00eb tilla ishte me pasoja nga pushteti i koh\u00ebs.<\/p>\n<p>Por, n\u00eb rrethana t\u00eb reja pas vitit 1990\u00a0 jan\u00eb botuar artikuj e botime t\u00eb ve\u00e7anta qoft\u00eb studimore apo te memoareve, kushtuar enkas k\u00ebsaj masakre. Dhe botimi i par\u00eb \u00ebsht\u00eb\u00a0 i\u00a0 p\u00ebrjetuesit t\u00eb k\u00ebsaj masakre Azem Hajdini, me titull <strong>Tragjedia e Tivarit<\/strong>, botuar n\u00eb Shtutgard-Gjermani n\u00eb vitin 1990 dhe botimi i dyt\u00eb 1998 n\u00eb Prishtin\u00eb. Ky autor m\u00eb pas boton edhe librin e dyt\u00eb, <strong>Masakra e Tivarit(memoare)\u00a0 <\/strong>n\u00eb vitin 1998, n\u00eb Prishtin\u00eb, duke na sjellur d\u00ebshmi autentike t\u00eb p\u00ebrjetuesve t\u00eb k\u00ebsaj tragjedie.<\/p>\n<p>M\u00eb pas na paraqitet me botim edhe Muhamet Pirraku, <strong>Kalvari i shqiptar\u00ebsis\u00eb s\u00eb Kosov\u00ebs<\/strong>&#8211;<strong>Tivari 1945, <\/strong>Prishtin\u00eb\u00a0 1993 dhe botimi i dyt\u00eb 1994,<strong> <\/strong>si dhe<strong> Tivari 1945, <\/strong>botuar n\u00eb vitin<strong> <\/strong>\u00a02005, duke sjellur dokumente te provenienc\u00ebs ushtarake, t\u00eb deportimit t\u00eb shqiptar\u00ebve t\u00eb Kosov\u00ebs n\u00eb rrug\u00ebn tragjike drejt Tivarit.<\/p>\n<p>Nd\u00ebrsa botimeve q\u00eb trajtojn\u00eb\u00a0 gjenocidin ndaj shqiptar\u00ebve n\u00eb Tivar\u00a0 i shtohet edhe botimi\u00a0 m\u00eb i ri i Uran Butk\u00ebs, <strong>Masakra e Tivarit dhe p\u00ebrgjegj\u00ebsia e shtetit shqiptar<\/strong>, botuar koh\u00eb m\u00eb par\u00eb nga ASD-studio n\u00eb Tiran\u00eb.<\/p>\n<p>Autori Butka \u00ebsht\u00eb\u00a0 studiues i njohur i cili deri me tash ka botuar 14 botime t\u00eb ve\u00e7anta, duke filluar me librin <strong>Ringjallje<\/strong> 1996\u00a0 dhe ka trajtuar tema interesante dhe te panjohura p\u00ebr opinionin e gjer\u00eb. Ai \u00ebsht\u00eb nder t\u00eb rrall\u00ebt q\u00eb ka trajtuar temat t\u00eb cilat kan\u00eb qen\u00eb t\u00eb ndaluara, qoft\u00eb p\u00ebr personalitete apo ngjarje nga e kaluara e popullit ton\u00eb. Nder veprat e tija pa dyshim vendin kryesor zen\u00eb libri <strong>Gjeniu i kombit<\/strong>, kushtuar t\u00eb madhit Mit hat Frash\u00ebri, botuar n\u00eb vitin 2000 dhe plot\u00ebsuar e ribotuar n\u00eb vitin 2006.<\/p>\n<p>Botimet p\u00ebr masakr\u00ebn e Tivarit ofrojn\u00eb\u00a0 t\u00eb dh\u00ebna faktografike dhe analiza, por edhe d\u00ebshmi autentike t\u00eb atyre qe e kan\u00eb p\u00ebrjetuar ket\u00eb masak\u00ebr.Madje d\u00ebshmit\u00eb e tyre plot\u00ebsojn\u00eb t\u00eb dh\u00ebnat arkivore p\u00ebr ket\u00eb ngjarje tragjike me p\u00ebrmasa t\u00eb gjenocidit.Nuk ka dilem\u00eb se ngjarja tragjike e Tivarit nuk ishte rast\u00ebsi por realizim konkret i planeve\u00a0 t\u00eb spatrimit etnik t\u00eb shqiptar\u00ebve sipas elaborateve t\u00eb V. \u00c7ubriloviqit, sepse ajo \u00e7ka nuk u realizu m\u00eb par\u00eb duhej t\u00eb kryhej me vendosjen e pushtetit t\u00eb ri t\u00eb komunisteve.<\/p>\n<p>Masakra e Tivarit nuk ka dilem\u00eb se ishte hakmarrje p\u00ebr luft\u00ebn e zhvilluar me Shaban Polluzh\u00ebn, vrasjen e Milladin Popoviqit( t\u00eb vrar\u00eb nga vet\u00eb serbet), ku qellimi final ishte\u00a0 spastrimi i Kosov\u00ebs nga shqiptar\u00ebt\u00a0 p\u00ebr ta aneksuar ate me pas sikurse u vendos n\u00eb mbledhjen e Prizrenit nga data 8-10 korrik 1945 jasht\u00eb vullnetit t\u00eb popullsis\u00eb shqiptare t\u00eb Kosov\u00ebs.<\/p>\n<p>Por me keqardhje konstatojm\u00eb\u00a0 se ne ket\u00eb tragjedi rol negativ\u00a0 kan\u00eb luajtur n\u00eb Kosov\u00eb aradhat partizane t\u00eb UN\u00c7SH,(n\u00ebntor 1944-mars 1945) sepse ata ne vend q\u00eb ti ndihmonin shqiptar\u00ebt ata ishin ne an\u00ebn e serbeve\u00a0 q\u00eb i luftonin shqiptar\u00ebt si reaksionar, edhe pse ata luftonin p\u00ebr liri komb\u00ebtare\u00a0 dhe vetvendosje t\u00eb Kosov\u00ebs p\u00ebr bashkim me shtetin am\u00eb Shqip\u00ebrin\u00eb.<\/p>\n<p>Nga dokumentacioni i koh\u00ebs del qart\u00eb se \u00a0udh\u00ebheqja e koh\u00ebs \u00a0n\u00eb Shqip\u00ebri\u00a0 ishte \u00a0hipnotizuar\u00a0 nga mashtrimet perfide te qarqeve jugosllave duke u ven\u00eb n\u00eb sh\u00ebrbim t\u00eb tyre ne aspektin ideologjik e duke injoruar ate komb\u00ebtar. Dhe nga nj\u00eb mashtrim i till\u00eb nga sllavo-komunist\u00ebt pasojat jan\u00eb t\u00eb pranishme edhe n\u00eb dit\u00ebt tona.<\/p>\n<p>Vet\u00ebm pas prishjes me jugosllavet(1948) n\u00eb Shqip\u00ebri u gjind koka e turkut e ky ishte Ko\u00e7i Xoxe, dhe\u00a0 e ter\u00eb p\u00ebrgjegj\u00ebsia iu mvesh ati, p\u00ebr ter\u00eb ket\u00eb tradhti q\u00eb iu b\u00eb kosovar\u00ebve t\u00eb cil\u00ebt u masakruan n\u00eb Tivar me 1 prill 1945.Dokumentat e publikuara n\u00eb ket\u00eb botim flasin qart\u00eb se p\u00ebr ket\u00eb masak\u00ebr kan\u00eb pasur njohuri si Enver Hoxha, Ramiz Alia, Gjin Marku, Haxhi Lleshi etj., por kan\u00eb heshtur,duke menduar se me heshtje kjo masak\u00ebr do t\u00eb harrohet. Po ashtu\u00a0 p\u00ebrgjegj\u00ebsi m\u00eb pak nuk kan\u00eb as kuadrat kosovare si Fadil Hoxha, Xhavit Nimani etj., sepse edhe ato me heshtje kan\u00eb dashur ta eliminojn\u00eb nj\u00eb krim t\u00eb till\u00eb.<\/p>\n<p>Libri m\u00eb i ri i Uran Butk\u00ebs, sjell t\u00eb dh\u00ebna t\u00eb panjohura arkivore, sepse ka t\u00eb b\u00ebj\u00eb me p\u00ebrgjegj\u00ebsin\u00eb e shtetit shqiptar p\u00ebrkat\u00ebsisht t\u00eb udh\u00ebheq\u00ebsjes s\u00eb saj t\u00eb koh\u00ebs.Mendoj se ne ket\u00eb aspekt ka se \u00e7ka t\u00eb hulumtohet me tutje, sepse p\u00ebr k\u00ebt\u00eb gjenocid, ende ka l\u00ebnd\u00eb arkivore t\u00eb pa papublikuara, andaj mbetet q\u00eb hulumtimet n\u00eb ket\u00eb aspekt t\u00eb vazhdojn\u00eb. Vet\u00ebm ne ket\u00eb form\u00eb do te kemi mund\u00ebsi t\u00eb kemi nj\u00eb dosje t\u00eb ve\u00e7ant\u00eb\u00a0 p\u00ebr Masakren e Tivarit, e cila do t\u00eb jet\u00eb baz\u00eb p\u00ebr t\u00eb k\u00ebrkuar\u00a0 k\u00ebrkuar p\u00ebrgjegj\u00ebsi p\u00ebr krime\u00a0 ndaj qytetar\u00ebve t\u00eb pafajsh\u00ebm.<\/p>\n<p>Edhe pse kan\u00eb kaluar 67 vite\u00a0 nga kjo ngjarje ende\u00a0 ka d\u00ebshmitar\u00eb okular\u00a0 si n\u00eb Shkod\u00ebr,\u00a0 An\u00eb t\u00eb Malit e Tivar t\u00eb cil\u00ebt d\u00ebshmojn\u00eb p\u00ebr kalvarin e udhtimit t\u00eb kosovar\u00ebve nga Prizreni n\u00eb Tivar, vuajtjet, persekutimet\u00a0 dhe vrasjet gjat\u00eb rrug\u00ebs dhe trajtimin e tyre si rob t\u00eb luft\u00ebs.<\/p>\n<p>Ndonse t\u00eb dh\u00ebnat p\u00ebr numrin e t\u00eb vrar\u00ebve jan\u00eb t\u00eb ndryshme analizat numerike t\u00eb b\u00ebra ndaj eshaloneve t\u00eb kosovar\u00ebve t\u00eb nisura nga Prizreni p\u00ebr n\u00eb Tivar qe kaluan nep\u00ebr territorin e Shqip\u00ebris\u00eb \u00a0d\u00ebshmojn\u00eb se ai num\u00ebr nuk mund t\u00eb jet\u00eb m\u00eb i vog\u00ebl se 1560 vet\u00eb nd\u00ebrsa mund t\u00eb shkoj\u00eb n\u00eb disa mij\u00ebra, qe flet qart\u00eb mbi p\u00ebrmasat e k\u00ebtij krimi, \u00a0qe ishte gjenocid i pa par\u00eb jasht\u00eb opeacioneve luftarake ndaj shqiptar\u00ebve t\u00eb pa armatosur .<\/p>\n<p>P\u00ebr t\u00eb mbuluar gjurmet e krimit\u00a0 deri m\u00eb \u00a0sot nuk ka asnj\u00eb varr p\u00ebr k\u00ebto viktima, dhe as nj\u00eb pllak\u00eb p\u00ebrkujtimore, si d\u00ebshmi\u00a0 e k\u00ebtij gjenocidi, q\u00eb d\u00ebshmon n\u00eb m\u00ebnyr\u00eb transparente p\u00ebrgjegj\u00ebsin\u00eb direkte te pushtetar\u00ebve t\u00eb koh\u00ebs n\u00eb ket\u00eb vep\u00ebr kriminale. Edhe pse ka qen\u00eb obligim moral i shtetit shqiptar p\u00ebr t\u00eb zbardhur t\u00eb v\u00ebrtet\u00ebn e masakr\u00ebs s\u00eb Tivarit, nj\u00eb veprim t\u00eb till\u00eb nuk e kan\u00eb ber\u00eb asnj\u00ebher\u00eb, sepse kan\u00eb pasur p\u00ebrgjegj\u00ebsi t\u00eb drejtp\u00ebrdrejt\u00eb, duke marr\u00eb parasysh se kosovar\u00ebt kan\u00eb kaluar n\u00ebp\u00ebr territorin e Shqip\u00ebris\u00eb.<\/p>\n<p>Permes dokumenteve t\u00eb publikuara ne ket\u00eb lib\u00ebr \u00a0p\u00ebr t\u00eb par\u00ebn\u00a0 her\u00eb del qart\u00eb p\u00ebrgjegj\u00ebsia e shtetit shqiptar, sepse ata qellim final kishin qasjen ideolgjike dhe mbajtjen e pushtetit me \u00e7do \u00e7mim, e jo zgjidhjen e \u00e7\u00ebshtjes komb\u00ebtare sipas parimit t\u00eb Kart\u00ebs s\u00eb Atlantikut.<\/p>\n<p>Nj\u00eb veprim i till\u00eb apsurd nuk mund t\u00eb arsyetohet m\u00eb asgj\u00eb, sepse ndryshe vepruan shtetet tjera gjat\u00eb Luft\u00ebs s\u00eb Dyt\u00eb Bot\u00ebrore, duke eliminuar padrejt\u00ebsit\u00eb e m\u00ebhershme, t\u00eb imponuara nga t\u00eb tjer\u00ebt.<\/p>\n<p>Dhe ka qen\u00eb pik\u00ebrisht momenti q\u00eb ndaj shqiptar\u00ebve t\u00eb p\u00ebrmir\u00ebsohet gabimi i vitit 1913, kur gjysma e territoreve\u00a0 dhe e popullsis\u00eb shqiptare mbeti jasht\u00eb shtetit shqiptar\u00eb, jasht\u00eb vullnetit t\u00eb tyre, si rezultat i konjukturave dhe interesit t\u00eb Fuqive t\u00eb M\u00ebdha.<\/p>\n<p>Premtimet e dh\u00ebna gjat\u00eb Luft\u00ebs s\u00eb Dyt\u00eb Bot\u00ebrore, se do t\u00eb vendoset me plebishit p\u00ebr t\u00eb ardhm\u00ebn e tyre, doli qart\u00eb se shqiptar\u00ebt u mashtruan, ku p\u00ebrgjegj\u00ebsia p\u00ebrve\u00e7 n\u00eb udh\u00ebheqjen e shtetit shqiptar, bie edhe mbi aleatet e koalicionit antifashist, ne mos realizimin e t\u00eb drejtes legjitime t\u00eb popullit shqiptar p\u00ebr vet\u00ebvendosje, ku pasojat jan\u00eb evidente deri n\u00eb dit\u00ebt tona.<\/p>\n<p>Gjat\u00eb koh\u00ebs s\u00eb diktatur\u00ebs kjo masak\u00ebr ka\u00a0 munguar\u00a0 ne kalendarin e ngjarjeve historike t\u00eb popullit shqiptar, andaj nj\u00eb veprim t\u00eb till\u00eb \u00a0apsurd duhet p\u00ebrmir\u00ebsuar dhe ajo duhet t\u00eb jet\u00eb patjet\u00ebr e pranishme kudo e sidomos \u00a0n\u00eb librat e shkollave filllore dhe t\u00eb mesme. Esht\u00eb koha q\u00eb t\u00eb shkruhet e v\u00ebrteta, pavar\u00ebsisht ngjyrave t\u00eb\u00a0 partive ne pushtet, sepse rishkrimi i historis\u00eb me argumente \u00ebsht\u00eb obligim sa profesional aq edhe komb\u00ebtar.<\/p>\n<p>&nbsp;<\/p>\n<p>&nbsp;<\/p>\n<p>Ulqin,<\/p>\n<p style=\"text-align: left;\">31 mars 2012\u00a0\u00a0\u00a0\u00a0\u00a0\u00a0\u00a0\u00a0\u00a0\u00a0\u00a0\u00a0\u00a0\u00a0\u00a0\u00a0\u00a0\u00a0 \u00a0\u00a0\u00a0\u00a0\u00a0\u00a0\u00a0\u00a0\u00a0\u00a0\u00a0\u00a0\u00a0\u00a0\u00a0\u00a0\u00a0\u00a0\u00a0\u00a0\u00a0\u00a0\u00a0\u00a0\u00a0\u00a0\u00a0\u00a0\u00a0\u00a0\u00a0\u00a0\u00a0\u00a0\u00a0\u00a0\u00a0\u00a0\u00a0\u00a0\u00a0\u00a0\u00a0\u00a0\u00a0\u00a0\u00a0\u00a0\u00a0\u00a0\u00a0\u00a0\u00a0\u00a0\u00a0\u00a0\u00a0\u00a0\u00a0\u00a0\u00a0\u00a0\u00a0\u00a0\u00a0\u00a0<strong>Dr. Nail\u00a0 Draga<\/strong><\/p>\n","protected":false},"excerpt":{"rendered":"<p>Uran Butka, Masakra e Tivarit dhe p\u00ebrgjegj\u00ebsia e shtetit shqiptar, Botoi: ASD-studio, Tiran\u00eb 2011 Te populli\u00a0 shqiptar jan\u00eb dy ngjarje t\u00eb ve\u00e7anta gjat\u00eb Luft\u00ebs s\u00eb Dyt\u00eb Bot\u00ebrore\u00a0 qe kan\u00eb p\u00ebrmasat e gjenocidit etnik, e para ka t\u00eb bej\u00eb me gjenocidin grek ndaj \u00e7am\u00ebve n\u00eb qershor 1944, dhe e dyta me 1 prill 1945 ne Masakren [&hellip;]<\/p>\n","protected":false},"author":1,"featured_media":0,"comment_status":"open","ping_status":"closed","sticky":false,"template":"","format":"standard","meta":{"spay_email":"","jetpack_publicize_message":"","jetpack_is_tweetstorm":false,"jetpack_publicize_feature_enabled":true},"categories":[14249],"tags":[15941],"jetpack_publicize_connections":[],"yoast_head":"<!-- This site is optimized with the Yoast SEO plugin v19.1 - https:\/\/yoast.com\/wordpress\/plugins\/seo\/ -->\n<title>Nail Draga: D\u00ebshmi e gjenocidit ndaj shqiptar\u00ebve - Libri i U.Butk\u00ebs - Lajme nga Ulqini<\/title>\n<meta name=\"description\" content=\"Uran Butka, Masakra e Tivarit dhe p\u00ebrgjegj\u00ebsia e shtetit shqiptar, Botoi: ASD-studio, Tiran\u00eb 2011 Te populli\u00a0 shqiptar jan\u00eb dy ngjarje t\u00eb ve\u00e7anta gjat\u00eb\" \/>\n<meta name=\"robots\" content=\"index, follow, max-snippet:-1, max-image-preview:large, max-video-preview:-1\" \/>\n<link rel=\"canonical\" href=\"https:\/\/www.visit-ulcinj.com\/blog\/2012\/04\/09\/nail-draga-deshmi-e-gjenocidit-ndaj-shqiptareve-libri-i-u-butkes\/\" \/>\n<meta property=\"og:locale\" content=\"en_US\" \/>\n<meta property=\"og:type\" content=\"article\" \/>\n<meta property=\"og:title\" content=\"Nail Draga: D\u00ebshmi e gjenocidit ndaj shqiptar\u00ebve - Libri i U.Butk\u00ebs - Lajme nga Ulqini\" \/>\n<meta property=\"og:description\" content=\"Uran Butka, Masakra e Tivarit dhe p\u00ebrgjegj\u00ebsia e shtetit shqiptar, Botoi: ASD-studio, Tiran\u00eb 2011 Te populli\u00a0 shqiptar jan\u00eb dy ngjarje t\u00eb ve\u00e7anta gjat\u00eb\" \/>\n<meta property=\"og:url\" content=\"https:\/\/www.visit-ulcinj.com\/blog\/2012\/04\/09\/nail-draga-deshmi-e-gjenocidit-ndaj-shqiptareve-libri-i-u-butkes\/\" \/>\n<meta property=\"og:site_name\" content=\"Lajme nga Ulqini\" \/>\n<meta property=\"article:published_time\" content=\"2012-04-09T22:31:32+00:00\" \/>\n<meta property=\"article:modified_time\" content=\"2012-04-11T15:58:59+00:00\" \/>\n<meta property=\"og:image\" content=\"http:\/\/www.visit-ulcinj.com\/blog\/wp-content\/uploads\/2012\/04\/Masakra-e-Tivarit_Uran-Butka_Promovimi-i-librit-ne-Ulqin1.jpg\" \/>\n<meta name=\"twitter:label1\" content=\"Written by\" \/>\n\t<meta name=\"twitter:data1\" content=\"ulqini\" \/>\n\t<meta name=\"twitter:label2\" content=\"Est. reading time\" \/>\n\t<meta name=\"twitter:data2\" content=\"8 minutes\" \/>\n<script type=\"application\/ld+json\" class=\"yoast-schema-graph\">{\"@context\":\"https:\/\/schema.org\",\"@graph\":[{\"@type\":\"WebSite\",\"@id\":\"https:\/\/www.visit-ulcinj.com\/blog\/#website\",\"url\":\"https:\/\/www.visit-ulcinj.com\/blog\/\",\"name\":\"Lajme nga Ulqini\",\"description\":\"Lajme,Vijesti,Ulqini,Ulqin,Crna Gora,Mali i Zi\",\"potentialAction\":[{\"@type\":\"SearchAction\",\"target\":{\"@type\":\"EntryPoint\",\"urlTemplate\":\"https:\/\/www.visit-ulcinj.com\/blog\/?s={search_term_string}\"},\"query-input\":\"required name=search_term_string\"}],\"inLanguage\":\"en-US\"},{\"@type\":\"ImageObject\",\"inLanguage\":\"en-US\",\"@id\":\"https:\/\/www.visit-ulcinj.com\/blog\/2012\/04\/09\/nail-draga-deshmi-e-gjenocidit-ndaj-shqiptareve-libri-i-u-butkes\/#primaryimage\",\"url\":\"https:\/\/www.visit-ulcinj.com\/blog\/wp-content\/uploads\/2012\/04\/Masakra-e-Tivarit_Uran-Butka_Promovimi-i-librit-ne-Ulqin1.jpg\",\"contentUrl\":\"https:\/\/www.visit-ulcinj.com\/blog\/wp-content\/uploads\/2012\/04\/Masakra-e-Tivarit_Uran-Butka_Promovimi-i-librit-ne-Ulqin1.jpg\",\"width\":\"508\",\"height\":\"203\"},{\"@type\":\"WebPage\",\"@id\":\"https:\/\/www.visit-ulcinj.com\/blog\/2012\/04\/09\/nail-draga-deshmi-e-gjenocidit-ndaj-shqiptareve-libri-i-u-butkes\/#webpage\",\"url\":\"https:\/\/www.visit-ulcinj.com\/blog\/2012\/04\/09\/nail-draga-deshmi-e-gjenocidit-ndaj-shqiptareve-libri-i-u-butkes\/\",\"name\":\"Nail Draga: D\u00ebshmi e gjenocidit ndaj shqiptar\u00ebve - Libri i U.Butk\u00ebs - Lajme nga Ulqini\",\"isPartOf\":{\"@id\":\"https:\/\/www.visit-ulcinj.com\/blog\/#website\"},\"primaryImageOfPage\":{\"@id\":\"https:\/\/www.visit-ulcinj.com\/blog\/2012\/04\/09\/nail-draga-deshmi-e-gjenocidit-ndaj-shqiptareve-libri-i-u-butkes\/#primaryimage\"},\"datePublished\":\"2012-04-09T22:31:32+00:00\",\"dateModified\":\"2012-04-11T15:58:59+00:00\",\"author\":{\"@id\":\"https:\/\/www.visit-ulcinj.com\/blog\/#\/schema\/person\/dcab619c614d3038751c63bc2aadc06d\"},\"description\":\"Uran Butka, Masakra e Tivarit dhe p\u00ebrgjegj\u00ebsia e shtetit shqiptar, Botoi: ASD-studio, Tiran\u00eb 2011 Te populli\u00a0 shqiptar jan\u00eb dy ngjarje t\u00eb ve\u00e7anta gjat\u00eb\",\"breadcrumb\":{\"@id\":\"https:\/\/www.visit-ulcinj.com\/blog\/2012\/04\/09\/nail-draga-deshmi-e-gjenocidit-ndaj-shqiptareve-libri-i-u-butkes\/#breadcrumb\"},\"inLanguage\":\"en-US\",\"potentialAction\":[{\"@type\":\"ReadAction\",\"target\":[\"https:\/\/www.visit-ulcinj.com\/blog\/2012\/04\/09\/nail-draga-deshmi-e-gjenocidit-ndaj-shqiptareve-libri-i-u-butkes\/\"]}]},{\"@type\":\"BreadcrumbList\",\"@id\":\"https:\/\/www.visit-ulcinj.com\/blog\/2012\/04\/09\/nail-draga-deshmi-e-gjenocidit-ndaj-shqiptareve-libri-i-u-butkes\/#breadcrumb\",\"itemListElement\":[{\"@type\":\"ListItem\",\"position\":1,\"name\":\"Nail Draga: D\u00ebshmi e gjenocidit ndaj shqiptar\u00ebve &#8211; Libri i U.Butk\u00ebs\"}]},{\"@type\":\"Person\",\"@id\":\"https:\/\/www.visit-ulcinj.com\/blog\/#\/schema\/person\/dcab619c614d3038751c63bc2aadc06d\",\"name\":\"ulqini\",\"sameAs\":[\"http:\/\/www.visit-ulcinj.com\"],\"url\":\"https:\/\/www.visit-ulcinj.com\/blog\/author\/admin\/\"}]}<\/script>\n<!-- \/ Yoast SEO plugin. -->","yoast_head_json":{"title":"Nail Draga: D\u00ebshmi e gjenocidit ndaj shqiptar\u00ebve - Libri i U.Butk\u00ebs - Lajme nga Ulqini","description":"Uran Butka, Masakra e Tivarit dhe p\u00ebrgjegj\u00ebsia e shtetit shqiptar, Botoi: ASD-studio, Tiran\u00eb 2011 Te populli\u00a0 shqiptar jan\u00eb dy ngjarje t\u00eb ve\u00e7anta gjat\u00eb","robots":{"index":"index","follow":"follow","max-snippet":"max-snippet:-1","max-image-preview":"max-image-preview:large","max-video-preview":"max-video-preview:-1"},"canonical":"https:\/\/www.visit-ulcinj.com\/blog\/2012\/04\/09\/nail-draga-deshmi-e-gjenocidit-ndaj-shqiptareve-libri-i-u-butkes\/","og_locale":"en_US","og_type":"article","og_title":"Nail Draga: D\u00ebshmi e gjenocidit ndaj shqiptar\u00ebve - Libri i U.Butk\u00ebs - Lajme nga Ulqini","og_description":"Uran Butka, Masakra e Tivarit dhe p\u00ebrgjegj\u00ebsia e shtetit shqiptar, Botoi: ASD-studio, Tiran\u00eb 2011 Te populli\u00a0 shqiptar jan\u00eb dy ngjarje t\u00eb ve\u00e7anta gjat\u00eb","og_url":"https:\/\/www.visit-ulcinj.com\/blog\/2012\/04\/09\/nail-draga-deshmi-e-gjenocidit-ndaj-shqiptareve-libri-i-u-butkes\/","og_site_name":"Lajme nga Ulqini","article_published_time":"2012-04-09T22:31:32+00:00","article_modified_time":"2012-04-11T15:58:59+00:00","og_image":[{"url":"http:\/\/www.visit-ulcinj.com\/blog\/wp-content\/uploads\/2012\/04\/Masakra-e-Tivarit_Uran-Butka_Promovimi-i-librit-ne-Ulqin1.jpg"}],"twitter_misc":{"Written by":"ulqini","Est. reading time":"8 minutes"},"schema":{"@context":"https:\/\/schema.org","@graph":[{"@type":"WebSite","@id":"https:\/\/www.visit-ulcinj.com\/blog\/#website","url":"https:\/\/www.visit-ulcinj.com\/blog\/","name":"Lajme nga Ulqini","description":"Lajme,Vijesti,Ulqini,Ulqin,Crna Gora,Mali i Zi","potentialAction":[{"@type":"SearchAction","target":{"@type":"EntryPoint","urlTemplate":"https:\/\/www.visit-ulcinj.com\/blog\/?s={search_term_string}"},"query-input":"required name=search_term_string"}],"inLanguage":"en-US"},{"@type":"ImageObject","inLanguage":"en-US","@id":"https:\/\/www.visit-ulcinj.com\/blog\/2012\/04\/09\/nail-draga-deshmi-e-gjenocidit-ndaj-shqiptareve-libri-i-u-butkes\/#primaryimage","url":"https:\/\/www.visit-ulcinj.com\/blog\/wp-content\/uploads\/2012\/04\/Masakra-e-Tivarit_Uran-Butka_Promovimi-i-librit-ne-Ulqin1.jpg","contentUrl":"https:\/\/www.visit-ulcinj.com\/blog\/wp-content\/uploads\/2012\/04\/Masakra-e-Tivarit_Uran-Butka_Promovimi-i-librit-ne-Ulqin1.jpg","width":"508","height":"203"},{"@type":"WebPage","@id":"https:\/\/www.visit-ulcinj.com\/blog\/2012\/04\/09\/nail-draga-deshmi-e-gjenocidit-ndaj-shqiptareve-libri-i-u-butkes\/#webpage","url":"https:\/\/www.visit-ulcinj.com\/blog\/2012\/04\/09\/nail-draga-deshmi-e-gjenocidit-ndaj-shqiptareve-libri-i-u-butkes\/","name":"Nail Draga: D\u00ebshmi e gjenocidit ndaj shqiptar\u00ebve - Libri i U.Butk\u00ebs - Lajme nga Ulqini","isPartOf":{"@id":"https:\/\/www.visit-ulcinj.com\/blog\/#website"},"primaryImageOfPage":{"@id":"https:\/\/www.visit-ulcinj.com\/blog\/2012\/04\/09\/nail-draga-deshmi-e-gjenocidit-ndaj-shqiptareve-libri-i-u-butkes\/#primaryimage"},"datePublished":"2012-04-09T22:31:32+00:00","dateModified":"2012-04-11T15:58:59+00:00","author":{"@id":"https:\/\/www.visit-ulcinj.com\/blog\/#\/schema\/person\/dcab619c614d3038751c63bc2aadc06d"},"description":"Uran Butka, Masakra e Tivarit dhe p\u00ebrgjegj\u00ebsia e shtetit shqiptar, Botoi: ASD-studio, Tiran\u00eb 2011 Te populli\u00a0 shqiptar jan\u00eb dy ngjarje t\u00eb ve\u00e7anta gjat\u00eb","breadcrumb":{"@id":"https:\/\/www.visit-ulcinj.com\/blog\/2012\/04\/09\/nail-draga-deshmi-e-gjenocidit-ndaj-shqiptareve-libri-i-u-butkes\/#breadcrumb"},"inLanguage":"en-US","potentialAction":[{"@type":"ReadAction","target":["https:\/\/www.visit-ulcinj.com\/blog\/2012\/04\/09\/nail-draga-deshmi-e-gjenocidit-ndaj-shqiptareve-libri-i-u-butkes\/"]}]},{"@type":"BreadcrumbList","@id":"https:\/\/www.visit-ulcinj.com\/blog\/2012\/04\/09\/nail-draga-deshmi-e-gjenocidit-ndaj-shqiptareve-libri-i-u-butkes\/#breadcrumb","itemListElement":[{"@type":"ListItem","position":1,"name":"Nail Draga: D\u00ebshmi e gjenocidit ndaj shqiptar\u00ebve &#8211; Libri i U.Butk\u00ebs"}]},{"@type":"Person","@id":"https:\/\/www.visit-ulcinj.com\/blog\/#\/schema\/person\/dcab619c614d3038751c63bc2aadc06d","name":"ulqini","sameAs":["http:\/\/www.visit-ulcinj.com"],"url":"https:\/\/www.visit-ulcinj.com\/blog\/author\/admin\/"}]}},"jetpack_featured_media_url":"","jetpack_sharing_enabled":true,"jetpack_shortlink":"https:\/\/wp.me\/pe6lTn-fna","_links":{"self":[{"href":"https:\/\/www.visit-ulcinj.com\/blog\/wp-json\/wp\/v2\/posts\/59096"}],"collection":[{"href":"https:\/\/www.visit-ulcinj.com\/blog\/wp-json\/wp\/v2\/posts"}],"about":[{"href":"https:\/\/www.visit-ulcinj.com\/blog\/wp-json\/wp\/v2\/types\/post"}],"author":[{"embeddable":true,"href":"https:\/\/www.visit-ulcinj.com\/blog\/wp-json\/wp\/v2\/users\/1"}],"replies":[{"embeddable":true,"href":"https:\/\/www.visit-ulcinj.com\/blog\/wp-json\/wp\/v2\/comments?post=59096"}],"version-history":[{"count":3,"href":"https:\/\/www.visit-ulcinj.com\/blog\/wp-json\/wp\/v2\/posts\/59096\/revisions"}],"predecessor-version":[{"id":59110,"href":"https:\/\/www.visit-ulcinj.com\/blog\/wp-json\/wp\/v2\/posts\/59096\/revisions\/59110"}],"wp:attachment":[{"href":"https:\/\/www.visit-ulcinj.com\/blog\/wp-json\/wp\/v2\/media?parent=59096"}],"wp:term":[{"taxonomy":"category","embeddable":true,"href":"https:\/\/www.visit-ulcinj.com\/blog\/wp-json\/wp\/v2\/categories?post=59096"},{"taxonomy":"post_tag","embeddable":true,"href":"https:\/\/www.visit-ulcinj.com\/blog\/wp-json\/wp\/v2\/tags?post=59096"}],"curies":[{"name":"wp","href":"https:\/\/api.w.org\/{rel}","templated":true}]}}