{"id":59111,"date":"2012-04-11T17:13:32","date_gmt":"2012-04-11T16:13:32","guid":{"rendered":"http:\/\/www.visit-ulcinj.com\/blog\/?p=59111"},"modified":"2012-04-11T17:13:48","modified_gmt":"2012-04-11T16:13:48","slug":"vizita-e-z-edmond-haxhinastokomunes-se-ulqinit","status":"publish","type":"post","link":"https:\/\/www.visit-ulcinj.com\/blog\/2012\/04\/11\/vizita-e-z-edmond-haxhinastokomunes-se-ulqinit\/","title":{"rendered":"Vizita e z.Edmond Haxhinasto,Komun\u00ebs se Ulqinit"},"content":{"rendered":"<p><a href=\"http:\/\/www.visit-ulcinj.com\/blog\/wp-content\/uploads\/2012\/04\/Edmond-Haxhinastone-vizit-ne-Ulqin.jpg\"><img loading=\"lazy\" class=\"alignleft  wp-image-59112\" title=\"Edmond Haxhinasto,ne vizit ne Ulqin\" src=\"http:\/\/www.visit-ulcinj.com\/blog\/wp-content\/uploads\/2012\/04\/Edmond-Haxhinastone-vizit-ne-Ulqin.jpg\" alt=\"\" width=\"508\" height=\"360\" \/><\/a>Sot m\u00eb 6 prill 2012, Zv.Kryeministri dhe Ministri i Pun\u00ebve t\u00eb Jashtme t\u00eb Republik\u00ebs s\u00eb Shqip\u00ebris\u00eb, z. Edmond Haxhinasto, zhvilloi nj\u00eb vizit\u00eb zyrtare n\u00eb Malin e Zi, gjat\u00eb t\u00eb cil\u00ebs pati takime me Presidentin e Republik\u00ebs, z. Filip Vujanoviq, kryetarin e Kuvendit, z.Ranko Krivokapiq, kryeministrin, z. Igor Lukshiq, si dhe me ministrin e Pun\u00ebve t\u00eb Jashtme dhe Integrimit Evropian t\u00eb Malit t\u00eb Zi, z. Milan Roqen. Gjat\u00eb k\u00ebsaj vizite, Ministri Haxhinasto u takua edhe me drejtuesit kryesor\u00eb t\u00eb partive parlamentare shqiptare.<\/p>\n<p>Gjat\u00eb vizit\u00ebs s\u00eb tij dy ditore ai vizitoi edhe komun\u00ebn e Ulqinit ku pati takime me Kryetarin e Komun\u00ebs z Nazif Cungusi dhe drejtues tjer\u00eb t\u00eb pushtetit vendor.<br \/>\nGjat\u00eb bisedimeve, ai u shpreh\u00ebn se marr\u00ebdh\u00ebniet mes Shqip\u00ebris\u00eb dhe Malit t\u00eb Zi, si dy vende mike, jan\u00eb t\u00eb shk\u00eblqyera dhe n\u00ebnvizoi faktin se ekziston nj\u00eb p\u00ebrputhje e plot\u00eb e objektivave strategjike t\u00eb t\u00eb dy vendeve n\u00eb rrug\u00ebn drejt integrimit n\u00eb BE dhe NATO.<br \/>\nNd\u00ebr fushat q\u00eb p\u00ebrcaktojn\u00eb prioritetet e bashk\u00ebpunimit dypal\u00ebsh u identifikuan: ekonomia- infrastruktura, transporti, energjia, turizmi dhe ambjenti; l\u00ebvizja e lir\u00eb \u2013 plot\u00ebsimi i paket\u00ebs p\u00ebr t\u2019i b\u00ebr\u00eb kufijt\u00eb t\u00eb paduksh\u00ebm duke eliminuar barrierat jofizike, &#8211; marr\u00ebveshja e konkluduar n\u00eb fush\u00ebn e arsimit gjat\u00eb k\u00ebsaj vizite, i hap rrug\u00eb njohjes s\u00eb diplomave, si dhe heq tarifat respektive p\u00ebr arsimin e lart\u00eb.<br \/>\nMinistri Haxhinasto theksoi se shqiptar\u00ebt q\u00eb jetojn\u00eb n\u00eb Mal t\u00eb Zi jan\u00eb nj\u00eb baz\u00eb e sigurt p\u00ebr marr\u00ebdh\u00ebniet e shk\u00eblqyera midis dy vendeve. Ata kan\u00eb kontribuar p\u00ebr pavar\u00ebsin\u00eb e Malit t\u00eb Zi dhe kontribuojn\u00eb sot p\u00ebr proceset integruese n\u00eb NATO dhe BE, si qytetar\u00eb luajal\u00eb t\u00eb Malit t\u00eb Zi.<\/p>\n<p>Komuna e Ulqinit<\/p>\n","protected":false},"excerpt":{"rendered":"<p>Sot m\u00eb 6 prill 2012, Zv.Kryeministri dhe Ministri i Pun\u00ebve t\u00eb Jashtme t\u00eb Republik\u00ebs s\u00eb Shqip\u00ebris\u00eb, z. Edmond Haxhinasto, zhvilloi nj\u00eb vizit\u00eb zyrtare n\u00eb Malin e Zi, gjat\u00eb t\u00eb cil\u00ebs pati takime me Presidentin e Republik\u00ebs, z. Filip Vujanoviq, kryetarin e Kuvendit, z.Ranko Krivokapiq, kryeministrin, z. Igor Lukshiq, si dhe me ministrin e Pun\u00ebve t\u00eb [&hellip;]<\/p>\n","protected":false},"author":1,"featured_media":0,"comment_status":"open","ping_status":"closed","sticky":false,"template":"","format":"standard","meta":{"spay_email":"","jetpack_publicize_message":"","jetpack_is_tweetstorm":false,"jetpack_publicize_feature_enabled":true},"categories":[6],"tags":[297],"jetpack_publicize_connections":[],"yoast_head":"<!-- This site is optimized with the Yoast SEO plugin v19.1 - https:\/\/yoast.com\/wordpress\/plugins\/seo\/ -->\n<title>Vizita e z.Edmond Haxhinasto,Komun\u00ebs se Ulqinit - Lajme nga Ulqini<\/title>\n<meta name=\"description\" content=\"Sot m\u00eb 6 prill 2012, Zv.Kryeministri dhe Ministri i Pun\u00ebve t\u00eb Jashtme t\u00eb Republik\u00ebs s\u00eb Shqip\u00ebris\u00eb, z. Edmond Haxhinasto, zhvilloi nj\u00eb vizit\u00eb zyrtare n\u00eb\" \/>\n<meta name=\"robots\" content=\"index, follow, max-snippet:-1, max-image-preview:large, max-video-preview:-1\" \/>\n<link rel=\"canonical\" href=\"https:\/\/www.visit-ulcinj.com\/blog\/2012\/04\/11\/vizita-e-z-edmond-haxhinastokomunes-se-ulqinit\/\" \/>\n<meta property=\"og:locale\" content=\"en_US\" \/>\n<meta property=\"og:type\" content=\"article\" \/>\n<meta property=\"og:title\" content=\"Vizita e z.Edmond Haxhinasto,Komun\u00ebs se Ulqinit - Lajme nga Ulqini\" \/>\n<meta property=\"og:description\" content=\"Sot m\u00eb 6 prill 2012, Zv.Kryeministri dhe Ministri i Pun\u00ebve t\u00eb Jashtme t\u00eb Republik\u00ebs s\u00eb Shqip\u00ebris\u00eb, z. Edmond Haxhinasto, zhvilloi nj\u00eb vizit\u00eb zyrtare n\u00eb\" \/>\n<meta property=\"og:url\" content=\"https:\/\/www.visit-ulcinj.com\/blog\/2012\/04\/11\/vizita-e-z-edmond-haxhinastokomunes-se-ulqinit\/\" \/>\n<meta property=\"og:site_name\" content=\"Lajme nga Ulqini\" \/>\n<meta property=\"article:published_time\" content=\"2012-04-11T16:13:32+00:00\" \/>\n<meta property=\"article:modified_time\" content=\"2012-04-11T16:13:48+00:00\" \/>\n<meta property=\"og:image\" content=\"http:\/\/www.visit-ulcinj.com\/blog\/wp-content\/uploads\/2012\/04\/Edmond-Haxhinastone-vizit-ne-Ulqin.jpg\" \/>\n<meta name=\"twitter:label1\" content=\"Written by\" \/>\n\t<meta name=\"twitter:data1\" content=\"ulqini\" \/>\n\t<meta name=\"twitter:label2\" content=\"Est. reading time\" \/>\n\t<meta name=\"twitter:data2\" content=\"2 minutes\" \/>\n<script type=\"application\/ld+json\" class=\"yoast-schema-graph\">{\"@context\":\"https:\/\/schema.org\",\"@graph\":[{\"@type\":\"WebSite\",\"@id\":\"https:\/\/www.visit-ulcinj.com\/blog\/#website\",\"url\":\"https:\/\/www.visit-ulcinj.com\/blog\/\",\"name\":\"Lajme nga Ulqini\",\"description\":\"Lajme,Vijesti,Ulqini,Ulqin,Crna Gora,Mali i Zi\",\"potentialAction\":[{\"@type\":\"SearchAction\",\"target\":{\"@type\":\"EntryPoint\",\"urlTemplate\":\"https:\/\/www.visit-ulcinj.com\/blog\/?s={search_term_string}\"},\"query-input\":\"required name=search_term_string\"}],\"inLanguage\":\"en-US\"},{\"@type\":\"ImageObject\",\"inLanguage\":\"en-US\",\"@id\":\"https:\/\/www.visit-ulcinj.com\/blog\/2012\/04\/11\/vizita-e-z-edmond-haxhinastokomunes-se-ulqinit\/#primaryimage\",\"url\":\"https:\/\/www.visit-ulcinj.com\/blog\/wp-content\/uploads\/2012\/04\/Edmond-Haxhinastone-vizit-ne-Ulqin.jpg\",\"contentUrl\":\"https:\/\/www.visit-ulcinj.com\/blog\/wp-content\/uploads\/2012\/04\/Edmond-Haxhinastone-vizit-ne-Ulqin.jpg\",\"width\":\"1123\",\"height\":\"736\"},{\"@type\":\"WebPage\",\"@id\":\"https:\/\/www.visit-ulcinj.com\/blog\/2012\/04\/11\/vizita-e-z-edmond-haxhinastokomunes-se-ulqinit\/#webpage\",\"url\":\"https:\/\/www.visit-ulcinj.com\/blog\/2012\/04\/11\/vizita-e-z-edmond-haxhinastokomunes-se-ulqinit\/\",\"name\":\"Vizita e z.Edmond Haxhinasto,Komun\u00ebs se Ulqinit - Lajme nga Ulqini\",\"isPartOf\":{\"@id\":\"https:\/\/www.visit-ulcinj.com\/blog\/#website\"},\"primaryImageOfPage\":{\"@id\":\"https:\/\/www.visit-ulcinj.com\/blog\/2012\/04\/11\/vizita-e-z-edmond-haxhinastokomunes-se-ulqinit\/#primaryimage\"},\"datePublished\":\"2012-04-11T16:13:32+00:00\",\"dateModified\":\"2012-04-11T16:13:48+00:00\",\"author\":{\"@id\":\"https:\/\/www.visit-ulcinj.com\/blog\/#\/schema\/person\/dcab619c614d3038751c63bc2aadc06d\"},\"description\":\"Sot m\u00eb 6 prill 2012, Zv.Kryeministri dhe Ministri i Pun\u00ebve t\u00eb Jashtme t\u00eb Republik\u00ebs s\u00eb Shqip\u00ebris\u00eb, z. Edmond Haxhinasto, zhvilloi nj\u00eb vizit\u00eb zyrtare n\u00eb\",\"breadcrumb\":{\"@id\":\"https:\/\/www.visit-ulcinj.com\/blog\/2012\/04\/11\/vizita-e-z-edmond-haxhinastokomunes-se-ulqinit\/#breadcrumb\"},\"inLanguage\":\"en-US\",\"potentialAction\":[{\"@type\":\"ReadAction\",\"target\":[\"https:\/\/www.visit-ulcinj.com\/blog\/2012\/04\/11\/vizita-e-z-edmond-haxhinastokomunes-se-ulqinit\/\"]}]},{\"@type\":\"BreadcrumbList\",\"@id\":\"https:\/\/www.visit-ulcinj.com\/blog\/2012\/04\/11\/vizita-e-z-edmond-haxhinastokomunes-se-ulqinit\/#breadcrumb\",\"itemListElement\":[{\"@type\":\"ListItem\",\"position\":1,\"name\":\"Vizita e z.Edmond Haxhinasto,Komun\u00ebs se Ulqinit\"}]},{\"@type\":\"Person\",\"@id\":\"https:\/\/www.visit-ulcinj.com\/blog\/#\/schema\/person\/dcab619c614d3038751c63bc2aadc06d\",\"name\":\"ulqini\",\"sameAs\":[\"http:\/\/www.visit-ulcinj.com\"],\"url\":\"https:\/\/www.visit-ulcinj.com\/blog\/author\/admin\/\"}]}<\/script>\n<!-- \/ Yoast SEO plugin. -->","yoast_head_json":{"title":"Vizita e z.Edmond Haxhinasto,Komun\u00ebs se Ulqinit - Lajme nga Ulqini","description":"Sot m\u00eb 6 prill 2012, Zv.Kryeministri dhe Ministri i Pun\u00ebve t\u00eb Jashtme t\u00eb Republik\u00ebs s\u00eb Shqip\u00ebris\u00eb, z. Edmond Haxhinasto, zhvilloi nj\u00eb vizit\u00eb zyrtare n\u00eb","robots":{"index":"index","follow":"follow","max-snippet":"max-snippet:-1","max-image-preview":"max-image-preview:large","max-video-preview":"max-video-preview:-1"},"canonical":"https:\/\/www.visit-ulcinj.com\/blog\/2012\/04\/11\/vizita-e-z-edmond-haxhinastokomunes-se-ulqinit\/","og_locale":"en_US","og_type":"article","og_title":"Vizita e z.Edmond Haxhinasto,Komun\u00ebs se Ulqinit - Lajme nga Ulqini","og_description":"Sot m\u00eb 6 prill 2012, Zv.Kryeministri dhe Ministri i Pun\u00ebve t\u00eb Jashtme t\u00eb Republik\u00ebs s\u00eb Shqip\u00ebris\u00eb, z. Edmond Haxhinasto, zhvilloi nj\u00eb vizit\u00eb zyrtare n\u00eb","og_url":"https:\/\/www.visit-ulcinj.com\/blog\/2012\/04\/11\/vizita-e-z-edmond-haxhinastokomunes-se-ulqinit\/","og_site_name":"Lajme nga Ulqini","article_published_time":"2012-04-11T16:13:32+00:00","article_modified_time":"2012-04-11T16:13:48+00:00","og_image":[{"url":"http:\/\/www.visit-ulcinj.com\/blog\/wp-content\/uploads\/2012\/04\/Edmond-Haxhinastone-vizit-ne-Ulqin.jpg"}],"twitter_misc":{"Written by":"ulqini","Est. reading time":"2 minutes"},"schema":{"@context":"https:\/\/schema.org","@graph":[{"@type":"WebSite","@id":"https:\/\/www.visit-ulcinj.com\/blog\/#website","url":"https:\/\/www.visit-ulcinj.com\/blog\/","name":"Lajme nga Ulqini","description":"Lajme,Vijesti,Ulqini,Ulqin,Crna Gora,Mali i Zi","potentialAction":[{"@type":"SearchAction","target":{"@type":"EntryPoint","urlTemplate":"https:\/\/www.visit-ulcinj.com\/blog\/?s={search_term_string}"},"query-input":"required name=search_term_string"}],"inLanguage":"en-US"},{"@type":"ImageObject","inLanguage":"en-US","@id":"https:\/\/www.visit-ulcinj.com\/blog\/2012\/04\/11\/vizita-e-z-edmond-haxhinastokomunes-se-ulqinit\/#primaryimage","url":"https:\/\/www.visit-ulcinj.com\/blog\/wp-content\/uploads\/2012\/04\/Edmond-Haxhinastone-vizit-ne-Ulqin.jpg","contentUrl":"https:\/\/www.visit-ulcinj.com\/blog\/wp-content\/uploads\/2012\/04\/Edmond-Haxhinastone-vizit-ne-Ulqin.jpg","width":"1123","height":"736"},{"@type":"WebPage","@id":"https:\/\/www.visit-ulcinj.com\/blog\/2012\/04\/11\/vizita-e-z-edmond-haxhinastokomunes-se-ulqinit\/#webpage","url":"https:\/\/www.visit-ulcinj.com\/blog\/2012\/04\/11\/vizita-e-z-edmond-haxhinastokomunes-se-ulqinit\/","name":"Vizita e z.Edmond Haxhinasto,Komun\u00ebs se Ulqinit - Lajme nga Ulqini","isPartOf":{"@id":"https:\/\/www.visit-ulcinj.com\/blog\/#website"},"primaryImageOfPage":{"@id":"https:\/\/www.visit-ulcinj.com\/blog\/2012\/04\/11\/vizita-e-z-edmond-haxhinastokomunes-se-ulqinit\/#primaryimage"},"datePublished":"2012-04-11T16:13:32+00:00","dateModified":"2012-04-11T16:13:48+00:00","author":{"@id":"https:\/\/www.visit-ulcinj.com\/blog\/#\/schema\/person\/dcab619c614d3038751c63bc2aadc06d"},"description":"Sot m\u00eb 6 prill 2012, Zv.Kryeministri dhe Ministri i Pun\u00ebve t\u00eb Jashtme t\u00eb Republik\u00ebs s\u00eb Shqip\u00ebris\u00eb, z. Edmond Haxhinasto, zhvilloi nj\u00eb vizit\u00eb zyrtare n\u00eb","breadcrumb":{"@id":"https:\/\/www.visit-ulcinj.com\/blog\/2012\/04\/11\/vizita-e-z-edmond-haxhinastokomunes-se-ulqinit\/#breadcrumb"},"inLanguage":"en-US","potentialAction":[{"@type":"ReadAction","target":["https:\/\/www.visit-ulcinj.com\/blog\/2012\/04\/11\/vizita-e-z-edmond-haxhinastokomunes-se-ulqinit\/"]}]},{"@type":"BreadcrumbList","@id":"https:\/\/www.visit-ulcinj.com\/blog\/2012\/04\/11\/vizita-e-z-edmond-haxhinastokomunes-se-ulqinit\/#breadcrumb","itemListElement":[{"@type":"ListItem","position":1,"name":"Vizita e z.Edmond Haxhinasto,Komun\u00ebs se Ulqinit"}]},{"@type":"Person","@id":"https:\/\/www.visit-ulcinj.com\/blog\/#\/schema\/person\/dcab619c614d3038751c63bc2aadc06d","name":"ulqini","sameAs":["http:\/\/www.visit-ulcinj.com"],"url":"https:\/\/www.visit-ulcinj.com\/blog\/author\/admin\/"}]}},"jetpack_featured_media_url":"","jetpack_sharing_enabled":true,"jetpack_shortlink":"https:\/\/wp.me\/pe6lTn-fnp","_links":{"self":[{"href":"https:\/\/www.visit-ulcinj.com\/blog\/wp-json\/wp\/v2\/posts\/59111"}],"collection":[{"href":"https:\/\/www.visit-ulcinj.com\/blog\/wp-json\/wp\/v2\/posts"}],"about":[{"href":"https:\/\/www.visit-ulcinj.com\/blog\/wp-json\/wp\/v2\/types\/post"}],"author":[{"embeddable":true,"href":"https:\/\/www.visit-ulcinj.com\/blog\/wp-json\/wp\/v2\/users\/1"}],"replies":[{"embeddable":true,"href":"https:\/\/www.visit-ulcinj.com\/blog\/wp-json\/wp\/v2\/comments?post=59111"}],"version-history":[{"count":3,"href":"https:\/\/www.visit-ulcinj.com\/blog\/wp-json\/wp\/v2\/posts\/59111\/revisions"}],"predecessor-version":[{"id":59115,"href":"https:\/\/www.visit-ulcinj.com\/blog\/wp-json\/wp\/v2\/posts\/59111\/revisions\/59115"}],"wp:attachment":[{"href":"https:\/\/www.visit-ulcinj.com\/blog\/wp-json\/wp\/v2\/media?parent=59111"}],"wp:term":[{"taxonomy":"category","embeddable":true,"href":"https:\/\/www.visit-ulcinj.com\/blog\/wp-json\/wp\/v2\/categories?post=59111"},{"taxonomy":"post_tag","embeddable":true,"href":"https:\/\/www.visit-ulcinj.com\/blog\/wp-json\/wp\/v2\/tags?post=59111"}],"curies":[{"name":"wp","href":"https:\/\/api.w.org\/{rel}","templated":true}]}}