{"id":59125,"date":"2012-04-11T17:43:36","date_gmt":"2012-04-11T16:43:36","guid":{"rendered":"http:\/\/www.visit-ulcinj.com\/blog\/?p=59125"},"modified":"2012-04-11T17:44:28","modified_gmt":"2012-04-11T16:44:28","slug":"cungu-gradani-jos-otplacuju-koncert-severine","status":"publish","type":"post","link":"https:\/\/www.visit-ulcinj.com\/blog\/2012\/04\/11\/cungu-gradani-jos-otplacuju-koncert-severine\/","title":{"rendered":"Cungu: Gra\u0111ani jo\u0161 otpla\u0107uju koncert Severine"},"content":{"rendered":"<p><a href=\"http:\/\/www.visit-ulcinj.com\/blog\/wp-content\/uploads\/2012\/04\/Gradonacelnik-Ulcinja-Nazif-Cungu.jpg\"><img loading=\"lazy\" class=\"alignleft  wp-image-59126\" title=\"Gradonacelnik Ulcinja Nazif Cungu\" src=\"http:\/\/www.visit-ulcinj.com\/blog\/wp-content\/uploads\/2012\/04\/Gradonacelnik-Ulcinja-Nazif-Cungu.jpg\" alt=\"\" width=\"360\" height=\"450\" \/><\/a>Gradona\u010delnik Ulcinja Nazif Cungu uvjeren je da \u0107e Ulcinj biti najrazvijeniji grad u Crnoj Gori, ali da gra\u0111ani i lokalna uprava moraju imati strpljenja.<\/p>\n<p>Dugo se, rekao je on u intervjuu Dnevnim novinama, u Ulcinju nije radilo kvalitetno. Ima mnogo problema, po\u010dev od nekvalitetne administracije, prekobrojnih radnika u organima uprave i javnim preduze\u0107ima, pa do vi\u0161emilionskih dugova, koji su veliki teg, koji ih konstantno vu\u010de nazad, ma koliko koraka napravili.<\/p>\n<p>\u201c\u010cim se prikupe sredstva, banka blokira ra\u010dun i novac ide na drugo mjesto. Jo\u0161 pla\u0107amo cement, \u017eeljezo, elektri\u010dne stubove, elektromaterijal, asfaltiranje, ra\u010dune za reprezentaciju, slu\u017ebena putovanja itd. Jo\u0161 ima starih ra\u010duna koji dospijevaju i ugovora koji dolaze na realizaciju. Nedavno smo platili i jedan zaostali ra\u010dun za Severinu, koja je zabavljala publiku na dan otvaranja lo\u0161e rekonstruisane stare \u010dar\u0161ije. Ali, strpljivo\u201d, kazao je Cungu.<\/p>\n<p>Prema njegovim rije\u010dima uklju\u010dili su se u politiku da bi promijenili situaciju.\u201cUlcinj ovo ne zaslu\u017euje. Programom i planovima koje smo po\u010deli stvori\u0107emo dobre pretpostavke za zdrav razvoj. Tu smo da stvorimo uslove za razvoj, da stvorimo uslove za nove investicije, da omogu\u0107imo otvaranje novih radnih mjesta. Ulcinj je na neki na\u010din i oplja\u010dkan. Napla\u0107ivane su komunalije za izradu planske dokumentacije, a novac tro\u0161en na druge stvari, tako da su investitori koji su htjeli da grade otjerani. Stvari polako dolaze na svoje mjesto, preko no\u0107i se ni\u0161ta ne mo\u017ee izmijeniti. Dugo godina \u0107emo se mi jo\u0161 oporavljati. Ali, vjerujem da \u0107e Ulcinj, na kraju, imati sve \u0161to zaslu\u017euje\u201d, rekao je Cungu izme\u0111u ostalog.<strong><\/strong><\/p>\n<p>&nbsp;<\/p>\n<p><strong>Izvor: CdM\/Dnevne novine<\/strong><\/p>\n","protected":false},"excerpt":{"rendered":"<p>Gradona\u010delnik Ulcinja Nazif Cungu uvjeren je da \u0107e Ulcinj biti najrazvijeniji grad u Crnoj Gori, ali da gra\u0111ani i lokalna uprava moraju imati strpljenja. Dugo se, rekao je on u intervjuu Dnevnim novinama, u Ulcinju nije radilo kvalitetno. Ima mnogo problema, po\u010dev od nekvalitetne administracije, prekobrojnih radnika u organima uprave i javnim preduze\u0107ima, pa do [&hellip;]<\/p>\n","protected":false},"author":1,"featured_media":0,"comment_status":"open","ping_status":"closed","sticky":false,"template":"","format":"standard","meta":{"spay_email":"","jetpack_publicize_message":"","jetpack_is_tweetstorm":false,"jetpack_publicize_feature_enabled":true},"categories":[8337],"tags":[20057],"jetpack_publicize_connections":[],"yoast_head":"<!-- This site is optimized with the Yoast SEO plugin v19.1 - https:\/\/yoast.com\/wordpress\/plugins\/seo\/ -->\n<title>Cungu: Gra\u0111ani jo\u0161 otpla\u0107uju koncert Severine - Lajme nga Ulqini<\/title>\n<meta name=\"description\" content=\"Gradona\u010delnik Ulcinja Nazif Cungu uvjeren je da \u0107e Ulcinj biti najrazvijeniji grad u Crnoj Gori, ali da gra\u0111ani i lokalna uprava moraju imati strpljenja.\" \/>\n<meta name=\"robots\" content=\"index, follow, max-snippet:-1, max-image-preview:large, max-video-preview:-1\" \/>\n<link rel=\"canonical\" href=\"https:\/\/www.visit-ulcinj.com\/blog\/2012\/04\/11\/cungu-gradani-jos-otplacuju-koncert-severine\/\" \/>\n<meta property=\"og:locale\" content=\"en_US\" \/>\n<meta property=\"og:type\" content=\"article\" \/>\n<meta property=\"og:title\" content=\"Cungu: Gra\u0111ani jo\u0161 otpla\u0107uju koncert Severine - Lajme nga Ulqini\" \/>\n<meta property=\"og:description\" content=\"Gradona\u010delnik Ulcinja Nazif Cungu uvjeren je da \u0107e Ulcinj biti najrazvijeniji grad u Crnoj Gori, ali da gra\u0111ani i lokalna uprava moraju imati strpljenja.\" \/>\n<meta property=\"og:url\" content=\"https:\/\/www.visit-ulcinj.com\/blog\/2012\/04\/11\/cungu-gradani-jos-otplacuju-koncert-severine\/\" \/>\n<meta property=\"og:site_name\" content=\"Lajme nga Ulqini\" \/>\n<meta property=\"article:published_time\" content=\"2012-04-11T16:43:36+00:00\" \/>\n<meta property=\"article:modified_time\" content=\"2012-04-11T16:44:28+00:00\" \/>\n<meta property=\"og:image\" content=\"http:\/\/www.visit-ulcinj.com\/blog\/wp-content\/uploads\/2012\/04\/Gradonacelnik-Ulcinja-Nazif-Cungu.jpg\" \/>\n<meta name=\"twitter:label1\" content=\"Written by\" \/>\n\t<meta name=\"twitter:data1\" content=\"ulqini\" \/>\n\t<meta name=\"twitter:label2\" content=\"Est. reading time\" \/>\n\t<meta name=\"twitter:data2\" content=\"1 minute\" \/>\n<script type=\"application\/ld+json\" class=\"yoast-schema-graph\">{\"@context\":\"https:\/\/schema.org\",\"@graph\":[{\"@type\":\"WebSite\",\"@id\":\"https:\/\/www.visit-ulcinj.com\/blog\/#website\",\"url\":\"https:\/\/www.visit-ulcinj.com\/blog\/\",\"name\":\"Lajme nga Ulqini\",\"description\":\"Lajme,Vijesti,Ulqini,Ulqin,Crna Gora,Mali i Zi\",\"potentialAction\":[{\"@type\":\"SearchAction\",\"target\":{\"@type\":\"EntryPoint\",\"urlTemplate\":\"https:\/\/www.visit-ulcinj.com\/blog\/?s={search_term_string}\"},\"query-input\":\"required name=search_term_string\"}],\"inLanguage\":\"en-US\"},{\"@type\":\"ImageObject\",\"inLanguage\":\"en-US\",\"@id\":\"https:\/\/www.visit-ulcinj.com\/blog\/2012\/04\/11\/cungu-gradani-jos-otplacuju-koncert-severine\/#primaryimage\",\"url\":\"https:\/\/www.visit-ulcinj.com\/blog\/wp-content\/uploads\/2012\/04\/Gradonacelnik-Ulcinja-Nazif-Cungu.jpg\",\"contentUrl\":\"https:\/\/www.visit-ulcinj.com\/blog\/wp-content\/uploads\/2012\/04\/Gradonacelnik-Ulcinja-Nazif-Cungu.jpg\",\"width\":\"496\",\"height\":\"673\"},{\"@type\":\"WebPage\",\"@id\":\"https:\/\/www.visit-ulcinj.com\/blog\/2012\/04\/11\/cungu-gradani-jos-otplacuju-koncert-severine\/#webpage\",\"url\":\"https:\/\/www.visit-ulcinj.com\/blog\/2012\/04\/11\/cungu-gradani-jos-otplacuju-koncert-severine\/\",\"name\":\"Cungu: Gra\u0111ani jo\u0161 otpla\u0107uju koncert Severine - Lajme nga Ulqini\",\"isPartOf\":{\"@id\":\"https:\/\/www.visit-ulcinj.com\/blog\/#website\"},\"primaryImageOfPage\":{\"@id\":\"https:\/\/www.visit-ulcinj.com\/blog\/2012\/04\/11\/cungu-gradani-jos-otplacuju-koncert-severine\/#primaryimage\"},\"datePublished\":\"2012-04-11T16:43:36+00:00\",\"dateModified\":\"2012-04-11T16:44:28+00:00\",\"author\":{\"@id\":\"https:\/\/www.visit-ulcinj.com\/blog\/#\/schema\/person\/dcab619c614d3038751c63bc2aadc06d\"},\"description\":\"Gradona\u010delnik Ulcinja Nazif Cungu uvjeren je da \u0107e Ulcinj biti najrazvijeniji grad u Crnoj Gori, ali da gra\u0111ani i lokalna uprava moraju imati strpljenja.\",\"breadcrumb\":{\"@id\":\"https:\/\/www.visit-ulcinj.com\/blog\/2012\/04\/11\/cungu-gradani-jos-otplacuju-koncert-severine\/#breadcrumb\"},\"inLanguage\":\"en-US\",\"potentialAction\":[{\"@type\":\"ReadAction\",\"target\":[\"https:\/\/www.visit-ulcinj.com\/blog\/2012\/04\/11\/cungu-gradani-jos-otplacuju-koncert-severine\/\"]}]},{\"@type\":\"BreadcrumbList\",\"@id\":\"https:\/\/www.visit-ulcinj.com\/blog\/2012\/04\/11\/cungu-gradani-jos-otplacuju-koncert-severine\/#breadcrumb\",\"itemListElement\":[{\"@type\":\"ListItem\",\"position\":1,\"name\":\"Cungu: Gra\u0111ani jo\u0161 otpla\u0107uju koncert Severine\"}]},{\"@type\":\"Person\",\"@id\":\"https:\/\/www.visit-ulcinj.com\/blog\/#\/schema\/person\/dcab619c614d3038751c63bc2aadc06d\",\"name\":\"ulqini\",\"sameAs\":[\"http:\/\/www.visit-ulcinj.com\"],\"url\":\"https:\/\/www.visit-ulcinj.com\/blog\/author\/admin\/\"}]}<\/script>\n<!-- \/ Yoast SEO plugin. -->","yoast_head_json":{"title":"Cungu: Gra\u0111ani jo\u0161 otpla\u0107uju koncert Severine - Lajme nga Ulqini","description":"Gradona\u010delnik Ulcinja Nazif Cungu uvjeren je da \u0107e Ulcinj biti najrazvijeniji grad u Crnoj Gori, ali da gra\u0111ani i lokalna uprava moraju imati strpljenja.","robots":{"index":"index","follow":"follow","max-snippet":"max-snippet:-1","max-image-preview":"max-image-preview:large","max-video-preview":"max-video-preview:-1"},"canonical":"https:\/\/www.visit-ulcinj.com\/blog\/2012\/04\/11\/cungu-gradani-jos-otplacuju-koncert-severine\/","og_locale":"en_US","og_type":"article","og_title":"Cungu: Gra\u0111ani jo\u0161 otpla\u0107uju koncert Severine - Lajme nga Ulqini","og_description":"Gradona\u010delnik Ulcinja Nazif Cungu uvjeren je da \u0107e Ulcinj biti najrazvijeniji grad u Crnoj Gori, ali da gra\u0111ani i lokalna uprava moraju imati strpljenja.","og_url":"https:\/\/www.visit-ulcinj.com\/blog\/2012\/04\/11\/cungu-gradani-jos-otplacuju-koncert-severine\/","og_site_name":"Lajme nga Ulqini","article_published_time":"2012-04-11T16:43:36+00:00","article_modified_time":"2012-04-11T16:44:28+00:00","og_image":[{"url":"http:\/\/www.visit-ulcinj.com\/blog\/wp-content\/uploads\/2012\/04\/Gradonacelnik-Ulcinja-Nazif-Cungu.jpg"}],"twitter_misc":{"Written by":"ulqini","Est. reading time":"1 minute"},"schema":{"@context":"https:\/\/schema.org","@graph":[{"@type":"WebSite","@id":"https:\/\/www.visit-ulcinj.com\/blog\/#website","url":"https:\/\/www.visit-ulcinj.com\/blog\/","name":"Lajme nga Ulqini","description":"Lajme,Vijesti,Ulqini,Ulqin,Crna Gora,Mali i Zi","potentialAction":[{"@type":"SearchAction","target":{"@type":"EntryPoint","urlTemplate":"https:\/\/www.visit-ulcinj.com\/blog\/?s={search_term_string}"},"query-input":"required name=search_term_string"}],"inLanguage":"en-US"},{"@type":"ImageObject","inLanguage":"en-US","@id":"https:\/\/www.visit-ulcinj.com\/blog\/2012\/04\/11\/cungu-gradani-jos-otplacuju-koncert-severine\/#primaryimage","url":"https:\/\/www.visit-ulcinj.com\/blog\/wp-content\/uploads\/2012\/04\/Gradonacelnik-Ulcinja-Nazif-Cungu.jpg","contentUrl":"https:\/\/www.visit-ulcinj.com\/blog\/wp-content\/uploads\/2012\/04\/Gradonacelnik-Ulcinja-Nazif-Cungu.jpg","width":"496","height":"673"},{"@type":"WebPage","@id":"https:\/\/www.visit-ulcinj.com\/blog\/2012\/04\/11\/cungu-gradani-jos-otplacuju-koncert-severine\/#webpage","url":"https:\/\/www.visit-ulcinj.com\/blog\/2012\/04\/11\/cungu-gradani-jos-otplacuju-koncert-severine\/","name":"Cungu: Gra\u0111ani jo\u0161 otpla\u0107uju koncert Severine - Lajme nga Ulqini","isPartOf":{"@id":"https:\/\/www.visit-ulcinj.com\/blog\/#website"},"primaryImageOfPage":{"@id":"https:\/\/www.visit-ulcinj.com\/blog\/2012\/04\/11\/cungu-gradani-jos-otplacuju-koncert-severine\/#primaryimage"},"datePublished":"2012-04-11T16:43:36+00:00","dateModified":"2012-04-11T16:44:28+00:00","author":{"@id":"https:\/\/www.visit-ulcinj.com\/blog\/#\/schema\/person\/dcab619c614d3038751c63bc2aadc06d"},"description":"Gradona\u010delnik Ulcinja Nazif Cungu uvjeren je da \u0107e Ulcinj biti najrazvijeniji grad u Crnoj Gori, ali da gra\u0111ani i lokalna uprava moraju imati strpljenja.","breadcrumb":{"@id":"https:\/\/www.visit-ulcinj.com\/blog\/2012\/04\/11\/cungu-gradani-jos-otplacuju-koncert-severine\/#breadcrumb"},"inLanguage":"en-US","potentialAction":[{"@type":"ReadAction","target":["https:\/\/www.visit-ulcinj.com\/blog\/2012\/04\/11\/cungu-gradani-jos-otplacuju-koncert-severine\/"]}]},{"@type":"BreadcrumbList","@id":"https:\/\/www.visit-ulcinj.com\/blog\/2012\/04\/11\/cungu-gradani-jos-otplacuju-koncert-severine\/#breadcrumb","itemListElement":[{"@type":"ListItem","position":1,"name":"Cungu: Gra\u0111ani jo\u0161 otpla\u0107uju koncert Severine"}]},{"@type":"Person","@id":"https:\/\/www.visit-ulcinj.com\/blog\/#\/schema\/person\/dcab619c614d3038751c63bc2aadc06d","name":"ulqini","sameAs":["http:\/\/www.visit-ulcinj.com"],"url":"https:\/\/www.visit-ulcinj.com\/blog\/author\/admin\/"}]}},"jetpack_featured_media_url":"","jetpack_sharing_enabled":true,"jetpack_shortlink":"https:\/\/wp.me\/pe6lTn-fnD","_links":{"self":[{"href":"https:\/\/www.visit-ulcinj.com\/blog\/wp-json\/wp\/v2\/posts\/59125"}],"collection":[{"href":"https:\/\/www.visit-ulcinj.com\/blog\/wp-json\/wp\/v2\/posts"}],"about":[{"href":"https:\/\/www.visit-ulcinj.com\/blog\/wp-json\/wp\/v2\/types\/post"}],"author":[{"embeddable":true,"href":"https:\/\/www.visit-ulcinj.com\/blog\/wp-json\/wp\/v2\/users\/1"}],"replies":[{"embeddable":true,"href":"https:\/\/www.visit-ulcinj.com\/blog\/wp-json\/wp\/v2\/comments?post=59125"}],"version-history":[{"count":3,"href":"https:\/\/www.visit-ulcinj.com\/blog\/wp-json\/wp\/v2\/posts\/59125\/revisions"}],"predecessor-version":[{"id":59128,"href":"https:\/\/www.visit-ulcinj.com\/blog\/wp-json\/wp\/v2\/posts\/59125\/revisions\/59128"}],"wp:attachment":[{"href":"https:\/\/www.visit-ulcinj.com\/blog\/wp-json\/wp\/v2\/media?parent=59125"}],"wp:term":[{"taxonomy":"category","embeddable":true,"href":"https:\/\/www.visit-ulcinj.com\/blog\/wp-json\/wp\/v2\/categories?post=59125"},{"taxonomy":"post_tag","embeddable":true,"href":"https:\/\/www.visit-ulcinj.com\/blog\/wp-json\/wp\/v2\/tags?post=59125"}],"curies":[{"name":"wp","href":"https:\/\/api.w.org\/{rel}","templated":true}]}}