{"id":59144,"date":"2012-04-11T23:20:05","date_gmt":"2012-04-11T22:20:05","guid":{"rendered":"http:\/\/www.visit-ulcinj.com\/blog\/?p=59144"},"modified":"2012-04-12T09:42:58","modified_gmt":"2012-04-12T08:42:58","slug":"shuarje-e-kusarise-mbi-te-kaluaren-e-ulqinit-12","status":"publish","type":"post","link":"https:\/\/www.visit-ulcinj.com\/blog\/2012\/04\/11\/shuarje-e-kusarise-mbi-te-kaluaren-e-ulqinit-12\/","title":{"rendered":"Shuarje e kusaris\u00eb &#8211; Mbi t\u00eb kaluar\u00ebn e Ulqinit (12) &#8211; Foto"},"content":{"rendered":"<p><strong><a href=\"http:\/\/www.visit-ulcinj.com\/blog\/wp-content\/uploads\/2012\/04\/Piratet-Ulqinake.jpg\"><img loading=\"lazy\" class=\"alignleft  wp-image-59145\" title=\"Piratet-Ulqinake\" src=\"http:\/\/www.visit-ulcinj.com\/blog\/wp-content\/uploads\/2012\/04\/Piratet-Ulqinake.jpg\" alt=\"\" width=\"508\" height=\"360\" \/><\/a>Prof. Dr. Ruzhdi Ushaku<\/strong><\/p>\n<p>Me Paq\u00ebn e Pozharevcit (v. 1718), shqyrtohet \u00e7\u00ebshtja e k\u00ebshtjell\u00ebs s\u00eb Ulqinit, kusar\u00ebve t\u00eb Ulqinit dhe anijeve t\u00eb tyre. Nd\u00ebr t\u00eb tjera, parashihet edhe t\u2019u ndalohet ulqinak\u00ebve marrja me kusari dhe nd\u00ebrtimi i anijeve p\u00ebr k\u00ebto q\u00ebllime. Ulqinak\u00ebve u ndalohet rrept\u00ebsisht \u00e7do lundrim kusarie apo \u00e7far\u00ebdo d\u00ebmi, pengese a sulmi ndaj anijeve tregtare dhe lundrimit t\u00eb lir\u00eb. Parashihet gjithashtu q\u00eb t\u2019u merreshin galeotat dhe mos t\u2019u lejohet nd\u00ebrtimi i t\u00eb tjerave, q\u00eb t\u2019i kthejn\u00eb apo kompensojn\u00eb d\u00ebmet, t\u2019i lirojn\u00eb rob\u00ebrit.<br \/>\nMir\u00ebpo, kusar\u00ebt e Ulqinit nuk i respektuan k\u00ebto marr\u00ebveshje dhe vazhduan aktivitetin e tyre. K\u00ebshtu q\u00eb Porta, n\u00eb t\u00eb cil\u00ebn m\u00eb par\u00eb mb\u00ebshteteshin ulqinak\u00ebt q\u00eb, si\u00e7 thuhet, n\u00eb koh\u00ebn e paq\u00ebs merreshin me tregti padjall\u00ebzore, kurse gjat\u00eb luft\u00ebs ishin shtyll\u00eb e fort\u00eb e Perandoris\u00eb Osmane dhe i b\u00ebnin d\u00ebme Venedikut, u desh t\u00eb nd\u00ebrmerrte masa m\u00eb t\u00eb rrepta ndaj tyre. Megjithat\u00eb, n\u00eb gjysm\u00ebn e par\u00eb t\u00eb shekullit XVIII, pra edhe pas vitit 1718 deri n\u00eb vitin 1755, jan\u00eb sh\u00ebnuar shum\u00eb sulme t\u00eb kusar\u00ebve ulqinak\u00eb ndaj perastasve n\u00eb det dhe n\u00eb breg. Gjat\u00eb k\u00ebsaj periudhe p\u00ebrmendet edhe kusari i njohur ulqinak Ali-Korza me tartan\u00ebn e vet. Ai mbahej, si\u00e7 thuhet, se lundronte me anije tregtare, n\u00eb m\u00ebnyr\u00eb q\u00eb t\u00eb mund t\u2019i realizonte m\u00eb leht\u00eb sulmet n\u00eb anije t\u00eb ndryshme. As pas Paq\u00ebs s\u00eb Beogradit (1739), me t\u00eb cil\u00ebn arrihet marr\u00ebveshja p\u00ebr ndalimin e kusaris\u00eb s\u00eb ulqinak\u00ebve, nuk arrihet shuarja e k\u00ebtij aktiviteti.<br \/>\n<a href=\"http:\/\/www.visit-ulcinj.com\/blog\/wp-content\/uploads\/2012\/04\/Shuarje-e-kusaris\u00eb-Mbi-t\u00eb-kaluar\u00ebn-e-Ulqinit.jpg\"><img loading=\"lazy\" class=\"alignleft size-full wp-image-59146\" title=\"Shuarje e kusaris\u00eb - Mbi t\u00eb kaluar\u00ebn e Ulqinit\" src=\"http:\/\/www.visit-ulcinj.com\/blog\/wp-content\/uploads\/2012\/04\/Shuarje-e-kusaris\u00eb-Mbi-t\u00eb-kaluar\u00ebn-e-Ulqinit.jpg\" alt=\"\" width=\"800\" height=\"495\" srcset=\"https:\/\/www.visit-ulcinj.com\/blog\/wp-content\/uploads\/2012\/04\/Shuarje-e-kusaris\u00eb-Mbi-t\u00eb-kaluar\u00ebn-e-Ulqinit.jpg 800w, https:\/\/www.visit-ulcinj.com\/blog\/wp-content\/uploads\/2012\/04\/Shuarje-e-kusaris\u00eb-Mbi-t\u00eb-kaluar\u00ebn-e-Ulqinit-300x185.jpg 300w\" sizes=\"(max-width: 800px) 100vw, 800px\" \/><\/a><br \/>\nMegjithat\u00eb, n\u00eb k\u00ebt\u00eb periudh\u00eb b\u00ebhet fjal\u00eb p\u00ebr p\u00ebrleshjet e detar\u00ebve ulqinak\u00eb me ata perastas, me pasoja negative tregtare ekonomike. Mes Ulqinit dhe Venedikut ekzistonte nj\u00eb marr\u00ebveshje me t\u00eb cil\u00ebn Ulqini detyrohej t\u00eb mbronte anijet venedikase n\u00eb limanet q\u00eb ishin t\u00eb varura prej tij. Mir\u00ebpo, n\u00eb vitin 1748 pirati Haxhi Mustafa Ulqinaku e pat shkelur k\u00ebt\u00eb marr\u00ebveshje duke rr\u00ebmbyer n\u00eb Bun\u00eb nj\u00eb anije t\u00eb Venedikut dhe marr\u00eb skllav kapitenin e saj me dy shok\u00eb t\u00eb tjer\u00eb, q\u00eb u \u00e7uan n\u00eb Valdanos n\u00eb tartan\u00ebn korsare. Thuhet se n\u00eb Valdanos shkoi kapidan Lika Ceni me n\u00ebn\u00ebn e tij, p\u00ebr t\u00eb k\u00ebrkuar mir\u00ebsin\u00eb p\u00ebr lirimin e tyre, por m\u00eb kot. Ndaj k\u00ebtij veprimi reaguan agallar\u00ebt e Ulqinit duke e akuzuar Haxhi Mustaf\u00ebn q\u00eb nuk e ka respektuar Bun\u00ebn si skele t\u00eb sigurt(\u2026).<br \/>\n<a href=\"http:\/\/www.visit-ulcinj.com\/blog\/wp-content\/uploads\/2012\/04\/Shuarje-e-kusaris\u00eb-Mbi-t\u00eb-kaluar\u00ebn-e-Ulqinit.1.jpg\"><img loading=\"lazy\" class=\"alignleft  wp-image-59147\" title=\"Shuarje e kusaris\u00eb - Mbi t\u00eb kaluar\u00ebn e Ulqinit.1\" src=\"http:\/\/www.visit-ulcinj.com\/blog\/wp-content\/uploads\/2012\/04\/Shuarje-e-kusaris\u00eb-Mbi-t\u00eb-kaluar\u00ebn-e-Ulqinit.1.jpg\" alt=\"\" width=\"508\" height=\"300\" \/><\/a><br \/>\nNga kjo periudh\u00eb p\u00ebrmenden edhe angazhimet e Turqis\u00eb n\u00eb shpartallimin e kusaris\u00eb s\u00eb Ulqinit. N\u00eb k\u00ebt\u00eb drejtim p\u00ebrmendet edhe angazhimi i Sulejman-Pash\u00ebs fuqiplot\u00eb, armikut t\u00eb p\u00ebrbetuar t\u00eb ulqinak\u00ebve, i cili urdh\u00ebroi q\u00eb t\u00eb digjen anijet ulqinake q\u00eb gjendeshin t\u00eb ankoruara n\u00eb Gjirin e Valdanosit. Nj\u00eb sulm i till\u00eb me tradh\u00ebti ndaj anijeve ulqinake n\u00eb Valdanos i mveshet vezirit t\u00eb Shkodr\u00ebs Mehmed Bushatlis\u00eb (n\u00eb vitin 1760). Ka mendime q\u00eb mb\u00ebshteten edhe n\u00eb ndonj\u00eb goj\u00ebdh\u00ebn\u00eb sipas t\u00eb cil\u00ebs kusar\u00ebt ulqinak\u00eb t\u00eb befasuar nga ky sulm i papritur vet\u00eb i dogj\u00ebn disa anije me thesar q\u00eb mos t\u2019i bien n\u00eb dor\u00eb armikut.<\/p>\n<p>Megjithat\u00eb, kusaria e ulqinak\u00ebve vazhdon me befasi t\u00eb koh\u00eb pas kohshme. K\u00ebshtu F. Konica, duke b\u00ebr\u00eb fjal\u00eb p\u00ebr kusarin shqiptar Arnaut Memi i cili pat z\u00ebn\u00eb rob Servantesin, shton se \u201cN\u00eb fillim t\u00eb prillit t\u00eb vitit 1770 anijet kusare shqiptare t\u00eb Ulqinit e munden flot\u00ebn ruse t\u00eb Aleksis Orlovit n\u00eb Navarin\u00eb\u201d. Kah fundi i shekullit XVIII kusaria n\u00eb Adriatik fillon t\u00eb shuhet, por ende ka pasur aty-k\u00ebtu l\u00ebvizje t\u00eb kusar\u00ebve ulqinak\u00eb.<\/p>\n<p>Megjithat\u00eb, gjat\u00eb t\u00ebr\u00eb k\u00ebsaj periudhe, madje edhe gjat\u00eb gjysm\u00ebs s\u00eb par\u00eb t\u00eb shekullit XVIII, kur kusaria ishte m\u00eb e fuqishme, anijet ulqinake lundronin rregullisht si anije tregtare duke transportuar mallra t\u00eb ndryshme dhe duke u paraqitur n\u00eb m\u00ebnyr\u00eb legale organeve t\u00eb limaneve t\u00eb caktuara.<\/p>\n<p>N\u00eb fillim t\u00eb shekullit XlX p\u00ebrmendet edhe trabakula Mezzo Vento e ulqinakut Mustaf\u00eb Reis Hotit I cili n\u00eb lundrim prej Ulqini n\u00eb Triest\u00eb, duke transportuar lesh, vaj, l\u00ebkur\u00eb, p\u00ebson avari, gj\u00eb q\u00eb u pat regjistruar edhe n\u00eb arkivat e Dubrovnikut. Ky dhe raste t\u00eb ngjashme t\u00eb regjistruara d\u00ebshmojn\u00eb se ulqinak\u00ebt kryesisht kishin kaluar me anijet e tyre n\u00eb aktivitetin e rregullt tregtar.<\/p>\n<p>Kusaria e Ulqinit thuajse fillon t\u00eb zhduket plot\u00ebsisht pas vitit 1821, kur nis t\u00eb qarkulloj\u00eb n\u00eb Adriatik flota luftarake e Austro-Hungaris\u00eb. Prej k\u00ebsaj kohe b\u00ebhen edhe p\u00ebrpjekje p\u00ebr pengimin e tregtis\u00eb me skllev\u00ebr, q\u00eb kishte marr\u00eb hov krahas lul\u00ebzimit t\u00eb detaris\u00eb dhe kusaris\u00eb s\u00eb Ulqinit gjat\u00eb dy shekujve paraprak\u00eb. Ata kan\u00eb l\u00ebn\u00eb gjurm\u00eb n\u00eb koh\u00eb jo vet\u00ebm si skllev\u00ebr n\u00eb familjet e njohura detare ulqinake, por edhe si njer\u00ebz t\u00eb lir\u00eb, detar\u00eb, peshkatar\u00eb, kapedan\u00eb e pronar\u00eb t\u00eb anijeve.<br \/>\n<a href=\"http:\/\/www.visit-ulcinj.com\/blog\/wp-content\/uploads\/2012\/04\/Zezaket-e-Ulqinit.jpg\"><img loading=\"lazy\" class=\"alignleft  wp-image-59152\" title=\"Zezaket e Ulqinit\" src=\"http:\/\/www.visit-ulcinj.com\/blog\/wp-content\/uploads\/2012\/04\/Zezaket-e-Ulqinit.jpg\" alt=\"\" width=\"508\" height=\"300\" \/><\/a><\/p>\n<p>Deri kah viti 1880, mendohet se n\u00eb Ulqin ka pasur afro 100 familje zezake, numri i t\u00eb cilave u pak\u00ebsua n\u00eb vazhdim, sidomos prej vitit 1880, me rastin e shp\u00ebrnguljes s\u00eb shum\u00eb familjeve detare ulqinake t\u00eb cilat me vete mor\u00ebn edhe shum\u00eb zezak\u00eb, apo harap\u00ebt e tyre, si\u00e7 u thon\u00eb ulqinak\u00ebt. Pak para Kongresit t\u00eb Berlinit, p\u00ebrkat\u00ebsisht n\u00eb vitin 1877, n\u00eb Ulqin u internua si \u201cshqiptar\u201d piktori i njohur shqiptar, shkodrani Kol\u00eb Idromeno, I cili q\u00ebndroi nj\u00eb vit dhe koh\u00eb pas kohe n\u00eb k\u00ebt\u00eb trev\u00eb, sidomos n\u00eb Kish\u00ebn e Sal\u00e7it, punoi disa afreska p\u00ebr muret e saj, gjurm\u00ebt e t\u00eb cilave dallohen edhe sot.<\/p>\n<p>Nga veprimtaria e tij artistike ka mbetur nj\u00eb piktur\u00eb, n\u00eb teknik\u00ebn p\u00eblhur\u00eb n\u00eb vaj, me motive nga Ulqini, me titull \u201cShkrepi i Ulqinit\u201d nga viti 1897, i identifikuesh\u00ebm me t\u00eb quajtur\u00ebn \u201cPunta e Nuredinit\u201d, rr\u00ebz\u00eb nj\u00eb bedeni n\u00eb veriper\u00ebndim t\u00eb gadishullit. Pak pas tij, p\u00ebrkat\u00ebsisht nga viti 1910 njihen disa piktura me motive nga kjo trev\u00eb t\u00eb realizuara nga piktori Pero Po\u00e7ek.<\/p>\n<p>Sa i takon zhvillimit urban apo arkitektonik t\u00eb Ulqinit gjat\u00eb k\u00ebsaj periudhe t\u00eb sundimit t\u00eb Turqis\u00eb, vlen t\u00eb p\u00ebrmendet Kisha e Sh\u00ebn Nikoll\u00ebs n\u00eb Malin e Bardh\u00eb (e nd\u00ebrtuar m\u00eb 1869), si kish\u00eb ortodokse af\u00ebr s\u00eb cil\u00ebs, n\u00eb vitin 1875, p\u00ebrfundoi s\u00eb nd\u00ebrtuari edhe kisha katolike e Sh\u00ebn Zefit, q\u00eb konsiderohet si godina e fundit, me karakter t\u00eb shenjt\u00eb-katolik, q\u00eb u nd\u00ebrtua n\u00eb k\u00ebt\u00eb trev\u00eb gjat\u00eb sundimit otoman.<br \/>\n<a href=\"http:\/\/www.visit-ulcinj.com\/blog\/wp-content\/uploads\/2012\/04\/1890-u-nd\u00ebrtua-Kisha-e-Sh\u00ebn-Nikoll\u00ebs-n\u00ebn-MeterizUlqin.jpg\"><img loading=\"lazy\" class=\"alignleft  wp-image-59153\" title=\"1890, u nd\u00ebrtua Kisha e Sh\u00ebn Nikoll\u00ebs n\u00ebn Meteriz,Ulqin\" src=\"http:\/\/www.visit-ulcinj.com\/blog\/wp-content\/uploads\/2012\/04\/1890-u-nd\u00ebrtua-Kisha-e-Sh\u00ebn-Nikoll\u00ebs-n\u00ebn-MeterizUlqin.jpg\" alt=\"\" width=\"508\" height=\"300\" \/><\/a><\/p>\n<p>Pas Kongresit t\u00eb Berlinit, kur Ulqini iu aneksua Malit t\u00eb Zi, e m\u00eb konkretisht n\u00eb vitin 1890, u nd\u00ebrtua Kisha e Sh\u00ebn Nikoll\u00ebs n\u00ebn Meteriz, n\u00eb themelet e xhamis\u00eb nga koha e Turqis\u00eb, p\u00ebrkat\u00ebsisht n\u00eb ato t\u00eb manastirit m\u00eb t\u00eb hersh\u00ebm t\u00eb Sh\u00ebn Arkangjelit, q\u00eb ishte shnd\u00ebrruar n\u00eb xhami.<\/p>\n<p><strong>Koha Javore<\/strong><\/p>\n","protected":false},"excerpt":{"rendered":"<p>Prof. Dr. Ruzhdi Ushaku Me Paq\u00ebn e Pozharevcit (v. 1718), shqyrtohet \u00e7\u00ebshtja e k\u00ebshtjell\u00ebs s\u00eb Ulqinit, kusar\u00ebve t\u00eb Ulqinit dhe anijeve t\u00eb tyre. Nd\u00ebr t\u00eb tjera, parashihet edhe t\u2019u ndalohet ulqinak\u00ebve marrja me kusari dhe nd\u00ebrtimi i anijeve p\u00ebr k\u00ebto q\u00ebllime. Ulqinak\u00ebve u ndalohet rrept\u00ebsisht \u00e7do lundrim kusarie apo \u00e7far\u00ebdo d\u00ebmi, pengese a sulmi ndaj [&hellip;]<\/p>\n","protected":false},"author":1,"featured_media":0,"comment_status":"open","ping_status":"closed","sticky":false,"template":"","format":"standard","meta":{"spay_email":"","jetpack_publicize_message":"","jetpack_is_tweetstorm":false,"jetpack_publicize_feature_enabled":true},"categories":[6950],"tags":[200,18],"jetpack_publicize_connections":[],"yoast_head":"<!-- This site is optimized with the Yoast SEO plugin v19.1 - https:\/\/yoast.com\/wordpress\/plugins\/seo\/ -->\n<title>Shuarje e kusaris\u00eb - Mbi t\u00eb kaluar\u00ebn e Ulqinit (12) - Foto - Lajme nga Ulqini<\/title>\n<meta name=\"description\" content=\"Prof. Dr. Ruzhdi Ushaku Me Paq\u00ebn e Pozharevcit (v. 1718), shqyrtohet \u00e7\u00ebshtja e k\u00ebshtjell\u00ebs s\u00eb Ulqinit, kusar\u00ebve t\u00eb Ulqinit dhe anijeve t\u00eb tyre. Nd\u00ebr t\u00eb\" \/>\n<meta name=\"robots\" content=\"index, follow, max-snippet:-1, max-image-preview:large, max-video-preview:-1\" \/>\n<link rel=\"canonical\" href=\"https:\/\/www.visit-ulcinj.com\/blog\/2012\/04\/11\/shuarje-e-kusarise-mbi-te-kaluaren-e-ulqinit-12\/\" \/>\n<meta property=\"og:locale\" content=\"en_US\" \/>\n<meta property=\"og:type\" content=\"article\" \/>\n<meta property=\"og:title\" content=\"Shuarje e kusaris\u00eb - Mbi t\u00eb kaluar\u00ebn e Ulqinit (12) - Foto - Lajme nga Ulqini\" \/>\n<meta property=\"og:description\" content=\"Prof. Dr. Ruzhdi Ushaku Me Paq\u00ebn e Pozharevcit (v. 1718), shqyrtohet \u00e7\u00ebshtja e k\u00ebshtjell\u00ebs s\u00eb Ulqinit, kusar\u00ebve t\u00eb Ulqinit dhe anijeve t\u00eb tyre. Nd\u00ebr t\u00eb\" \/>\n<meta property=\"og:url\" content=\"https:\/\/www.visit-ulcinj.com\/blog\/2012\/04\/11\/shuarje-e-kusarise-mbi-te-kaluaren-e-ulqinit-12\/\" \/>\n<meta property=\"og:site_name\" content=\"Lajme nga Ulqini\" \/>\n<meta property=\"article:published_time\" content=\"2012-04-11T22:20:05+00:00\" \/>\n<meta property=\"article:modified_time\" content=\"2012-04-12T08:42:58+00:00\" \/>\n<meta property=\"og:image\" content=\"http:\/\/www.visit-ulcinj.com\/blog\/wp-content\/uploads\/2012\/04\/Piratet-Ulqinake.jpg\" \/>\n<meta name=\"twitter:label1\" content=\"Written by\" \/>\n\t<meta name=\"twitter:data1\" content=\"ulqini\" \/>\n\t<meta name=\"twitter:label2\" content=\"Est. reading time\" \/>\n\t<meta name=\"twitter:data2\" content=\"6 minutes\" \/>\n<script type=\"application\/ld+json\" class=\"yoast-schema-graph\">{\"@context\":\"https:\/\/schema.org\",\"@graph\":[{\"@type\":\"WebSite\",\"@id\":\"https:\/\/www.visit-ulcinj.com\/blog\/#website\",\"url\":\"https:\/\/www.visit-ulcinj.com\/blog\/\",\"name\":\"Lajme nga Ulqini\",\"description\":\"Lajme,Vijesti,Ulqini,Ulqin,Crna Gora,Mali i Zi\",\"potentialAction\":[{\"@type\":\"SearchAction\",\"target\":{\"@type\":\"EntryPoint\",\"urlTemplate\":\"https:\/\/www.visit-ulcinj.com\/blog\/?s={search_term_string}\"},\"query-input\":\"required name=search_term_string\"}],\"inLanguage\":\"en-US\"},{\"@type\":\"ImageObject\",\"inLanguage\":\"en-US\",\"@id\":\"https:\/\/www.visit-ulcinj.com\/blog\/2012\/04\/11\/shuarje-e-kusarise-mbi-te-kaluaren-e-ulqinit-12\/#primaryimage\",\"url\":\"https:\/\/www.visit-ulcinj.com\/blog\/wp-content\/uploads\/2012\/04\/Piratet-Ulqinake.jpg\",\"contentUrl\":\"https:\/\/www.visit-ulcinj.com\/blog\/wp-content\/uploads\/2012\/04\/Piratet-Ulqinake.jpg\",\"width\":\"700\",\"height\":\"469\"},{\"@type\":\"WebPage\",\"@id\":\"https:\/\/www.visit-ulcinj.com\/blog\/2012\/04\/11\/shuarje-e-kusarise-mbi-te-kaluaren-e-ulqinit-12\/#webpage\",\"url\":\"https:\/\/www.visit-ulcinj.com\/blog\/2012\/04\/11\/shuarje-e-kusarise-mbi-te-kaluaren-e-ulqinit-12\/\",\"name\":\"Shuarje e kusaris\u00eb - Mbi t\u00eb kaluar\u00ebn e Ulqinit (12) - Foto - Lajme nga Ulqini\",\"isPartOf\":{\"@id\":\"https:\/\/www.visit-ulcinj.com\/blog\/#website\"},\"primaryImageOfPage\":{\"@id\":\"https:\/\/www.visit-ulcinj.com\/blog\/2012\/04\/11\/shuarje-e-kusarise-mbi-te-kaluaren-e-ulqinit-12\/#primaryimage\"},\"datePublished\":\"2012-04-11T22:20:05+00:00\",\"dateModified\":\"2012-04-12T08:42:58+00:00\",\"author\":{\"@id\":\"https:\/\/www.visit-ulcinj.com\/blog\/#\/schema\/person\/dcab619c614d3038751c63bc2aadc06d\"},\"description\":\"Prof. Dr. Ruzhdi Ushaku Me Paq\u00ebn e Pozharevcit (v. 1718), shqyrtohet \u00e7\u00ebshtja e k\u00ebshtjell\u00ebs s\u00eb Ulqinit, kusar\u00ebve t\u00eb Ulqinit dhe anijeve t\u00eb tyre. Nd\u00ebr t\u00eb\",\"breadcrumb\":{\"@id\":\"https:\/\/www.visit-ulcinj.com\/blog\/2012\/04\/11\/shuarje-e-kusarise-mbi-te-kaluaren-e-ulqinit-12\/#breadcrumb\"},\"inLanguage\":\"en-US\",\"potentialAction\":[{\"@type\":\"ReadAction\",\"target\":[\"https:\/\/www.visit-ulcinj.com\/blog\/2012\/04\/11\/shuarje-e-kusarise-mbi-te-kaluaren-e-ulqinit-12\/\"]}]},{\"@type\":\"BreadcrumbList\",\"@id\":\"https:\/\/www.visit-ulcinj.com\/blog\/2012\/04\/11\/shuarje-e-kusarise-mbi-te-kaluaren-e-ulqinit-12\/#breadcrumb\",\"itemListElement\":[{\"@type\":\"ListItem\",\"position\":1,\"name\":\"Shuarje e kusaris\u00eb &#8211; Mbi t\u00eb kaluar\u00ebn e Ulqinit (12) &#8211; Foto\"}]},{\"@type\":\"Person\",\"@id\":\"https:\/\/www.visit-ulcinj.com\/blog\/#\/schema\/person\/dcab619c614d3038751c63bc2aadc06d\",\"name\":\"ulqini\",\"sameAs\":[\"http:\/\/www.visit-ulcinj.com\"],\"url\":\"https:\/\/www.visit-ulcinj.com\/blog\/author\/admin\/\"}]}<\/script>\n<!-- \/ Yoast SEO plugin. -->","yoast_head_json":{"title":"Shuarje e kusaris\u00eb - Mbi t\u00eb kaluar\u00ebn e Ulqinit (12) - Foto - Lajme nga Ulqini","description":"Prof. Dr. Ruzhdi Ushaku Me Paq\u00ebn e Pozharevcit (v. 1718), shqyrtohet \u00e7\u00ebshtja e k\u00ebshtjell\u00ebs s\u00eb Ulqinit, kusar\u00ebve t\u00eb Ulqinit dhe anijeve t\u00eb tyre. Nd\u00ebr t\u00eb","robots":{"index":"index","follow":"follow","max-snippet":"max-snippet:-1","max-image-preview":"max-image-preview:large","max-video-preview":"max-video-preview:-1"},"canonical":"https:\/\/www.visit-ulcinj.com\/blog\/2012\/04\/11\/shuarje-e-kusarise-mbi-te-kaluaren-e-ulqinit-12\/","og_locale":"en_US","og_type":"article","og_title":"Shuarje e kusaris\u00eb - Mbi t\u00eb kaluar\u00ebn e Ulqinit (12) - Foto - Lajme nga Ulqini","og_description":"Prof. Dr. Ruzhdi Ushaku Me Paq\u00ebn e Pozharevcit (v. 1718), shqyrtohet \u00e7\u00ebshtja e k\u00ebshtjell\u00ebs s\u00eb Ulqinit, kusar\u00ebve t\u00eb Ulqinit dhe anijeve t\u00eb tyre. Nd\u00ebr t\u00eb","og_url":"https:\/\/www.visit-ulcinj.com\/blog\/2012\/04\/11\/shuarje-e-kusarise-mbi-te-kaluaren-e-ulqinit-12\/","og_site_name":"Lajme nga Ulqini","article_published_time":"2012-04-11T22:20:05+00:00","article_modified_time":"2012-04-12T08:42:58+00:00","og_image":[{"url":"http:\/\/www.visit-ulcinj.com\/blog\/wp-content\/uploads\/2012\/04\/Piratet-Ulqinake.jpg"}],"twitter_misc":{"Written by":"ulqini","Est. reading time":"6 minutes"},"schema":{"@context":"https:\/\/schema.org","@graph":[{"@type":"WebSite","@id":"https:\/\/www.visit-ulcinj.com\/blog\/#website","url":"https:\/\/www.visit-ulcinj.com\/blog\/","name":"Lajme nga Ulqini","description":"Lajme,Vijesti,Ulqini,Ulqin,Crna Gora,Mali i Zi","potentialAction":[{"@type":"SearchAction","target":{"@type":"EntryPoint","urlTemplate":"https:\/\/www.visit-ulcinj.com\/blog\/?s={search_term_string}"},"query-input":"required name=search_term_string"}],"inLanguage":"en-US"},{"@type":"ImageObject","inLanguage":"en-US","@id":"https:\/\/www.visit-ulcinj.com\/blog\/2012\/04\/11\/shuarje-e-kusarise-mbi-te-kaluaren-e-ulqinit-12\/#primaryimage","url":"https:\/\/www.visit-ulcinj.com\/blog\/wp-content\/uploads\/2012\/04\/Piratet-Ulqinake.jpg","contentUrl":"https:\/\/www.visit-ulcinj.com\/blog\/wp-content\/uploads\/2012\/04\/Piratet-Ulqinake.jpg","width":"700","height":"469"},{"@type":"WebPage","@id":"https:\/\/www.visit-ulcinj.com\/blog\/2012\/04\/11\/shuarje-e-kusarise-mbi-te-kaluaren-e-ulqinit-12\/#webpage","url":"https:\/\/www.visit-ulcinj.com\/blog\/2012\/04\/11\/shuarje-e-kusarise-mbi-te-kaluaren-e-ulqinit-12\/","name":"Shuarje e kusaris\u00eb - Mbi t\u00eb kaluar\u00ebn e Ulqinit (12) - Foto - Lajme nga Ulqini","isPartOf":{"@id":"https:\/\/www.visit-ulcinj.com\/blog\/#website"},"primaryImageOfPage":{"@id":"https:\/\/www.visit-ulcinj.com\/blog\/2012\/04\/11\/shuarje-e-kusarise-mbi-te-kaluaren-e-ulqinit-12\/#primaryimage"},"datePublished":"2012-04-11T22:20:05+00:00","dateModified":"2012-04-12T08:42:58+00:00","author":{"@id":"https:\/\/www.visit-ulcinj.com\/blog\/#\/schema\/person\/dcab619c614d3038751c63bc2aadc06d"},"description":"Prof. Dr. Ruzhdi Ushaku Me Paq\u00ebn e Pozharevcit (v. 1718), shqyrtohet \u00e7\u00ebshtja e k\u00ebshtjell\u00ebs s\u00eb Ulqinit, kusar\u00ebve t\u00eb Ulqinit dhe anijeve t\u00eb tyre. Nd\u00ebr t\u00eb","breadcrumb":{"@id":"https:\/\/www.visit-ulcinj.com\/blog\/2012\/04\/11\/shuarje-e-kusarise-mbi-te-kaluaren-e-ulqinit-12\/#breadcrumb"},"inLanguage":"en-US","potentialAction":[{"@type":"ReadAction","target":["https:\/\/www.visit-ulcinj.com\/blog\/2012\/04\/11\/shuarje-e-kusarise-mbi-te-kaluaren-e-ulqinit-12\/"]}]},{"@type":"BreadcrumbList","@id":"https:\/\/www.visit-ulcinj.com\/blog\/2012\/04\/11\/shuarje-e-kusarise-mbi-te-kaluaren-e-ulqinit-12\/#breadcrumb","itemListElement":[{"@type":"ListItem","position":1,"name":"Shuarje e kusaris\u00eb &#8211; Mbi t\u00eb kaluar\u00ebn e Ulqinit (12) &#8211; Foto"}]},{"@type":"Person","@id":"https:\/\/www.visit-ulcinj.com\/blog\/#\/schema\/person\/dcab619c614d3038751c63bc2aadc06d","name":"ulqini","sameAs":["http:\/\/www.visit-ulcinj.com"],"url":"https:\/\/www.visit-ulcinj.com\/blog\/author\/admin\/"}]}},"jetpack_featured_media_url":"","jetpack_sharing_enabled":true,"jetpack_shortlink":"https:\/\/wp.me\/pe6lTn-fnW","_links":{"self":[{"href":"https:\/\/www.visit-ulcinj.com\/blog\/wp-json\/wp\/v2\/posts\/59144"}],"collection":[{"href":"https:\/\/www.visit-ulcinj.com\/blog\/wp-json\/wp\/v2\/posts"}],"about":[{"href":"https:\/\/www.visit-ulcinj.com\/blog\/wp-json\/wp\/v2\/types\/post"}],"author":[{"embeddable":true,"href":"https:\/\/www.visit-ulcinj.com\/blog\/wp-json\/wp\/v2\/users\/1"}],"replies":[{"embeddable":true,"href":"https:\/\/www.visit-ulcinj.com\/blog\/wp-json\/wp\/v2\/comments?post=59144"}],"version-history":[{"count":5,"href":"https:\/\/www.visit-ulcinj.com\/blog\/wp-json\/wp\/v2\/posts\/59144\/revisions"}],"predecessor-version":[{"id":59149,"href":"https:\/\/www.visit-ulcinj.com\/blog\/wp-json\/wp\/v2\/posts\/59144\/revisions\/59149"}],"wp:attachment":[{"href":"https:\/\/www.visit-ulcinj.com\/blog\/wp-json\/wp\/v2\/media?parent=59144"}],"wp:term":[{"taxonomy":"category","embeddable":true,"href":"https:\/\/www.visit-ulcinj.com\/blog\/wp-json\/wp\/v2\/categories?post=59144"},{"taxonomy":"post_tag","embeddable":true,"href":"https:\/\/www.visit-ulcinj.com\/blog\/wp-json\/wp\/v2\/tags?post=59144"}],"curies":[{"name":"wp","href":"https:\/\/api.w.org\/{rel}","templated":true}]}}