{"id":59177,"date":"2012-04-12T18:41:32","date_gmt":"2012-04-12T17:41:32","guid":{"rendered":"http:\/\/www.visit-ulcinj.com\/blog\/?p=59177"},"modified":"2012-04-12T21:58:14","modified_gmt":"2012-04-12T20:58:14","slug":"izvjestaj-o-funkcionisanju-organa-lokalne-samouprave-opstine-ulcinj","status":"publish","type":"post","link":"https:\/\/www.visit-ulcinj.com\/blog\/2012\/04\/12\/izvjestaj-o-funkcionisanju-organa-lokalne-samouprave-opstine-ulcinj\/","title":{"rendered":"Izvje\u0161taj o funkcionisanju organa lokalne samouprave Op\u0161tine Ulcinj"},"content":{"rendered":"<p><a href=\"http:\/\/www.visit-ulcinj.com\/blog\/wp-content\/uploads\/2012\/04\/Nazif-Cungu_Konferencija-za-medije_opstine-Ulcinj.jpg\"><img loading=\"lazy\" class=\"alignleft  wp-image-59178\" title=\"Nazif Cungu_Konferencija za medije_opstine Ulcinj\" src=\"http:\/\/www.visit-ulcinj.com\/blog\/wp-content\/uploads\/2012\/04\/Nazif-Cungu_Konferencija-za-medije_opstine-Ulcinj.jpg\" alt=\"\" width=\"508\" height=\"300\" \/><\/a><strong>1.<a href=\"http:\/\/www.visit-ulcinj.com\/blog\/wp-content\/uploads\/2012\/04\/Izvjestaj-MUP-Lok-samouprava.pdf\">Izvjestaj MUP Lok samouprava<\/a><\/strong><\/p>\n<p><strong>2.<a href=\"http:\/\/www.visit-ulcinj.com\/blog\/wp-content\/uploads\/2012\/04\/Pismo-opozicije.PDF_DPS_DUA_PDP.pdf\">Pismo opozicije.PDF_DPS_DUA_PDP<\/a><\/strong><\/p>\n<p>Od strane Ministarstva Unutra\u0161njih poslova,ju\u010de smo dobili Izvje\u0161taj o funkcionisanju organa lokalne samouprave u Op\u0161tini Ulcinj koji je sa\u010dinjen nakokon kontrole koju su inicirali predstavnici Demokratske partije socijalista (DPS), Demokratske unije albanaca (DUA-UDSH) i Partije Demokratskog prosperiteta.<\/p>\n<p>Izvje\u0161taj obuhvata period od mog imenovanja,tj. od 22. Septembra 2011.god. do 05 marta 2012.god. i tretira zakonitost rada Skup\u0161tine op\u0161tine Ulcinj i organa lokalne uprave.<\/p>\n<p>Na dana\u0161njoj konferenciji iznosim konstatcije koje su iznijete u Izvje\u0161taju i koje su sada javne i dostupne svim gradjanima Crne Gore:<\/p>\n<ol start=\"1\">\n<li>1.Odbornik Partije Demokratskog prosperiteta, Astrit Kurti je zakonit odbornik i protiv falcifikanata, koji su izdali falcifikovano uvjerenje, se vodi krivi\u010dni postupak kod Osnovnog dr\u017eavnog tu\u017eioca u Ulcinju.<\/li>\n<li>2.Sva radna tijela u Skup\u0161tini op\u0161tine Ulcinj su imenovana na zakonit na\u010din i u cjelosti odgovaraju strana\u010dkoj zastupljenosti odbornika u Skup\u0161tini op\u0161tine Ulcinj shodno odredbama \u010dlana 48., stava 1. Poslovnika Skup\u0161tine op\u0161tine Ulcinj i \u010dlana 4. Odluke o obrazovanju radnih tijela Skup\u0161tine op\u0161tine Ulcinj.<\/li>\n<li>3.Na poku\u0161aje opzicije da prika\u017eu da su funkcioneri FORCE u konfliktu interesa,u Izvje\u0161taju se navodi: Predsjednik op\u0161tine Nazif Cungu, potpredsjednik op\u0161tine D\u017eauvdet Cakuli, glavni administrator Jakup Murati i direktor Centar za kulturu Dr Nail Draga nijesu prekr\u0161ili odredbe \u010dlana 4., stav 3. Zakona o sprje\u010davanju sukoba interesa, a u vezi sa \u010dlanom 91., stavom 2. Zakona o lokalnoj samoupravi, jer profesionalno obavljaju funkcije na kojima su izabrani ili imenovani, jer im je Skup\u0161tina op\u0161tine Ulcinj, na drugoj sjednici drugog redovnog zasijedanja, odr\u017eanoj 05. 12. 2011. godine, konstatovala prestanak mandata odbornika.<\/li>\n<\/ol>\n<p>U Izvje\u0161taju se konstatuje da je Komisija za sprje\u010davanje sukoba interesa je 13. 05. 2011. godine donijela odluku kojom je utvrdila da Ali Rexha, odbornik SO Ulcinj kao javni funkcioner, kr\u0161i \u010dlan 4., stav 3. Zakona o sprje\u010davanju sukoba interesa a u vezi sa \u010dlanom 91., stav 2. Zakona o lokalnoj samoupravi, jer pored funkcije odbornika SO Ulcinj istovremeno obavlja funkciju rukovodioca javne slu\u017ebe TO Ulcinj. Dakle,nijesu u konfliktu interesa predstavnici FORCE ve\u0107 Ali Rexha.<\/p>\n<ol start=\"1\">\n<li>4.Na konstatacije opozicije da je Op\u0161tinska izborna komisija nezakonita,inspektori su konstatovali da su imali uvid na Predlog Odluke o razrje\u0161enju Op\u0161tinske izborne komisije, koja je ve\u0107 bila dostavljena odbornicima na usvajanje za sjednicu koja je zakazana za 26. 03. 2012. God. Takodje je vr\u0161en uvid na sastav OIK koja je sada usagla\u0161ena sa odredbama \u010dlana 24. Zakona o izboru odbornika i poslanika. Raniji izbor Op\u0161tinske izborne komisije je bio zakonit po\u0161to su izmjene i dopune zakona naknadno stupile na snagu.<\/li>\n<li>5.Na konstatacije opozicije da su naknade funkcionera utvr\u0111ene suprotno Zakonu u Izvje\u0161taju se konstatuje: \u201c nadle\u017eni organi lokalne samouprave rje\u0161enja o visini zarada za lokalne funkcionere i starje\u0161ine organa lokalne uprave donijeli su u skladu sa Odlukom o zaradama na osnovu rada lokalnih funkcionera, slu\u017ebenika i namje\u0161tenika Op\u0161tine Ulcinj i Odlukom o utvr\u0111ivanju obra\u010dunske vrijednosti koeficijenata za obra\u010dun fiksnog dijela zarada zaposlenih u organima lokalne samouprave, saglasno odredbama \u010dlana 6. Sporazuma o utvr\u0111ivanju obra\u010dunaske vrijednosti koeficijenata i startnog dijela zarade u bruto iznosima i Uputstvu o obra\u010dunu bruto zarada, \u010dime su ispo\u0161tovali preporuke Vlade Crne Gore o smanjenju zarada\u201d.<\/li>\n<li>6.Na konstataciju da sam izvr\u0161io imenovanje V.D. starje\u0161ina organa uprave suprotno odredbama \u010dl. 75 st. 1 i 77 st. 2 Zakona o lokalnoj samoupravi,navodim da sam preduzeo sve mjere kako bi ove nepravilnosti otklonio u najkra\u0107em roku.<\/li>\n<li>7.Na konstatacije opozicije da je Direktor Turisti\u010dke organizacije nezakonito smijenjen,inspektori su detaljno analizirali \u010ditav postupak i konstatovali: \u201cda je na\u010din i postupak razrje\u0161enja direktora Turisti\u010dke organizacije Ulcinj Alije Rexhe i imenovanje Minira Karamanage za vr\u0161ioca du\u017enosti direktora izvr\u0161en saglasno odredbama \u010dlana 61. Statuta Turisti\u010dke organizacije Ulcinj\u201d.<\/li>\n<\/ol>\n<p>Blokadom rada Turisti\u010dke organizacije i dosada\u0161njim nezakonitim postupcima od strane biv\u0161eg direktora,u\u010dinjena je velika materijalna \u0161teta kao organizaciji tako i ukupnoj turisti\u010dkoj privredi op\u0161tine Ulcinj.<\/p>\n<ol start=\"1\">\n<li>8. Na tvrdnje opozicije da sjednice Skup\u0161tine nijesu sazvane u zakonskom roku u Izvje\u0161taju se konstatuje: \u201c da je Skup\u0161tina op\u0161tine Ulcinj u zakonskom roku odr\u017eala planirane sjednice Skup\u0161tine op\u0161tine Ulcinj i donijela odluke saglasno odredbama \u010dlana 46., stav 1., i \u010dlana 47. Zakona o lokalnoj samoupravi.\u201d<\/li>\n<\/ol>\n<p>&nbsp;<\/p>\n<p>Na kraju Izvje\u0161taja je dat sljede\u0107i<\/p>\n<p>ZAKLJU\u010cAK:<\/p>\n<p>Predsjednik op\u0161tine Ulcinj i Skup\u0161tina op\u0161tine Ulcinj u vremenu od 22. 09. 2011. godine su izvr\u0161avali Zakonom i Statutom utvr\u0111ene obaveze, da je Skup\u0161tina op\u0161tine Ulcinj u utvr\u0111enom roku odr\u017eala planirane sjednice skup\u0161tine Op\u0161tine i donijela odluke saglasno odredbama \u010dlana 46., stav 1. i \u010dlana 47. Zakona o lokalnoj samoupravi , pa ne postoje zakonski uslovi da se predlo\u017ei obustava od izvr\u0161enja propisa ili op\u0161teg akta skup\u0161tine ili predsjednika op\u0161tine, niti predlo\u017ei mjeru upozorenja jer skup\u0161tina izvr\u0161ava zakonom utvr\u0111ene obaveze.<\/p>\n<p>Po\u0161tovani gradjani,<\/p>\n<p>Imao sam obavezu da vas obavjestim o aktivnostima sa kojima se bavi biv\u0161a vlast odnosno sada\u0161nja opzicija.<\/p>\n<p>Nasljedili smo velike finasijske obaveze od strane prethodne vlasti I bice potrebno nekoliko godina da se izvrsi finasijska i administrativna konsolidacija.<\/p>\n<p>U prethodnom periodu je od strane zaintersovanih investitora naplaceno nekoliko miliona Eura na ime planske dokumentacije,medjutim ta planska dokumentacija nije usvojena niti su sredstva utrosena za te namjene.<\/p>\n<p>Nazalost,nezakonito naplacena sredstva,nijsu bila dovoljna ni za troskove koji su izvrseni u predizbornim kampanjama u prethodnih pet godina. Neizmirene obaveze se odnose na asfaltiranje ulica, javnu rasvjetu, nabavku cementa, zeljeza, suta, elektromaterijala, vodomaterija, troskove reprezentacije, razne ugovorene obaveze za nabavku opreme i izvodjenje radova, koriscenje rent a car vozila, obaveze prema javnim preduzecima koja su dovedena pred bankrot,neizmireni porezi i doprinosi za zaposljene za vise od godinu dana za zaposljene u opstini i javnim preduzecima.<\/p>\n<p>Pokusaji opozicije da nas diskredituju imaju za cilj prikrivanje svojih propusta i nezakonitosti,medjutim, ovaj Izvjestaj republickih upravnih organa\u00a0\u00a0 najbolje potvrdjuje suprotno od onog sto oni kao istinu pokusavaju podmetnuti javnosti.<\/p>\n<p>&nbsp;<\/p>\n<p>Ulcinj,12.04.2012<\/p>\n<p>Predsjednik,<\/p>\n<p>Nazif Cungu<\/p>\n<p>Op\u0161tina Ulcinj<\/p>\n","protected":false},"excerpt":{"rendered":"<p>1.Izvjestaj MUP Lok samouprava 2.Pismo opozicije.PDF_DPS_DUA_PDP Od strane Ministarstva Unutra\u0161njih poslova,ju\u010de smo dobili Izvje\u0161taj o funkcionisanju organa lokalne samouprave u Op\u0161tini Ulcinj koji je sa\u010dinjen nakokon kontrole koju su inicirali predstavnici Demokratske partije socijalista (DPS), Demokratske unije albanaca (DUA-UDSH) i Partije Demokratskog prosperiteta. Izvje\u0161taj obuhvata period od mog imenovanja,tj. od 22. Septembra 2011.god. do 05 [&hellip;]<\/p>\n","protected":false},"author":1,"featured_media":0,"comment_status":"open","ping_status":"closed","sticky":false,"template":"","format":"standard","meta":{"spay_email":"","jetpack_publicize_message":"","jetpack_is_tweetstorm":false,"jetpack_publicize_feature_enabled":true},"categories":[8337],"tags":[118,264],"jetpack_publicize_connections":[],"yoast_head":"<!-- This site is optimized with the Yoast SEO plugin v19.1 - https:\/\/yoast.com\/wordpress\/plugins\/seo\/ -->\n<title>Izvje\u0161taj o funkcionisanju organa lokalne samouprave Op\u0161tine Ulcinj - Lajme nga Ulqini<\/title>\n<meta name=\"description\" content=\"1.Izvjestaj MUP Lok samouprava 2.Pismo opozicije.PDF_DPS_DUA_PDP Od strane Ministarstva Unutra\u0161njih poslova,ju\u010de smo dobili Izvje\u0161taj o funkcionisanju\" \/>\n<meta name=\"robots\" content=\"index, follow, max-snippet:-1, max-image-preview:large, max-video-preview:-1\" \/>\n<link rel=\"canonical\" href=\"https:\/\/www.visit-ulcinj.com\/blog\/2012\/04\/12\/izvjestaj-o-funkcionisanju-organa-lokalne-samouprave-opstine-ulcinj\/\" \/>\n<meta property=\"og:locale\" content=\"en_US\" \/>\n<meta property=\"og:type\" content=\"article\" \/>\n<meta property=\"og:title\" content=\"Izvje\u0161taj o funkcionisanju organa lokalne samouprave Op\u0161tine Ulcinj - Lajme nga Ulqini\" \/>\n<meta property=\"og:description\" content=\"1.Izvjestaj MUP Lok samouprava 2.Pismo opozicije.PDF_DPS_DUA_PDP Od strane Ministarstva Unutra\u0161njih poslova,ju\u010de smo dobili Izvje\u0161taj o funkcionisanju\" \/>\n<meta property=\"og:url\" content=\"https:\/\/www.visit-ulcinj.com\/blog\/2012\/04\/12\/izvjestaj-o-funkcionisanju-organa-lokalne-samouprave-opstine-ulcinj\/\" \/>\n<meta property=\"og:site_name\" content=\"Lajme nga Ulqini\" \/>\n<meta property=\"article:published_time\" content=\"2012-04-12T17:41:32+00:00\" \/>\n<meta property=\"article:modified_time\" content=\"2012-04-12T20:58:14+00:00\" \/>\n<meta property=\"og:image\" content=\"http:\/\/www.visit-ulcinj.com\/blog\/wp-content\/uploads\/2012\/04\/Nazif-Cungu_Konferencija-za-medije_opstine-Ulcinj.jpg\" \/>\n<meta name=\"twitter:label1\" content=\"Written by\" \/>\n\t<meta name=\"twitter:data1\" content=\"ulqini\" \/>\n\t<meta name=\"twitter:label2\" content=\"Est. reading time\" \/>\n\t<meta name=\"twitter:data2\" content=\"5 minutes\" \/>\n<script type=\"application\/ld+json\" class=\"yoast-schema-graph\">{\"@context\":\"https:\/\/schema.org\",\"@graph\":[{\"@type\":\"WebSite\",\"@id\":\"https:\/\/www.visit-ulcinj.com\/blog\/#website\",\"url\":\"https:\/\/www.visit-ulcinj.com\/blog\/\",\"name\":\"Lajme nga Ulqini\",\"description\":\"Lajme,Vijesti,Ulqini,Ulqin,Crna Gora,Mali i Zi\",\"potentialAction\":[{\"@type\":\"SearchAction\",\"target\":{\"@type\":\"EntryPoint\",\"urlTemplate\":\"https:\/\/www.visit-ulcinj.com\/blog\/?s={search_term_string}\"},\"query-input\":\"required name=search_term_string\"}],\"inLanguage\":\"en-US\"},{\"@type\":\"ImageObject\",\"inLanguage\":\"en-US\",\"@id\":\"https:\/\/www.visit-ulcinj.com\/blog\/2012\/04\/12\/izvjestaj-o-funkcionisanju-organa-lokalne-samouprave-opstine-ulcinj\/#primaryimage\",\"url\":\"https:\/\/www.visit-ulcinj.com\/blog\/wp-content\/uploads\/2012\/04\/Nazif-Cungu_Konferencija-za-medije_opstine-Ulcinj.jpg\",\"contentUrl\":\"https:\/\/www.visit-ulcinj.com\/blog\/wp-content\/uploads\/2012\/04\/Nazif-Cungu_Konferencija-za-medije_opstine-Ulcinj.jpg\",\"width\":\"453\",\"height\":\"300\"},{\"@type\":\"WebPage\",\"@id\":\"https:\/\/www.visit-ulcinj.com\/blog\/2012\/04\/12\/izvjestaj-o-funkcionisanju-organa-lokalne-samouprave-opstine-ulcinj\/#webpage\",\"url\":\"https:\/\/www.visit-ulcinj.com\/blog\/2012\/04\/12\/izvjestaj-o-funkcionisanju-organa-lokalne-samouprave-opstine-ulcinj\/\",\"name\":\"Izvje\u0161taj o funkcionisanju organa lokalne samouprave Op\u0161tine Ulcinj - Lajme nga Ulqini\",\"isPartOf\":{\"@id\":\"https:\/\/www.visit-ulcinj.com\/blog\/#website\"},\"primaryImageOfPage\":{\"@id\":\"https:\/\/www.visit-ulcinj.com\/blog\/2012\/04\/12\/izvjestaj-o-funkcionisanju-organa-lokalne-samouprave-opstine-ulcinj\/#primaryimage\"},\"datePublished\":\"2012-04-12T17:41:32+00:00\",\"dateModified\":\"2012-04-12T20:58:14+00:00\",\"author\":{\"@id\":\"https:\/\/www.visit-ulcinj.com\/blog\/#\/schema\/person\/dcab619c614d3038751c63bc2aadc06d\"},\"description\":\"1.Izvjestaj MUP Lok samouprava 2.Pismo opozicije.PDF_DPS_DUA_PDP Od strane Ministarstva Unutra\u0161njih poslova,ju\u010de smo dobili Izvje\u0161taj o funkcionisanju\",\"breadcrumb\":{\"@id\":\"https:\/\/www.visit-ulcinj.com\/blog\/2012\/04\/12\/izvjestaj-o-funkcionisanju-organa-lokalne-samouprave-opstine-ulcinj\/#breadcrumb\"},\"inLanguage\":\"en-US\",\"potentialAction\":[{\"@type\":\"ReadAction\",\"target\":[\"https:\/\/www.visit-ulcinj.com\/blog\/2012\/04\/12\/izvjestaj-o-funkcionisanju-organa-lokalne-samouprave-opstine-ulcinj\/\"]}]},{\"@type\":\"BreadcrumbList\",\"@id\":\"https:\/\/www.visit-ulcinj.com\/blog\/2012\/04\/12\/izvjestaj-o-funkcionisanju-organa-lokalne-samouprave-opstine-ulcinj\/#breadcrumb\",\"itemListElement\":[{\"@type\":\"ListItem\",\"position\":1,\"name\":\"Izvje\u0161taj o funkcionisanju organa lokalne samouprave Op\u0161tine Ulcinj\"}]},{\"@type\":\"Person\",\"@id\":\"https:\/\/www.visit-ulcinj.com\/blog\/#\/schema\/person\/dcab619c614d3038751c63bc2aadc06d\",\"name\":\"ulqini\",\"sameAs\":[\"http:\/\/www.visit-ulcinj.com\"],\"url\":\"https:\/\/www.visit-ulcinj.com\/blog\/author\/admin\/\"}]}<\/script>\n<!-- \/ Yoast SEO plugin. -->","yoast_head_json":{"title":"Izvje\u0161taj o funkcionisanju organa lokalne samouprave Op\u0161tine Ulcinj - Lajme nga Ulqini","description":"1.Izvjestaj MUP Lok samouprava 2.Pismo opozicije.PDF_DPS_DUA_PDP Od strane Ministarstva Unutra\u0161njih poslova,ju\u010de smo dobili Izvje\u0161taj o funkcionisanju","robots":{"index":"index","follow":"follow","max-snippet":"max-snippet:-1","max-image-preview":"max-image-preview:large","max-video-preview":"max-video-preview:-1"},"canonical":"https:\/\/www.visit-ulcinj.com\/blog\/2012\/04\/12\/izvjestaj-o-funkcionisanju-organa-lokalne-samouprave-opstine-ulcinj\/","og_locale":"en_US","og_type":"article","og_title":"Izvje\u0161taj o funkcionisanju organa lokalne samouprave Op\u0161tine Ulcinj - Lajme nga Ulqini","og_description":"1.Izvjestaj MUP Lok samouprava 2.Pismo opozicije.PDF_DPS_DUA_PDP Od strane Ministarstva Unutra\u0161njih poslova,ju\u010de smo dobili Izvje\u0161taj o funkcionisanju","og_url":"https:\/\/www.visit-ulcinj.com\/blog\/2012\/04\/12\/izvjestaj-o-funkcionisanju-organa-lokalne-samouprave-opstine-ulcinj\/","og_site_name":"Lajme nga Ulqini","article_published_time":"2012-04-12T17:41:32+00:00","article_modified_time":"2012-04-12T20:58:14+00:00","og_image":[{"url":"http:\/\/www.visit-ulcinj.com\/blog\/wp-content\/uploads\/2012\/04\/Nazif-Cungu_Konferencija-za-medije_opstine-Ulcinj.jpg"}],"twitter_misc":{"Written by":"ulqini","Est. reading time":"5 minutes"},"schema":{"@context":"https:\/\/schema.org","@graph":[{"@type":"WebSite","@id":"https:\/\/www.visit-ulcinj.com\/blog\/#website","url":"https:\/\/www.visit-ulcinj.com\/blog\/","name":"Lajme nga Ulqini","description":"Lajme,Vijesti,Ulqini,Ulqin,Crna Gora,Mali i Zi","potentialAction":[{"@type":"SearchAction","target":{"@type":"EntryPoint","urlTemplate":"https:\/\/www.visit-ulcinj.com\/blog\/?s={search_term_string}"},"query-input":"required name=search_term_string"}],"inLanguage":"en-US"},{"@type":"ImageObject","inLanguage":"en-US","@id":"https:\/\/www.visit-ulcinj.com\/blog\/2012\/04\/12\/izvjestaj-o-funkcionisanju-organa-lokalne-samouprave-opstine-ulcinj\/#primaryimage","url":"https:\/\/www.visit-ulcinj.com\/blog\/wp-content\/uploads\/2012\/04\/Nazif-Cungu_Konferencija-za-medije_opstine-Ulcinj.jpg","contentUrl":"https:\/\/www.visit-ulcinj.com\/blog\/wp-content\/uploads\/2012\/04\/Nazif-Cungu_Konferencija-za-medije_opstine-Ulcinj.jpg","width":"453","height":"300"},{"@type":"WebPage","@id":"https:\/\/www.visit-ulcinj.com\/blog\/2012\/04\/12\/izvjestaj-o-funkcionisanju-organa-lokalne-samouprave-opstine-ulcinj\/#webpage","url":"https:\/\/www.visit-ulcinj.com\/blog\/2012\/04\/12\/izvjestaj-o-funkcionisanju-organa-lokalne-samouprave-opstine-ulcinj\/","name":"Izvje\u0161taj o funkcionisanju organa lokalne samouprave Op\u0161tine Ulcinj - Lajme nga Ulqini","isPartOf":{"@id":"https:\/\/www.visit-ulcinj.com\/blog\/#website"},"primaryImageOfPage":{"@id":"https:\/\/www.visit-ulcinj.com\/blog\/2012\/04\/12\/izvjestaj-o-funkcionisanju-organa-lokalne-samouprave-opstine-ulcinj\/#primaryimage"},"datePublished":"2012-04-12T17:41:32+00:00","dateModified":"2012-04-12T20:58:14+00:00","author":{"@id":"https:\/\/www.visit-ulcinj.com\/blog\/#\/schema\/person\/dcab619c614d3038751c63bc2aadc06d"},"description":"1.Izvjestaj MUP Lok samouprava 2.Pismo opozicije.PDF_DPS_DUA_PDP Od strane Ministarstva Unutra\u0161njih poslova,ju\u010de smo dobili Izvje\u0161taj o funkcionisanju","breadcrumb":{"@id":"https:\/\/www.visit-ulcinj.com\/blog\/2012\/04\/12\/izvjestaj-o-funkcionisanju-organa-lokalne-samouprave-opstine-ulcinj\/#breadcrumb"},"inLanguage":"en-US","potentialAction":[{"@type":"ReadAction","target":["https:\/\/www.visit-ulcinj.com\/blog\/2012\/04\/12\/izvjestaj-o-funkcionisanju-organa-lokalne-samouprave-opstine-ulcinj\/"]}]},{"@type":"BreadcrumbList","@id":"https:\/\/www.visit-ulcinj.com\/blog\/2012\/04\/12\/izvjestaj-o-funkcionisanju-organa-lokalne-samouprave-opstine-ulcinj\/#breadcrumb","itemListElement":[{"@type":"ListItem","position":1,"name":"Izvje\u0161taj o funkcionisanju organa lokalne samouprave Op\u0161tine Ulcinj"}]},{"@type":"Person","@id":"https:\/\/www.visit-ulcinj.com\/blog\/#\/schema\/person\/dcab619c614d3038751c63bc2aadc06d","name":"ulqini","sameAs":["http:\/\/www.visit-ulcinj.com"],"url":"https:\/\/www.visit-ulcinj.com\/blog\/author\/admin\/"}]}},"jetpack_featured_media_url":"","jetpack_sharing_enabled":true,"jetpack_shortlink":"https:\/\/wp.me\/pe6lTn-fot","_links":{"self":[{"href":"https:\/\/www.visit-ulcinj.com\/blog\/wp-json\/wp\/v2\/posts\/59177"}],"collection":[{"href":"https:\/\/www.visit-ulcinj.com\/blog\/wp-json\/wp\/v2\/posts"}],"about":[{"href":"https:\/\/www.visit-ulcinj.com\/blog\/wp-json\/wp\/v2\/types\/post"}],"author":[{"embeddable":true,"href":"https:\/\/www.visit-ulcinj.com\/blog\/wp-json\/wp\/v2\/users\/1"}],"replies":[{"embeddable":true,"href":"https:\/\/www.visit-ulcinj.com\/blog\/wp-json\/wp\/v2\/comments?post=59177"}],"version-history":[{"count":3,"href":"https:\/\/www.visit-ulcinj.com\/blog\/wp-json\/wp\/v2\/posts\/59177\/revisions"}],"predecessor-version":[{"id":59180,"href":"https:\/\/www.visit-ulcinj.com\/blog\/wp-json\/wp\/v2\/posts\/59177\/revisions\/59180"}],"wp:attachment":[{"href":"https:\/\/www.visit-ulcinj.com\/blog\/wp-json\/wp\/v2\/media?parent=59177"}],"wp:term":[{"taxonomy":"category","embeddable":true,"href":"https:\/\/www.visit-ulcinj.com\/blog\/wp-json\/wp\/v2\/categories?post=59177"},{"taxonomy":"post_tag","embeddable":true,"href":"https:\/\/www.visit-ulcinj.com\/blog\/wp-json\/wp\/v2\/tags?post=59177"}],"curies":[{"name":"wp","href":"https:\/\/api.w.org\/{rel}","templated":true}]}}