{"id":59187,"date":"2012-04-12T22:33:56","date_gmt":"2012-04-12T21:33:56","guid":{"rendered":"http:\/\/www.visit-ulcinj.com\/blog\/?p=59187"},"modified":"2012-04-12T22:33:56","modified_gmt":"2012-04-12T21:33:56","slug":"nema-puta-bez-puta","status":"publish","type":"post","link":"https:\/\/www.visit-ulcinj.com\/blog\/2012\/04\/12\/nema-puta-bez-puta\/","title":{"rendered":"Nema puta bez puta"},"content":{"rendered":"<p><a href=\"http:\/\/www.visit-ulcinj.com\/blog\/wp-content\/uploads\/2012\/04\/Ulcinj_Crna-Gora.jpg\"><img loading=\"lazy\" class=\"alignleft  wp-image-59188\" title=\"Ulcinj_Crna Gora\" src=\"http:\/\/www.visit-ulcinj.com\/blog\/wp-content\/uploads\/2012\/04\/Ulcinj_Crna-Gora.jpg\" alt=\"\" width=\"508\" height=\"360\" \/><\/a>Neuslovni dio puta dolinom Drine izme\u0111u Fo\u010de i \u0160\u0107epan Polja, koji je u katastrofalnom stanju, trebalo bi opraviti prije po\u010detka letnje sezone<\/p>\n<p>PODGORICA \u2013 Crnogorska turisti\u010dka ponuda oduvijek se najvi\u0161e oslanjala na tr\u017ei\u0161ta u Regionu. Zemlje u okru\u017eenju tradicionalno su najbolja emitivna tr\u017ei\u0161ta sa kojih, po pravilu, uvijek imamo stalne goste. Jedno od njih je podru\u010dje Federacije BiH, sa kojeg smo u pro\u0161loj godini imali devet odsto ukupnog broja turista, koji su ostvarili vi\u0161e od 750 hiljada no\u0107enja.<\/p>\n<p>Me\u0111u brojnim agencijama koje dovode turiste iz BiH u Crnu Goru je i \u201eElketurs\u201c iz Lukavca koja u kontinuitetu radi ljetnje aran\u017emane sa partnerima na Crnogorskom primorju.<\/p>\n<p>-Najvi\u0161e sada radimo sa partnerima iz Ulcinja, dok smo ranije imali zakupljene kapacitete i na hercegnovskoj rivijeri. Imamo izvanrednu saradnju sa vlasnicima smje\u0161taja, za koje mogu re\u0107i da plijene predusretljivo\u0161\u0107u i korektnim odnosom prema svakom gostu\u201c, ka\u017ee vlasnik Agencije \u201eElketurs\u201c Kemo Pekari\u0107 iz Lukavca. Napominje da turiste u Ulcinj privla\u010de povoljni aran\u017emani, dakle pristupa\u010dne cijene sme\u0161taja i usluga, kao i prekrasne pla\u017ee, ali i ljubaznost doma\u0107ina, \u0161to isti\u010de kao dodatan motiv porasta broja turista i BiH koji na ljetovanje dolaze u Ulcinj.<br \/>\n<a href=\"http:\/\/www.visit-ulcinj.com\/blog\/wp-content\/uploads\/2012\/04\/Ulcinj-Crna-Gora.jpg\"><img loading=\"lazy\" class=\"alignleft  wp-image-59189\" title=\"Ulcinj-Crna Gora\" src=\"http:\/\/www.visit-ulcinj.com\/blog\/wp-content\/uploads\/2012\/04\/Ulcinj-Crna-Gora.jpg\" alt=\"\" width=\"508\" height=\"300\" \/><\/a><\/p>\n<p>\u201eZadovoljan gost i njegova\u201c\u017eiva\u201c rije\u010d najbolja su reklama. No, uprkos tome \u0161to to ne izostaje, mi imamo jedan problem koji je i te kako limitiraju\u0107i faktor za porast turisti\u010dkog prometa iz BiH u Crnoj Gori. U pitanju je neuslovni dio puta dolinom Drine izme\u0111u Fo\u010de i \u0160\u0107epan Polja, za koji mogu re\u0107i da je u katastrofalnom stanju. S obzirom da nam jedino on odgovara za putovanje u Crnu Goru, tako ozlokan i zapu\u0161ten sve nas vi\u0161e odvra\u0107a od putovanja naro\u010dito ve\u0107im autobusima, kakve koristimo za prevoz turista\u201c, ka\u017ee Pekari\u0107.<\/p>\n<p>Prve grupe turista agencije iz BiH \u0107e dovesti po\u010detkom juna, a njihovi vlasnici su apelovali da se do tada preduzme ne\u0161to na sanaciji tog dijela puta, ocjenjuju\u0107i da bi to bilo od obostranog interesa za dvije susjedne zemlje Bosnu i Hercegovinu i Crnu Goru. Na\u0161 sakovornik napominje da se sa istim problemom suo\u010davaju i turisti koji u Crnu Goru putuju sopstvenim prevozom.<\/p>\n<p align=\"right\">\u00a0\u00a0\u00a0\u00a0\u00a0\u00a0\u00a0\u00a0\u00a0\u00a0\u00a0\u00a0\u00a0\u00a0\u00a0\u00a0\u00a0\u00a0\u00a0\u00a0\u00a0\u00a0\u00a0 <strong>\u00a0\u00a0\u00a0\u00a0\u00a0\u00a0\u00a0\u00a0\u00a0\u00a0\u00a0 \u00a0\u00a0\u00a0\u00a0\u00a0\u00a0\u00a0\u00a0\u00a0\u00a0\u00a0\u00a0\u00a0\u00a0\u00a0\u00a0\u00a0\u00a0\u00a0\u00a0\u00a0\u00a0\u00a0\u00a0\u00a0\u00a0\u00a0\u00a0\u00a0\u00a0\u00a0\u00a0\u00a0\u00a0\u00a0\u00a0\u00a0\u00a0\u00a0\u00a0<a href=\"http:\/\/www.pobjeda.me\/\" target=\"_blank\">\u00a0\u00a0\u00a0\u00a0\u00a0\u00a0\u00a0\u00a0\u00a0\u00a0\u00a0\u00a0\u00a0\u00a0\u00a0 N. Perkovi\u0107<\/a><\/strong><\/p>\n<p align=\"right\"><a href=\"http:\/\/www.pobjeda.me\/\" target=\"_blank\"><strong>Dnevni list Pobjeda (5. Mart)<\/strong><\/a><\/p>\n","protected":false},"excerpt":{"rendered":"<p>Neuslovni dio puta dolinom Drine izme\u0111u Fo\u010de i \u0160\u0107epan Polja, koji je u katastrofalnom stanju, trebalo bi opraviti prije po\u010detka letnje sezone PODGORICA \u2013 Crnogorska turisti\u010dka ponuda oduvijek se najvi\u0161e oslanjala na tr\u017ei\u0161ta u Regionu. Zemlje u okru\u017eenju tradicionalno su najbolja emitivna tr\u017ei\u0161ta sa kojih, po pravilu, uvijek imamo stalne goste. Jedno od njih je [&hellip;]<\/p>\n","protected":false},"author":1,"featured_media":0,"comment_status":"open","ping_status":"closed","sticky":false,"template":"","format":"standard","meta":{"spay_email":"","jetpack_publicize_message":"","jetpack_is_tweetstorm":false,"jetpack_publicize_feature_enabled":true},"categories":[6950],"tags":[20,18062,10345,19],"jetpack_publicize_connections":[],"yoast_head":"<!-- This site is optimized with the Yoast SEO plugin v19.1 - https:\/\/yoast.com\/wordpress\/plugins\/seo\/ -->\n<title>Nema puta bez puta - Lajme nga Ulqini<\/title>\n<meta name=\"description\" content=\"Neuslovni dio puta dolinom Drine izme\u0111u Fo\u010de i \u0160\u0107epan Polja, koji je u katastrofalnom stanju, trebalo bi opraviti prije po\u010detka letnje sezone PODGORICA \u2013\" \/>\n<meta name=\"robots\" content=\"index, follow, max-snippet:-1, max-image-preview:large, max-video-preview:-1\" \/>\n<link rel=\"canonical\" href=\"https:\/\/www.visit-ulcinj.com\/blog\/2012\/04\/12\/nema-puta-bez-puta\/\" \/>\n<meta property=\"og:locale\" content=\"en_US\" \/>\n<meta property=\"og:type\" content=\"article\" \/>\n<meta property=\"og:title\" content=\"Nema puta bez puta - Lajme nga Ulqini\" \/>\n<meta property=\"og:description\" content=\"Neuslovni dio puta dolinom Drine izme\u0111u Fo\u010de i \u0160\u0107epan Polja, koji je u katastrofalnom stanju, trebalo bi opraviti prije po\u010detka letnje sezone PODGORICA \u2013\" \/>\n<meta property=\"og:url\" content=\"https:\/\/www.visit-ulcinj.com\/blog\/2012\/04\/12\/nema-puta-bez-puta\/\" \/>\n<meta property=\"og:site_name\" content=\"Lajme nga Ulqini\" \/>\n<meta property=\"article:published_time\" content=\"2012-04-12T21:33:56+00:00\" \/>\n<meta property=\"og:image\" content=\"http:\/\/www.visit-ulcinj.com\/blog\/wp-content\/uploads\/2012\/04\/Ulcinj_Crna-Gora.jpg\" \/>\n<meta name=\"twitter:label1\" content=\"Written by\" \/>\n\t<meta name=\"twitter:data1\" content=\"ulqini\" \/>\n\t<meta name=\"twitter:label2\" content=\"Est. reading time\" \/>\n\t<meta name=\"twitter:data2\" content=\"2 minutes\" \/>\n<script type=\"application\/ld+json\" class=\"yoast-schema-graph\">{\"@context\":\"https:\/\/schema.org\",\"@graph\":[{\"@type\":\"WebSite\",\"@id\":\"https:\/\/www.visit-ulcinj.com\/blog\/#website\",\"url\":\"https:\/\/www.visit-ulcinj.com\/blog\/\",\"name\":\"Lajme nga Ulqini\",\"description\":\"Lajme,Vijesti,Ulqini,Ulqin,Crna Gora,Mali i Zi\",\"potentialAction\":[{\"@type\":\"SearchAction\",\"target\":{\"@type\":\"EntryPoint\",\"urlTemplate\":\"https:\/\/www.visit-ulcinj.com\/blog\/?s={search_term_string}\"},\"query-input\":\"required name=search_term_string\"}],\"inLanguage\":\"en-US\"},{\"@type\":\"ImageObject\",\"inLanguage\":\"en-US\",\"@id\":\"https:\/\/www.visit-ulcinj.com\/blog\/2012\/04\/12\/nema-puta-bez-puta\/#primaryimage\",\"url\":\"https:\/\/www.visit-ulcinj.com\/blog\/wp-content\/uploads\/2012\/04\/Ulcinj_Crna-Gora.jpg\",\"contentUrl\":\"https:\/\/www.visit-ulcinj.com\/blog\/wp-content\/uploads\/2012\/04\/Ulcinj_Crna-Gora.jpg\",\"width\":\"1024\",\"height\":\"683\"},{\"@type\":\"WebPage\",\"@id\":\"https:\/\/www.visit-ulcinj.com\/blog\/2012\/04\/12\/nema-puta-bez-puta\/#webpage\",\"url\":\"https:\/\/www.visit-ulcinj.com\/blog\/2012\/04\/12\/nema-puta-bez-puta\/\",\"name\":\"Nema puta bez puta - Lajme nga Ulqini\",\"isPartOf\":{\"@id\":\"https:\/\/www.visit-ulcinj.com\/blog\/#website\"},\"primaryImageOfPage\":{\"@id\":\"https:\/\/www.visit-ulcinj.com\/blog\/2012\/04\/12\/nema-puta-bez-puta\/#primaryimage\"},\"datePublished\":\"2012-04-12T21:33:56+00:00\",\"dateModified\":\"2012-04-12T21:33:56+00:00\",\"author\":{\"@id\":\"https:\/\/www.visit-ulcinj.com\/blog\/#\/schema\/person\/dcab619c614d3038751c63bc2aadc06d\"},\"description\":\"Neuslovni dio puta dolinom Drine izme\u0111u Fo\u010de i \u0160\u0107epan Polja, koji je u katastrofalnom stanju, trebalo bi opraviti prije po\u010detka letnje sezone PODGORICA \u2013\",\"breadcrumb\":{\"@id\":\"https:\/\/www.visit-ulcinj.com\/blog\/2012\/04\/12\/nema-puta-bez-puta\/#breadcrumb\"},\"inLanguage\":\"en-US\",\"potentialAction\":[{\"@type\":\"ReadAction\",\"target\":[\"https:\/\/www.visit-ulcinj.com\/blog\/2012\/04\/12\/nema-puta-bez-puta\/\"]}]},{\"@type\":\"BreadcrumbList\",\"@id\":\"https:\/\/www.visit-ulcinj.com\/blog\/2012\/04\/12\/nema-puta-bez-puta\/#breadcrumb\",\"itemListElement\":[{\"@type\":\"ListItem\",\"position\":1,\"name\":\"Nema puta bez puta\"}]},{\"@type\":\"Person\",\"@id\":\"https:\/\/www.visit-ulcinj.com\/blog\/#\/schema\/person\/dcab619c614d3038751c63bc2aadc06d\",\"name\":\"ulqini\",\"sameAs\":[\"http:\/\/www.visit-ulcinj.com\"],\"url\":\"https:\/\/www.visit-ulcinj.com\/blog\/author\/admin\/\"}]}<\/script>\n<!-- \/ Yoast SEO plugin. -->","yoast_head_json":{"title":"Nema puta bez puta - Lajme nga Ulqini","description":"Neuslovni dio puta dolinom Drine izme\u0111u Fo\u010de i \u0160\u0107epan Polja, koji je u katastrofalnom stanju, trebalo bi opraviti prije po\u010detka letnje sezone PODGORICA \u2013","robots":{"index":"index","follow":"follow","max-snippet":"max-snippet:-1","max-image-preview":"max-image-preview:large","max-video-preview":"max-video-preview:-1"},"canonical":"https:\/\/www.visit-ulcinj.com\/blog\/2012\/04\/12\/nema-puta-bez-puta\/","og_locale":"en_US","og_type":"article","og_title":"Nema puta bez puta - Lajme nga Ulqini","og_description":"Neuslovni dio puta dolinom Drine izme\u0111u Fo\u010de i \u0160\u0107epan Polja, koji je u katastrofalnom stanju, trebalo bi opraviti prije po\u010detka letnje sezone PODGORICA \u2013","og_url":"https:\/\/www.visit-ulcinj.com\/blog\/2012\/04\/12\/nema-puta-bez-puta\/","og_site_name":"Lajme nga Ulqini","article_published_time":"2012-04-12T21:33:56+00:00","og_image":[{"url":"http:\/\/www.visit-ulcinj.com\/blog\/wp-content\/uploads\/2012\/04\/Ulcinj_Crna-Gora.jpg"}],"twitter_misc":{"Written by":"ulqini","Est. reading time":"2 minutes"},"schema":{"@context":"https:\/\/schema.org","@graph":[{"@type":"WebSite","@id":"https:\/\/www.visit-ulcinj.com\/blog\/#website","url":"https:\/\/www.visit-ulcinj.com\/blog\/","name":"Lajme nga Ulqini","description":"Lajme,Vijesti,Ulqini,Ulqin,Crna Gora,Mali i Zi","potentialAction":[{"@type":"SearchAction","target":{"@type":"EntryPoint","urlTemplate":"https:\/\/www.visit-ulcinj.com\/blog\/?s={search_term_string}"},"query-input":"required name=search_term_string"}],"inLanguage":"en-US"},{"@type":"ImageObject","inLanguage":"en-US","@id":"https:\/\/www.visit-ulcinj.com\/blog\/2012\/04\/12\/nema-puta-bez-puta\/#primaryimage","url":"https:\/\/www.visit-ulcinj.com\/blog\/wp-content\/uploads\/2012\/04\/Ulcinj_Crna-Gora.jpg","contentUrl":"https:\/\/www.visit-ulcinj.com\/blog\/wp-content\/uploads\/2012\/04\/Ulcinj_Crna-Gora.jpg","width":"1024","height":"683"},{"@type":"WebPage","@id":"https:\/\/www.visit-ulcinj.com\/blog\/2012\/04\/12\/nema-puta-bez-puta\/#webpage","url":"https:\/\/www.visit-ulcinj.com\/blog\/2012\/04\/12\/nema-puta-bez-puta\/","name":"Nema puta bez puta - Lajme nga Ulqini","isPartOf":{"@id":"https:\/\/www.visit-ulcinj.com\/blog\/#website"},"primaryImageOfPage":{"@id":"https:\/\/www.visit-ulcinj.com\/blog\/2012\/04\/12\/nema-puta-bez-puta\/#primaryimage"},"datePublished":"2012-04-12T21:33:56+00:00","dateModified":"2012-04-12T21:33:56+00:00","author":{"@id":"https:\/\/www.visit-ulcinj.com\/blog\/#\/schema\/person\/dcab619c614d3038751c63bc2aadc06d"},"description":"Neuslovni dio puta dolinom Drine izme\u0111u Fo\u010de i \u0160\u0107epan Polja, koji je u katastrofalnom stanju, trebalo bi opraviti prije po\u010detka letnje sezone PODGORICA \u2013","breadcrumb":{"@id":"https:\/\/www.visit-ulcinj.com\/blog\/2012\/04\/12\/nema-puta-bez-puta\/#breadcrumb"},"inLanguage":"en-US","potentialAction":[{"@type":"ReadAction","target":["https:\/\/www.visit-ulcinj.com\/blog\/2012\/04\/12\/nema-puta-bez-puta\/"]}]},{"@type":"BreadcrumbList","@id":"https:\/\/www.visit-ulcinj.com\/blog\/2012\/04\/12\/nema-puta-bez-puta\/#breadcrumb","itemListElement":[{"@type":"ListItem","position":1,"name":"Nema puta bez puta"}]},{"@type":"Person","@id":"https:\/\/www.visit-ulcinj.com\/blog\/#\/schema\/person\/dcab619c614d3038751c63bc2aadc06d","name":"ulqini","sameAs":["http:\/\/www.visit-ulcinj.com"],"url":"https:\/\/www.visit-ulcinj.com\/blog\/author\/admin\/"}]}},"jetpack_featured_media_url":"","jetpack_sharing_enabled":true,"jetpack_shortlink":"https:\/\/wp.me\/pe6lTn-foD","_links":{"self":[{"href":"https:\/\/www.visit-ulcinj.com\/blog\/wp-json\/wp\/v2\/posts\/59187"}],"collection":[{"href":"https:\/\/www.visit-ulcinj.com\/blog\/wp-json\/wp\/v2\/posts"}],"about":[{"href":"https:\/\/www.visit-ulcinj.com\/blog\/wp-json\/wp\/v2\/types\/post"}],"author":[{"embeddable":true,"href":"https:\/\/www.visit-ulcinj.com\/blog\/wp-json\/wp\/v2\/users\/1"}],"replies":[{"embeddable":true,"href":"https:\/\/www.visit-ulcinj.com\/blog\/wp-json\/wp\/v2\/comments?post=59187"}],"version-history":[{"count":1,"href":"https:\/\/www.visit-ulcinj.com\/blog\/wp-json\/wp\/v2\/posts\/59187\/revisions"}],"predecessor-version":[{"id":59192,"href":"https:\/\/www.visit-ulcinj.com\/blog\/wp-json\/wp\/v2\/posts\/59187\/revisions\/59192"}],"wp:attachment":[{"href":"https:\/\/www.visit-ulcinj.com\/blog\/wp-json\/wp\/v2\/media?parent=59187"}],"wp:term":[{"taxonomy":"category","embeddable":true,"href":"https:\/\/www.visit-ulcinj.com\/blog\/wp-json\/wp\/v2\/categories?post=59187"},{"taxonomy":"post_tag","embeddable":true,"href":"https:\/\/www.visit-ulcinj.com\/blog\/wp-json\/wp\/v2\/tags?post=59187"}],"curies":[{"name":"wp","href":"https:\/\/api.w.org\/{rel}","templated":true}]}}