{"id":59194,"date":"2012-04-13T08:31:49","date_gmt":"2012-04-13T07:31:49","guid":{"rendered":"http:\/\/www.visit-ulcinj.com\/blog\/?p=59194"},"modified":"2021-04-04T11:22:42","modified_gmt":"2021-04-04T10:22:42","slug":"ali-zhygjeli-muzika-qe-ruhet-ne-shpirt","status":"publish","type":"post","link":"https:\/\/www.visit-ulcinj.com\/blog\/2012\/04\/13\/ali-zhygjeli-muzika-qe-ruhet-ne-shpirt\/","title":{"rendered":"Ali Zhygjeli &#8211; Muzika q\u00eb ruhet n\u00eb shpirt &#8211; Video"},"content":{"rendered":"<p><a href=\"http:\/\/www.visit-ulcinj.com\/blog\/wp-content\/uploads\/2012\/04\/Ali-Zhygjeli_Ulqin.jpg\"><img loading=\"lazy\" class=\"alignleft wp-image-59195\" title=\"Ali Zhygjeli_Ulqin\" src=\"http:\/\/www.visit-ulcinj.com\/blog\/wp-content\/uploads\/2012\/04\/Ali-Zhygjeli_Ulqin.jpg\" alt=\"\" width=\"360\" height=\"450\" \/><\/a>\u00a0 <strong>Si t\u00eb fillosh t\u00eb bisedosh,<\/strong> dhe m\u00eb von, edhe ti shkruash \u00a0flal\u00ebt, mendimet dhe nj\u00eb pjes\u00eb t\u00eb jet\u00ebs \u00a0\u00a0e k\u00ebtij virtuozit t\u00eb violin\u00ebs a po qemales,\u00a0 si\u00e7 e quan populli yn\u00eb. \u00a0\u00cbsht\u00eb v\u00ebshtir\u00eb,\u00a0 pasi q\u00eb Aliu\u00a0 flet shum\u00eb pak&#8230;\u00ebsht\u00eb nj\u00eb njeri\u00a0 i jasht\u00ebzakon\u00ebsh\u00ebm, modest. Nj\u00eb figur markante, i cili ende n\u00eb mosh\u00ebn 77 vje\u00e7are, tregon gjall\u00ebri dhe fuqi shpirtrore dhe fizike.\u00a0 \u00a0M\u00eb duket se ai \u00a0flet\u00eb, \u00a0vetum me muzik\u00ebn, \u00a0t\u00eb cil\u00ebn ai e ka n\u00eb shpirt\u00eb, \u00a0dhe n\u00eb secil\u00ebn qeliz\u00eb te qenijes s\u00eb tij. M\u00eb tregon,\u00a0 se\u00a0 si f\u00ebmi \u00a0n\u00eb mosh\u00ebn 6 vje\u00e7ar\u00eb ka filluar ta marr\u00eb violin\u00ebn n\u00eb dor\u00eb, dhe t\u00eb b\u00ebjn\u00eb muzik\u00eb ashtu si\u00e7 e<\/p>\n<p>ja ka degjuar veshi..\u00a0 K\u00ebshtu edhe sot Aliu n\u00eb mosh\u00ebn 77 vje\u00e7are b\u00ebn muzik\u00eb pa nota.. \u00cbsht\u00eb\u00a0 v\u00ebshtir\u00eb t\u00eb imagjinosh nj\u00eb gj\u00eb t\u00eb till, \u00a0\u00a0por \u00a0kur i degjon tingujt e muzik\u00ebs \u00a0nga qemalja nga duart e k\u00ebti virtuozi \u00a0t\u00eb knaq\u00ebt shpirti dhe trupi.. dhe ather\u00eb e kupton fuqin e shprehjes\u00a0 e muzik\u00ebs s\u00eb ti&#8230;<\/p>\n<p><strong>\u00a0\u00a0\u00a0\u00a0\u00a0\u00a0\u00a0\u00a0\u00a0 Aliu, e ka muzik\u00ebn<\/strong> n\u00eb gjene t\u00eb trashiguar nga babai i ti Tahir Zhygjeli, \u00a0i cili i pari n\u00eb Ulqin ka sjell\u00eb nj\u00eb violin nga Mbret\u00ebrija Otomane, nga Stamboli \u00a0ku ka qen\u00eb i pun\u00ebsuar n\u00eb nj\u00eb sht\u00ebpi t\u00eb pasur. \u00a0N\u00eb k\u00ebt\u00eb sht\u00ebpi aristokrate ka njoftuar edhe n\u00ebn\u00ebn time Nazmijen, e cila \u00ebsht\u00eb dashuruar n\u00eb bab\u00ebn tim, pavar\u00ebsisht\u00eb se babai ka qen\u00eb m\u00eb vjet\u00ebr. Por dashurija, ashtu si edhe muzika nuk ka kufinj\u00eb, dhe n\u00ebna ime m\u00eb von\u00eb vjen me baban tim me bark\u00eb n\u00eb Ulqin&#8230; \u00a0Babai im edhe ka\u00a0 komponuar \u00a0k\u00ebng\u00eb, posa\u00e7\u00ebrisht\u00eb p\u00ebr dashni, \u00a0dhe Nen\u00ebs time ja ka dedikuar k\u00ebng\u00ebn e cila sot k\u00ebndohet tek ne n\u00eb Ulqin n\u00eb secil\u00ebn das\u00ebm.<br \/>\n<a href=\"http:\/\/www.visit-ulcinj.com\/blog\/wp-content\/uploads\/2012\/04\/Ali-Zhygjeli_muzikant-_Ulqin.jpg\"><img loading=\"lazy\" class=\"alignleft wp-image-59196\" title=\"Ali Zhygjeli_muzikant _Ulqin\" src=\"http:\/\/www.visit-ulcinj.com\/blog\/wp-content\/uploads\/2012\/04\/Ali-Zhygjeli_muzikant-_Ulqin.jpg\" alt=\"\" width=\"508\" height=\"300\" \/><\/a><\/p>\n<p><strong>\u201cN\u00ebn<\/strong> <strong>hije t\u00eb limoni..te.. moj lulja \u00a0Stambolili te\u201d.<\/strong> N\u00eb bah\u00e7e ku ka punuar babaj im Tahiri,\u00a0 ka qen\u00eb nj\u00eb limon \u00a0i madh\u00eb,\u00a0 ku, ai esh\u00eb takaur m\u00eb n\u00ebn\u00ebn time. Ky limon ka qen\u00eb edhe inspirimi p\u00ebr k\u00ebng\u00ebn dhe m\u00eb von\u00eb edhe vallen, e cila sot k\u00ebndohet dhe luhet n\u00eb secil\u00ebn p\u00ebll\u00ebmbn\u00eb tek ne. Kjo k\u00ebng\u00eb \u00a0\u00a0tregon dashnin e madhe t\u00eb babait tim p\u00ebr n\u00ebn\u00ebn time&#8230; N\u00eb mosh\u00ebn 6 vje\u00e7are\u00a0 ka filluar\u00a0 edhe mua\u00a0 me m\u00eb m\u00ebsuar\u00a0 t\u00eb b\u00ebj\u00eb muzik\u00eb me violin\u00eb. P\u00ebr lezuas dhe adhurues t\u00eb Aliut, ende kjo\u00a0 violin\u00eb\u00a0 a po \u201cqemale\u201d t\u00eb cil\u00ebn babai e Aliut e ka sjell\u00eb nga Stambolli, \u00a0\u00a0gjendet n\u00eb sht\u00ebpin \u00a0e \u00a0ti, si nj\u00eb eksponat, dhe nj\u00eb \u00a0egzemplar i rall\u00eb,\u00a0 ndoshta, edhe \u00a0n\u00eb rangun e atyre t\u00eb mjeshtrave Italian, si\u00e7 ka qen\u00eb Stradivari. Kjo violin trashigohet, dhe brez pas brezit do t\u00eb jet\u00eb n\u00eb sht\u00ebpin time, thot\u00eb Aliu me krenari, \u00a0pasi q\u00eb edhe i biri Mustafa, dhe nipat, jan\u00eb dhe jetojn\u00eb, n\u00eb bot\u00ebs e muzik\u00ebs.<br \/>\n<a href=\"http:\/\/www.visit-ulcinj.com\/blog\/wp-content\/uploads\/2012\/04\/familja-Ali-Zhygjelit_Ulqin.jpg\"><img loading=\"lazy\" class=\"alignleft wp-image-59197\" title=\"familja Ali Zhygjelit_Ulqin\" src=\"http:\/\/www.visit-ulcinj.com\/blog\/wp-content\/uploads\/2012\/04\/familja-Ali-Zhygjelit_Ulqin.jpg\" alt=\"\" width=\"508\" height=\"300\" \/><\/a><\/p>\n<p><strong>Babaj im Tahiri,<\/strong> vazhdon Aliu, \u00a0\u00a0\u00a0me nj\u00eb nostalgji t\u00eb dukshme, \u00a0ka qen\u00eb nj\u00eb mjesht\u00ebr i madh\u00eb i muzik\u00ebs, \u00a0nj\u00eb virtuoz i rall\u00eb\u00a0\u00a0 i\u00a0 violin\u00ebs dhe muzik\u00ebs popullore orijentale. \u00a0Nga Stamboli ,\u00a0 n\u00eb Ulqin ka sjell\u00eb\u00a0 k\u00ebng\u00eb t\u00eb reja ..\u00a0 \u00a0\u00a0kurse n\u00ebna, \u00a0m\u00eb ardjen n\u00eb Ulqin, \u00a0n\u00eb koh\u00ebn kur femrat \u00a0myslimane nuk kan\u00eb dal pa \u201cByrde,\u201d \u00a0\u00a0\u00a0ka sjell\u00eb nj\u00eb stil\u00a0 modern n\u00eb vesh\u00ebn e asaj kohe tek ne n\u00eb Ulqin<strong>. M\u00eb kujtohet se edhe Cafo Begu,\u00a0 e ka thir\u00eb p\u00ebr me bisedu, pasi q\u00eb ka ndiku n\u00eb femrat e asaj kohe\u201dnegativisht\u201d.\u00a0 Dua t\u00eb them\u00eb se\u00a0 Ulqini e ka t\u00ebrhjek n\u00ebn\u00ebn time pasi q\u00eb jeta \u00a0k\u00ebtu tek ne, \u00a0ka pasur \u00a0\u00a0shum\u00eb ngjashm\u00ebri me jet\u00ebn n\u00eb Stamboll, por edhe rethanat politiko shoq\u00ebrore e kan\u00eb ndal q\u00eb t\u00eb jetojn k\u00ebtu. Fillimi i\u00a0 luft\u00ebs\u00a0 nuk ka lejuer m\u00eb, me u kthyer\u00a0 n\u00eb Turqi , dhe k\u00ebshtu prindrit e mi kan\u00eb vazhduar jet\u00ebn n\u00eb Ulqin.\u00a0 M\u00eb von\u00eb, pas 40 viteve kan\u00eb \u00a0shkuar n\u00eb vizit\u00eb n\u00eb Turqi, \u00a0ku\u00a0 \u00a0ende atje kemi kushrinj\u00ebt nga n\u00ebna.<\/strong><\/p>\n<p><a href=\"http:\/\/www.visit-ulcinj.com\/blog\/wp-content\/uploads\/2012\/04\/Ali-Zhygjeli_muzikant-_Ulqin.1.jpg\"><img loading=\"lazy\" class=\"alignleft wp-image-59206\" title=\"Ali Zhygjeli_muzikant _Ulqin.1\" src=\"http:\/\/www.visit-ulcinj.com\/blog\/wp-content\/uploads\/2012\/04\/Ali-Zhygjeli_muzikant-_Ulqin.1.jpg\" alt=\"\" width=\"508\" height=\"300\" \/><\/a><\/p>\n<p><strong>\u00a0\u00a0\u00a0\u00a0\u00a0 \u00a0\u00a0\u00a0\u00a0\u00a0\u00a0Prandaj, <\/strong>\u00a0\u00a0nuk \u00ebsht\u00eb p\u00ebr t\u00eb \u00e7uditur q\u00eb t\u00eb gjith\u00eb ne, \u00a0e kemi muzik\u00ebn n\u00eb shpirt\u00eb dhe n\u00eb gjak. <strong>Mustafa ,<\/strong> djali im, \u00a0\u00a0\u00ebsht\u00eb b\u00ebr\u00eb i njohur jo vetum si pedagog dhe profesor i muzik\u00ebs,. por edhe \u00a0ai,\u00a0 si babaj\u00a0 im\u00a0 Tahiri,\u00a0 dhe un\u00eb\u00a0 m\u00eb von\u00eb,\u00a0 ka filluar\u00a0 t\u00eb b\u00ebjn\u00a0 dhe t\u00eb merret me muzik\u00eb, nep\u00ebr hotele\u00a0 me\u00a0 shokun e ti \u00a0Mirkon.. \u00a0\u00a0\u00a0\u00a0Ajo ishte koha\u00a0 e shk\u00eblqimit\u00a0 dhe koha \u00a0e art e turizmit ton\u00eb, \u00a0kur hotelet dhe plazh\u00ebt tona kan\u00eb qen\u00eb plot\u00eb me\u00a0 mysafir\u00eb nga vendi dhe nga bota. Nj\u00eb koh\u00eb e jasht\u00ebzakon\u00ebshme, kur edhe un\u00eb kam punur \u00a0n\u00eb turiz\u00ebm ne autokampin \u201cMilena\u201d si \u201chausmeister\u201d..\u00a0 Kur\u00eb i kujtohem asaj kohe, \u00a0m\u00eb shkojn lot\u00ebt nga nostalgjija e madhe, pasi q\u00eb jam i sigurt, se t\u00eb gjith\u00eb ne, \u00a0kemi jetuar shum\u00eb m\u00eb mir\u00eb dhe m\u00eb t\u00eb knaqun se sot.<\/p>\n<p><strong><a href=\"http:\/\/www.visit-ulcinj.com\/blog\/wp-content\/uploads\/2012\/04\/Ali-Zhygjeli_muzikant-_Ulqin-dhe-djali.jpg\"><img loading=\"lazy\" class=\"alignleft size-medium wp-image-59207\" title=\"Ali Zhygjeli_muzikant _Ulqin dhe djali\" src=\"http:\/\/www.visit-ulcinj.com\/blog\/wp-content\/uploads\/2012\/04\/Ali-Zhygjeli_muzikant-_Ulqin-dhe-djali-226x300.jpg\" alt=\"\" width=\"226\" height=\"300\" srcset=\"https:\/\/www.visit-ulcinj.com\/blog\/wp-content\/uploads\/2012\/04\/Ali-Zhygjeli_muzikant-_Ulqin-dhe-djali-226x300.jpg 226w, https:\/\/www.visit-ulcinj.com\/blog\/wp-content\/uploads\/2012\/04\/Ali-Zhygjeli_muzikant-_Ulqin-dhe-djali.jpg 547w\" sizes=\"(max-width: 226px) 100vw, 226px\" \/><\/a>K\u00ebshtu\u00a0 edhe un\u00eb,<\/strong> \u00a0si babai im mua, \u00a0e kam drejtuar \u00a0djalin tim Mustaf\u00ebn n\u00eb studimin e muzik\u00ebs, konkret fizaharmonik\u00ebs.. Gjithashtu, edhe nipat e mij tash m\u00eb studion muzik\u00ebn n\u00eb Tiran\u00eb.. <strong>Ardi,<\/strong> violin\u00ebn kurse <strong>Rioni<\/strong> fizharmonik\u00ebn. \u00a0Prandaj mund\u00eb t\u00eb them,\u00a0 me plot\u00eb \u00a0krenari \u00a0dhe m\u00eb nj\u00eb knaq\u00ebsi \u00a0t\u00eb\u00a0\u00a0 jasht\u00ebzakonisht\u00eb , se\u00a0 muzika\u00a0 dhe tingujt e saj \u00a0do t\u00eb vazhdojn\u00eb n\u00eb sht\u00ebpin time, brez pas brezit.. P\u00ebr k\u00ebte jam shum\u00eb \u00a0krenar,<\/p>\n<p>dhe \u00a0m\u00eb duket se, edhe kur t\u00eb ndroj jet\u00eb,\u00a0 shpirti im\u00a0 ka me gjet\u00eb prehje, sepse gjithmon\u00eb, ka me m\u00eb p\u00ebrcjell\u00eb muzika, \u00a0e posa\u00e7\u00ebrisht\u00eb tingujt e instrumentim tim \u201cqemales\u201d..<\/p>\n<p><strong>\u00a0\u00a0\u00a0\u00a0\u00a0\u00a0\u00a0 \u00a0\u00a0\u00a0Aliu ka filluar<\/strong> m\u00eb ba muzik\u00eb me shokut e ti, t\u00eb cil\u00ebt si ai, \u00a0kan\u00eb pasur talent dhe e kan\u00eb adhuruar muzik\u00ebn popullore Ulqinake. Me Rifatin \u00a0dhe\u00a0 Vehbiu Llazoren, me\u00a0 Beto Kashoxh\u00ebn dhe posa\u00e7\u00ebrisht\u00eb me Rexhep Abazin kan\u00eb themeluar n\u00eb vitet 67 dhe 68 t\u00eb shekullit t\u00eb kaluar, \u00a0grupin muzikor dhe folkloristik , \u00a0i cili ka jap koncerte n\u00eb Ulqin, \u00a0por edhe jasht\u00eb Ulqinit. \u00a0K\u00ebto entuzijasta \u00a0pa nd\u00ebrprerje kan\u00eb b\u00ebr muzik edhe n\u00eb dasma , synetllyke dhe n\u00eb argtime t\u00eb ndrysh\u00ebm. Me nj\u00eb respekt t\u00eb posa\u00e7\u00ebm,\u00a0 dhe me nj\u00eb pijetet t\u00eb madh\u00eb flet\u00eb p\u00ebr Rexhepin dhe Vehbiun \u00a0t\u00eb cil\u00ebt nuk jetojn m\u00eb. Posa\u00e7\u00ebrisht\u00eb p\u00ebr Rexhep Abazin i cili ka qen\u00eb nj\u00eb aktor i pa lodhur dhe nj\u00eb nd\u00ebr themelues\u00ebt e trashigmis\u00eb e folklorit Ulqinak\u00eb.<br \/>\n<a href=\"http:\/\/www.visit-ulcinj.com\/blog\/wp-content\/uploads\/2012\/04\/Ali-Zhygjeli-dhe-gjenerata_picnik.jpg\"><img loading=\"lazy\" class=\"alignleft wp-image-59210\" title=\"Ali Zhygjeli dhe gjenerata_picnik\" src=\"http:\/\/www.visit-ulcinj.com\/blog\/wp-content\/uploads\/2012\/04\/Ali-Zhygjeli-dhe-gjenerata_picnik.jpg\" alt=\"\" width=\"508\" height=\"300\" \/><\/a><\/p>\n<p>\u201cDasma Ulqinake\u201d \u00a0e cila ende edhe sot,\u00a0 kur do si luhet, \u00ebsht\u00eb nj\u00eb sinonim \u00a0dhe nj\u00eb simboll\u00eb, nj\u00eb kujtim n\u00eb\u00a0\u00a0 Rexhep Abazit, si nj\u00eb nd\u00ebr valtar\u00ebt m\u00eb t\u00eb mir\u00eb t\u00eb cil\u00ebt i ka pasur qyteti yn\u00eb<\/p>\n<p><strong>\u00a0\u00a0\u00a0\u00a0\u00a0\u00a0\u00a0\u00a0\u00a0\u00a0\u00a0\u00a0 \u00a0Aliu,<\/strong> edhe sot nga nj\u00eb her\u00eb b\u00ebn muzik\u00eb, por edhe b\u00ebn emisione n\u00eb TV,\u00a0 ku merr\u00eb pjes\u00eb edhe me ansamblin \u201cBurimi\u201d ku ai \u00ebsht\u00eb antar ende edhe sot, n\u00eb mosh\u00ebn 77 vje\u00e7are.<br \/>\n<a href=\"http:\/\/www.visit-ulcinj.com\/blog\/wp-content\/uploads\/2012\/04\/Ali-Zhygjeli_Vehbi-Llazorja_Beqir-Truma-me-orkester.jpg\"><img loading=\"lazy\" class=\"alignleft wp-image-59209\" title=\"Ali Zhygjeli_Vehbi Llazorja_Beqir Truma me orkester\" src=\"http:\/\/www.visit-ulcinj.com\/blog\/wp-content\/uploads\/2012\/04\/Ali-Zhygjeli_Vehbi-Llazorja_Beqir-Truma-me-orkester.jpg\" alt=\"\" width=\"508\" height=\"300\" \/><\/a><\/p>\n<p><strong>\u00a0\u00a0\u00a0 \u00a0\u00a0\u00a0\u00a0\u00a0\u00a0\u00a0\u00a0\u00a0\u00a0Aliu \u00ebsht\u00eb<\/strong> nj\u00eb njeri i \u201cbut\u00eb\u201d si\u00e7 thot\u00eb populli yn\u00eb, nj\u00eb njeri modest. Flet shum pak, dhe m\u00eb kujtohet fjalija e par\u00eb \u00a0e k\u00ebsaj interviste, ku them\u00eb,\u00a0\u00a0 se \u00a0m\u00eb duket se ai flet vet\u00ebm me muzik\u00eb, dhe me tingujt e \u201cqemales\u201d . V\u00ebshtir\u00eb t\u00eb ja nxjerrish ndonj\u00eb fjal\u00eb nga jeta e ti, nga rinija, \u00a0ku m\u00eb thot\u00eb se gati tre vite ka punuar edhe nep\u00ebr Mal\u00eb t\u00eb Zi. I kujtohet puna e v\u00ebshtir\u00eb n\u00eb tunel ke Pluzhina. Por edhe atje e kam pasur violin\u00ebn me vehte, thot\u00eb Aliu. Kur kam pasur koh\u00eb kam b\u00ebr muzik\u00eb, dhe u<\/p>\n<p>a kam leht\u00ebsuar t\u00eb gjith\u00eb atyre, pavar\u00ebsisht nga kombi dhe komb\u00ebsia \u00e7astet dhe momentet e v\u00ebshtir\u00eb n\u00eb pun\u00eb.\u00a0 \u00cbsht\u00eb v\u00ebshtir\u00eb \u00a0sot, ta paramendosh pun\u00ebn dhe jet\u00ebn n\u00eb kushte t\u00eb v\u00ebshtira \u00a0pas luftes dyt\u00eb bot\u00ebrore, pa familije, \u00a0por, \u00ebsht\u00eb dashur me mbijetu, \u00a0i kujtohet Aliut koha m\u00eb e v\u00ebshtir\u00eb\u00a0 e jet\u00ebs s\u00eb tij&#8230;<\/p>\n<p>Por, un\u00eb kam pasur p\u00ebrparsi, pasi q\u00eb n\u00eb momentet e v\u00ebshtira kam pasur muzik\u00ebn,\u00a0 e cila \u00a0ka qen\u00eb ajo \u00a0fuqi, \u00a0e cila m\u00eb ka mbajt\u00eb dhe m\u00eb ka inspiru gjithmon\u00eb&#8230;pavar\u00ebsisht nga kushtet dhe rethanat t\u00eb cilat na i ka sjell\u00eb jeta.. M\u00eb von\u00eb n\u00eb ato koh\u00ebt e arta t\u00eb turizmit ton\u00eb, kemi arrit\u00eb nj\u00eb jet\u00eb m\u00eb t\u00eb mir\u00eb dhe m\u00eb t\u00eb leht\u00eb, dhe, natyrisht\u00eb\u00a0 kam pasur edhe\u00a0 koh\u00eb m\u00eb tep\u00ebr \u00a0t\u00eb merrem\u00a0 me muzik\u00eb. \u00a0Kam b\u00ebr, \u00a0edhe ende do t\u00eb b\u00ebj muzik\u00eb, deri te fundi i jet\u00ebs time.\u00a0 Jam i knaqun dhe m<\/p>\n<p>endoj se e kam arrit\u00eb amanetin e babajt.<br \/>\n<a href=\"http:\/\/www.visit-ulcinj.com\/blog\/wp-content\/uploads\/2012\/04\/vebi-llazorja_ali-zhygjeli_lazi-shaqirit.jpg\"><img loading=\"lazy\" class=\"alignleft wp-image-59208\" title=\"vebi-llazorja_ali-zhygjeli_lazi-shaqirit\" src=\"http:\/\/www.visit-ulcinj.com\/blog\/wp-content\/uploads\/2012\/04\/vebi-llazorja_ali-zhygjeli_lazi-shaqirit.jpg\" alt=\"\" width=\"508\" height=\"300\" \/><\/a><\/p>\n<p><strong>\u00a0\u00a0\u00a0\u00a0\u00a0\u00a0\u00a0\u00a0\u00a0\u00a0\u00a0\u00a0\u00a0\u00a0\u00a0\u00a0\u00a0 Muzika, tingujt e \u201cqemales\u201d dhe t\u00eb harmonik\u00ebs<\/strong> do t\u00eb degjohen n\u00eb sht\u00ebpin time edhe pas meje, dhe p\u00ebr te, them\u00a0 se, pa \u00a0d\u00ebshim jam i knaqun me t\u00eb gjith\u00eb ato se \u00e7ka kam arrit\u00eb n\u00eb jet\u00eb.<\/p>\n<p><strong>\u00a0\u00a0\u00a0\u00a0\u00a0\u00a0\u00a0\u00a0\u00a0\u00a0\u00a0\u00a0\u00a0\u00a0\u00a0 \u00a0\u00a0Ndahem<\/strong> nga kjo figur markante e qytetit ton\u00eb. M\u00eb duket se pak kan\u00eb mbet\u00eb ato t\u00eb cil\u00ebt merren t\u00eb them\u00eb m\u00eb mir\u00eb, \u00a0me k\u00ebt\u00eb \u201cmjeshtri\u201dpasi q\u00eb n\u00eb koh\u00ebn e \u201cturbo \u201c folklut, \u00a0jan ndruar edhe vlerat, por jo vet\u00ebm n\u00eb muzik\u00eb. Prandaj \u00a0\u00ebsht\u00eb mir\u00eb, \u00a0\u00a0q\u00eb peronazhet si\u00e7 \u00ebsht\u00eb Aliu t\u00eb p\u00ebrmenden dhe ti shenojm\u00eb dhe mos ti harrojm\u00eb. \u00cbsht\u00eb mir\u00eb q\u00eb edhe gjeneratat e sotme t\u00eb njoftohen me k\u00ebto njer\u00ebz t\u00eb cilat kan\u00eb shenuar qytetin ton\u00eb n\u00eb shekullin e kaluar. Ndoshta dikur edhe ta g\u00ebzojn\u00eb vendin e merituar n\u00eb trashig\u00ebmin\u00eb ton\u00eb. Aliu, pa d\u00ebshim\u00a0 meriton\u00eb nj\u00eb vend t\u00eb posa\u00e7em.<\/p>\n<p>&nbsp;<\/p>\n<p>Ulqin mars 2012.<\/p>\n<p>Ismet KARAMANAGA<\/p>\n<div style=\"position:relative;padding-bottom:56.25%;height:0;overflow:hidden;\"> <iframe loading=\"lazy\" style=\"width:100%;height:100%;position:absolute;left:0px;top:0px;overflow:hidden\" frameborder=\"0\" type=\"text\/html\" src=\"https:\/\/www.dailymotion.com\/embed\/video\/x5byu80?autoplay=1\" width=\"100%\" height=\"100%\" allowfullscreen allow=\"autoplay\"> <\/iframe> <\/div>\n","protected":false},"excerpt":{"rendered":"<p>\u00a0 Si t\u00eb fillosh t\u00eb bisedosh, dhe m\u00eb von, edhe ti shkruash \u00a0flal\u00ebt, mendimet dhe nj\u00eb pjes\u00eb t\u00eb jet\u00ebs \u00a0\u00a0e k\u00ebtij virtuozit t\u00eb violin\u00ebs a po qemales,\u00a0 si\u00e7 e quan populli yn\u00eb. \u00a0\u00cbsht\u00eb v\u00ebshtir\u00eb,\u00a0 pasi q\u00eb Aliu\u00a0 flet shum\u00eb pak&#8230;\u00ebsht\u00eb nj\u00eb njeri\u00a0 i jasht\u00ebzakon\u00ebsh\u00ebm, modest. Nj\u00eb figur markante, i cili ende n\u00eb mosh\u00ebn 77 vje\u00e7are, [&hellip;]<\/p>\n","protected":false},"author":1,"featured_media":0,"comment_status":"open","ping_status":"closed","sticky":false,"template":"","format":"standard","meta":{"spay_email":"","jetpack_publicize_message":"","jetpack_is_tweetstorm":false,"jetpack_publicize_feature_enabled":true},"categories":[4],"tags":[968,14803,200,18],"jetpack_publicize_connections":[],"yoast_head":"<!-- This site is optimized with the Yoast SEO plugin v19.1 - https:\/\/yoast.com\/wordpress\/plugins\/seo\/ -->\n<title>Ali Zhygjeli - Muzika q\u00eb ruhet n\u00eb shpirt - Video - Lajme nga Ulqini<\/title>\n<meta name=\"description\" content=\"\u00a0 Si t\u00eb fillosh t\u00eb bisedosh, dhe m\u00eb von, edhe ti shkruash \u00a0flal\u00ebt, mendimet dhe nj\u00eb pjes\u00eb t\u00eb jet\u00ebs \u00a0\u00a0e k\u00ebtij virtuozit t\u00eb violin\u00ebs a po qemales,\u00a0 si\u00e7 e\" \/>\n<meta name=\"robots\" content=\"index, follow, max-snippet:-1, max-image-preview:large, max-video-preview:-1\" \/>\n<link rel=\"canonical\" href=\"https:\/\/www.visit-ulcinj.com\/blog\/2012\/04\/13\/ali-zhygjeli-muzika-qe-ruhet-ne-shpirt\/\" \/>\n<meta property=\"og:locale\" content=\"en_US\" \/>\n<meta property=\"og:type\" content=\"article\" \/>\n<meta property=\"og:title\" content=\"Ali Zhygjeli - Muzika q\u00eb ruhet n\u00eb shpirt - Video - Lajme nga Ulqini\" \/>\n<meta property=\"og:description\" content=\"\u00a0 Si t\u00eb fillosh t\u00eb bisedosh, dhe m\u00eb von, edhe ti shkruash \u00a0flal\u00ebt, mendimet dhe nj\u00eb pjes\u00eb t\u00eb jet\u00ebs \u00a0\u00a0e k\u00ebtij virtuozit t\u00eb violin\u00ebs a po qemales,\u00a0 si\u00e7 e\" \/>\n<meta property=\"og:url\" content=\"https:\/\/www.visit-ulcinj.com\/blog\/2012\/04\/13\/ali-zhygjeli-muzika-qe-ruhet-ne-shpirt\/\" \/>\n<meta property=\"og:site_name\" content=\"Lajme nga Ulqini\" \/>\n<meta property=\"article:published_time\" content=\"2012-04-13T07:31:49+00:00\" \/>\n<meta property=\"article:modified_time\" content=\"2021-04-04T10:22:42+00:00\" \/>\n<meta property=\"og:image\" content=\"http:\/\/www.visit-ulcinj.com\/blog\/wp-content\/uploads\/2012\/04\/Ali-Zhygjeli_Ulqin.jpg\" \/>\n<meta name=\"twitter:label1\" content=\"Written by\" \/>\n\t<meta name=\"twitter:data1\" content=\"ulqini\" \/>\n\t<meta name=\"twitter:label2\" content=\"Est. reading time\" \/>\n\t<meta name=\"twitter:data2\" content=\"8 minutes\" \/>\n<script type=\"application\/ld+json\" class=\"yoast-schema-graph\">{\"@context\":\"https:\/\/schema.org\",\"@graph\":[{\"@type\":\"WebSite\",\"@id\":\"https:\/\/www.visit-ulcinj.com\/blog\/#website\",\"url\":\"https:\/\/www.visit-ulcinj.com\/blog\/\",\"name\":\"Lajme nga Ulqini\",\"description\":\"Lajme,Vijesti,Ulqini,Ulqin,Crna Gora,Mali i Zi\",\"potentialAction\":[{\"@type\":\"SearchAction\",\"target\":{\"@type\":\"EntryPoint\",\"urlTemplate\":\"https:\/\/www.visit-ulcinj.com\/blog\/?s={search_term_string}\"},\"query-input\":\"required name=search_term_string\"}],\"inLanguage\":\"en-US\"},{\"@type\":\"ImageObject\",\"inLanguage\":\"en-US\",\"@id\":\"https:\/\/www.visit-ulcinj.com\/blog\/2012\/04\/13\/ali-zhygjeli-muzika-qe-ruhet-ne-shpirt\/#primaryimage\",\"url\":\"https:\/\/www.visit-ulcinj.com\/blog\/wp-content\/uploads\/2012\/04\/Ali-Zhygjeli_Ulqin.jpg\",\"contentUrl\":\"https:\/\/www.visit-ulcinj.com\/blog\/wp-content\/uploads\/2012\/04\/Ali-Zhygjeli_Ulqin.jpg\",\"width\":\"521\",\"height\":\"724\"},{\"@type\":\"WebPage\",\"@id\":\"https:\/\/www.visit-ulcinj.com\/blog\/2012\/04\/13\/ali-zhygjeli-muzika-qe-ruhet-ne-shpirt\/#webpage\",\"url\":\"https:\/\/www.visit-ulcinj.com\/blog\/2012\/04\/13\/ali-zhygjeli-muzika-qe-ruhet-ne-shpirt\/\",\"name\":\"Ali Zhygjeli - Muzika q\u00eb ruhet n\u00eb shpirt - Video - Lajme nga Ulqini\",\"isPartOf\":{\"@id\":\"https:\/\/www.visit-ulcinj.com\/blog\/#website\"},\"primaryImageOfPage\":{\"@id\":\"https:\/\/www.visit-ulcinj.com\/blog\/2012\/04\/13\/ali-zhygjeli-muzika-qe-ruhet-ne-shpirt\/#primaryimage\"},\"datePublished\":\"2012-04-13T07:31:49+00:00\",\"dateModified\":\"2021-04-04T10:22:42+00:00\",\"author\":{\"@id\":\"https:\/\/www.visit-ulcinj.com\/blog\/#\/schema\/person\/dcab619c614d3038751c63bc2aadc06d\"},\"description\":\"\u00a0 Si t\u00eb fillosh t\u00eb bisedosh, dhe m\u00eb von, edhe ti shkruash \u00a0flal\u00ebt, mendimet dhe nj\u00eb pjes\u00eb t\u00eb jet\u00ebs \u00a0\u00a0e k\u00ebtij virtuozit t\u00eb violin\u00ebs a po qemales,\u00a0 si\u00e7 e\",\"breadcrumb\":{\"@id\":\"https:\/\/www.visit-ulcinj.com\/blog\/2012\/04\/13\/ali-zhygjeli-muzika-qe-ruhet-ne-shpirt\/#breadcrumb\"},\"inLanguage\":\"en-US\",\"potentialAction\":[{\"@type\":\"ReadAction\",\"target\":[\"https:\/\/www.visit-ulcinj.com\/blog\/2012\/04\/13\/ali-zhygjeli-muzika-qe-ruhet-ne-shpirt\/\"]}]},{\"@type\":\"BreadcrumbList\",\"@id\":\"https:\/\/www.visit-ulcinj.com\/blog\/2012\/04\/13\/ali-zhygjeli-muzika-qe-ruhet-ne-shpirt\/#breadcrumb\",\"itemListElement\":[{\"@type\":\"ListItem\",\"position\":1,\"name\":\"Ali Zhygjeli &#8211; Muzika q\u00eb ruhet n\u00eb shpirt &#8211; Video\"}]},{\"@type\":\"Person\",\"@id\":\"https:\/\/www.visit-ulcinj.com\/blog\/#\/schema\/person\/dcab619c614d3038751c63bc2aadc06d\",\"name\":\"ulqini\",\"sameAs\":[\"http:\/\/www.visit-ulcinj.com\"],\"url\":\"https:\/\/www.visit-ulcinj.com\/blog\/author\/admin\/\"}]}<\/script>\n<!-- \/ Yoast SEO plugin. -->","yoast_head_json":{"title":"Ali Zhygjeli - Muzika q\u00eb ruhet n\u00eb shpirt - Video - Lajme nga Ulqini","description":"\u00a0 Si t\u00eb fillosh t\u00eb bisedosh, dhe m\u00eb von, edhe ti shkruash \u00a0flal\u00ebt, mendimet dhe nj\u00eb pjes\u00eb t\u00eb jet\u00ebs \u00a0\u00a0e k\u00ebtij virtuozit t\u00eb violin\u00ebs a po qemales,\u00a0 si\u00e7 e","robots":{"index":"index","follow":"follow","max-snippet":"max-snippet:-1","max-image-preview":"max-image-preview:large","max-video-preview":"max-video-preview:-1"},"canonical":"https:\/\/www.visit-ulcinj.com\/blog\/2012\/04\/13\/ali-zhygjeli-muzika-qe-ruhet-ne-shpirt\/","og_locale":"en_US","og_type":"article","og_title":"Ali Zhygjeli - Muzika q\u00eb ruhet n\u00eb shpirt - Video - Lajme nga Ulqini","og_description":"\u00a0 Si t\u00eb fillosh t\u00eb bisedosh, dhe m\u00eb von, edhe ti shkruash \u00a0flal\u00ebt, mendimet dhe nj\u00eb pjes\u00eb t\u00eb jet\u00ebs \u00a0\u00a0e k\u00ebtij virtuozit t\u00eb violin\u00ebs a po qemales,\u00a0 si\u00e7 e","og_url":"https:\/\/www.visit-ulcinj.com\/blog\/2012\/04\/13\/ali-zhygjeli-muzika-qe-ruhet-ne-shpirt\/","og_site_name":"Lajme nga Ulqini","article_published_time":"2012-04-13T07:31:49+00:00","article_modified_time":"2021-04-04T10:22:42+00:00","og_image":[{"url":"http:\/\/www.visit-ulcinj.com\/blog\/wp-content\/uploads\/2012\/04\/Ali-Zhygjeli_Ulqin.jpg"}],"twitter_misc":{"Written by":"ulqini","Est. reading time":"8 minutes"},"schema":{"@context":"https:\/\/schema.org","@graph":[{"@type":"WebSite","@id":"https:\/\/www.visit-ulcinj.com\/blog\/#website","url":"https:\/\/www.visit-ulcinj.com\/blog\/","name":"Lajme nga Ulqini","description":"Lajme,Vijesti,Ulqini,Ulqin,Crna Gora,Mali i Zi","potentialAction":[{"@type":"SearchAction","target":{"@type":"EntryPoint","urlTemplate":"https:\/\/www.visit-ulcinj.com\/blog\/?s={search_term_string}"},"query-input":"required name=search_term_string"}],"inLanguage":"en-US"},{"@type":"ImageObject","inLanguage":"en-US","@id":"https:\/\/www.visit-ulcinj.com\/blog\/2012\/04\/13\/ali-zhygjeli-muzika-qe-ruhet-ne-shpirt\/#primaryimage","url":"https:\/\/www.visit-ulcinj.com\/blog\/wp-content\/uploads\/2012\/04\/Ali-Zhygjeli_Ulqin.jpg","contentUrl":"https:\/\/www.visit-ulcinj.com\/blog\/wp-content\/uploads\/2012\/04\/Ali-Zhygjeli_Ulqin.jpg","width":"521","height":"724"},{"@type":"WebPage","@id":"https:\/\/www.visit-ulcinj.com\/blog\/2012\/04\/13\/ali-zhygjeli-muzika-qe-ruhet-ne-shpirt\/#webpage","url":"https:\/\/www.visit-ulcinj.com\/blog\/2012\/04\/13\/ali-zhygjeli-muzika-qe-ruhet-ne-shpirt\/","name":"Ali Zhygjeli - Muzika q\u00eb ruhet n\u00eb shpirt - Video - Lajme nga Ulqini","isPartOf":{"@id":"https:\/\/www.visit-ulcinj.com\/blog\/#website"},"primaryImageOfPage":{"@id":"https:\/\/www.visit-ulcinj.com\/blog\/2012\/04\/13\/ali-zhygjeli-muzika-qe-ruhet-ne-shpirt\/#primaryimage"},"datePublished":"2012-04-13T07:31:49+00:00","dateModified":"2021-04-04T10:22:42+00:00","author":{"@id":"https:\/\/www.visit-ulcinj.com\/blog\/#\/schema\/person\/dcab619c614d3038751c63bc2aadc06d"},"description":"\u00a0 Si t\u00eb fillosh t\u00eb bisedosh, dhe m\u00eb von, edhe ti shkruash \u00a0flal\u00ebt, mendimet dhe nj\u00eb pjes\u00eb t\u00eb jet\u00ebs \u00a0\u00a0e k\u00ebtij virtuozit t\u00eb violin\u00ebs a po qemales,\u00a0 si\u00e7 e","breadcrumb":{"@id":"https:\/\/www.visit-ulcinj.com\/blog\/2012\/04\/13\/ali-zhygjeli-muzika-qe-ruhet-ne-shpirt\/#breadcrumb"},"inLanguage":"en-US","potentialAction":[{"@type":"ReadAction","target":["https:\/\/www.visit-ulcinj.com\/blog\/2012\/04\/13\/ali-zhygjeli-muzika-qe-ruhet-ne-shpirt\/"]}]},{"@type":"BreadcrumbList","@id":"https:\/\/www.visit-ulcinj.com\/blog\/2012\/04\/13\/ali-zhygjeli-muzika-qe-ruhet-ne-shpirt\/#breadcrumb","itemListElement":[{"@type":"ListItem","position":1,"name":"Ali Zhygjeli &#8211; Muzika q\u00eb ruhet n\u00eb shpirt &#8211; Video"}]},{"@type":"Person","@id":"https:\/\/www.visit-ulcinj.com\/blog\/#\/schema\/person\/dcab619c614d3038751c63bc2aadc06d","name":"ulqini","sameAs":["http:\/\/www.visit-ulcinj.com"],"url":"https:\/\/www.visit-ulcinj.com\/blog\/author\/admin\/"}]}},"jetpack_featured_media_url":"","jetpack_sharing_enabled":true,"jetpack_shortlink":"https:\/\/wp.me\/pe6lTn-foK","_links":{"self":[{"href":"https:\/\/www.visit-ulcinj.com\/blog\/wp-json\/wp\/v2\/posts\/59194"}],"collection":[{"href":"https:\/\/www.visit-ulcinj.com\/blog\/wp-json\/wp\/v2\/posts"}],"about":[{"href":"https:\/\/www.visit-ulcinj.com\/blog\/wp-json\/wp\/v2\/types\/post"}],"author":[{"embeddable":true,"href":"https:\/\/www.visit-ulcinj.com\/blog\/wp-json\/wp\/v2\/users\/1"}],"replies":[{"embeddable":true,"href":"https:\/\/www.visit-ulcinj.com\/blog\/wp-json\/wp\/v2\/comments?post=59194"}],"version-history":[{"count":10,"href":"https:\/\/www.visit-ulcinj.com\/blog\/wp-json\/wp\/v2\/posts\/59194\/revisions"}],"predecessor-version":[{"id":106653,"href":"https:\/\/www.visit-ulcinj.com\/blog\/wp-json\/wp\/v2\/posts\/59194\/revisions\/106653"}],"wp:attachment":[{"href":"https:\/\/www.visit-ulcinj.com\/blog\/wp-json\/wp\/v2\/media?parent=59194"}],"wp:term":[{"taxonomy":"category","embeddable":true,"href":"https:\/\/www.visit-ulcinj.com\/blog\/wp-json\/wp\/v2\/categories?post=59194"},{"taxonomy":"post_tag","embeddable":true,"href":"https:\/\/www.visit-ulcinj.com\/blog\/wp-json\/wp\/v2\/tags?post=59194"}],"curies":[{"name":"wp","href":"https:\/\/api.w.org\/{rel}","templated":true}]}}