{"id":59199,"date":"2012-04-12T23:50:46","date_gmt":"2012-04-12T22:50:46","guid":{"rendered":"http:\/\/www.visit-ulcinj.com\/blog\/?p=59199"},"modified":"2012-04-12T23:52:17","modified_gmt":"2012-04-12T22:52:17","slug":"ftese-ne-perurimin-e-librave-te-dr-bahri-briskut-14-04-2012-ne-ora-1800","status":"publish","type":"post","link":"https:\/\/www.visit-ulcinj.com\/blog\/2012\/04\/12\/ftese-ne-perurimin-e-librave-te-dr-bahri-briskut-14-04-2012-ne-ora-1800\/","title":{"rendered":"Ftese ne perurimin e librave te Dr Bahri Briskut &#8211; 14.04.2012 n\u00eb ora 18:00"},"content":{"rendered":"<p><strong><a href=\"http:\/\/www.visit-ulcinj.com\/blog\/wp-content\/uploads\/2012\/04\/BAHRI-BRISKU-FTESA.jpg\"><img loading=\"lazy\" class=\"alignleft  wp-image-59200\" title=\"BAHRI BRISKU FTESA\" src=\"http:\/\/www.visit-ulcinj.com\/blog\/wp-content\/uploads\/2012\/04\/BAHRI-BRISKU-FTESA.jpg\" alt=\"\" width=\"508\" height=\"360\" \/><\/a>BIBLIOTEKA &#8211; QENDRA P\u00cbR KULTUR\u00cb &#8211; ULQIN<\/strong><\/p>\n<p><strong>ASOCIACIONI ULQINI &#8211; ULQIN<\/strong><\/p>\n<p><strong>BASHKIMI I KRIJUESVE SHQIPTAR\u00cb N\u00cb MAL T\u00cb ZI<\/strong><\/p>\n<p><strong>SHOQATA E ISH T\u00cb BURGOSURVE DHE T\u00cb P\u00cbRNDJEKURVE POLITIK T\u00cb SHQIPTAR\u00cbVE N\u00cb MAL T\u00cb ZI<\/strong><\/p>\n<p><strong>\u00a0<\/strong><\/p>\n<p>Organizojn\u00eb p\u00ebrurimin e librave<\/p>\n<p>&nbsp;<\/p>\n<p>1. KUSAR\u00cbT DHE DETAR\u00cbT SHQIPTAR\u00cb<\/p>\n<p>2. RUDINA MAGJIKE<\/p>\n<p>&nbsp;<\/p>\n<p>t\u00eb autorit dr. Bahri Brisku<\/p>\n<p>&nbsp;<\/p>\n<p>Salla e Bibliotek\u00ebs s\u00eb Qendr\u00ebs p\u00ebr kultur\u00eb ULQIN t\u00eb shtun\u00ebn m\u00eb 14.04.2012 n\u00eb ora 18<\/p>\n<p>&nbsp;<\/p>\n<p>Ju mirepresim<\/p>\n","protected":false},"excerpt":{"rendered":"<p>BIBLIOTEKA &#8211; QENDRA P\u00cbR KULTUR\u00cb &#8211; ULQIN ASOCIACIONI ULQINI &#8211; ULQIN BASHKIMI I KRIJUESVE SHQIPTAR\u00cb N\u00cb MAL T\u00cb ZI SHOQATA E ISH T\u00cb BURGOSURVE DHE T\u00cb P\u00cbRNDJEKURVE POLITIK T\u00cb SHQIPTAR\u00cbVE N\u00cb MAL T\u00cb ZI \u00a0 Organizojn\u00eb p\u00ebrurimin e librave &nbsp; 1. KUSAR\u00cbT DHE DETAR\u00cbT SHQIPTAR\u00cb 2. RUDINA MAGJIKE &nbsp; t\u00eb autorit dr. Bahri Brisku &nbsp; [&hellip;]<\/p>\n","protected":false},"author":1,"featured_media":0,"comment_status":"open","ping_status":"closed","sticky":false,"template":"","format":"standard","meta":{"spay_email":"","jetpack_publicize_message":"","jetpack_is_tweetstorm":false,"jetpack_publicize_feature_enabled":true},"categories":[4],"tags":[985,19579,200,18],"jetpack_publicize_connections":[],"yoast_head":"<!-- This site is optimized with the Yoast SEO plugin v19.1 - https:\/\/yoast.com\/wordpress\/plugins\/seo\/ -->\n<title>Ftese ne perurimin e librave te Dr Bahri Briskut - 14.04.2012 n\u00eb ora 18:00 - Lajme nga Ulqini<\/title>\n<meta name=\"description\" content=\"BIBLIOTEKA - QENDRA P\u00cbR KULTUR\u00cb - ULQIN ASOCIACIONI ULQINI - ULQIN BASHKIMI I KRIJUESVE SHQIPTAR\u00cb N\u00cb MAL T\u00cb ZI SHOQATA E ISH T\u00cb BURGOSURVE DHE T\u00cb\" \/>\n<meta name=\"robots\" content=\"index, follow, max-snippet:-1, max-image-preview:large, max-video-preview:-1\" \/>\n<link rel=\"canonical\" href=\"https:\/\/www.visit-ulcinj.com\/blog\/2012\/04\/12\/ftese-ne-perurimin-e-librave-te-dr-bahri-briskut-14-04-2012-ne-ora-1800\/\" \/>\n<meta property=\"og:locale\" content=\"en_US\" \/>\n<meta property=\"og:type\" content=\"article\" \/>\n<meta property=\"og:title\" content=\"Ftese ne perurimin e librave te Dr Bahri Briskut - 14.04.2012 n\u00eb ora 18:00 - Lajme nga Ulqini\" \/>\n<meta property=\"og:description\" content=\"BIBLIOTEKA - QENDRA P\u00cbR KULTUR\u00cb - ULQIN ASOCIACIONI ULQINI - ULQIN BASHKIMI I KRIJUESVE SHQIPTAR\u00cb N\u00cb MAL T\u00cb ZI SHOQATA E ISH T\u00cb BURGOSURVE DHE T\u00cb\" \/>\n<meta property=\"og:url\" content=\"https:\/\/www.visit-ulcinj.com\/blog\/2012\/04\/12\/ftese-ne-perurimin-e-librave-te-dr-bahri-briskut-14-04-2012-ne-ora-1800\/\" \/>\n<meta property=\"og:site_name\" content=\"Lajme nga Ulqini\" \/>\n<meta property=\"article:published_time\" content=\"2012-04-12T22:50:46+00:00\" \/>\n<meta property=\"article:modified_time\" content=\"2012-04-12T22:52:17+00:00\" \/>\n<meta property=\"og:image\" content=\"http:\/\/www.visit-ulcinj.com\/blog\/wp-content\/uploads\/2012\/04\/BAHRI-BRISKU-FTESA.jpg\" \/>\n<meta name=\"twitter:label1\" content=\"Written by\" \/>\n\t<meta name=\"twitter:data1\" content=\"ulqini\" \/>\n<script type=\"application\/ld+json\" class=\"yoast-schema-graph\">{\"@context\":\"https:\/\/schema.org\",\"@graph\":[{\"@type\":\"WebSite\",\"@id\":\"https:\/\/www.visit-ulcinj.com\/blog\/#website\",\"url\":\"https:\/\/www.visit-ulcinj.com\/blog\/\",\"name\":\"Lajme nga Ulqini\",\"description\":\"Lajme,Vijesti,Ulqini,Ulqin,Crna Gora,Mali i Zi\",\"potentialAction\":[{\"@type\":\"SearchAction\",\"target\":{\"@type\":\"EntryPoint\",\"urlTemplate\":\"https:\/\/www.visit-ulcinj.com\/blog\/?s={search_term_string}\"},\"query-input\":\"required name=search_term_string\"}],\"inLanguage\":\"en-US\"},{\"@type\":\"ImageObject\",\"inLanguage\":\"en-US\",\"@id\":\"https:\/\/www.visit-ulcinj.com\/blog\/2012\/04\/12\/ftese-ne-perurimin-e-librave-te-dr-bahri-briskut-14-04-2012-ne-ora-1800\/#primaryimage\",\"url\":\"https:\/\/www.visit-ulcinj.com\/blog\/wp-content\/uploads\/2012\/04\/BAHRI-BRISKU-FTESA.jpg\",\"contentUrl\":\"https:\/\/www.visit-ulcinj.com\/blog\/wp-content\/uploads\/2012\/04\/BAHRI-BRISKU-FTESA.jpg\",\"width\":\"1181\",\"height\":\"536\"},{\"@type\":\"WebPage\",\"@id\":\"https:\/\/www.visit-ulcinj.com\/blog\/2012\/04\/12\/ftese-ne-perurimin-e-librave-te-dr-bahri-briskut-14-04-2012-ne-ora-1800\/#webpage\",\"url\":\"https:\/\/www.visit-ulcinj.com\/blog\/2012\/04\/12\/ftese-ne-perurimin-e-librave-te-dr-bahri-briskut-14-04-2012-ne-ora-1800\/\",\"name\":\"Ftese ne perurimin e librave te Dr Bahri Briskut - 14.04.2012 n\u00eb ora 18:00 - Lajme nga Ulqini\",\"isPartOf\":{\"@id\":\"https:\/\/www.visit-ulcinj.com\/blog\/#website\"},\"primaryImageOfPage\":{\"@id\":\"https:\/\/www.visit-ulcinj.com\/blog\/2012\/04\/12\/ftese-ne-perurimin-e-librave-te-dr-bahri-briskut-14-04-2012-ne-ora-1800\/#primaryimage\"},\"datePublished\":\"2012-04-12T22:50:46+00:00\",\"dateModified\":\"2012-04-12T22:52:17+00:00\",\"author\":{\"@id\":\"https:\/\/www.visit-ulcinj.com\/blog\/#\/schema\/person\/dcab619c614d3038751c63bc2aadc06d\"},\"description\":\"BIBLIOTEKA - QENDRA P\u00cbR KULTUR\u00cb - ULQIN ASOCIACIONI ULQINI - ULQIN BASHKIMI I KRIJUESVE SHQIPTAR\u00cb N\u00cb MAL T\u00cb ZI SHOQATA E ISH T\u00cb BURGOSURVE DHE T\u00cb\",\"breadcrumb\":{\"@id\":\"https:\/\/www.visit-ulcinj.com\/blog\/2012\/04\/12\/ftese-ne-perurimin-e-librave-te-dr-bahri-briskut-14-04-2012-ne-ora-1800\/#breadcrumb\"},\"inLanguage\":\"en-US\",\"potentialAction\":[{\"@type\":\"ReadAction\",\"target\":[\"https:\/\/www.visit-ulcinj.com\/blog\/2012\/04\/12\/ftese-ne-perurimin-e-librave-te-dr-bahri-briskut-14-04-2012-ne-ora-1800\/\"]}]},{\"@type\":\"BreadcrumbList\",\"@id\":\"https:\/\/www.visit-ulcinj.com\/blog\/2012\/04\/12\/ftese-ne-perurimin-e-librave-te-dr-bahri-briskut-14-04-2012-ne-ora-1800\/#breadcrumb\",\"itemListElement\":[{\"@type\":\"ListItem\",\"position\":1,\"name\":\"Ftese ne perurimin e librave te Dr Bahri Briskut &#8211; 14.04.2012 n\u00eb ora 18:00\"}]},{\"@type\":\"Person\",\"@id\":\"https:\/\/www.visit-ulcinj.com\/blog\/#\/schema\/person\/dcab619c614d3038751c63bc2aadc06d\",\"name\":\"ulqini\",\"sameAs\":[\"http:\/\/www.visit-ulcinj.com\"],\"url\":\"https:\/\/www.visit-ulcinj.com\/blog\/author\/admin\/\"}]}<\/script>\n<!-- \/ Yoast SEO plugin. -->","yoast_head_json":{"title":"Ftese ne perurimin e librave te Dr Bahri Briskut - 14.04.2012 n\u00eb ora 18:00 - Lajme nga Ulqini","description":"BIBLIOTEKA - QENDRA P\u00cbR KULTUR\u00cb - ULQIN ASOCIACIONI ULQINI - ULQIN BASHKIMI I KRIJUESVE SHQIPTAR\u00cb N\u00cb MAL T\u00cb ZI SHOQATA E ISH T\u00cb BURGOSURVE DHE T\u00cb","robots":{"index":"index","follow":"follow","max-snippet":"max-snippet:-1","max-image-preview":"max-image-preview:large","max-video-preview":"max-video-preview:-1"},"canonical":"https:\/\/www.visit-ulcinj.com\/blog\/2012\/04\/12\/ftese-ne-perurimin-e-librave-te-dr-bahri-briskut-14-04-2012-ne-ora-1800\/","og_locale":"en_US","og_type":"article","og_title":"Ftese ne perurimin e librave te Dr Bahri Briskut - 14.04.2012 n\u00eb ora 18:00 - Lajme nga Ulqini","og_description":"BIBLIOTEKA - QENDRA P\u00cbR KULTUR\u00cb - ULQIN ASOCIACIONI ULQINI - ULQIN BASHKIMI I KRIJUESVE SHQIPTAR\u00cb N\u00cb MAL T\u00cb ZI SHOQATA E ISH T\u00cb BURGOSURVE DHE T\u00cb","og_url":"https:\/\/www.visit-ulcinj.com\/blog\/2012\/04\/12\/ftese-ne-perurimin-e-librave-te-dr-bahri-briskut-14-04-2012-ne-ora-1800\/","og_site_name":"Lajme nga Ulqini","article_published_time":"2012-04-12T22:50:46+00:00","article_modified_time":"2012-04-12T22:52:17+00:00","og_image":[{"url":"http:\/\/www.visit-ulcinj.com\/blog\/wp-content\/uploads\/2012\/04\/BAHRI-BRISKU-FTESA.jpg"}],"twitter_misc":{"Written by":"ulqini"},"schema":{"@context":"https:\/\/schema.org","@graph":[{"@type":"WebSite","@id":"https:\/\/www.visit-ulcinj.com\/blog\/#website","url":"https:\/\/www.visit-ulcinj.com\/blog\/","name":"Lajme nga Ulqini","description":"Lajme,Vijesti,Ulqini,Ulqin,Crna Gora,Mali i Zi","potentialAction":[{"@type":"SearchAction","target":{"@type":"EntryPoint","urlTemplate":"https:\/\/www.visit-ulcinj.com\/blog\/?s={search_term_string}"},"query-input":"required name=search_term_string"}],"inLanguage":"en-US"},{"@type":"ImageObject","inLanguage":"en-US","@id":"https:\/\/www.visit-ulcinj.com\/blog\/2012\/04\/12\/ftese-ne-perurimin-e-librave-te-dr-bahri-briskut-14-04-2012-ne-ora-1800\/#primaryimage","url":"https:\/\/www.visit-ulcinj.com\/blog\/wp-content\/uploads\/2012\/04\/BAHRI-BRISKU-FTESA.jpg","contentUrl":"https:\/\/www.visit-ulcinj.com\/blog\/wp-content\/uploads\/2012\/04\/BAHRI-BRISKU-FTESA.jpg","width":"1181","height":"536"},{"@type":"WebPage","@id":"https:\/\/www.visit-ulcinj.com\/blog\/2012\/04\/12\/ftese-ne-perurimin-e-librave-te-dr-bahri-briskut-14-04-2012-ne-ora-1800\/#webpage","url":"https:\/\/www.visit-ulcinj.com\/blog\/2012\/04\/12\/ftese-ne-perurimin-e-librave-te-dr-bahri-briskut-14-04-2012-ne-ora-1800\/","name":"Ftese ne perurimin e librave te Dr Bahri Briskut - 14.04.2012 n\u00eb ora 18:00 - Lajme nga Ulqini","isPartOf":{"@id":"https:\/\/www.visit-ulcinj.com\/blog\/#website"},"primaryImageOfPage":{"@id":"https:\/\/www.visit-ulcinj.com\/blog\/2012\/04\/12\/ftese-ne-perurimin-e-librave-te-dr-bahri-briskut-14-04-2012-ne-ora-1800\/#primaryimage"},"datePublished":"2012-04-12T22:50:46+00:00","dateModified":"2012-04-12T22:52:17+00:00","author":{"@id":"https:\/\/www.visit-ulcinj.com\/blog\/#\/schema\/person\/dcab619c614d3038751c63bc2aadc06d"},"description":"BIBLIOTEKA - QENDRA P\u00cbR KULTUR\u00cb - ULQIN ASOCIACIONI ULQINI - ULQIN BASHKIMI I KRIJUESVE SHQIPTAR\u00cb N\u00cb MAL T\u00cb ZI SHOQATA E ISH T\u00cb BURGOSURVE DHE T\u00cb","breadcrumb":{"@id":"https:\/\/www.visit-ulcinj.com\/blog\/2012\/04\/12\/ftese-ne-perurimin-e-librave-te-dr-bahri-briskut-14-04-2012-ne-ora-1800\/#breadcrumb"},"inLanguage":"en-US","potentialAction":[{"@type":"ReadAction","target":["https:\/\/www.visit-ulcinj.com\/blog\/2012\/04\/12\/ftese-ne-perurimin-e-librave-te-dr-bahri-briskut-14-04-2012-ne-ora-1800\/"]}]},{"@type":"BreadcrumbList","@id":"https:\/\/www.visit-ulcinj.com\/blog\/2012\/04\/12\/ftese-ne-perurimin-e-librave-te-dr-bahri-briskut-14-04-2012-ne-ora-1800\/#breadcrumb","itemListElement":[{"@type":"ListItem","position":1,"name":"Ftese ne perurimin e librave te Dr Bahri Briskut &#8211; 14.04.2012 n\u00eb ora 18:00"}]},{"@type":"Person","@id":"https:\/\/www.visit-ulcinj.com\/blog\/#\/schema\/person\/dcab619c614d3038751c63bc2aadc06d","name":"ulqini","sameAs":["http:\/\/www.visit-ulcinj.com"],"url":"https:\/\/www.visit-ulcinj.com\/blog\/author\/admin\/"}]}},"jetpack_featured_media_url":"","jetpack_sharing_enabled":true,"jetpack_shortlink":"https:\/\/wp.me\/pe6lTn-foP","_links":{"self":[{"href":"https:\/\/www.visit-ulcinj.com\/blog\/wp-json\/wp\/v2\/posts\/59199"}],"collection":[{"href":"https:\/\/www.visit-ulcinj.com\/blog\/wp-json\/wp\/v2\/posts"}],"about":[{"href":"https:\/\/www.visit-ulcinj.com\/blog\/wp-json\/wp\/v2\/types\/post"}],"author":[{"embeddable":true,"href":"https:\/\/www.visit-ulcinj.com\/blog\/wp-json\/wp\/v2\/users\/1"}],"replies":[{"embeddable":true,"href":"https:\/\/www.visit-ulcinj.com\/blog\/wp-json\/wp\/v2\/comments?post=59199"}],"version-history":[{"count":3,"href":"https:\/\/www.visit-ulcinj.com\/blog\/wp-json\/wp\/v2\/posts\/59199\/revisions"}],"predecessor-version":[{"id":59203,"href":"https:\/\/www.visit-ulcinj.com\/blog\/wp-json\/wp\/v2\/posts\/59199\/revisions\/59203"}],"wp:attachment":[{"href":"https:\/\/www.visit-ulcinj.com\/blog\/wp-json\/wp\/v2\/media?parent=59199"}],"wp:term":[{"taxonomy":"category","embeddable":true,"href":"https:\/\/www.visit-ulcinj.com\/blog\/wp-json\/wp\/v2\/categories?post=59199"},{"taxonomy":"post_tag","embeddable":true,"href":"https:\/\/www.visit-ulcinj.com\/blog\/wp-json\/wp\/v2\/tags?post=59199"}],"curies":[{"name":"wp","href":"https:\/\/api.w.org\/{rel}","templated":true}]}}