{"id":592,"date":"2008-02-20T16:59:12","date_gmt":"2008-02-20T21:59:12","guid":{"rendered":"http:\/\/www.visit-ulcinj.com\/blog\/2008\/02\/20\/gezim-i-mbytur-ne-malin-e-zi\/"},"modified":"2008-02-26T12:48:13","modified_gmt":"2008-02-26T17:48:13","slug":"gezim-i-mbytur-ne-malin-e-zi","status":"publish","type":"post","link":"https:\/\/www.visit-ulcinj.com\/blog\/2008\/02\/20\/gezim-i-mbytur-ne-malin-e-zi\/","title":{"rendered":"G\u00ebzim i mbytur n\u00eb Malin e Zi"},"content":{"rendered":"<p><a href=\"http:\/\/www.malesia.org\/ngjarjet\/2008\/shkurt\/malesia_feston_pavaresin_kosoves\/index.html\" title=\"ulcinj,ulqini,ulqin,montenegro\" target=\"_blank\"><img loading=\"lazy\" src=\"http:\/\/www.malesia.org\/ngjarjet\/2008\/shkurt\/malesia_feston_pavaresin_kosoves\/medium_DSC09034.jpg\" align=\"left\" height=\"268\" width=\"358\" \/><strong>Shqiptar\u00ebt fshehin flamujt komb\u00ebtar\u00eb. Festa, vet\u00ebm n\u00eb ambiente t\u00eb mbyllura<\/strong><\/a><br \/>\nShqiptar\u00ebt n\u00eb Mal t\u00eb Zi e kan\u00eb festuar t\u00eb mbyllur n\u00eb lokale e diskoteka fest\u00ebn e pavar\u00ebsis\u00eb s\u00eb Kosov\u00ebs. Kjo, sipas lider\u00ebve politik\u00eb shqiptar\u00eb t\u00eb Malit t\u00eb Zi, \u00ebsht\u00eb k\u00ebrkuar nga Ministria e Brendshme, diplomacia nd\u00ebrkomb\u00ebtare dhe n\u00eb ve\u00e7anti nga Ambasada Amerikane n\u00eb Podgoric\u00eb, p\u00ebr t\u00eb mos provokuar dhe shmangur incidentet me serb\u00ebt q\u00eb p\u00ebrb\u00ebjn\u00eb 32 p\u00ebr qind t\u00eb popullsis\u00eb s\u00eb shtetit t\u00eb vog\u00ebl. Nd\u00ebrkoh\u00eb, n\u00eb zon\u00ebn n\u00eb kufi me Shqip\u00ebrin\u00eb, ku popullsia \u00ebsht\u00eb t\u00ebr\u00ebsisht shqiptare, jan\u00eb par\u00eb polic\u00eb malazez\u00eb dhe njer\u00ebz t\u00eb sh\u00ebrbimeve sekrete duke fotografuar flamujt shqiptar\u00eb dhe njer\u00ebzit q\u00eb festonin.<\/p>\n<p>N\u00eb ndryshim nga atmosfera q\u00eb ishte n\u00eb gjith\u00eb trevat shqiptare, ku n\u00eb rrug\u00ebt kryesore ishin vendosur flamujt komb\u00ebtar\u00eb dhe mbizot\u00ebronte atmosfer\u00eb festive, n\u00eb Ulqin dhe Tuz, dy komuna k\u00ebto t\u00eb Malit t\u00eb Zi q\u00eb popullohen nga shumic\u00eb shqiptar\u00ebsh, atmosfera ishte krejt ndryshe. N\u00eb rrug\u00eb apo n\u00eb banesa nuk shihej asnj\u00eb flamur shqiptar. Dita t\u00eb ngjasonte m\u00eb nj\u00eb t\u00eb diel tipike pushimi. Shumica e dyqaneve ishin t\u00eb mbyllura dhe shum\u00eb pak njer\u00ebz l\u00ebviznin n\u00ebp\u00ebr rrug\u00eb. Vet\u00ebm n\u00eb mesdit\u00eb, n\u00eb selit\u00eb e Lidhjes Demokratike Shqiptare, n\u00eb Vladimir dhe n\u00eb selin\u00eb e Unionin Demokratik Shqiptar, n\u00eb Ulqin, jan\u00eb vendosur flamujt komb\u00ebtar\u00eb. K\u00ebta dy flamuj ishin t\u00eb vetmit n\u00eb t\u00eb gjith\u00eb Komun\u00ebn e Ulqinit dhe nuk kishin sesi t\u00eb tregonin atmosfer\u00eb feste, kur njer\u00ebzit nuk mund t\u00eb festonin n\u00eb rrug\u00eb. T\u00eb shtun\u00ebn, m\u00eb 16 shkurt, ministri i Brendsh\u00ebm i Malit t\u00eb Zi, n\u00eb gazet\u00ebn m\u00eb t\u00eb madhe n\u00eb vend &#8220;Vijesti&#8221;, u ka b\u00ebr\u00eb thirrje shqiptar\u00ebve t\u00eb mos dalin n\u00eb rrug\u00eb p\u00ebr t\u00eb festuar, por t\u00eb festojn\u00eb vet\u00ebm n\u00eb ambiente t\u00eb mbyllura. Lider\u00ebt kryesor\u00eb shqiptar\u00eb n\u00eb republik\u00ebn buz\u00eb Adriatikut thon\u00eb se ka qen\u00eb k\u00ebshilla e diplomat\u00ebve t\u00eb huaj, e n\u00eb ve\u00e7anti e ambasad\u00ebs amerikane dhe e Ministris\u00eb s\u00eb Brendshme Malit t\u00eb Zi, q\u00eb t\u00eb mos ket\u00eb festime n\u00eb rrug\u00eb, p\u00ebr t\u00eb mos provokuar serb\u00ebt e Malit t\u00eb Zi. Por m\u00eb tep\u00ebr se sa k\u00ebshilla e diplomacis\u00eb s\u00eb huaj, te shqiptar\u00ebt dallohej frika p\u00ebr t\u00eb folur hapur p\u00ebr pavar\u00ebsin\u00eb e Kosov\u00ebs. Njer\u00ebzit ndiheshin si t\u00eb ishin t\u00eb survejuar n\u00eb t\u00eb gjitha veprimet e tyre dhe m\u00eb pas mund t\u00eb jepnin llogari p\u00ebr at\u00eb \u00e7far\u00eb kishin b\u00ebr\u00eb. Kjo situat\u00eb aspak e zakont\u00eb n\u00eb komunat shqiptare t\u00eb Malit t\u00eb Zi t\u00eb kujton vet\u00ebm koh\u00ebn kur Mali i Zi ishte n\u00eb var\u00ebsi t\u00eb Serbis\u00eb, n\u00ebn diktatur\u00ebn e Sllobodan Milloshevi\u00e7it. Frika kuptohej edhe nga shmangia q\u00eb u b\u00ebnin qytetar\u00ebt e Ulqinit gazetar\u00ebve shqiptar\u00eb. Por kishte nga ata qytetar\u00eb q\u00eb e p\u00ebrsh\u00ebndesnin hapur pavar\u00ebsin\u00eb. &#8220;\u00cbsht\u00eb nj\u00eb dit\u00eb e sh\u00ebnuar p\u00ebr gjith\u00eb shqiptar\u00ebt pavar\u00ebsia e Kosov\u00ebs. Jemi tep\u00ebr t\u00eb g\u00ebzuar dhe ndihemi krenar\u00eb sot&#8221;, tha Jonuz Muharremi, nj\u00eb banor i Ulqinit. Kosovar\u00ebt q\u00eb punojn\u00eb e jetojn\u00eb n\u00eb Ulqin jan\u00eb shprehur tep\u00ebr t\u00eb pak\u00ebnaqur me m\u00ebnyr\u00ebn e festimit. Nj\u00ebri prej tyre, Arduan Shaqiri, tha se s\u00eb bashku me dy shok\u00ebt, po nisej p\u00ebr Kosov\u00eb, pasi n\u00eb Ulqin nuk po festohej. &#8220;Nuk e dim\u00eb pse k\u00ebtu nuk po festohet, n\u00eb nj\u00eb koh\u00eb kur n\u00eb t\u00eb gjith\u00eb bot\u00ebn ku ka shqiptar\u00eb festa ka nisur&#8221;, tha Arduani.<\/p>\n<p>N\u00eb Ulqin, festa filloi n\u00eb or\u00ebn 15.50 minuta, kur Kuvendi i Kosov\u00ebs shpalli Pavar\u00ebsin\u00eb e vendit. Por kjo fest\u00eb, e organizuar nga Unioni Demokratik Shqiptar, u zhvillua n\u00eb ambientet e mbyllura t\u00eb nj\u00eb diskoteke, pran\u00eb plazhit t\u00eb vog\u00ebl. Diskoteka dukej si territor i ambasad\u00ebs shqiptare. Gjithandej shihje flamuj kuqezi. Por jasht\u00eb atyre mureve, duhej t\u00eb harroje gjith\u00e7ka q\u00eb kishte t\u00eb b\u00ebnte me fest\u00ebn.<\/p>\n<p>Lider\u00ebt kryesor\u00eb politik\u00eb shqiptar\u00eb n\u00eb Mal t\u00eb Zi kan\u00eb dh\u00ebn\u00eb disa deklarata p\u00ebr t\u00eb p\u00ebrsh\u00ebndetur pavar\u00ebsin\u00eb e Kosov\u00ebs. K\u00ebshtu, pavar\u00ebsin\u00eb e Kosov\u00ebs e p\u00ebrsh\u00ebndet\u00ebn n\u00ebp\u00ebrmjet gazet\u00ebs &#8220;Shqip&#8221;, deputeti Ferhat Dinosha, ministri i Pakicave n\u00eb Mal t\u00eb Zi, Fuat Nimani, kryetari i Komun\u00ebs s\u00eb Ulqinit, G\u00ebzim Hajdinaga, kreu i Partis\u00eb Forca e Re Demokratike, Nazif Cungu, kryetari Lidhjes Demokratike p\u00ebr an\u00ebn e malit n\u00eb Vladimir, Hajredin Kova\u00e7i etj.<\/p>\n<p>K\u00ebshilla<\/p>\n<p>Diplomacia nd\u00ebrkomb\u00ebtare ka k\u00ebrkuar q\u00eb festa e pavar\u00ebsis\u00eb s\u00eb Kosov\u00ebs t\u00eb mos festohet me shum\u00eb buj\u00eb, sidomos n\u00eb zonat e nxehta. Por kjo nuk u mor parasysh n\u00eb Maqedoni, ku shqiptar\u00ebt festuan n\u00eb rrug\u00ebt dhe n\u00eb sheshet kryesore t\u00eb qyteteve. Vet\u00ebm shqiptar\u00ebt e Malit t\u00eb Zi u q\u00ebndruan besnik\u00eb k\u00ebshillave p\u00ebr t\u00eb mos festuar n\u00ebp\u00ebr rrug\u00eb<\/p>\n<p>Pozitat<\/p>\n<p>Shqiptar\u00ebt p\u00ebrb\u00ebjn\u00eb 7 p\u00ebr qind t\u00eb popullsis\u00eb n\u00eb Malin e Zi dhe jan\u00eb t\u00eb vendosur n\u00eb pjes\u00ebn jugore t\u00eb vendit. Shumica e popullsis\u00eb, 44 p\u00ebr qind, jan\u00eb malazez\u00eb, 33 p\u00ebr qind jan\u00eb serb\u00eb dhe 14 p\u00ebr qind boshnjak\u00eb. Megjith\u00ebse jan\u00eb komuniteti m\u00eb i vog\u00ebl, shqiptar\u00ebt luajt\u00ebn rol vendimtar n\u00eb referendumin p\u00ebr shk\u00ebputjen e Malit t\u00eb Zi nga Serbia<\/p>\n<p>GazetaShqip<\/p>\n","protected":false},"excerpt":{"rendered":"<p><img loading=\"lazy\" src=\"http:\/\/www.malesia.org\/ngjarjet\/2008\/shkurt\/malesia_feston_pavaresin_kosoves\/medium_DSC09034.jpg\" align=\"left\" height=\"140\" width=\"140\" \/><\/p>\n","protected":false},"author":1,"featured_media":0,"comment_status":"open","ping_status":"closed","sticky":false,"template":"","format":"standard","meta":{"spay_email":"","jetpack_publicize_message":"","jetpack_is_tweetstorm":false,"jetpack_publicize_feature_enabled":true},"categories":[6],"tags":[1767,1403,1765,89,1868,1766,1505,117,325,503,1799,195,235,1645,200,1388],"jetpack_publicize_connections":[],"yoast_head":"<!-- This site is optimized with the Yoast SEO plugin v19.1 - https:\/\/yoast.com\/wordpress\/plugins\/seo\/ -->\n<title>G\u00ebzim i mbytur n\u00eb Malin e Zi - Lajme nga Ulqini<\/title>\n<meta name=\"robots\" content=\"index, follow, max-snippet:-1, max-image-preview:large, max-video-preview:-1\" \/>\n<link rel=\"canonical\" href=\"https:\/\/www.visit-ulcinj.com\/blog\/2008\/02\/20\/gezim-i-mbytur-ne-malin-e-zi\/\" \/>\n<meta property=\"og:locale\" content=\"en_US\" \/>\n<meta property=\"og:type\" content=\"article\" \/>\n<meta property=\"og:title\" content=\"G\u00ebzim i mbytur n\u00eb Malin e Zi - Lajme nga Ulqini\" \/>\n<meta property=\"og:url\" content=\"https:\/\/www.visit-ulcinj.com\/blog\/2008\/02\/20\/gezim-i-mbytur-ne-malin-e-zi\/\" \/>\n<meta property=\"og:site_name\" content=\"Lajme nga Ulqini\" \/>\n<meta property=\"article:published_time\" content=\"2008-02-20T21:59:12+00:00\" \/>\n<meta property=\"article:modified_time\" content=\"2008-02-26T17:48:13+00:00\" \/>\n<meta property=\"og:image\" content=\"http:\/\/www.malesia.org\/ngjarjet\/2008\/shkurt\/malesia_feston_pavaresin_kosoves\/medium_DSC09034.jpg\" \/>\n<meta name=\"twitter:label1\" content=\"Written by\" \/>\n\t<meta name=\"twitter:data1\" content=\"ulqini\" \/>\n\t<meta name=\"twitter:label2\" content=\"Est. reading time\" \/>\n\t<meta name=\"twitter:data2\" content=\"4 minutes\" \/>\n<script type=\"application\/ld+json\" class=\"yoast-schema-graph\">{\"@context\":\"https:\/\/schema.org\",\"@graph\":[{\"@type\":\"WebSite\",\"@id\":\"https:\/\/www.visit-ulcinj.com\/blog\/#website\",\"url\":\"https:\/\/www.visit-ulcinj.com\/blog\/\",\"name\":\"Lajme nga Ulqini\",\"description\":\"Lajme,Vijesti,Ulqini,Ulqin,Crna Gora,Mali i Zi\",\"potentialAction\":[{\"@type\":\"SearchAction\",\"target\":{\"@type\":\"EntryPoint\",\"urlTemplate\":\"https:\/\/www.visit-ulcinj.com\/blog\/?s={search_term_string}\"},\"query-input\":\"required name=search_term_string\"}],\"inLanguage\":\"en-US\"},{\"@type\":\"ImageObject\",\"inLanguage\":\"en-US\",\"@id\":\"https:\/\/www.visit-ulcinj.com\/blog\/2008\/02\/20\/gezim-i-mbytur-ne-malin-e-zi\/#primaryimage\",\"url\":\"http:\/\/www.malesia.org\/ngjarjet\/2008\/shkurt\/malesia_feston_pavaresin_kosoves\/medium_DSC09034.jpg\",\"contentUrl\":\"http:\/\/www.malesia.org\/ngjarjet\/2008\/shkurt\/malesia_feston_pavaresin_kosoves\/medium_DSC09034.jpg\"},{\"@type\":\"WebPage\",\"@id\":\"https:\/\/www.visit-ulcinj.com\/blog\/2008\/02\/20\/gezim-i-mbytur-ne-malin-e-zi\/#webpage\",\"url\":\"https:\/\/www.visit-ulcinj.com\/blog\/2008\/02\/20\/gezim-i-mbytur-ne-malin-e-zi\/\",\"name\":\"G\u00ebzim i mbytur n\u00eb Malin e Zi - Lajme nga Ulqini\",\"isPartOf\":{\"@id\":\"https:\/\/www.visit-ulcinj.com\/blog\/#website\"},\"primaryImageOfPage\":{\"@id\":\"https:\/\/www.visit-ulcinj.com\/blog\/2008\/02\/20\/gezim-i-mbytur-ne-malin-e-zi\/#primaryimage\"},\"datePublished\":\"2008-02-20T21:59:12+00:00\",\"dateModified\":\"2008-02-26T17:48:13+00:00\",\"author\":{\"@id\":\"https:\/\/www.visit-ulcinj.com\/blog\/#\/schema\/person\/dcab619c614d3038751c63bc2aadc06d\"},\"breadcrumb\":{\"@id\":\"https:\/\/www.visit-ulcinj.com\/blog\/2008\/02\/20\/gezim-i-mbytur-ne-malin-e-zi\/#breadcrumb\"},\"inLanguage\":\"en-US\",\"potentialAction\":[{\"@type\":\"ReadAction\",\"target\":[\"https:\/\/www.visit-ulcinj.com\/blog\/2008\/02\/20\/gezim-i-mbytur-ne-malin-e-zi\/\"]}]},{\"@type\":\"BreadcrumbList\",\"@id\":\"https:\/\/www.visit-ulcinj.com\/blog\/2008\/02\/20\/gezim-i-mbytur-ne-malin-e-zi\/#breadcrumb\",\"itemListElement\":[{\"@type\":\"ListItem\",\"position\":1,\"name\":\"G\u00ebzim i mbytur n\u00eb Malin e Zi\"}]},{\"@type\":\"Person\",\"@id\":\"https:\/\/www.visit-ulcinj.com\/blog\/#\/schema\/person\/dcab619c614d3038751c63bc2aadc06d\",\"name\":\"ulqini\",\"sameAs\":[\"http:\/\/www.visit-ulcinj.com\"],\"url\":\"https:\/\/www.visit-ulcinj.com\/blog\/author\/admin\/\"}]}<\/script>\n<!-- \/ Yoast SEO plugin. -->","yoast_head_json":{"title":"G\u00ebzim i mbytur n\u00eb Malin e Zi - Lajme nga Ulqini","robots":{"index":"index","follow":"follow","max-snippet":"max-snippet:-1","max-image-preview":"max-image-preview:large","max-video-preview":"max-video-preview:-1"},"canonical":"https:\/\/www.visit-ulcinj.com\/blog\/2008\/02\/20\/gezim-i-mbytur-ne-malin-e-zi\/","og_locale":"en_US","og_type":"article","og_title":"G\u00ebzim i mbytur n\u00eb Malin e Zi - Lajme nga Ulqini","og_url":"https:\/\/www.visit-ulcinj.com\/blog\/2008\/02\/20\/gezim-i-mbytur-ne-malin-e-zi\/","og_site_name":"Lajme nga Ulqini","article_published_time":"2008-02-20T21:59:12+00:00","article_modified_time":"2008-02-26T17:48:13+00:00","og_image":[{"url":"http:\/\/www.malesia.org\/ngjarjet\/2008\/shkurt\/malesia_feston_pavaresin_kosoves\/medium_DSC09034.jpg"}],"twitter_misc":{"Written by":"ulqini","Est. reading time":"4 minutes"},"schema":{"@context":"https:\/\/schema.org","@graph":[{"@type":"WebSite","@id":"https:\/\/www.visit-ulcinj.com\/blog\/#website","url":"https:\/\/www.visit-ulcinj.com\/blog\/","name":"Lajme nga Ulqini","description":"Lajme,Vijesti,Ulqini,Ulqin,Crna Gora,Mali i Zi","potentialAction":[{"@type":"SearchAction","target":{"@type":"EntryPoint","urlTemplate":"https:\/\/www.visit-ulcinj.com\/blog\/?s={search_term_string}"},"query-input":"required name=search_term_string"}],"inLanguage":"en-US"},{"@type":"ImageObject","inLanguage":"en-US","@id":"https:\/\/www.visit-ulcinj.com\/blog\/2008\/02\/20\/gezim-i-mbytur-ne-malin-e-zi\/#primaryimage","url":"http:\/\/www.malesia.org\/ngjarjet\/2008\/shkurt\/malesia_feston_pavaresin_kosoves\/medium_DSC09034.jpg","contentUrl":"http:\/\/www.malesia.org\/ngjarjet\/2008\/shkurt\/malesia_feston_pavaresin_kosoves\/medium_DSC09034.jpg"},{"@type":"WebPage","@id":"https:\/\/www.visit-ulcinj.com\/blog\/2008\/02\/20\/gezim-i-mbytur-ne-malin-e-zi\/#webpage","url":"https:\/\/www.visit-ulcinj.com\/blog\/2008\/02\/20\/gezim-i-mbytur-ne-malin-e-zi\/","name":"G\u00ebzim i mbytur n\u00eb Malin e Zi - Lajme nga Ulqini","isPartOf":{"@id":"https:\/\/www.visit-ulcinj.com\/blog\/#website"},"primaryImageOfPage":{"@id":"https:\/\/www.visit-ulcinj.com\/blog\/2008\/02\/20\/gezim-i-mbytur-ne-malin-e-zi\/#primaryimage"},"datePublished":"2008-02-20T21:59:12+00:00","dateModified":"2008-02-26T17:48:13+00:00","author":{"@id":"https:\/\/www.visit-ulcinj.com\/blog\/#\/schema\/person\/dcab619c614d3038751c63bc2aadc06d"},"breadcrumb":{"@id":"https:\/\/www.visit-ulcinj.com\/blog\/2008\/02\/20\/gezim-i-mbytur-ne-malin-e-zi\/#breadcrumb"},"inLanguage":"en-US","potentialAction":[{"@type":"ReadAction","target":["https:\/\/www.visit-ulcinj.com\/blog\/2008\/02\/20\/gezim-i-mbytur-ne-malin-e-zi\/"]}]},{"@type":"BreadcrumbList","@id":"https:\/\/www.visit-ulcinj.com\/blog\/2008\/02\/20\/gezim-i-mbytur-ne-malin-e-zi\/#breadcrumb","itemListElement":[{"@type":"ListItem","position":1,"name":"G\u00ebzim i mbytur n\u00eb Malin e Zi"}]},{"@type":"Person","@id":"https:\/\/www.visit-ulcinj.com\/blog\/#\/schema\/person\/dcab619c614d3038751c63bc2aadc06d","name":"ulqini","sameAs":["http:\/\/www.visit-ulcinj.com"],"url":"https:\/\/www.visit-ulcinj.com\/blog\/author\/admin\/"}]}},"jetpack_featured_media_url":"","jetpack_sharing_enabled":true,"jetpack_shortlink":"https:\/\/wp.me\/pe6lTn-9y","_links":{"self":[{"href":"https:\/\/www.visit-ulcinj.com\/blog\/wp-json\/wp\/v2\/posts\/592"}],"collection":[{"href":"https:\/\/www.visit-ulcinj.com\/blog\/wp-json\/wp\/v2\/posts"}],"about":[{"href":"https:\/\/www.visit-ulcinj.com\/blog\/wp-json\/wp\/v2\/types\/post"}],"author":[{"embeddable":true,"href":"https:\/\/www.visit-ulcinj.com\/blog\/wp-json\/wp\/v2\/users\/1"}],"replies":[{"embeddable":true,"href":"https:\/\/www.visit-ulcinj.com\/blog\/wp-json\/wp\/v2\/comments?post=592"}],"version-history":[{"count":0,"href":"https:\/\/www.visit-ulcinj.com\/blog\/wp-json\/wp\/v2\/posts\/592\/revisions"}],"wp:attachment":[{"href":"https:\/\/www.visit-ulcinj.com\/blog\/wp-json\/wp\/v2\/media?parent=592"}],"wp:term":[{"taxonomy":"category","embeddable":true,"href":"https:\/\/www.visit-ulcinj.com\/blog\/wp-json\/wp\/v2\/categories?post=592"},{"taxonomy":"post_tag","embeddable":true,"href":"https:\/\/www.visit-ulcinj.com\/blog\/wp-json\/wp\/v2\/tags?post=592"}],"curies":[{"name":"wp","href":"https:\/\/api.w.org\/{rel}","templated":true}]}}