{"id":59214,"date":"2012-04-13T09:25:35","date_gmt":"2012-04-13T08:25:35","guid":{"rendered":"http:\/\/www.visit-ulcinj.com\/blog\/?p=59214"},"modified":"2012-04-13T09:25:35","modified_gmt":"2012-04-13T08:25:35","slug":"te-specifikohet-kush-eshte-pakice-ne-mal-te-zi","status":"publish","type":"post","link":"https:\/\/www.visit-ulcinj.com\/blog\/2012\/04\/13\/te-specifikohet-kush-eshte-pakice-ne-mal-te-zi\/","title":{"rendered":"T\u00eb Specifikohet kush \u00ebsht\u00eb pakic\u00eb n\u00eb Mal t\u00eb Zi"},"content":{"rendered":"<div id=\"attachment_59215\" style=\"width: 518px\" class=\"wp-caption alignleft\"><a href=\"http:\/\/www.visit-ulcinj.com\/blog\/wp-content\/uploads\/2012\/04\/TAHIR-TAHIRISHERBO-RASTODER.jpg\"><img aria-describedby=\"caption-attachment-59215\" loading=\"lazy\" class=\" wp-image-59215\" title=\"TAHIR TAHIRI,SHERBO RASTODER,\" src=\"http:\/\/www.visit-ulcinj.com\/blog\/wp-content\/uploads\/2012\/04\/TAHIR-TAHIRISHERBO-RASTODER.jpg\" alt=\"\" width=\"508\" height=\"360\" \/><\/a><p id=\"caption-attachment-59215\" class=\"wp-caption-text\">Foto: Tahir Tahiri<\/p><\/div>\n<p>P\u00ebrfaq\u00ebsuesit e t\u00eb gjitha k\u00ebshillave nacionale n\u00eb Mal t\u00eb Zi jan\u00eb k\u00ebmb\u00ebngul\u00ebs se me Draftligjin mbi t\u00eb drejtat e lirit\u00eb t\u00eb pakicave duhet sakt\u00ebsisht se cilat jan\u00eb pakicat n\u00eb k\u00ebt\u00eb shtet dhe p\u00ebr cilat bashk\u00ebsi nacionale ka t\u00eb b\u00ebj\u00eb ai akt,njofton KosovaLive.<\/p>\n<p>Ndiqni versionin origjinal nga Agjensia MINA<\/p>\n<div id=\"attachment_59216\" style=\"width: 518px\" class=\"wp-caption alignleft\"><a href=\"http:\/\/www.visit-ulcinj.com\/blog\/wp-content\/uploads\/2012\/04\/TAHIR-TAHIRISHERBO-RASTODER.1.jpg\"><img aria-describedby=\"caption-attachment-59216\" loading=\"lazy\" class=\" wp-image-59216\" title=\"TAHIR TAHIRI,SHERBO RASTODER,.1\" src=\"http:\/\/www.visit-ulcinj.com\/blog\/wp-content\/uploads\/2012\/04\/TAHIR-TAHIRISHERBO-RASTODER.1.jpg\" alt=\"\" width=\"508\" height=\"300\" \/><\/a><p id=\"caption-attachment-59216\" class=\"wp-caption-text\">Foto: Tahir Tahiri<\/p><\/div>\n<p>&nbsp;<\/p>\n<p><strong>Precizirati ko su manjine u Crnoj Gori<\/strong><strong><\/strong><\/p>\n<p>Nacrt Zakona o izmjenama i dopunama Zakona o manjinskim pravima i slobodama trebalo bi da sadr\u017ei preciznu odredbu o tome ko su manjine u Crnoj Gori i na koje se nacionalne zajednice taj akt odnosi, ocijenjeno je na sastanku predsjednika nacionalnih savjeta, prenosi Mina.<\/p>\n<p>Sastanku odr\u017eanom u Ulcinju prisustvovali su predsjednici Albanskog, Bo\u0161nja\u010dkog, Hrvatskog, Muslimanskog, Srpskog i Romskog savjeta &#8211; Tahir Tahiri, \u0160erbo Rastoder, Miroslav Franovi\u0107, Sabrija Vuli\u0107 , Mom\u010dilo Vuksanovi\u0107 i Isen Ga\u0161.<\/p>\n<p>Kako je saop\u0161teno nakon sastanka, predsjednici savjeta saglasili su se da njihovi predstavnici u radnoj grupi za pripremu predloga Zakona o izmjenama i dopunama Zakona o manjinskim pravima i slobodama budu Rastoder i Tahiri.<\/p>\n<p>\u201ePredsjednici Savjeta insistiraju na depolitizaciji procesa novih izbora savjeta, i saglasno tome imaju mandat da insistiraju na rje\u0161enju po kojem bi svi \u010dlanovi savjeta bili izabrani na elektorskoj skup\u0161tini, kao i na tome da to pravo imaju svi punoljetni gra\u0111ani\u201c, zaklju\u010deno je na sastanku.<\/p>\n<p>Oni smatraju da tek po dobijanju cjelovitog predloga nacrta izmjena Zakona o manjinskim pravima i slobodama mogu nadle\u017enom ministarstvu dostaviti primjedbe, nakon \u0161to prethodno organizuju raspravu unutar svojih nacionalnih zajednica, odnosno savjeta, zajedno sa svim zainteresovanim subjektima kojih se ti\u010de ova problematika.<\/p>\n<p>\u201ePrema mi\u0161ljenju predsjednika savjeta, nacrt Zakona bi trebalo da sadr\u017ei preciznu odredbu o tome ko su manjine u Crnoj Gori i o tome na koje se nacionalne zajednice odnosi Zakon o manjinama\u201c, ka\u017ee se u saop\u0161tenju.<\/p>\n<p>Na sastanku je zaklju\u010deno i da bi trebalo razmi\u0161ljati o neposrednim izborima za sastav novih savjeta.<\/p>\n<p>Predsjednici Savjeta smatraju da se regulativa Fonda za manjine ne mo\u017ee mijenjati do izglasavanja izmjena i dopuna Zakona o manjinama<\/p>\n<p>Oni su se saglasili da je Fond za manjine institucija isklju\u010divo za podr\u0161ku razvoja manjinskih i etni\u010dkih prava u Crnoj Gori.<\/p>\n<p>\u201cPredsjednici Savjeta insistiraju da njihovi predstavnici participiraju u Upravnom odboru Fonda za manjine\u201d, ka\u017ee se u saop\u0161tenju.<\/p>\n<p>Oni, kako se navodi, sugeri\u0161u da se novac iz Fonda za manjine dijele dva puta godi\u0161nje, u skladu sa postoje\u0107om regulativom Fonda.<\/p>\n<p><strong>Analitika &#8211; Informativni Portal<\/strong><\/p>\n","protected":false},"excerpt":{"rendered":"<p>P\u00ebrfaq\u00ebsuesit e t\u00eb gjitha k\u00ebshillave nacionale n\u00eb Mal t\u00eb Zi jan\u00eb k\u00ebmb\u00ebngul\u00ebs se me Draftligjin mbi t\u00eb drejtat e lirit\u00eb t\u00eb pakicave duhet sakt\u00ebsisht se cilat jan\u00eb pakicat n\u00eb k\u00ebt\u00eb shtet dhe p\u00ebr cilat bashk\u00ebsi nacionale ka t\u00eb b\u00ebj\u00eb ai akt,njofton KosovaLive. Ndiqni versionin origjinal nga Agjensia MINA &nbsp; Precizirati ko su manjine u Crnoj [&hellip;]<\/p>\n","protected":false},"author":1,"featured_media":0,"comment_status":"open","ping_status":"closed","sticky":false,"template":"","format":"standard","meta":{"spay_email":"","jetpack_publicize_message":"","jetpack_is_tweetstorm":false,"jetpack_publicize_feature_enabled":true},"categories":[14],"tags":[20311,496,899,200,18],"jetpack_publicize_connections":[],"yoast_head":"<!-- This site is optimized with the Yoast SEO plugin v19.1 - https:\/\/yoast.com\/wordpress\/plugins\/seo\/ -->\n<title>T\u00eb Specifikohet kush \u00ebsht\u00eb pakic\u00eb n\u00eb Mal t\u00eb Zi - Lajme nga Ulqini<\/title>\n<meta name=\"description\" content=\"P\u00ebrfaq\u00ebsuesit e t\u00eb gjitha k\u00ebshillave nacionale n\u00eb Mal t\u00eb Zi jan\u00eb k\u00ebmb\u00ebngul\u00ebs se me Draftligjin mbi t\u00eb drejtat e lirit\u00eb t\u00eb pakicave duhet sakt\u00ebsisht se\" \/>\n<meta name=\"robots\" content=\"index, follow, max-snippet:-1, max-image-preview:large, max-video-preview:-1\" \/>\n<link rel=\"canonical\" href=\"https:\/\/www.visit-ulcinj.com\/blog\/2012\/04\/13\/te-specifikohet-kush-eshte-pakice-ne-mal-te-zi\/\" \/>\n<meta property=\"og:locale\" content=\"en_US\" \/>\n<meta property=\"og:type\" content=\"article\" \/>\n<meta property=\"og:title\" content=\"T\u00eb Specifikohet kush \u00ebsht\u00eb pakic\u00eb n\u00eb Mal t\u00eb Zi - Lajme nga Ulqini\" \/>\n<meta property=\"og:description\" content=\"P\u00ebrfaq\u00ebsuesit e t\u00eb gjitha k\u00ebshillave nacionale n\u00eb Mal t\u00eb Zi jan\u00eb k\u00ebmb\u00ebngul\u00ebs se me Draftligjin mbi t\u00eb drejtat e lirit\u00eb t\u00eb pakicave duhet sakt\u00ebsisht se\" \/>\n<meta property=\"og:url\" content=\"https:\/\/www.visit-ulcinj.com\/blog\/2012\/04\/13\/te-specifikohet-kush-eshte-pakice-ne-mal-te-zi\/\" \/>\n<meta property=\"og:site_name\" content=\"Lajme nga Ulqini\" \/>\n<meta property=\"article:published_time\" content=\"2012-04-13T08:25:35+00:00\" \/>\n<meta property=\"og:image\" content=\"http:\/\/www.visit-ulcinj.com\/blog\/wp-content\/uploads\/2012\/04\/TAHIR-TAHIRISHERBO-RASTODER.jpg\" \/>\n<meta name=\"twitter:label1\" content=\"Written by\" \/>\n\t<meta name=\"twitter:data1\" content=\"ulqini\" \/>\n\t<meta name=\"twitter:label2\" content=\"Est. reading time\" \/>\n\t<meta name=\"twitter:data2\" content=\"2 minutes\" \/>\n<script type=\"application\/ld+json\" class=\"yoast-schema-graph\">{\"@context\":\"https:\/\/schema.org\",\"@graph\":[{\"@type\":\"WebSite\",\"@id\":\"https:\/\/www.visit-ulcinj.com\/blog\/#website\",\"url\":\"https:\/\/www.visit-ulcinj.com\/blog\/\",\"name\":\"Lajme nga Ulqini\",\"description\":\"Lajme,Vijesti,Ulqini,Ulqin,Crna Gora,Mali i Zi\",\"potentialAction\":[{\"@type\":\"SearchAction\",\"target\":{\"@type\":\"EntryPoint\",\"urlTemplate\":\"https:\/\/www.visit-ulcinj.com\/blog\/?s={search_term_string}\"},\"query-input\":\"required name=search_term_string\"}],\"inLanguage\":\"en-US\"},{\"@type\":\"ImageObject\",\"inLanguage\":\"en-US\",\"@id\":\"https:\/\/www.visit-ulcinj.com\/blog\/2012\/04\/13\/te-specifikohet-kush-eshte-pakice-ne-mal-te-zi\/#primaryimage\",\"url\":\"https:\/\/www.visit-ulcinj.com\/blog\/wp-content\/uploads\/2012\/04\/TAHIR-TAHIRISHERBO-RASTODER.jpg\",\"contentUrl\":\"https:\/\/www.visit-ulcinj.com\/blog\/wp-content\/uploads\/2012\/04\/TAHIR-TAHIRISHERBO-RASTODER.jpg\",\"width\":\"720\",\"height\":\"540\"},{\"@type\":\"WebPage\",\"@id\":\"https:\/\/www.visit-ulcinj.com\/blog\/2012\/04\/13\/te-specifikohet-kush-eshte-pakice-ne-mal-te-zi\/#webpage\",\"url\":\"https:\/\/www.visit-ulcinj.com\/blog\/2012\/04\/13\/te-specifikohet-kush-eshte-pakice-ne-mal-te-zi\/\",\"name\":\"T\u00eb Specifikohet kush \u00ebsht\u00eb pakic\u00eb n\u00eb Mal t\u00eb Zi - Lajme nga Ulqini\",\"isPartOf\":{\"@id\":\"https:\/\/www.visit-ulcinj.com\/blog\/#website\"},\"primaryImageOfPage\":{\"@id\":\"https:\/\/www.visit-ulcinj.com\/blog\/2012\/04\/13\/te-specifikohet-kush-eshte-pakice-ne-mal-te-zi\/#primaryimage\"},\"datePublished\":\"2012-04-13T08:25:35+00:00\",\"dateModified\":\"2012-04-13T08:25:35+00:00\",\"author\":{\"@id\":\"https:\/\/www.visit-ulcinj.com\/blog\/#\/schema\/person\/dcab619c614d3038751c63bc2aadc06d\"},\"description\":\"P\u00ebrfaq\u00ebsuesit e t\u00eb gjitha k\u00ebshillave nacionale n\u00eb Mal t\u00eb Zi jan\u00eb k\u00ebmb\u00ebngul\u00ebs se me Draftligjin mbi t\u00eb drejtat e lirit\u00eb t\u00eb pakicave duhet sakt\u00ebsisht se\",\"breadcrumb\":{\"@id\":\"https:\/\/www.visit-ulcinj.com\/blog\/2012\/04\/13\/te-specifikohet-kush-eshte-pakice-ne-mal-te-zi\/#breadcrumb\"},\"inLanguage\":\"en-US\",\"potentialAction\":[{\"@type\":\"ReadAction\",\"target\":[\"https:\/\/www.visit-ulcinj.com\/blog\/2012\/04\/13\/te-specifikohet-kush-eshte-pakice-ne-mal-te-zi\/\"]}]},{\"@type\":\"BreadcrumbList\",\"@id\":\"https:\/\/www.visit-ulcinj.com\/blog\/2012\/04\/13\/te-specifikohet-kush-eshte-pakice-ne-mal-te-zi\/#breadcrumb\",\"itemListElement\":[{\"@type\":\"ListItem\",\"position\":1,\"name\":\"T\u00eb Specifikohet kush \u00ebsht\u00eb pakic\u00eb n\u00eb Mal t\u00eb Zi\"}]},{\"@type\":\"Person\",\"@id\":\"https:\/\/www.visit-ulcinj.com\/blog\/#\/schema\/person\/dcab619c614d3038751c63bc2aadc06d\",\"name\":\"ulqini\",\"sameAs\":[\"http:\/\/www.visit-ulcinj.com\"],\"url\":\"https:\/\/www.visit-ulcinj.com\/blog\/author\/admin\/\"}]}<\/script>\n<!-- \/ Yoast SEO plugin. -->","yoast_head_json":{"title":"T\u00eb Specifikohet kush \u00ebsht\u00eb pakic\u00eb n\u00eb Mal t\u00eb Zi - Lajme nga Ulqini","description":"P\u00ebrfaq\u00ebsuesit e t\u00eb gjitha k\u00ebshillave nacionale n\u00eb Mal t\u00eb Zi jan\u00eb k\u00ebmb\u00ebngul\u00ebs se me Draftligjin mbi t\u00eb drejtat e lirit\u00eb t\u00eb pakicave duhet sakt\u00ebsisht se","robots":{"index":"index","follow":"follow","max-snippet":"max-snippet:-1","max-image-preview":"max-image-preview:large","max-video-preview":"max-video-preview:-1"},"canonical":"https:\/\/www.visit-ulcinj.com\/blog\/2012\/04\/13\/te-specifikohet-kush-eshte-pakice-ne-mal-te-zi\/","og_locale":"en_US","og_type":"article","og_title":"T\u00eb Specifikohet kush \u00ebsht\u00eb pakic\u00eb n\u00eb Mal t\u00eb Zi - Lajme nga Ulqini","og_description":"P\u00ebrfaq\u00ebsuesit e t\u00eb gjitha k\u00ebshillave nacionale n\u00eb Mal t\u00eb Zi jan\u00eb k\u00ebmb\u00ebngul\u00ebs se me Draftligjin mbi t\u00eb drejtat e lirit\u00eb t\u00eb pakicave duhet sakt\u00ebsisht se","og_url":"https:\/\/www.visit-ulcinj.com\/blog\/2012\/04\/13\/te-specifikohet-kush-eshte-pakice-ne-mal-te-zi\/","og_site_name":"Lajme nga Ulqini","article_published_time":"2012-04-13T08:25:35+00:00","og_image":[{"url":"http:\/\/www.visit-ulcinj.com\/blog\/wp-content\/uploads\/2012\/04\/TAHIR-TAHIRISHERBO-RASTODER.jpg"}],"twitter_misc":{"Written by":"ulqini","Est. reading time":"2 minutes"},"schema":{"@context":"https:\/\/schema.org","@graph":[{"@type":"WebSite","@id":"https:\/\/www.visit-ulcinj.com\/blog\/#website","url":"https:\/\/www.visit-ulcinj.com\/blog\/","name":"Lajme nga Ulqini","description":"Lajme,Vijesti,Ulqini,Ulqin,Crna Gora,Mali i Zi","potentialAction":[{"@type":"SearchAction","target":{"@type":"EntryPoint","urlTemplate":"https:\/\/www.visit-ulcinj.com\/blog\/?s={search_term_string}"},"query-input":"required name=search_term_string"}],"inLanguage":"en-US"},{"@type":"ImageObject","inLanguage":"en-US","@id":"https:\/\/www.visit-ulcinj.com\/blog\/2012\/04\/13\/te-specifikohet-kush-eshte-pakice-ne-mal-te-zi\/#primaryimage","url":"https:\/\/www.visit-ulcinj.com\/blog\/wp-content\/uploads\/2012\/04\/TAHIR-TAHIRISHERBO-RASTODER.jpg","contentUrl":"https:\/\/www.visit-ulcinj.com\/blog\/wp-content\/uploads\/2012\/04\/TAHIR-TAHIRISHERBO-RASTODER.jpg","width":"720","height":"540"},{"@type":"WebPage","@id":"https:\/\/www.visit-ulcinj.com\/blog\/2012\/04\/13\/te-specifikohet-kush-eshte-pakice-ne-mal-te-zi\/#webpage","url":"https:\/\/www.visit-ulcinj.com\/blog\/2012\/04\/13\/te-specifikohet-kush-eshte-pakice-ne-mal-te-zi\/","name":"T\u00eb Specifikohet kush \u00ebsht\u00eb pakic\u00eb n\u00eb Mal t\u00eb Zi - Lajme nga Ulqini","isPartOf":{"@id":"https:\/\/www.visit-ulcinj.com\/blog\/#website"},"primaryImageOfPage":{"@id":"https:\/\/www.visit-ulcinj.com\/blog\/2012\/04\/13\/te-specifikohet-kush-eshte-pakice-ne-mal-te-zi\/#primaryimage"},"datePublished":"2012-04-13T08:25:35+00:00","dateModified":"2012-04-13T08:25:35+00:00","author":{"@id":"https:\/\/www.visit-ulcinj.com\/blog\/#\/schema\/person\/dcab619c614d3038751c63bc2aadc06d"},"description":"P\u00ebrfaq\u00ebsuesit e t\u00eb gjitha k\u00ebshillave nacionale n\u00eb Mal t\u00eb Zi jan\u00eb k\u00ebmb\u00ebngul\u00ebs se me Draftligjin mbi t\u00eb drejtat e lirit\u00eb t\u00eb pakicave duhet sakt\u00ebsisht se","breadcrumb":{"@id":"https:\/\/www.visit-ulcinj.com\/blog\/2012\/04\/13\/te-specifikohet-kush-eshte-pakice-ne-mal-te-zi\/#breadcrumb"},"inLanguage":"en-US","potentialAction":[{"@type":"ReadAction","target":["https:\/\/www.visit-ulcinj.com\/blog\/2012\/04\/13\/te-specifikohet-kush-eshte-pakice-ne-mal-te-zi\/"]}]},{"@type":"BreadcrumbList","@id":"https:\/\/www.visit-ulcinj.com\/blog\/2012\/04\/13\/te-specifikohet-kush-eshte-pakice-ne-mal-te-zi\/#breadcrumb","itemListElement":[{"@type":"ListItem","position":1,"name":"T\u00eb Specifikohet kush \u00ebsht\u00eb pakic\u00eb n\u00eb Mal t\u00eb Zi"}]},{"@type":"Person","@id":"https:\/\/www.visit-ulcinj.com\/blog\/#\/schema\/person\/dcab619c614d3038751c63bc2aadc06d","name":"ulqini","sameAs":["http:\/\/www.visit-ulcinj.com"],"url":"https:\/\/www.visit-ulcinj.com\/blog\/author\/admin\/"}]}},"jetpack_featured_media_url":"","jetpack_sharing_enabled":true,"jetpack_shortlink":"https:\/\/wp.me\/pe6lTn-fp4","_links":{"self":[{"href":"https:\/\/www.visit-ulcinj.com\/blog\/wp-json\/wp\/v2\/posts\/59214"}],"collection":[{"href":"https:\/\/www.visit-ulcinj.com\/blog\/wp-json\/wp\/v2\/posts"}],"about":[{"href":"https:\/\/www.visit-ulcinj.com\/blog\/wp-json\/wp\/v2\/types\/post"}],"author":[{"embeddable":true,"href":"https:\/\/www.visit-ulcinj.com\/blog\/wp-json\/wp\/v2\/users\/1"}],"replies":[{"embeddable":true,"href":"https:\/\/www.visit-ulcinj.com\/blog\/wp-json\/wp\/v2\/comments?post=59214"}],"version-history":[{"count":1,"href":"https:\/\/www.visit-ulcinj.com\/blog\/wp-json\/wp\/v2\/posts\/59214\/revisions"}],"predecessor-version":[{"id":59217,"href":"https:\/\/www.visit-ulcinj.com\/blog\/wp-json\/wp\/v2\/posts\/59214\/revisions\/59217"}],"wp:attachment":[{"href":"https:\/\/www.visit-ulcinj.com\/blog\/wp-json\/wp\/v2\/media?parent=59214"}],"wp:term":[{"taxonomy":"category","embeddable":true,"href":"https:\/\/www.visit-ulcinj.com\/blog\/wp-json\/wp\/v2\/categories?post=59214"},{"taxonomy":"post_tag","embeddable":true,"href":"https:\/\/www.visit-ulcinj.com\/blog\/wp-json\/wp\/v2\/tags?post=59214"}],"curies":[{"name":"wp","href":"https:\/\/api.w.org\/{rel}","templated":true}]}}