{"id":59226,"date":"2012-04-15T09:08:29","date_gmt":"2012-04-15T08:08:29","guid":{"rendered":"http:\/\/www.visit-ulcinj.com\/blog\/?p=59226"},"modified":"2012-04-15T09:08:29","modified_gmt":"2012-04-15T08:08:29","slug":"marko-milacic-spasicu-ulcinjsku-solanu","status":"publish","type":"post","link":"https:\/\/www.visit-ulcinj.com\/blog\/2012\/04\/15\/marko-milacic-spasicu-ulcinjsku-solanu\/","title":{"rendered":"Marko Mila\u010di\u0107: Spasi\u0107u Ulcinjsku Solanu"},"content":{"rendered":"<div id=\"attachment_59227\" style=\"width: 518px\" class=\"wp-caption alignleft\"><a href=\"http:\/\/www.visit-ulcinj.com\/blog\/wp-content\/uploads\/2012\/04\/Marko-Milacic_-Spasicu-Ulcinjsku-Solanu.jpg\"><img aria-describedby=\"caption-attachment-59227\" loading=\"lazy\" class=\" wp-image-59227\" title=\"Marko Milacic_ Spasicu Ulcinjsku Solanu\" src=\"http:\/\/www.visit-ulcinj.com\/blog\/wp-content\/uploads\/2012\/04\/Marko-Milacic_-Spasicu-Ulcinjsku-Solanu.jpg\" alt=\"\" width=\"508\" height=\"360\" \/><\/a><p id=\"caption-attachment-59227\" class=\"wp-caption-text\">Foto: Marko Mila\u010di\u0107 Facebook<\/p><\/div>\n<p>Novinar i urednik \u201cPressa\u201d za Crnu Goru Marko Mila\u010di\u0107, tokom ju\u010dera\u0161njeg saslu\u0161anja u Osnovnom tu\u017eila\u0161tvu, \u201cza uvrede, prijetnju i povredu koje su mu nanijeli biznismen Veselin Barovi\u0107 i njegovi tjelohranitelji\u201d procijenio je da naknada \u0161tete treba da iznosi 800.000 eura.<\/p>\n<p>Mila\u010di\u0107 je \u201cVijestima\u201d rekao da je, iako je takav zahtjev ljudima u Tu\u017eila\u0161tvu izgledao nevjerovatan, te da je, iako \u201cna prvi pogled, izgleda neosnovano, ipak rije\u010d o itekako realnom i utemeljenom zahtjevu\u201d.\u201cNaime, \u010dovjek koji me je napao i poku\u0161ao da zastra\u0161i, upravo sa toliko novca je kupio 15 miliona kvadrata zemlji\u0161ta Solane, \u010dija je imovina nedavno prodavana na prvom tenderu za 250 miliona eura.<\/p>\n<p>Dakle, taj \u010dovjek, o\u010dito zahvaljuju\u0107i bliskosti sa \u0161efom Milom \u0110ukanovi\u0107em, kupio je na\u0161 prirodni biser za smije\u0161nu sumu\u201d, rekao je Mila\u010di\u0107, koga su saslu\u0161avala dva zamjenika osnovnog tu\u017eioca u Podgorici.<\/p>\n<p>On je pojasnio da je, kada je procjenjivao naknadu \u0161tete \u017eelio da, nakon \u0161to sud presudi u njegovu korist, \u201ca to se mora dogoditi jer je crnogorsko sudstvo nezavisno i istinoljubivo\u201d, uzme 800.000 eura i za istu cijenu kupi Solanu.<\/p>\n<p>\u201cJer u Crnoj Gori nema privilegovanih. Tako \u0107emo to nevjerovatno vrijedno zemlji\u0161te istrgnuti iz ruku organizovanog kriminala i za\u0161tititi javni interes\u201d, rekao je Mila\u010di\u0107.<\/p>\n<p>Mila\u010di\u0107 je kazao da je pred tu\u017eiocem ponovio da u svojim tekstovima, ni u jednom tekstu, nije pomenuo Barovi\u0107a jer je on u \u201cpoliti\u010dkom smislu nebitan\u201d, ali da ga je kontroverzni biznismen napao jer kritike na ra\u010dun Mila \u0110ukanovi\u0107a do\u017eivljava kao kritike na svoj ra\u010dun.<\/p>\n<p>Medijska organizacija jugosito\u010dne Evrope (SEEMO) osudila je napad na Mila\u010di\u0107a.<\/p>\n<p><strong>Izvor: Vijesti<\/strong><\/p>\n","protected":false},"excerpt":{"rendered":"<p>Novinar i urednik \u201cPressa\u201d za Crnu Goru Marko Mila\u010di\u0107, tokom ju\u010dera\u0161njeg saslu\u0161anja u Osnovnom tu\u017eila\u0161tvu, \u201cza uvrede, prijetnju i povredu koje su mu nanijeli biznismen Veselin Barovi\u0107 i njegovi tjelohranitelji\u201d procijenio je da naknada \u0161tete treba da iznosi 800.000 eura. Mila\u010di\u0107 je \u201cVijestima\u201d rekao da je, iako je takav zahtjev ljudima u Tu\u017eila\u0161tvu izgledao nevjerovatan, [&hellip;]<\/p>\n","protected":false},"author":1,"featured_media":0,"comment_status":"open","ping_status":"closed","sticky":false,"template":"","format":"standard","meta":{"spay_email":"","jetpack_publicize_message":"","jetpack_is_tweetstorm":false,"jetpack_publicize_feature_enabled":true},"categories":[8337],"tags":[19,1968],"jetpack_publicize_connections":[],"yoast_head":"<!-- This site is optimized with the Yoast SEO plugin v19.1 - https:\/\/yoast.com\/wordpress\/plugins\/seo\/ -->\n<title>Marko Mila\u010di\u0107: Spasi\u0107u Ulcinjsku Solanu - Lajme nga Ulqini<\/title>\n<meta name=\"description\" content=\"Novinar i urednik \u201cPressa\u201d za Crnu Goru Marko Mila\u010di\u0107, tokom ju\u010dera\u0161njeg saslu\u0161anja u Osnovnom tu\u017eila\u0161tvu, \u201cza uvrede, prijetnju i povredu koje su mu\" \/>\n<meta name=\"robots\" content=\"index, follow, max-snippet:-1, max-image-preview:large, max-video-preview:-1\" \/>\n<link rel=\"canonical\" href=\"https:\/\/www.visit-ulcinj.com\/blog\/2012\/04\/15\/marko-milacic-spasicu-ulcinjsku-solanu\/\" \/>\n<meta property=\"og:locale\" content=\"en_US\" \/>\n<meta property=\"og:type\" content=\"article\" \/>\n<meta property=\"og:title\" content=\"Marko Mila\u010di\u0107: Spasi\u0107u Ulcinjsku Solanu - Lajme nga Ulqini\" \/>\n<meta property=\"og:description\" content=\"Novinar i urednik \u201cPressa\u201d za Crnu Goru Marko Mila\u010di\u0107, tokom ju\u010dera\u0161njeg saslu\u0161anja u Osnovnom tu\u017eila\u0161tvu, \u201cza uvrede, prijetnju i povredu koje su mu\" \/>\n<meta property=\"og:url\" content=\"https:\/\/www.visit-ulcinj.com\/blog\/2012\/04\/15\/marko-milacic-spasicu-ulcinjsku-solanu\/\" \/>\n<meta property=\"og:site_name\" content=\"Lajme nga Ulqini\" \/>\n<meta property=\"article:published_time\" content=\"2012-04-15T08:08:29+00:00\" \/>\n<meta property=\"og:image\" content=\"http:\/\/www.visit-ulcinj.com\/blog\/wp-content\/uploads\/2012\/04\/Marko-Milacic_-Spasicu-Ulcinjsku-Solanu.jpg\" \/>\n<meta name=\"twitter:label1\" content=\"Written by\" \/>\n\t<meta name=\"twitter:data1\" content=\"ulqini\" \/>\n\t<meta name=\"twitter:label2\" content=\"Est. reading time\" \/>\n\t<meta name=\"twitter:data2\" content=\"1 minute\" \/>\n<script type=\"application\/ld+json\" class=\"yoast-schema-graph\">{\"@context\":\"https:\/\/schema.org\",\"@graph\":[{\"@type\":\"WebSite\",\"@id\":\"https:\/\/www.visit-ulcinj.com\/blog\/#website\",\"url\":\"https:\/\/www.visit-ulcinj.com\/blog\/\",\"name\":\"Lajme nga Ulqini\",\"description\":\"Lajme,Vijesti,Ulqini,Ulqin,Crna Gora,Mali i Zi\",\"potentialAction\":[{\"@type\":\"SearchAction\",\"target\":{\"@type\":\"EntryPoint\",\"urlTemplate\":\"https:\/\/www.visit-ulcinj.com\/blog\/?s={search_term_string}\"},\"query-input\":\"required name=search_term_string\"}],\"inLanguage\":\"en-US\"},{\"@type\":\"ImageObject\",\"inLanguage\":\"en-US\",\"@id\":\"https:\/\/www.visit-ulcinj.com\/blog\/2012\/04\/15\/marko-milacic-spasicu-ulcinjsku-solanu\/#primaryimage\",\"url\":\"https:\/\/www.visit-ulcinj.com\/blog\/wp-content\/uploads\/2012\/04\/Marko-Milacic_-Spasicu-Ulcinjsku-Solanu.jpg\",\"contentUrl\":\"https:\/\/www.visit-ulcinj.com\/blog\/wp-content\/uploads\/2012\/04\/Marko-Milacic_-Spasicu-Ulcinjsku-Solanu.jpg\",\"width\":\"960\",\"height\":\"608\"},{\"@type\":\"WebPage\",\"@id\":\"https:\/\/www.visit-ulcinj.com\/blog\/2012\/04\/15\/marko-milacic-spasicu-ulcinjsku-solanu\/#webpage\",\"url\":\"https:\/\/www.visit-ulcinj.com\/blog\/2012\/04\/15\/marko-milacic-spasicu-ulcinjsku-solanu\/\",\"name\":\"Marko Mila\u010di\u0107: Spasi\u0107u Ulcinjsku Solanu - Lajme nga Ulqini\",\"isPartOf\":{\"@id\":\"https:\/\/www.visit-ulcinj.com\/blog\/#website\"},\"primaryImageOfPage\":{\"@id\":\"https:\/\/www.visit-ulcinj.com\/blog\/2012\/04\/15\/marko-milacic-spasicu-ulcinjsku-solanu\/#primaryimage\"},\"datePublished\":\"2012-04-15T08:08:29+00:00\",\"dateModified\":\"2012-04-15T08:08:29+00:00\",\"author\":{\"@id\":\"https:\/\/www.visit-ulcinj.com\/blog\/#\/schema\/person\/dcab619c614d3038751c63bc2aadc06d\"},\"description\":\"Novinar i urednik \u201cPressa\u201d za Crnu Goru Marko Mila\u010di\u0107, tokom ju\u010dera\u0161njeg saslu\u0161anja u Osnovnom tu\u017eila\u0161tvu, \u201cza uvrede, prijetnju i povredu koje su mu\",\"breadcrumb\":{\"@id\":\"https:\/\/www.visit-ulcinj.com\/blog\/2012\/04\/15\/marko-milacic-spasicu-ulcinjsku-solanu\/#breadcrumb\"},\"inLanguage\":\"en-US\",\"potentialAction\":[{\"@type\":\"ReadAction\",\"target\":[\"https:\/\/www.visit-ulcinj.com\/blog\/2012\/04\/15\/marko-milacic-spasicu-ulcinjsku-solanu\/\"]}]},{\"@type\":\"BreadcrumbList\",\"@id\":\"https:\/\/www.visit-ulcinj.com\/blog\/2012\/04\/15\/marko-milacic-spasicu-ulcinjsku-solanu\/#breadcrumb\",\"itemListElement\":[{\"@type\":\"ListItem\",\"position\":1,\"name\":\"Marko Mila\u010di\u0107: Spasi\u0107u Ulcinjsku Solanu\"}]},{\"@type\":\"Person\",\"@id\":\"https:\/\/www.visit-ulcinj.com\/blog\/#\/schema\/person\/dcab619c614d3038751c63bc2aadc06d\",\"name\":\"ulqini\",\"sameAs\":[\"http:\/\/www.visit-ulcinj.com\"],\"url\":\"https:\/\/www.visit-ulcinj.com\/blog\/author\/admin\/\"}]}<\/script>\n<!-- \/ Yoast SEO plugin. -->","yoast_head_json":{"title":"Marko Mila\u010di\u0107: Spasi\u0107u Ulcinjsku Solanu - Lajme nga Ulqini","description":"Novinar i urednik \u201cPressa\u201d za Crnu Goru Marko Mila\u010di\u0107, tokom ju\u010dera\u0161njeg saslu\u0161anja u Osnovnom tu\u017eila\u0161tvu, \u201cza uvrede, prijetnju i povredu koje su mu","robots":{"index":"index","follow":"follow","max-snippet":"max-snippet:-1","max-image-preview":"max-image-preview:large","max-video-preview":"max-video-preview:-1"},"canonical":"https:\/\/www.visit-ulcinj.com\/blog\/2012\/04\/15\/marko-milacic-spasicu-ulcinjsku-solanu\/","og_locale":"en_US","og_type":"article","og_title":"Marko Mila\u010di\u0107: Spasi\u0107u Ulcinjsku Solanu - Lajme nga Ulqini","og_description":"Novinar i urednik \u201cPressa\u201d za Crnu Goru Marko Mila\u010di\u0107, tokom ju\u010dera\u0161njeg saslu\u0161anja u Osnovnom tu\u017eila\u0161tvu, \u201cza uvrede, prijetnju i povredu koje su mu","og_url":"https:\/\/www.visit-ulcinj.com\/blog\/2012\/04\/15\/marko-milacic-spasicu-ulcinjsku-solanu\/","og_site_name":"Lajme nga Ulqini","article_published_time":"2012-04-15T08:08:29+00:00","og_image":[{"url":"http:\/\/www.visit-ulcinj.com\/blog\/wp-content\/uploads\/2012\/04\/Marko-Milacic_-Spasicu-Ulcinjsku-Solanu.jpg"}],"twitter_misc":{"Written by":"ulqini","Est. reading time":"1 minute"},"schema":{"@context":"https:\/\/schema.org","@graph":[{"@type":"WebSite","@id":"https:\/\/www.visit-ulcinj.com\/blog\/#website","url":"https:\/\/www.visit-ulcinj.com\/blog\/","name":"Lajme nga Ulqini","description":"Lajme,Vijesti,Ulqini,Ulqin,Crna Gora,Mali i Zi","potentialAction":[{"@type":"SearchAction","target":{"@type":"EntryPoint","urlTemplate":"https:\/\/www.visit-ulcinj.com\/blog\/?s={search_term_string}"},"query-input":"required name=search_term_string"}],"inLanguage":"en-US"},{"@type":"ImageObject","inLanguage":"en-US","@id":"https:\/\/www.visit-ulcinj.com\/blog\/2012\/04\/15\/marko-milacic-spasicu-ulcinjsku-solanu\/#primaryimage","url":"https:\/\/www.visit-ulcinj.com\/blog\/wp-content\/uploads\/2012\/04\/Marko-Milacic_-Spasicu-Ulcinjsku-Solanu.jpg","contentUrl":"https:\/\/www.visit-ulcinj.com\/blog\/wp-content\/uploads\/2012\/04\/Marko-Milacic_-Spasicu-Ulcinjsku-Solanu.jpg","width":"960","height":"608"},{"@type":"WebPage","@id":"https:\/\/www.visit-ulcinj.com\/blog\/2012\/04\/15\/marko-milacic-spasicu-ulcinjsku-solanu\/#webpage","url":"https:\/\/www.visit-ulcinj.com\/blog\/2012\/04\/15\/marko-milacic-spasicu-ulcinjsku-solanu\/","name":"Marko Mila\u010di\u0107: Spasi\u0107u Ulcinjsku Solanu - Lajme nga Ulqini","isPartOf":{"@id":"https:\/\/www.visit-ulcinj.com\/blog\/#website"},"primaryImageOfPage":{"@id":"https:\/\/www.visit-ulcinj.com\/blog\/2012\/04\/15\/marko-milacic-spasicu-ulcinjsku-solanu\/#primaryimage"},"datePublished":"2012-04-15T08:08:29+00:00","dateModified":"2012-04-15T08:08:29+00:00","author":{"@id":"https:\/\/www.visit-ulcinj.com\/blog\/#\/schema\/person\/dcab619c614d3038751c63bc2aadc06d"},"description":"Novinar i urednik \u201cPressa\u201d za Crnu Goru Marko Mila\u010di\u0107, tokom ju\u010dera\u0161njeg saslu\u0161anja u Osnovnom tu\u017eila\u0161tvu, \u201cza uvrede, prijetnju i povredu koje su mu","breadcrumb":{"@id":"https:\/\/www.visit-ulcinj.com\/blog\/2012\/04\/15\/marko-milacic-spasicu-ulcinjsku-solanu\/#breadcrumb"},"inLanguage":"en-US","potentialAction":[{"@type":"ReadAction","target":["https:\/\/www.visit-ulcinj.com\/blog\/2012\/04\/15\/marko-milacic-spasicu-ulcinjsku-solanu\/"]}]},{"@type":"BreadcrumbList","@id":"https:\/\/www.visit-ulcinj.com\/blog\/2012\/04\/15\/marko-milacic-spasicu-ulcinjsku-solanu\/#breadcrumb","itemListElement":[{"@type":"ListItem","position":1,"name":"Marko Mila\u010di\u0107: Spasi\u0107u Ulcinjsku Solanu"}]},{"@type":"Person","@id":"https:\/\/www.visit-ulcinj.com\/blog\/#\/schema\/person\/dcab619c614d3038751c63bc2aadc06d","name":"ulqini","sameAs":["http:\/\/www.visit-ulcinj.com"],"url":"https:\/\/www.visit-ulcinj.com\/blog\/author\/admin\/"}]}},"jetpack_featured_media_url":"","jetpack_sharing_enabled":true,"jetpack_shortlink":"https:\/\/wp.me\/pe6lTn-fpg","_links":{"self":[{"href":"https:\/\/www.visit-ulcinj.com\/blog\/wp-json\/wp\/v2\/posts\/59226"}],"collection":[{"href":"https:\/\/www.visit-ulcinj.com\/blog\/wp-json\/wp\/v2\/posts"}],"about":[{"href":"https:\/\/www.visit-ulcinj.com\/blog\/wp-json\/wp\/v2\/types\/post"}],"author":[{"embeddable":true,"href":"https:\/\/www.visit-ulcinj.com\/blog\/wp-json\/wp\/v2\/users\/1"}],"replies":[{"embeddable":true,"href":"https:\/\/www.visit-ulcinj.com\/blog\/wp-json\/wp\/v2\/comments?post=59226"}],"version-history":[{"count":2,"href":"https:\/\/www.visit-ulcinj.com\/blog\/wp-json\/wp\/v2\/posts\/59226\/revisions"}],"predecessor-version":[{"id":59229,"href":"https:\/\/www.visit-ulcinj.com\/blog\/wp-json\/wp\/v2\/posts\/59226\/revisions\/59229"}],"wp:attachment":[{"href":"https:\/\/www.visit-ulcinj.com\/blog\/wp-json\/wp\/v2\/media?parent=59226"}],"wp:term":[{"taxonomy":"category","embeddable":true,"href":"https:\/\/www.visit-ulcinj.com\/blog\/wp-json\/wp\/v2\/categories?post=59226"},{"taxonomy":"post_tag","embeddable":true,"href":"https:\/\/www.visit-ulcinj.com\/blog\/wp-json\/wp\/v2\/tags?post=59226"}],"curies":[{"name":"wp","href":"https:\/\/api.w.org\/{rel}","templated":true}]}}