{"id":59244,"date":"2012-04-15T11:16:25","date_gmt":"2012-04-15T10:16:25","guid":{"rendered":"http:\/\/www.visit-ulcinj.com\/blog\/?p=59244"},"modified":"2012-04-15T11:16:25","modified_gmt":"2012-04-15T10:16:25","slug":"mali-i-zi-sdo-lejojme-ndertimin-e-centralit-berthamor-ne-shkoder","status":"publish","type":"post","link":"https:\/\/www.visit-ulcinj.com\/blog\/2012\/04\/15\/mali-i-zi-sdo-lejojme-ndertimin-e-centralit-berthamor-ne-shkoder\/","title":{"rendered":"Mali i Zi: S\u2019do lejojm\u00eb nd\u00ebrtimin e centralit b\u00ebrthamor n\u00eb Shkod\u00ebr"},"content":{"rendered":"<p><a href=\"http:\/\/www.visit-ulcinj.com\/blog\/wp-content\/uploads\/2012\/04\/Daliborka-Pejovic.jpg\"><img loading=\"lazy\" class=\"alignleft  wp-image-59245\" title=\"&lt;SAMSUNG DIGITAL CAMERA&gt;\" src=\"http:\/\/www.visit-ulcinj.com\/blog\/wp-content\/uploads\/2012\/04\/Daliborka-Pejovic.jpg\" alt=\"\" width=\"508\" height=\"360\" \/><\/a>Drejtoresha e Agjencis\u00eb p\u00ebr mbrojtjen e ambientit n\u00eb Mal t\u00eb Zi, Daliborka Pejovi\u00e7 ka vler\u00ebsuar se qytetar\u00ebt e Malit t\u00eb Zi duhet t\u00eb vendosin p\u00ebr centralin b\u00ebrthamor i cili planifikohet t\u00eb nd\u00ebrtohet nga shteti shqiptar n\u00eb Shkod\u00ebr. Pejovi\u00e7 ka deklaruar p\u00ebr mediat malazeze se fqinj\u00ebt nuk kan\u00eb respektuar dhe as q\u00eb kan\u00eb vepruar sipas konvent\u00ebs nd\u00ebrkomb\u00ebtare ESPO, sipas t\u00eb cil\u00ebs shtetet pa k\u00ebshillimin me fqinj\u00ebt, nuk mund t\u00eb b\u00ebjn\u00eb projekte t\u00eb cilat ndikojn\u00eb n\u00eb situat\u00ebn ambientale rajonale.<\/p>\n<p>Konventa ESPO bazohet q\u00eb njoftimet koherente p\u00ebr ndikimin nd\u00ebrkufitar, n\u00ebse shtetet n\u00eb territorin e tyre realizojn\u00eb projekte t\u00eb cilat mund t\u00eb ken\u00eb ndikim t\u00eb nd\u00ebrmjet\u00ebm ose direkt n\u00eb ambientin dhe natyr\u00ebn q\u00eb rrethon shtetet dhe rajonet e caktuara. Pejovi\u00e7 u shpreh se p\u00ebr projektet e nd\u00ebrtimit t\u00eb centraleve b\u00ebrthamore edhe Mali i Zi duhet t\u00eb organizoj debate publike.<\/p>\n<p>\u201cP\u00ebr nj\u00eb plan t\u00eb till\u00eb edhe ne do duhet t\u00eb organizojm\u00eb debate publike por si\u00e7 duket p\u00ebr momentin opinioni publik malazez nuk \u00ebsht\u00eb i gatsh\u00ebm t\u00eb p\u00ebrkrah vendimin p\u00ebr mbrojtjen e centralit b\u00ebrthamor n\u00eb af\u00ebrsi me ne. P\u00ebrve\u00e7 k\u00ebsaj shteti jon\u00eb ka ndaluar edhe qarkullimin e materialeve b\u00ebrthamore, vet\u00ebm n\u00eb raste kur kemi t\u00eb b\u00ebjm\u00eb me k\u00ebrkimet shkencore dhe hulumtuese\u201d, shprehet Daliborka Pejovi\u00e7.<br \/>\nEdhe pse kryeministri shqiptar Sali Berisha gjat\u00eb q\u00ebndrimit t\u00eb tij n\u00eb Mal t\u00eb Zi, u shpreh se p\u00ebr nj\u00eb koh\u00eb t\u00eb pa caktuar jan\u00eb shtyr\u00eb planet p\u00ebr nd\u00ebrtimin e centralit b\u00ebrthamor, Pejovi\u00e7 mendon se deklaratat e autoriteteve m\u00eb t\u00eb larta t\u00eb shtetit shqiptar tregojn\u00eb qart\u00eb se nuk jan\u00eb t\u00ebrhequr nga shfryt\u00ebzimi i energjis\u00eb b\u00ebrthamore.<\/p>\n<p>\u201cMe siguri nga pjekuria e qytetar\u00ebve n\u00eb Shqip\u00ebri dhe n\u00eb Mal t\u00eb Zi duhet q\u00eb n\u00eb m\u00ebnyr\u00eb m\u00eb bind\u00ebse t\u00eb hulumtojn\u00eb para se t\u00eb marrin vendime t\u00eb tilla\u201d, paralajm\u00ebron ajo. Drejtoresha Pejovi\u00e7 shprehet se Shqiptar\u00ebt kan\u00eb koh\u00eb q\u00eb kan\u00eb punuar n\u00eb studimin e fizibilitetit, me q\u00ebllim q\u00eb t\u00eb shohin se sa do jet\u00eb kostoja e nd\u00ebrtimit t\u00eb centralit b\u00ebrthamor, duke studiuar edhe m\u00ebnyr\u00ebn e zgjidhjes s\u00eb problemeve q\u00eb kan\u00eb momentalisht duke b\u00ebr\u00eb q\u00eb n\u00eb momentin e zbatimit t\u00eb planeve t\u00eb fillonin sa m\u00eb shpejt.<\/p>\n<p>\u201c\u00cbsht\u00eb e v\u00ebrtet q\u00eb ato jan\u00eb ndaluar pas Fukushimes sepse pas incidentit \u00ebsht\u00eb k\u00ebrkuar nga t\u00eb gjith\u00eb nj\u00eb studim ndryshe dhe qasje krejt tjet\u00ebr n\u00eb k\u00ebt\u00eb fush\u00eb\u201d sqaron Pejovi\u00e7.<\/p>\n<p>Berisha gjat\u00eb vizit\u00ebs n\u00eb Mal t\u00eb Zi n\u00eb muajin janar \u00ebsht\u00eb shprehur se \u201cenergjia b\u00ebrthamore \u00ebsht\u00eb m\u00eb e pastra dhe m\u00eb e sigurta\u201d, por q\u00eb projekti \u00ebsht\u00eb n\u00eb pritje. \u201cSi\u00e7 dihet ajo zon\u00eb \u00ebsht\u00eb e njohur p\u00ebr l\u00ebvizjet tektonike. Projektin e kemi l\u00ebn\u00eb m\u00ebnjan\u00eb deri sa shkenca nuk e thot\u00eb fjal\u00ebn e vet duke zgjidhur t\u00eb gjitha dyshimet\u201d, ka th\u00ebn\u00eb Berisha.<\/p>\n<p>Centrali b\u00ebrthamor, i cili planifikohet t\u00eb nd\u00ebrtohet do jet\u00eb larg Podgoric\u00ebs n\u00eb vij\u00eb ajrore prej rreth 50 km dhe do t\u00eb ndikonte n\u00eb nj\u00eb rrezik t\u00eb mundsh\u00ebm t\u00eb gjith\u00eb rajonin. Fillimisht p\u00ebr k\u00ebt\u00eb central \u00ebsht\u00eb folur n\u00eb prill t\u00eb vitit 2009 ku kryeministri Berisha ka p\u00ebrmendur mund\u00ebsin\u00eb e ngritjes s\u00eb tij. Menj\u00ebher\u00eb pas k\u00ebsaj ka reaguar shoq\u00ebria civile pa dallim, e cila e ka kund\u00ebrshtuar k\u00ebt\u00eb ide. Q\u00eb at\u00ebher\u00eb p\u00ebr centralin b\u00ebrthamor n\u00eb Shkod\u00ebr nuk \u00ebsht\u00eb folur, nd\u00ebrsa sipas drejtuesve t\u00eb institucioneve qendrore kjo \u00ebsht\u00eb nj\u00eb \u00e7\u00ebshtje q\u00eb i p\u00ebrket qeveris\u00eb dhe organeve t\u00eb larta t\u00eb shtetit dhe jo atyre.<\/p>\n<p><strong>Bota Sot<\/strong><\/p>\n","protected":false},"excerpt":{"rendered":"<p>Drejtoresha e Agjencis\u00eb p\u00ebr mbrojtjen e ambientit n\u00eb Mal t\u00eb Zi, Daliborka Pejovi\u00e7 ka vler\u00ebsuar se qytetar\u00ebt e Malit t\u00eb Zi duhet t\u00eb vendosin p\u00ebr centralin b\u00ebrthamor i cili planifikohet t\u00eb nd\u00ebrtohet nga shteti shqiptar n\u00eb Shkod\u00ebr. Pejovi\u00e7 ka deklaruar p\u00ebr mediat malazeze se fqinj\u00ebt nuk kan\u00eb respektuar dhe as q\u00eb kan\u00eb vepruar sipas konvent\u00ebs [&hellip;]<\/p>\n","protected":false},"author":1,"featured_media":0,"comment_status":"open","ping_status":"closed","sticky":false,"template":"","format":"standard","meta":{"spay_email":"","jetpack_publicize_message":"","jetpack_is_tweetstorm":false,"jetpack_publicize_feature_enabled":true},"categories":[14],"tags":[95,3617,200],"jetpack_publicize_connections":[],"yoast_head":"<!-- This site is optimized with the Yoast SEO plugin v19.1 - https:\/\/yoast.com\/wordpress\/plugins\/seo\/ -->\n<title>Mali i Zi: S\u2019do lejojm\u00eb nd\u00ebrtimin e centralit b\u00ebrthamor n\u00eb Shkod\u00ebr - Lajme nga Ulqini<\/title>\n<meta name=\"description\" content=\"Drejtoresha e Agjencis\u00eb p\u00ebr mbrojtjen e ambientit n\u00eb Mal t\u00eb Zi, Daliborka Pejovi\u00e7 ka vler\u00ebsuar se qytetar\u00ebt e Malit t\u00eb Zi duhet t\u00eb vendosin p\u00ebr centralin\" \/>\n<meta name=\"robots\" content=\"index, follow, max-snippet:-1, max-image-preview:large, max-video-preview:-1\" \/>\n<link rel=\"canonical\" href=\"https:\/\/www.visit-ulcinj.com\/blog\/2012\/04\/15\/mali-i-zi-sdo-lejojme-ndertimin-e-centralit-berthamor-ne-shkoder\/\" \/>\n<meta property=\"og:locale\" content=\"en_US\" \/>\n<meta property=\"og:type\" content=\"article\" \/>\n<meta property=\"og:title\" content=\"Mali i Zi: S\u2019do lejojm\u00eb nd\u00ebrtimin e centralit b\u00ebrthamor n\u00eb Shkod\u00ebr - Lajme nga Ulqini\" \/>\n<meta property=\"og:description\" content=\"Drejtoresha e Agjencis\u00eb p\u00ebr mbrojtjen e ambientit n\u00eb Mal t\u00eb Zi, Daliborka Pejovi\u00e7 ka vler\u00ebsuar se qytetar\u00ebt e Malit t\u00eb Zi duhet t\u00eb vendosin p\u00ebr centralin\" \/>\n<meta property=\"og:url\" content=\"https:\/\/www.visit-ulcinj.com\/blog\/2012\/04\/15\/mali-i-zi-sdo-lejojme-ndertimin-e-centralit-berthamor-ne-shkoder\/\" \/>\n<meta property=\"og:site_name\" content=\"Lajme nga Ulqini\" \/>\n<meta property=\"article:published_time\" content=\"2012-04-15T10:16:25+00:00\" \/>\n<meta property=\"og:image\" content=\"http:\/\/www.visit-ulcinj.com\/blog\/wp-content\/uploads\/2012\/04\/Daliborka-Pejovic.jpg\" \/>\n<meta name=\"twitter:label1\" content=\"Written by\" \/>\n\t<meta name=\"twitter:data1\" content=\"ulqini\" \/>\n\t<meta name=\"twitter:label2\" content=\"Est. reading time\" \/>\n\t<meta name=\"twitter:data2\" content=\"3 minutes\" \/>\n<script type=\"application\/ld+json\" class=\"yoast-schema-graph\">{\"@context\":\"https:\/\/schema.org\",\"@graph\":[{\"@type\":\"WebSite\",\"@id\":\"https:\/\/www.visit-ulcinj.com\/blog\/#website\",\"url\":\"https:\/\/www.visit-ulcinj.com\/blog\/\",\"name\":\"Lajme nga Ulqini\",\"description\":\"Lajme,Vijesti,Ulqini,Ulqin,Crna Gora,Mali i Zi\",\"potentialAction\":[{\"@type\":\"SearchAction\",\"target\":{\"@type\":\"EntryPoint\",\"urlTemplate\":\"https:\/\/www.visit-ulcinj.com\/blog\/?s={search_term_string}\"},\"query-input\":\"required name=search_term_string\"}],\"inLanguage\":\"en-US\"},{\"@type\":\"ImageObject\",\"inLanguage\":\"en-US\",\"@id\":\"https:\/\/www.visit-ulcinj.com\/blog\/2012\/04\/15\/mali-i-zi-sdo-lejojme-ndertimin-e-centralit-berthamor-ne-shkoder\/#primaryimage\",\"url\":\"https:\/\/www.visit-ulcinj.com\/blog\/wp-content\/uploads\/2012\/04\/Daliborka-Pejovic.jpg\",\"contentUrl\":\"https:\/\/www.visit-ulcinj.com\/blog\/wp-content\/uploads\/2012\/04\/Daliborka-Pejovic.jpg\",\"width\":\"500\",\"height\":\"375\"},{\"@type\":\"WebPage\",\"@id\":\"https:\/\/www.visit-ulcinj.com\/blog\/2012\/04\/15\/mali-i-zi-sdo-lejojme-ndertimin-e-centralit-berthamor-ne-shkoder\/#webpage\",\"url\":\"https:\/\/www.visit-ulcinj.com\/blog\/2012\/04\/15\/mali-i-zi-sdo-lejojme-ndertimin-e-centralit-berthamor-ne-shkoder\/\",\"name\":\"Mali i Zi: S\u2019do lejojm\u00eb nd\u00ebrtimin e centralit b\u00ebrthamor n\u00eb Shkod\u00ebr - Lajme nga Ulqini\",\"isPartOf\":{\"@id\":\"https:\/\/www.visit-ulcinj.com\/blog\/#website\"},\"primaryImageOfPage\":{\"@id\":\"https:\/\/www.visit-ulcinj.com\/blog\/2012\/04\/15\/mali-i-zi-sdo-lejojme-ndertimin-e-centralit-berthamor-ne-shkoder\/#primaryimage\"},\"datePublished\":\"2012-04-15T10:16:25+00:00\",\"dateModified\":\"2012-04-15T10:16:25+00:00\",\"author\":{\"@id\":\"https:\/\/www.visit-ulcinj.com\/blog\/#\/schema\/person\/dcab619c614d3038751c63bc2aadc06d\"},\"description\":\"Drejtoresha e Agjencis\u00eb p\u00ebr mbrojtjen e ambientit n\u00eb Mal t\u00eb Zi, Daliborka Pejovi\u00e7 ka vler\u00ebsuar se qytetar\u00ebt e Malit t\u00eb Zi duhet t\u00eb vendosin p\u00ebr centralin\",\"breadcrumb\":{\"@id\":\"https:\/\/www.visit-ulcinj.com\/blog\/2012\/04\/15\/mali-i-zi-sdo-lejojme-ndertimin-e-centralit-berthamor-ne-shkoder\/#breadcrumb\"},\"inLanguage\":\"en-US\",\"potentialAction\":[{\"@type\":\"ReadAction\",\"target\":[\"https:\/\/www.visit-ulcinj.com\/blog\/2012\/04\/15\/mali-i-zi-sdo-lejojme-ndertimin-e-centralit-berthamor-ne-shkoder\/\"]}]},{\"@type\":\"BreadcrumbList\",\"@id\":\"https:\/\/www.visit-ulcinj.com\/blog\/2012\/04\/15\/mali-i-zi-sdo-lejojme-ndertimin-e-centralit-berthamor-ne-shkoder\/#breadcrumb\",\"itemListElement\":[{\"@type\":\"ListItem\",\"position\":1,\"name\":\"Mali i Zi: S\u2019do lejojm\u00eb nd\u00ebrtimin e centralit b\u00ebrthamor n\u00eb Shkod\u00ebr\"}]},{\"@type\":\"Person\",\"@id\":\"https:\/\/www.visit-ulcinj.com\/blog\/#\/schema\/person\/dcab619c614d3038751c63bc2aadc06d\",\"name\":\"ulqini\",\"sameAs\":[\"http:\/\/www.visit-ulcinj.com\"],\"url\":\"https:\/\/www.visit-ulcinj.com\/blog\/author\/admin\/\"}]}<\/script>\n<!-- \/ Yoast SEO plugin. -->","yoast_head_json":{"title":"Mali i Zi: S\u2019do lejojm\u00eb nd\u00ebrtimin e centralit b\u00ebrthamor n\u00eb Shkod\u00ebr - Lajme nga Ulqini","description":"Drejtoresha e Agjencis\u00eb p\u00ebr mbrojtjen e ambientit n\u00eb Mal t\u00eb Zi, Daliborka Pejovi\u00e7 ka vler\u00ebsuar se qytetar\u00ebt e Malit t\u00eb Zi duhet t\u00eb vendosin p\u00ebr centralin","robots":{"index":"index","follow":"follow","max-snippet":"max-snippet:-1","max-image-preview":"max-image-preview:large","max-video-preview":"max-video-preview:-1"},"canonical":"https:\/\/www.visit-ulcinj.com\/blog\/2012\/04\/15\/mali-i-zi-sdo-lejojme-ndertimin-e-centralit-berthamor-ne-shkoder\/","og_locale":"en_US","og_type":"article","og_title":"Mali i Zi: S\u2019do lejojm\u00eb nd\u00ebrtimin e centralit b\u00ebrthamor n\u00eb Shkod\u00ebr - Lajme nga Ulqini","og_description":"Drejtoresha e Agjencis\u00eb p\u00ebr mbrojtjen e ambientit n\u00eb Mal t\u00eb Zi, Daliborka Pejovi\u00e7 ka vler\u00ebsuar se qytetar\u00ebt e Malit t\u00eb Zi duhet t\u00eb vendosin p\u00ebr centralin","og_url":"https:\/\/www.visit-ulcinj.com\/blog\/2012\/04\/15\/mali-i-zi-sdo-lejojme-ndertimin-e-centralit-berthamor-ne-shkoder\/","og_site_name":"Lajme nga Ulqini","article_published_time":"2012-04-15T10:16:25+00:00","og_image":[{"url":"http:\/\/www.visit-ulcinj.com\/blog\/wp-content\/uploads\/2012\/04\/Daliborka-Pejovic.jpg"}],"twitter_misc":{"Written by":"ulqini","Est. reading time":"3 minutes"},"schema":{"@context":"https:\/\/schema.org","@graph":[{"@type":"WebSite","@id":"https:\/\/www.visit-ulcinj.com\/blog\/#website","url":"https:\/\/www.visit-ulcinj.com\/blog\/","name":"Lajme nga Ulqini","description":"Lajme,Vijesti,Ulqini,Ulqin,Crna Gora,Mali i Zi","potentialAction":[{"@type":"SearchAction","target":{"@type":"EntryPoint","urlTemplate":"https:\/\/www.visit-ulcinj.com\/blog\/?s={search_term_string}"},"query-input":"required name=search_term_string"}],"inLanguage":"en-US"},{"@type":"ImageObject","inLanguage":"en-US","@id":"https:\/\/www.visit-ulcinj.com\/blog\/2012\/04\/15\/mali-i-zi-sdo-lejojme-ndertimin-e-centralit-berthamor-ne-shkoder\/#primaryimage","url":"https:\/\/www.visit-ulcinj.com\/blog\/wp-content\/uploads\/2012\/04\/Daliborka-Pejovic.jpg","contentUrl":"https:\/\/www.visit-ulcinj.com\/blog\/wp-content\/uploads\/2012\/04\/Daliborka-Pejovic.jpg","width":"500","height":"375"},{"@type":"WebPage","@id":"https:\/\/www.visit-ulcinj.com\/blog\/2012\/04\/15\/mali-i-zi-sdo-lejojme-ndertimin-e-centralit-berthamor-ne-shkoder\/#webpage","url":"https:\/\/www.visit-ulcinj.com\/blog\/2012\/04\/15\/mali-i-zi-sdo-lejojme-ndertimin-e-centralit-berthamor-ne-shkoder\/","name":"Mali i Zi: S\u2019do lejojm\u00eb nd\u00ebrtimin e centralit b\u00ebrthamor n\u00eb Shkod\u00ebr - Lajme nga Ulqini","isPartOf":{"@id":"https:\/\/www.visit-ulcinj.com\/blog\/#website"},"primaryImageOfPage":{"@id":"https:\/\/www.visit-ulcinj.com\/blog\/2012\/04\/15\/mali-i-zi-sdo-lejojme-ndertimin-e-centralit-berthamor-ne-shkoder\/#primaryimage"},"datePublished":"2012-04-15T10:16:25+00:00","dateModified":"2012-04-15T10:16:25+00:00","author":{"@id":"https:\/\/www.visit-ulcinj.com\/blog\/#\/schema\/person\/dcab619c614d3038751c63bc2aadc06d"},"description":"Drejtoresha e Agjencis\u00eb p\u00ebr mbrojtjen e ambientit n\u00eb Mal t\u00eb Zi, Daliborka Pejovi\u00e7 ka vler\u00ebsuar se qytetar\u00ebt e Malit t\u00eb Zi duhet t\u00eb vendosin p\u00ebr centralin","breadcrumb":{"@id":"https:\/\/www.visit-ulcinj.com\/blog\/2012\/04\/15\/mali-i-zi-sdo-lejojme-ndertimin-e-centralit-berthamor-ne-shkoder\/#breadcrumb"},"inLanguage":"en-US","potentialAction":[{"@type":"ReadAction","target":["https:\/\/www.visit-ulcinj.com\/blog\/2012\/04\/15\/mali-i-zi-sdo-lejojme-ndertimin-e-centralit-berthamor-ne-shkoder\/"]}]},{"@type":"BreadcrumbList","@id":"https:\/\/www.visit-ulcinj.com\/blog\/2012\/04\/15\/mali-i-zi-sdo-lejojme-ndertimin-e-centralit-berthamor-ne-shkoder\/#breadcrumb","itemListElement":[{"@type":"ListItem","position":1,"name":"Mali i Zi: S\u2019do lejojm\u00eb nd\u00ebrtimin e centralit b\u00ebrthamor n\u00eb Shkod\u00ebr"}]},{"@type":"Person","@id":"https:\/\/www.visit-ulcinj.com\/blog\/#\/schema\/person\/dcab619c614d3038751c63bc2aadc06d","name":"ulqini","sameAs":["http:\/\/www.visit-ulcinj.com"],"url":"https:\/\/www.visit-ulcinj.com\/blog\/author\/admin\/"}]}},"jetpack_featured_media_url":"","jetpack_sharing_enabled":true,"jetpack_shortlink":"https:\/\/wp.me\/pe6lTn-fpy","_links":{"self":[{"href":"https:\/\/www.visit-ulcinj.com\/blog\/wp-json\/wp\/v2\/posts\/59244"}],"collection":[{"href":"https:\/\/www.visit-ulcinj.com\/blog\/wp-json\/wp\/v2\/posts"}],"about":[{"href":"https:\/\/www.visit-ulcinj.com\/blog\/wp-json\/wp\/v2\/types\/post"}],"author":[{"embeddable":true,"href":"https:\/\/www.visit-ulcinj.com\/blog\/wp-json\/wp\/v2\/users\/1"}],"replies":[{"embeddable":true,"href":"https:\/\/www.visit-ulcinj.com\/blog\/wp-json\/wp\/v2\/comments?post=59244"}],"version-history":[{"count":1,"href":"https:\/\/www.visit-ulcinj.com\/blog\/wp-json\/wp\/v2\/posts\/59244\/revisions"}],"predecessor-version":[{"id":59246,"href":"https:\/\/www.visit-ulcinj.com\/blog\/wp-json\/wp\/v2\/posts\/59244\/revisions\/59246"}],"wp:attachment":[{"href":"https:\/\/www.visit-ulcinj.com\/blog\/wp-json\/wp\/v2\/media?parent=59244"}],"wp:term":[{"taxonomy":"category","embeddable":true,"href":"https:\/\/www.visit-ulcinj.com\/blog\/wp-json\/wp\/v2\/categories?post=59244"},{"taxonomy":"post_tag","embeddable":true,"href":"https:\/\/www.visit-ulcinj.com\/blog\/wp-json\/wp\/v2\/tags?post=59244"}],"curies":[{"name":"wp","href":"https:\/\/api.w.org\/{rel}","templated":true}]}}