{"id":59247,"date":"2012-04-15T21:28:53","date_gmt":"2012-04-15T20:28:53","guid":{"rendered":"http:\/\/www.visit-ulcinj.com\/blog\/?p=59247"},"modified":"2012-04-15T21:28:53","modified_gmt":"2012-04-15T20:28:53","slug":"mans-ulcinj-ne-smije-biti-talac-vlade","status":"publish","type":"post","link":"https:\/\/www.visit-ulcinj.com\/blog\/2012\/04\/15\/mans-ulcinj-ne-smije-biti-talac-vlade\/","title":{"rendered":"MANS: Ulcinj ne smije biti talac Vlade"},"content":{"rendered":"<p><a href=\"http:\/\/www.visit-ulcinj.com\/blog\/wp-content\/uploads\/2012\/04\/Solana-Ulcinj1.jpg\"><img loading=\"lazy\" class=\"alignleft size-full wp-image-59248\" title=\"Solana Ulcinj\" src=\"http:\/\/www.visit-ulcinj.com\/blog\/wp-content\/uploads\/2012\/04\/Solana-Ulcinj1.jpg\" alt=\"\" width=\"403\" height=\"600\" srcset=\"https:\/\/www.visit-ulcinj.com\/blog\/wp-content\/uploads\/2012\/04\/Solana-Ulcinj1.jpg 403w, https:\/\/www.visit-ulcinj.com\/blog\/wp-content\/uploads\/2012\/04\/Solana-Ulcinj1-201x300.jpg 201w\" sizes=\"(max-width: 403px) 100vw, 403px\" \/><\/a>Odluka Vlade Crne Gore da prostor ulcinjske Solane ipak bude stavljen pod posebnu za\u0161titu, predstavlja pobjedu u prvom redu gra\u0111ana Ulcinja, ali i nevladinog sektora i nezavisnih medija, ali i jasan pokazatelj da pritisak na Vladu mo\u017ee da proizvede konretne rezultate, ocjenjuju iz Mre\u017ee za afirmaciju nevladinog sektora.<\/p>\n<p>U saop\u0161tenju MANS-a se isti\u010de da je pritisak javnosti na Vladu obezbijedio i da se odustane i od poku\u0161aja nezakonitog izdavanja u zakup uvale Valdanos koje je kao i uslu\u010daju Solane trebao da obezbijedi da se na ra\u010dun javnog interesa zgrne ogroman profit.<\/p>\n<p>&#8220;Ipak, oba ova slu\u010daja su pokazala da tajkuni, bilo da su doma\u0107i ili dolaze iz inostranstva, imaju odli\u010dne saveznike u Vladi Crne Gore, koja je zarad tu\u0111ih interesa bila spremna da ignori\u0161e volju gra\u0111ana Ulcinja i njihovo jasno suprostavljanje devastaciji prostora, ali i bezo\u010dnoj plja\u010dki&#8221;, ka\u017eu iz MANS-a.<\/p>\n<p><strong>Mnogo se uzimalo, malo vra\u0107alo<\/strong><\/p>\n<p>&#8220;Ulcinj je predugo bio resursna baza iz koje se samo uzimalo, a malo \u0161to vra\u0107alo, po\u010dev od prodaje hotela i privatizacija firmi pa sve do ma\u0107ehinskog tretmana od strane JP Morsko dobro kada je u pitanju ulcinjska obala. Privatizacije hotela Albatros, Galeb, Lido, Belvi, Otrant, te kompanija Primorje, Agro-Ulcinj, Otrant komerc i mnogih drugih, svjedoci su pogre\u0161ne politike Vlade Crne Gore koja je ostavila su bez posla ili u ste\u010daju stotine ulcinjskih radnika koji su u tim preduze\u0107ima vidjeli svoju budu\u0107nost, ali i budu\u0107nost ulcinjske privrede&#8221;, navodi se u saop\u0161tenju.<\/p>\n<p>Oni ocjenjuje da su raspar\u010davanje hotelskog preduze\u0107a &#8220;Ulcinjska rivijera&#8221; te nesposobnost Vlade da na adekvatan na\u010din valorizuje prostor Velike pla\u017ee i Ade Bojane, marginalizovali su Ulcinj i udaljili ga od zdravih investicija i otvaranja novih radnih mjesta.<\/p>\n<p><a href=\"http:\/\/www.visit-ulcinj.com\/blog\/?attachment_id=59249\" rel=\"attachment wp-att-59249\"><img loading=\"lazy\" class=\"alignleft  wp-image-59249\" title=\"OLYMPUS DIGITAL CAMERA\" src=\"http:\/\/www.visit-ulcinj.com\/blog\/wp-content\/uploads\/2012\/04\/Dejan-Milovac.jpg\" alt=\"\" width=\"508\" height=\"300\" \/><\/a><\/p>\n<p><strong>Da se ne ponovi Barovi\u0107<\/strong><\/p>\n<p>Iz MANS-a isti\u010du da je Vlada je gra\u0111anima Ulcinja dovela &#8220;strate\u0161ke investitore&#8221; koji su umjesto ulaganja ru\u0161ili hotele, otpu\u0161tali i \u0161ikanirali radnike, uvodili preduze\u0107a u ste\u010daj, raspar\u010davavalii njihovu imovinu i izvla\u010dili profit, te da niko u Vladi nije snosio odgovornost za lo\u0161e privatizacione ugovore i da nema istraga, niko nije zavr\u0161io u zatvoru zbog \u010dinjenice da je Ulcinj danas uprkos ogromnom investicionom potencijalu, najsiroma\u0161nija op\u0161tina na Jadranu.<\/p>\n<p>&#8220;Zbog toga se ovaj problem mora rje\u0161avati na sistemski na\u010din koji treba da obezbijedi da nam se vi\u0161e ne ponavljaju Veselin Barovi\u0107 i Eurofond ili Cubus Lux i Vujica Lazovi\u0107. Neko mora kona\u010dno odgovarati za to \u0161to radnici ulcinjske privrede pla\u0107aju tu\u0111e lo\u0161e odluke, ugradnje i navodnu tranziciju kojom se poku\u0161ava prikriti najobi\u010dnija bezo\u010dna plja\u010dka svega onoga \u0161to su gra\u0111ani Ulcinja decenijama stvarali&#8221; ka\u017ee se u saop\u0161tenju.<\/p>\n<p>&#8220;Radnici ulcinjske privrede \u017eele samo ono \u0161to \u017eele i njihove kolege iz svih krajeva Crne Gore, a to je mogu\u0107nost da rade, sa\u010duvaju preduze\u0107a koja su svojim rukama sagradili i po\u0161tenim radom stvore budu\u0107nost za svoje porodice&#8221;, zaklju\u010duju iz MANS-a.<\/p>\n<p>MANS poziva i ulcinjski nevladin sektor i nezavisne da se priklju\u010de radnicima ulcinjske privrede i pomognu nam da zajedno ka\u017eemo Vladi Crne Gore, premijeru Igoru Luk\u0161i\u0107u i onima koje \u0161titi da je bilo dosta i da je vrijeme za konkretne promjene.<\/p>\n<p><strong>Vijesti online<\/strong><\/p>\n","protected":false},"excerpt":{"rendered":"<p>Odluka Vlade Crne Gore da prostor ulcinjske Solane ipak bude stavljen pod posebnu za\u0161titu, predstavlja pobjedu u prvom redu gra\u0111ana Ulcinja, ali i nevladinog sektora i nezavisnih medija, ali i jasan pokazatelj da pritisak na Vladu mo\u017ee da proizvede konretne rezultate, ocjenjuju iz Mre\u017ee za afirmaciju nevladinog sektora. U saop\u0161tenju MANS-a se isti\u010de da je [&hellip;]<\/p>\n","protected":false},"author":1,"featured_media":0,"comment_status":"open","ping_status":"closed","sticky":false,"template":"","format":"standard","meta":{"spay_email":"","jetpack_publicize_message":"","jetpack_is_tweetstorm":false,"jetpack_publicize_feature_enabled":true},"categories":[8337],"tags":[3898,4126,19],"jetpack_publicize_connections":[],"yoast_head":"<!-- This site is optimized with the Yoast SEO plugin v19.1 - https:\/\/yoast.com\/wordpress\/plugins\/seo\/ -->\n<title>MANS: Ulcinj ne smije biti talac Vlade - Lajme nga Ulqini<\/title>\n<meta name=\"description\" content=\"Odluka Vlade Crne Gore da prostor ulcinjske Solane ipak bude stavljen pod posebnu za\u0161titu, predstavlja pobjedu u prvom redu gra\u0111ana Ulcinja, ali i\" \/>\n<meta name=\"robots\" content=\"index, follow, max-snippet:-1, max-image-preview:large, max-video-preview:-1\" \/>\n<link rel=\"canonical\" href=\"https:\/\/www.visit-ulcinj.com\/blog\/2012\/04\/15\/mans-ulcinj-ne-smije-biti-talac-vlade\/\" \/>\n<meta property=\"og:locale\" content=\"en_US\" \/>\n<meta property=\"og:type\" content=\"article\" \/>\n<meta property=\"og:title\" content=\"MANS: Ulcinj ne smije biti talac Vlade - Lajme nga Ulqini\" \/>\n<meta property=\"og:description\" content=\"Odluka Vlade Crne Gore da prostor ulcinjske Solane ipak bude stavljen pod posebnu za\u0161titu, predstavlja pobjedu u prvom redu gra\u0111ana Ulcinja, ali i\" \/>\n<meta property=\"og:url\" content=\"https:\/\/www.visit-ulcinj.com\/blog\/2012\/04\/15\/mans-ulcinj-ne-smije-biti-talac-vlade\/\" \/>\n<meta property=\"og:site_name\" content=\"Lajme nga Ulqini\" \/>\n<meta property=\"article:published_time\" content=\"2012-04-15T20:28:53+00:00\" \/>\n<meta property=\"og:image\" content=\"http:\/\/www.visit-ulcinj.com\/blog\/wp-content\/uploads\/2012\/04\/Solana-Ulcinj1.jpg\" \/>\n<meta name=\"twitter:label1\" content=\"Written by\" \/>\n\t<meta name=\"twitter:data1\" content=\"ulqini\" \/>\n\t<meta name=\"twitter:label2\" content=\"Est. reading time\" \/>\n\t<meta name=\"twitter:data2\" content=\"3 minutes\" \/>\n<script type=\"application\/ld+json\" class=\"yoast-schema-graph\">{\"@context\":\"https:\/\/schema.org\",\"@graph\":[{\"@type\":\"WebSite\",\"@id\":\"https:\/\/www.visit-ulcinj.com\/blog\/#website\",\"url\":\"https:\/\/www.visit-ulcinj.com\/blog\/\",\"name\":\"Lajme nga Ulqini\",\"description\":\"Lajme,Vijesti,Ulqini,Ulqin,Crna Gora,Mali i Zi\",\"potentialAction\":[{\"@type\":\"SearchAction\",\"target\":{\"@type\":\"EntryPoint\",\"urlTemplate\":\"https:\/\/www.visit-ulcinj.com\/blog\/?s={search_term_string}\"},\"query-input\":\"required name=search_term_string\"}],\"inLanguage\":\"en-US\"},{\"@type\":\"ImageObject\",\"inLanguage\":\"en-US\",\"@id\":\"https:\/\/www.visit-ulcinj.com\/blog\/2012\/04\/15\/mans-ulcinj-ne-smije-biti-talac-vlade\/#primaryimage\",\"url\":\"https:\/\/www.visit-ulcinj.com\/blog\/wp-content\/uploads\/2012\/04\/Solana-Ulcinj1.jpg\",\"contentUrl\":\"https:\/\/www.visit-ulcinj.com\/blog\/wp-content\/uploads\/2012\/04\/Solana-Ulcinj1.jpg\",\"width\":\"403\",\"height\":\"600\"},{\"@type\":\"WebPage\",\"@id\":\"https:\/\/www.visit-ulcinj.com\/blog\/2012\/04\/15\/mans-ulcinj-ne-smije-biti-talac-vlade\/#webpage\",\"url\":\"https:\/\/www.visit-ulcinj.com\/blog\/2012\/04\/15\/mans-ulcinj-ne-smije-biti-talac-vlade\/\",\"name\":\"MANS: Ulcinj ne smije biti talac Vlade - Lajme nga Ulqini\",\"isPartOf\":{\"@id\":\"https:\/\/www.visit-ulcinj.com\/blog\/#website\"},\"primaryImageOfPage\":{\"@id\":\"https:\/\/www.visit-ulcinj.com\/blog\/2012\/04\/15\/mans-ulcinj-ne-smije-biti-talac-vlade\/#primaryimage\"},\"datePublished\":\"2012-04-15T20:28:53+00:00\",\"dateModified\":\"2012-04-15T20:28:53+00:00\",\"author\":{\"@id\":\"https:\/\/www.visit-ulcinj.com\/blog\/#\/schema\/person\/dcab619c614d3038751c63bc2aadc06d\"},\"description\":\"Odluka Vlade Crne Gore da prostor ulcinjske Solane ipak bude stavljen pod posebnu za\u0161titu, predstavlja pobjedu u prvom redu gra\u0111ana Ulcinja, ali i\",\"breadcrumb\":{\"@id\":\"https:\/\/www.visit-ulcinj.com\/blog\/2012\/04\/15\/mans-ulcinj-ne-smije-biti-talac-vlade\/#breadcrumb\"},\"inLanguage\":\"en-US\",\"potentialAction\":[{\"@type\":\"ReadAction\",\"target\":[\"https:\/\/www.visit-ulcinj.com\/blog\/2012\/04\/15\/mans-ulcinj-ne-smije-biti-talac-vlade\/\"]}]},{\"@type\":\"BreadcrumbList\",\"@id\":\"https:\/\/www.visit-ulcinj.com\/blog\/2012\/04\/15\/mans-ulcinj-ne-smije-biti-talac-vlade\/#breadcrumb\",\"itemListElement\":[{\"@type\":\"ListItem\",\"position\":1,\"name\":\"MANS: Ulcinj ne smije biti talac Vlade\"}]},{\"@type\":\"Person\",\"@id\":\"https:\/\/www.visit-ulcinj.com\/blog\/#\/schema\/person\/dcab619c614d3038751c63bc2aadc06d\",\"name\":\"ulqini\",\"sameAs\":[\"http:\/\/www.visit-ulcinj.com\"],\"url\":\"https:\/\/www.visit-ulcinj.com\/blog\/author\/admin\/\"}]}<\/script>\n<!-- \/ Yoast SEO plugin. -->","yoast_head_json":{"title":"MANS: Ulcinj ne smije biti talac Vlade - Lajme nga Ulqini","description":"Odluka Vlade Crne Gore da prostor ulcinjske Solane ipak bude stavljen pod posebnu za\u0161titu, predstavlja pobjedu u prvom redu gra\u0111ana Ulcinja, ali i","robots":{"index":"index","follow":"follow","max-snippet":"max-snippet:-1","max-image-preview":"max-image-preview:large","max-video-preview":"max-video-preview:-1"},"canonical":"https:\/\/www.visit-ulcinj.com\/blog\/2012\/04\/15\/mans-ulcinj-ne-smije-biti-talac-vlade\/","og_locale":"en_US","og_type":"article","og_title":"MANS: Ulcinj ne smije biti talac Vlade - Lajme nga Ulqini","og_description":"Odluka Vlade Crne Gore da prostor ulcinjske Solane ipak bude stavljen pod posebnu za\u0161titu, predstavlja pobjedu u prvom redu gra\u0111ana Ulcinja, ali i","og_url":"https:\/\/www.visit-ulcinj.com\/blog\/2012\/04\/15\/mans-ulcinj-ne-smije-biti-talac-vlade\/","og_site_name":"Lajme nga Ulqini","article_published_time":"2012-04-15T20:28:53+00:00","og_image":[{"url":"http:\/\/www.visit-ulcinj.com\/blog\/wp-content\/uploads\/2012\/04\/Solana-Ulcinj1.jpg"}],"twitter_misc":{"Written by":"ulqini","Est. reading time":"3 minutes"},"schema":{"@context":"https:\/\/schema.org","@graph":[{"@type":"WebSite","@id":"https:\/\/www.visit-ulcinj.com\/blog\/#website","url":"https:\/\/www.visit-ulcinj.com\/blog\/","name":"Lajme nga Ulqini","description":"Lajme,Vijesti,Ulqini,Ulqin,Crna Gora,Mali i Zi","potentialAction":[{"@type":"SearchAction","target":{"@type":"EntryPoint","urlTemplate":"https:\/\/www.visit-ulcinj.com\/blog\/?s={search_term_string}"},"query-input":"required name=search_term_string"}],"inLanguage":"en-US"},{"@type":"ImageObject","inLanguage":"en-US","@id":"https:\/\/www.visit-ulcinj.com\/blog\/2012\/04\/15\/mans-ulcinj-ne-smije-biti-talac-vlade\/#primaryimage","url":"https:\/\/www.visit-ulcinj.com\/blog\/wp-content\/uploads\/2012\/04\/Solana-Ulcinj1.jpg","contentUrl":"https:\/\/www.visit-ulcinj.com\/blog\/wp-content\/uploads\/2012\/04\/Solana-Ulcinj1.jpg","width":"403","height":"600"},{"@type":"WebPage","@id":"https:\/\/www.visit-ulcinj.com\/blog\/2012\/04\/15\/mans-ulcinj-ne-smije-biti-talac-vlade\/#webpage","url":"https:\/\/www.visit-ulcinj.com\/blog\/2012\/04\/15\/mans-ulcinj-ne-smije-biti-talac-vlade\/","name":"MANS: Ulcinj ne smije biti talac Vlade - Lajme nga Ulqini","isPartOf":{"@id":"https:\/\/www.visit-ulcinj.com\/blog\/#website"},"primaryImageOfPage":{"@id":"https:\/\/www.visit-ulcinj.com\/blog\/2012\/04\/15\/mans-ulcinj-ne-smije-biti-talac-vlade\/#primaryimage"},"datePublished":"2012-04-15T20:28:53+00:00","dateModified":"2012-04-15T20:28:53+00:00","author":{"@id":"https:\/\/www.visit-ulcinj.com\/blog\/#\/schema\/person\/dcab619c614d3038751c63bc2aadc06d"},"description":"Odluka Vlade Crne Gore da prostor ulcinjske Solane ipak bude stavljen pod posebnu za\u0161titu, predstavlja pobjedu u prvom redu gra\u0111ana Ulcinja, ali i","breadcrumb":{"@id":"https:\/\/www.visit-ulcinj.com\/blog\/2012\/04\/15\/mans-ulcinj-ne-smije-biti-talac-vlade\/#breadcrumb"},"inLanguage":"en-US","potentialAction":[{"@type":"ReadAction","target":["https:\/\/www.visit-ulcinj.com\/blog\/2012\/04\/15\/mans-ulcinj-ne-smije-biti-talac-vlade\/"]}]},{"@type":"BreadcrumbList","@id":"https:\/\/www.visit-ulcinj.com\/blog\/2012\/04\/15\/mans-ulcinj-ne-smije-biti-talac-vlade\/#breadcrumb","itemListElement":[{"@type":"ListItem","position":1,"name":"MANS: Ulcinj ne smije biti talac Vlade"}]},{"@type":"Person","@id":"https:\/\/www.visit-ulcinj.com\/blog\/#\/schema\/person\/dcab619c614d3038751c63bc2aadc06d","name":"ulqini","sameAs":["http:\/\/www.visit-ulcinj.com"],"url":"https:\/\/www.visit-ulcinj.com\/blog\/author\/admin\/"}]}},"jetpack_featured_media_url":"","jetpack_sharing_enabled":true,"jetpack_shortlink":"https:\/\/wp.me\/pe6lTn-fpB","_links":{"self":[{"href":"https:\/\/www.visit-ulcinj.com\/blog\/wp-json\/wp\/v2\/posts\/59247"}],"collection":[{"href":"https:\/\/www.visit-ulcinj.com\/blog\/wp-json\/wp\/v2\/posts"}],"about":[{"href":"https:\/\/www.visit-ulcinj.com\/blog\/wp-json\/wp\/v2\/types\/post"}],"author":[{"embeddable":true,"href":"https:\/\/www.visit-ulcinj.com\/blog\/wp-json\/wp\/v2\/users\/1"}],"replies":[{"embeddable":true,"href":"https:\/\/www.visit-ulcinj.com\/blog\/wp-json\/wp\/v2\/comments?post=59247"}],"version-history":[{"count":1,"href":"https:\/\/www.visit-ulcinj.com\/blog\/wp-json\/wp\/v2\/posts\/59247\/revisions"}],"predecessor-version":[{"id":59250,"href":"https:\/\/www.visit-ulcinj.com\/blog\/wp-json\/wp\/v2\/posts\/59247\/revisions\/59250"}],"wp:attachment":[{"href":"https:\/\/www.visit-ulcinj.com\/blog\/wp-json\/wp\/v2\/media?parent=59247"}],"wp:term":[{"taxonomy":"category","embeddable":true,"href":"https:\/\/www.visit-ulcinj.com\/blog\/wp-json\/wp\/v2\/categories?post=59247"},{"taxonomy":"post_tag","embeddable":true,"href":"https:\/\/www.visit-ulcinj.com\/blog\/wp-json\/wp\/v2\/tags?post=59247"}],"curies":[{"name":"wp","href":"https:\/\/api.w.org\/{rel}","templated":true}]}}