{"id":59251,"date":"2012-04-15T23:58:08","date_gmt":"2012-04-15T22:58:08","guid":{"rendered":"http:\/\/www.visit-ulcinj.com\/blog\/?p=59251"},"modified":"2012-04-15T23:58:08","modified_gmt":"2012-04-15T22:58:08","slug":"promovohen-dy-libra-te-dr-bahri-briskut","status":"publish","type":"post","link":"https:\/\/www.visit-ulcinj.com\/blog\/2012\/04\/15\/promovohen-dy-libra-te-dr-bahri-briskut\/","title":{"rendered":"Promovohen dy libra t\u00eb Dr Bahri Briskut"},"content":{"rendered":"<p><a href=\"http:\/\/www.visit-ulcinj.com\/blog\/wp-content\/uploads\/2012\/04\/Promovohen-dy-libra-t\u00eb-Dr-Bahri-Briskut.jpg\"><img loading=\"lazy\" class=\"alignleft  wp-image-59252\" title=\"Promovohen dy libra t\u00eb Dr Bahri Briskut\" src=\"http:\/\/www.visit-ulcinj.com\/blog\/wp-content\/uploads\/2012\/04\/Promovohen-dy-libra-t\u00eb-Dr-Bahri-Briskut.jpg\" alt=\"\" width=\"508\" height=\"360\" \/><\/a>Te Shtunen ne oren 18.00, ne ambientet e e Bibliotek\u00ebs s\u00eb Qendr\u00ebs p\u00ebr kultur\u00eb Ulqin u be perurimi i disa botimeve te t\u00eb autorit dr. Bahri Briskut, ku u urganizua\u00a0 p\u00ebrurimi i librave<\/p>\n<p>1. KUSAR\u00cbT DHE DETAR\u00cbT SHQIPTAR\u00cb<\/p>\n<p>2. RUDINA MAGJIKE<\/p>\n<p>Organizator t\u00eb k\u00ebtij\u00eb perurimi t\u00eb librave t\u00eb dr.Bahri Biskut jan\u00eb:<\/p>\n<p><strong>BIBLIOTEKA \u2013 QENDRA P\u00cbR KULTUR\u00cb \u2013 ULQIN<\/strong><\/p>\n<p><strong>ASOCIACIONI ULQINI \u2013 ULQIN<\/strong><\/p>\n<p><strong>BASHKIMI I KRIJUESVE SHQIPTAR\u00cb N\u00cb MAL T\u00cb ZI<\/strong><\/p>\n<p><strong>SHOQATA E ISH T\u00cb BURGOSURVE DHE T\u00cb P\u00cbRNDJEKURVE POLITIK T\u00cb SHQIPTAR\u00cbVE N\u00cb MAL T\u00cb ZI<\/p>\n<p><\/strong><\/p>\n<p>T\u00eb pranish\u00ebm n\u00eb k\u00ebt\u00eb akt solemn ishin nj\u00eb num\u00ebr i madh\u00eb njerizish si dhe figura t\u00eb njohura intelektuale nga Ulqini,Ana Malit,Kosova e m\u00eb gjer\u00eb. Promovimi u zhvillua mes personazheve t\u00eb njohur t\u00eb kultures dhe artit,spektaklit dhe politik\u00ebs.T\u00eb gjith\u00eb me nj\u00eb q\u00ebllim, p\u00ebr t\u00eb uruar autorin e librit dr.Bahri Briskut i cili arriti t\u00eb kuror\u00ebzoj\u00eb me sukses pun\u00ebn e tij\u00eb\u00a0 duke i p\u00ebrmbledhur faktet e krijuara nd\u00ebr vite.<\/p>\n<p>Prezentuesja e programit ishte prof. e gjuh\u00ebs e let\u00ebrsis\u00eb gjermane, bibliotekare udh\u00ebheq\u00ebse e Bibliotek\u00ebs s\u00eb Qytetit Ulqin,z.Ardita Rama. Fjalen nga t\u00eb pranishmit e moren Ibrahim Berjashi-publicist\u00eb, gazetari Gjek\u00eb Gjonaj, si edhe Hajro Ulqinaku \u00a0shkrimtari i ekzotik\u00ebs bregdetare t\u00eb Ulqinit.<\/p>\n<p>Hajro Ulqinaku tha se \u00ebsht\u00eb e pashmangshme q\u00eb shkrimtar\u00ebt diku n\u00eb nj\u00eb faz\u00eb t\u00eb krijimtaris\u00eb s\u00eb tyre t\u00eb marrin inspirim e t\u2019i shkruajn\u00eb vendlindjes s\u00eb tyre. E kur flasim p\u00ebr krijimtarin\u00eb e Bahri Briskut ku larg\u00ebsia nga vendlindja Brisku reflektoi duksh\u00ebm n\u00eb veprat e tija. Natyrisht, nuk ka vend m\u00eb t\u00eb bukur se vendlindja. Por, si\u00e7 mund t\u00eb lexojm\u00eb n\u00eb k\u00ebt\u00eb antologji, Brisku ka mrekulluar me bukurit\u00eb e tij edhe shum\u00eb t\u00eb tjer\u00eb.<\/p>\n<p>Dr.Bahri Brisku mbeti i k\u00ebnaqur nga prania e mysafir\u00ebve, t\u00eb shumt\u00eb n\u00eb numer, dhe t\u00eb cilet i falenderoi p\u00ebr pjesmarrjen e tyre.Evenimente si kjo, jan\u00eb d\u00ebshmi se Ulqini,Ana Malit dhe Kraja kan\u00eb dhe jan\u00eb njerez q\u00eb e ruajn\u00eb kulturen dhe traditen e tyre, se gj\u00ebrat e shkruara, mbesin si t\u00eb tilla p\u00ebr gjeneratat q\u00eb vin\u00eb.<\/p>\n<p>M\u00eb n\u00eb fund\u00eb organizatoret \u00a0t\u00eb k\u00ebtij\u00eb perurimi, kishin organizuar nj\u00eb koktej p\u00ebr mysafir\u00ebt.<\/p>\n<p><strong>Lajme nga Ulqini<\/strong><br \/>\n\n\t\t<style type=\"text\/css\">\n\t\t\t#gallery-1 {\n\t\t\t\tmargin: auto;\n\t\t\t}\n\t\t\t#gallery-1 .gallery-item {\n\t\t\t\tfloat: left;\n\t\t\t\tmargin-top: 10px;\n\t\t\t\ttext-align: center;\n\t\t\t\twidth: 33%;\n\t\t\t}\n\t\t\t#gallery-1 img {\n\t\t\t\tborder: 2px solid #cfcfcf;\n\t\t\t}\n\t\t\t#gallery-1 .gallery-caption {\n\t\t\t\tmargin-left: 0;\n\t\t\t}\n\t\t\t\/* see gallery_shortcode() in wp-includes\/media.php *\/\n\t\t<\/style>\n\t\t<div id='gallery-1' class='gallery galleryid-59251 gallery-columns-3 gallery-size-thumbnail'><dl class='gallery-item'>\n\t\t\t<dt class='gallery-icon landscape'>\n\t\t\t\t<a href='https:\/\/www.visit-ulcinj.com\/blog\/wp-content\/uploads\/2012\/04\/Promovohen-dy-libra-t\u00eb-Dr-Bahri-Briskut.jpg'><img width=\"150\" height=\"150\" src=\"https:\/\/www.visit-ulcinj.com\/blog\/wp-content\/uploads\/2012\/04\/Promovohen-dy-libra-t\u00eb-Dr-Bahri-Briskut-150x150.jpg\" class=\"attachment-thumbnail size-thumbnail\" alt=\"\" loading=\"lazy\" \/><\/a>\n\t\t\t<\/dt><\/dl><dl class='gallery-item'>\n\t\t\t<dt class='gallery-icon landscape'>\n\t\t\t\t<a href='https:\/\/www.visit-ulcinj.com\/blog\/wp-content\/uploads\/2012\/04\/Promovohen-dy-libra-t\u00eb-Dr-Bahri-Briskut.1.jpg'><img width=\"150\" height=\"150\" src=\"https:\/\/www.visit-ulcinj.com\/blog\/wp-content\/uploads\/2012\/04\/Promovohen-dy-libra-t\u00eb-Dr-Bahri-Briskut.1-150x150.jpg\" class=\"attachment-thumbnail size-thumbnail\" alt=\"\" loading=\"lazy\" \/><\/a>\n\t\t\t<\/dt><\/dl><dl class='gallery-item'>\n\t\t\t<dt class='gallery-icon landscape'>\n\t\t\t\t<a href='https:\/\/www.visit-ulcinj.com\/blog\/wp-content\/uploads\/2012\/04\/Promovohen-dy-libra-t\u00eb-Dr-Bahri-Briskut.2.jpg'><img width=\"150\" height=\"150\" src=\"https:\/\/www.visit-ulcinj.com\/blog\/wp-content\/uploads\/2012\/04\/Promovohen-dy-libra-t\u00eb-Dr-Bahri-Briskut.2-150x150.jpg\" class=\"attachment-thumbnail size-thumbnail\" alt=\"\" loading=\"lazy\" \/><\/a>\n\t\t\t<\/dt><\/dl><br style=\"clear: both\" \/><dl class='gallery-item'>\n\t\t\t<dt class='gallery-icon portrait'>\n\t\t\t\t<a href='https:\/\/www.visit-ulcinj.com\/blog\/wp-content\/uploads\/2012\/04\/Promovohen-dy-libra-t\u00eb-Dr-Bahri-Briskut.3.jpg'><img width=\"150\" height=\"150\" src=\"https:\/\/www.visit-ulcinj.com\/blog\/wp-content\/uploads\/2012\/04\/Promovohen-dy-libra-t\u00eb-Dr-Bahri-Briskut.3-150x150.jpg\" class=\"attachment-thumbnail size-thumbnail\" alt=\"\" loading=\"lazy\" \/><\/a>\n\t\t\t<\/dt><\/dl><dl class='gallery-item'>\n\t\t\t<dt class='gallery-icon portrait'>\n\t\t\t\t<a href='https:\/\/www.visit-ulcinj.com\/blog\/wp-content\/uploads\/2012\/04\/Promovohen-dy-libra-t\u00eb-Dr-Bahri-Briskut.4.jpg'><img width=\"150\" height=\"150\" src=\"https:\/\/www.visit-ulcinj.com\/blog\/wp-content\/uploads\/2012\/04\/Promovohen-dy-libra-t\u00eb-Dr-Bahri-Briskut.4-150x150.jpg\" class=\"attachment-thumbnail size-thumbnail\" alt=\"\" loading=\"lazy\" \/><\/a>\n\t\t\t<\/dt><\/dl><dl class='gallery-item'>\n\t\t\t<dt class='gallery-icon landscape'>\n\t\t\t\t<a href='https:\/\/www.visit-ulcinj.com\/blog\/wp-content\/uploads\/2012\/04\/Promovohen-dy-libra-t\u00eb-Dr-Bahri-Briskut.5.jpg'><img width=\"150\" height=\"150\" src=\"https:\/\/www.visit-ulcinj.com\/blog\/wp-content\/uploads\/2012\/04\/Promovohen-dy-libra-t\u00eb-Dr-Bahri-Briskut.5-150x150.jpg\" class=\"attachment-thumbnail size-thumbnail\" alt=\"\" loading=\"lazy\" \/><\/a>\n\t\t\t<\/dt><\/dl><br style=\"clear: both\" \/><dl class='gallery-item'>\n\t\t\t<dt class='gallery-icon landscape'>\n\t\t\t\t<a href='https:\/\/www.visit-ulcinj.com\/blog\/wp-content\/uploads\/2012\/04\/Promovohen-dy-libra-t\u00eb-Dr-Bahri-Briskut.6.jpg'><img width=\"150\" height=\"150\" src=\"https:\/\/www.visit-ulcinj.com\/blog\/wp-content\/uploads\/2012\/04\/Promovohen-dy-libra-t\u00eb-Dr-Bahri-Briskut.6-150x150.jpg\" class=\"attachment-thumbnail size-thumbnail\" alt=\"\" loading=\"lazy\" \/><\/a>\n\t\t\t<\/dt><\/dl><dl class='gallery-item'>\n\t\t\t<dt class='gallery-icon landscape'>\n\t\t\t\t<a href='https:\/\/www.visit-ulcinj.com\/blog\/wp-content\/uploads\/2012\/04\/Promovohen-dy-libra-t\u00eb-Dr-Bahri-Briskut.7.jpg'><img width=\"150\" height=\"150\" src=\"https:\/\/www.visit-ulcinj.com\/blog\/wp-content\/uploads\/2012\/04\/Promovohen-dy-libra-t\u00eb-Dr-Bahri-Briskut.7-150x150.jpg\" class=\"attachment-thumbnail size-thumbnail\" alt=\"\" loading=\"lazy\" \/><\/a>\n\t\t\t<\/dt><\/dl><dl class='gallery-item'>\n\t\t\t<dt class='gallery-icon landscape'>\n\t\t\t\t<a href='https:\/\/www.visit-ulcinj.com\/blog\/wp-content\/uploads\/2012\/04\/Promovohen-dy-libra-t\u00eb-Dr-Bahri-Briskut.8.jpg'><img width=\"150\" height=\"150\" src=\"https:\/\/www.visit-ulcinj.com\/blog\/wp-content\/uploads\/2012\/04\/Promovohen-dy-libra-t\u00eb-Dr-Bahri-Briskut.8-150x150.jpg\" class=\"attachment-thumbnail size-thumbnail\" alt=\"\" loading=\"lazy\" \/><\/a>\n\t\t\t<\/dt><\/dl><br style=\"clear: both\" \/>\n\t\t<\/div>\n<\/p>\n","protected":false},"excerpt":{"rendered":"<p>Te Shtunen ne oren 18.00, ne ambientet e e Bibliotek\u00ebs s\u00eb Qendr\u00ebs p\u00ebr kultur\u00eb Ulqin u be perurimi i disa botimeve te t\u00eb autorit dr. Bahri Briskut, ku u urganizua\u00a0 p\u00ebrurimi i librave 1. KUSAR\u00cbT DHE DETAR\u00cbT SHQIPTAR\u00cb 2. RUDINA MAGJIKE Organizator t\u00eb k\u00ebtij\u00eb perurimi t\u00eb librave t\u00eb dr.Bahri Biskut jan\u00eb: BIBLIOTEKA \u2013 QENDRA P\u00cbR [&hellip;]<\/p>\n","protected":false},"author":1,"featured_media":0,"comment_status":"open","ping_status":"closed","sticky":false,"template":"","format":"standard","meta":{"spay_email":"","jetpack_publicize_message":"","jetpack_is_tweetstorm":false,"jetpack_publicize_feature_enabled":true},"categories":[4],"tags":[20313,200,18],"jetpack_publicize_connections":[],"yoast_head":"<!-- This site is optimized with the Yoast SEO plugin v19.1 - https:\/\/yoast.com\/wordpress\/plugins\/seo\/ -->\n<title>Promovohen dy libra t\u00eb Dr Bahri Briskut - Lajme nga Ulqini<\/title>\n<meta name=\"description\" content=\"Te Shtunen ne oren 18.00, ne ambientet e e Bibliotek\u00ebs s\u00eb Qendr\u00ebs p\u00ebr kultur\u00eb Ulqin u be perurimi i disa botimeve te t\u00eb autorit dr. Bahri Briskut, ku u\" \/>\n<meta name=\"robots\" content=\"index, follow, max-snippet:-1, max-image-preview:large, max-video-preview:-1\" \/>\n<link rel=\"canonical\" href=\"https:\/\/www.visit-ulcinj.com\/blog\/2012\/04\/15\/promovohen-dy-libra-te-dr-bahri-briskut\/\" \/>\n<meta property=\"og:locale\" content=\"en_US\" \/>\n<meta property=\"og:type\" content=\"article\" \/>\n<meta property=\"og:title\" content=\"Promovohen dy libra t\u00eb Dr Bahri Briskut - Lajme nga Ulqini\" \/>\n<meta property=\"og:description\" content=\"Te Shtunen ne oren 18.00, ne ambientet e e Bibliotek\u00ebs s\u00eb Qendr\u00ebs p\u00ebr kultur\u00eb Ulqin u be perurimi i disa botimeve te t\u00eb autorit dr. Bahri Briskut, ku u\" \/>\n<meta property=\"og:url\" content=\"https:\/\/www.visit-ulcinj.com\/blog\/2012\/04\/15\/promovohen-dy-libra-te-dr-bahri-briskut\/\" \/>\n<meta property=\"og:site_name\" content=\"Lajme nga Ulqini\" \/>\n<meta property=\"article:published_time\" content=\"2012-04-15T22:58:08+00:00\" \/>\n<meta property=\"og:image\" content=\"https:\/\/www.visit-ulcinj.com\/blog\/wp-content\/uploads\/2012\/04\/Promovohen-dy-libra-t\u00eb-Dr-Bahri-Briskut-150x150.jpg\" \/>\n<meta name=\"twitter:label1\" content=\"Written by\" \/>\n\t<meta name=\"twitter:data1\" content=\"ulqini\" \/>\n\t<meta name=\"twitter:label2\" content=\"Est. reading time\" \/>\n\t<meta name=\"twitter:data2\" content=\"2 minutes\" \/>\n<script type=\"application\/ld+json\" class=\"yoast-schema-graph\">{\"@context\":\"https:\/\/schema.org\",\"@graph\":[{\"@type\":\"WebSite\",\"@id\":\"https:\/\/www.visit-ulcinj.com\/blog\/#website\",\"url\":\"https:\/\/www.visit-ulcinj.com\/blog\/\",\"name\":\"Lajme nga Ulqini\",\"description\":\"Lajme,Vijesti,Ulqini,Ulqin,Crna Gora,Mali i Zi\",\"potentialAction\":[{\"@type\":\"SearchAction\",\"target\":{\"@type\":\"EntryPoint\",\"urlTemplate\":\"https:\/\/www.visit-ulcinj.com\/blog\/?s={search_term_string}\"},\"query-input\":\"required name=search_term_string\"}],\"inLanguage\":\"en-US\"},{\"@type\":\"WebPage\",\"@id\":\"https:\/\/www.visit-ulcinj.com\/blog\/2012\/04\/15\/promovohen-dy-libra-te-dr-bahri-briskut\/#webpage\",\"url\":\"https:\/\/www.visit-ulcinj.com\/blog\/2012\/04\/15\/promovohen-dy-libra-te-dr-bahri-briskut\/\",\"name\":\"Promovohen dy libra t\u00eb Dr Bahri Briskut - Lajme nga Ulqini\",\"isPartOf\":{\"@id\":\"https:\/\/www.visit-ulcinj.com\/blog\/#website\"},\"datePublished\":\"2012-04-15T22:58:08+00:00\",\"dateModified\":\"2012-04-15T22:58:08+00:00\",\"author\":{\"@id\":\"https:\/\/www.visit-ulcinj.com\/blog\/#\/schema\/person\/dcab619c614d3038751c63bc2aadc06d\"},\"description\":\"Te Shtunen ne oren 18.00, ne ambientet e e Bibliotek\u00ebs s\u00eb Qendr\u00ebs p\u00ebr kultur\u00eb Ulqin u be perurimi i disa botimeve te t\u00eb autorit dr. Bahri Briskut, ku u\",\"breadcrumb\":{\"@id\":\"https:\/\/www.visit-ulcinj.com\/blog\/2012\/04\/15\/promovohen-dy-libra-te-dr-bahri-briskut\/#breadcrumb\"},\"inLanguage\":\"en-US\",\"potentialAction\":[{\"@type\":\"ReadAction\",\"target\":[\"https:\/\/www.visit-ulcinj.com\/blog\/2012\/04\/15\/promovohen-dy-libra-te-dr-bahri-briskut\/\"]}]},{\"@type\":\"BreadcrumbList\",\"@id\":\"https:\/\/www.visit-ulcinj.com\/blog\/2012\/04\/15\/promovohen-dy-libra-te-dr-bahri-briskut\/#breadcrumb\",\"itemListElement\":[{\"@type\":\"ListItem\",\"position\":1,\"name\":\"Promovohen dy libra t\u00eb Dr Bahri Briskut\"}]},{\"@type\":\"Person\",\"@id\":\"https:\/\/www.visit-ulcinj.com\/blog\/#\/schema\/person\/dcab619c614d3038751c63bc2aadc06d\",\"name\":\"ulqini\",\"sameAs\":[\"http:\/\/www.visit-ulcinj.com\"],\"url\":\"https:\/\/www.visit-ulcinj.com\/blog\/author\/admin\/\"}]}<\/script>\n<!-- \/ Yoast SEO plugin. -->","yoast_head_json":{"title":"Promovohen dy libra t\u00eb Dr Bahri Briskut - Lajme nga Ulqini","description":"Te Shtunen ne oren 18.00, ne ambientet e e Bibliotek\u00ebs s\u00eb Qendr\u00ebs p\u00ebr kultur\u00eb Ulqin u be perurimi i disa botimeve te t\u00eb autorit dr. Bahri Briskut, ku u","robots":{"index":"index","follow":"follow","max-snippet":"max-snippet:-1","max-image-preview":"max-image-preview:large","max-video-preview":"max-video-preview:-1"},"canonical":"https:\/\/www.visit-ulcinj.com\/blog\/2012\/04\/15\/promovohen-dy-libra-te-dr-bahri-briskut\/","og_locale":"en_US","og_type":"article","og_title":"Promovohen dy libra t\u00eb Dr Bahri Briskut - Lajme nga Ulqini","og_description":"Te Shtunen ne oren 18.00, ne ambientet e e Bibliotek\u00ebs s\u00eb Qendr\u00ebs p\u00ebr kultur\u00eb Ulqin u be perurimi i disa botimeve te t\u00eb autorit dr. Bahri Briskut, ku u","og_url":"https:\/\/www.visit-ulcinj.com\/blog\/2012\/04\/15\/promovohen-dy-libra-te-dr-bahri-briskut\/","og_site_name":"Lajme nga Ulqini","article_published_time":"2012-04-15T22:58:08+00:00","og_image":[{"url":"https:\/\/www.visit-ulcinj.com\/blog\/wp-content\/uploads\/2012\/04\/Promovohen-dy-libra-t\u00eb-Dr-Bahri-Briskut-150x150.jpg"}],"twitter_misc":{"Written by":"ulqini","Est. reading time":"2 minutes"},"schema":{"@context":"https:\/\/schema.org","@graph":[{"@type":"WebSite","@id":"https:\/\/www.visit-ulcinj.com\/blog\/#website","url":"https:\/\/www.visit-ulcinj.com\/blog\/","name":"Lajme nga Ulqini","description":"Lajme,Vijesti,Ulqini,Ulqin,Crna Gora,Mali i Zi","potentialAction":[{"@type":"SearchAction","target":{"@type":"EntryPoint","urlTemplate":"https:\/\/www.visit-ulcinj.com\/blog\/?s={search_term_string}"},"query-input":"required name=search_term_string"}],"inLanguage":"en-US"},{"@type":"WebPage","@id":"https:\/\/www.visit-ulcinj.com\/blog\/2012\/04\/15\/promovohen-dy-libra-te-dr-bahri-briskut\/#webpage","url":"https:\/\/www.visit-ulcinj.com\/blog\/2012\/04\/15\/promovohen-dy-libra-te-dr-bahri-briskut\/","name":"Promovohen dy libra t\u00eb Dr Bahri Briskut - Lajme nga Ulqini","isPartOf":{"@id":"https:\/\/www.visit-ulcinj.com\/blog\/#website"},"datePublished":"2012-04-15T22:58:08+00:00","dateModified":"2012-04-15T22:58:08+00:00","author":{"@id":"https:\/\/www.visit-ulcinj.com\/blog\/#\/schema\/person\/dcab619c614d3038751c63bc2aadc06d"},"description":"Te Shtunen ne oren 18.00, ne ambientet e e Bibliotek\u00ebs s\u00eb Qendr\u00ebs p\u00ebr kultur\u00eb Ulqin u be perurimi i disa botimeve te t\u00eb autorit dr. Bahri Briskut, ku u","breadcrumb":{"@id":"https:\/\/www.visit-ulcinj.com\/blog\/2012\/04\/15\/promovohen-dy-libra-te-dr-bahri-briskut\/#breadcrumb"},"inLanguage":"en-US","potentialAction":[{"@type":"ReadAction","target":["https:\/\/www.visit-ulcinj.com\/blog\/2012\/04\/15\/promovohen-dy-libra-te-dr-bahri-briskut\/"]}]},{"@type":"BreadcrumbList","@id":"https:\/\/www.visit-ulcinj.com\/blog\/2012\/04\/15\/promovohen-dy-libra-te-dr-bahri-briskut\/#breadcrumb","itemListElement":[{"@type":"ListItem","position":1,"name":"Promovohen dy libra t\u00eb Dr Bahri Briskut"}]},{"@type":"Person","@id":"https:\/\/www.visit-ulcinj.com\/blog\/#\/schema\/person\/dcab619c614d3038751c63bc2aadc06d","name":"ulqini","sameAs":["http:\/\/www.visit-ulcinj.com"],"url":"https:\/\/www.visit-ulcinj.com\/blog\/author\/admin\/"}]}},"jetpack_featured_media_url":"","jetpack_sharing_enabled":true,"jetpack_shortlink":"https:\/\/wp.me\/pe6lTn-fpF","_links":{"self":[{"href":"https:\/\/www.visit-ulcinj.com\/blog\/wp-json\/wp\/v2\/posts\/59251"}],"collection":[{"href":"https:\/\/www.visit-ulcinj.com\/blog\/wp-json\/wp\/v2\/posts"}],"about":[{"href":"https:\/\/www.visit-ulcinj.com\/blog\/wp-json\/wp\/v2\/types\/post"}],"author":[{"embeddable":true,"href":"https:\/\/www.visit-ulcinj.com\/blog\/wp-json\/wp\/v2\/users\/1"}],"replies":[{"embeddable":true,"href":"https:\/\/www.visit-ulcinj.com\/blog\/wp-json\/wp\/v2\/comments?post=59251"}],"version-history":[{"count":1,"href":"https:\/\/www.visit-ulcinj.com\/blog\/wp-json\/wp\/v2\/posts\/59251\/revisions"}],"predecessor-version":[{"id":59262,"href":"https:\/\/www.visit-ulcinj.com\/blog\/wp-json\/wp\/v2\/posts\/59251\/revisions\/59262"}],"wp:attachment":[{"href":"https:\/\/www.visit-ulcinj.com\/blog\/wp-json\/wp\/v2\/media?parent=59251"}],"wp:term":[{"taxonomy":"category","embeddable":true,"href":"https:\/\/www.visit-ulcinj.com\/blog\/wp-json\/wp\/v2\/categories?post=59251"},{"taxonomy":"post_tag","embeddable":true,"href":"https:\/\/www.visit-ulcinj.com\/blog\/wp-json\/wp\/v2\/tags?post=59251"}],"curies":[{"name":"wp","href":"https:\/\/api.w.org\/{rel}","templated":true}]}}