{"id":59264,"date":"2012-04-16T10:01:14","date_gmt":"2012-04-16T09:01:14","guid":{"rendered":"http:\/\/www.visit-ulcinj.com\/blog\/?p=59264"},"modified":"2012-04-16T10:02:41","modified_gmt":"2012-04-16T09:02:41","slug":"botime-te-reja-nga-asociacioni-ulqini-nga-autori-nexhat-halimi","status":"publish","type":"post","link":"https:\/\/www.visit-ulcinj.com\/blog\/2012\/04\/16\/botime-te-reja-nga-asociacioni-ulqini-nga-autori-nexhat-halimi\/","title":{"rendered":"Botime te reja nga Asociacioni Ulqini nga autori Nexhat Halimi"},"content":{"rendered":"<p><a href=\"http:\/\/www.visit-ulcinj.com\/blog\/wp-content\/uploads\/2012\/04\/Botime-te-reja-nga-Asociacioni-Ulqini-nga-autori-Nexhat-Halimi.jpg\"><img loading=\"lazy\" class=\"alignleft  wp-image-59265\" title=\"Botime te reja nga Asociacioni Ulqini nga autori Nexhat Halimi\" src=\"http:\/\/www.visit-ulcinj.com\/blog\/wp-content\/uploads\/2012\/04\/Botime-te-reja-nga-Asociacioni-Ulqini-nga-autori-Nexhat-Halimi.jpg\" alt=\"\" width=\"508\" height=\"380\" \/><\/a>16. 04. 2012\u00a0\u00a0\u00a0\u00a0\u00a0\u00a0\u00a0\u00a0\u00a0\u00a0\u00a0\u00a0\u00a0\u00a0\u00a0\u00a0\u00a0\u00a0\u00a0\u00a0\u00a0\u00a0\u00a0\u00a0\u00a0<strong> NJOFTIM P\u00cbR MEDIA<\/strong><\/p>\n<p>&nbsp;<\/p>\n<p>Kemi k\u00ebnaq\u00ebsin\u00eb t\u00eb ju njoftojm\u00eb se k\u00ebto dit\u00eb n\u00eb kuad\u00ebr t\u00eb Asociacionit Ulqini nga Ulqini dol\u00ebn nga shtypi \u00a02 libra me drama p\u00ebr f\u00ebmij\u00eb t\u00eb cilat kan\u00eb tematik\u00eb detin, Ulqinin dhe aventurat verore t\u00eb f\u00ebmij\u00ebve \u00a0nga autori i mir\u00ebnjohur Nexhat Halimi.<\/p>\n<p>Drama si gjini n\u00eb let\u00ebrsin\u00eb shqipe \u00ebsht\u00eb gjini deficitare e posa\u00e7\u00ebrisht ajo p\u00ebr f\u00ebmij\u00eb. Me k\u00ebto dy drama synohet zbutja e munges\u00ebs s\u00eb librave t\u00eb till\u00eb si dhe pasurimi i bibliotekave t\u00eb f\u00ebmij\u00ebve shkollor\u00eb me botime t\u00eb reja dedikuar atyre.<\/p>\n<p>Botimi i k\u00ebtyre 2 librave \u00ebsht\u00eb mund\u00ebsuar nga <strong>Fondi p\u00ebr Pakica i Malit t\u00eb Zi<\/strong> si dhe p\u00ebrurimi i librave do t\u00eb jet\u00eb n\u00eb gjysm\u00ebn e muajit maj me \u00e7\u2019rast do t\u00eb organizohet nj\u00eb or\u00eb letrare me nx\u00ebn\u00ebsit e shkollave fillore nga Ulqini dhe autorit.<\/p>\n<p>\u201dVet\u00ebtima e shpat\u00ebs\u201d botoi Asociacioni Ulqini \u2013 Ulqin, 2012, ISBN 978-9940-570-07-1<\/p>\n<p>\u201dTr\u00ebndafili me zem\u00ebr\u201d botoi Asociacioni Ulqini \u2013 Ulqin, 2012, ISBN 978-9940-570-06-4<\/p>\n<p align=\"right\"><strong>Asociacioni Ulqini<\/strong><\/p>\n<p align=\"right\"><strong>Gazmend \u00c7itaku, kryetar<\/strong><\/p>\n","protected":false},"excerpt":{"rendered":"<p>16. 04. 2012\u00a0\u00a0\u00a0\u00a0\u00a0\u00a0\u00a0\u00a0\u00a0\u00a0\u00a0\u00a0\u00a0\u00a0\u00a0\u00a0\u00a0\u00a0\u00a0\u00a0\u00a0\u00a0\u00a0\u00a0\u00a0 NJOFTIM P\u00cbR MEDIA &nbsp; Kemi k\u00ebnaq\u00ebsin\u00eb t\u00eb ju njoftojm\u00eb se k\u00ebto dit\u00eb n\u00eb kuad\u00ebr t\u00eb Asociacionit Ulqini nga Ulqini dol\u00ebn nga shtypi \u00a02 libra me drama p\u00ebr f\u00ebmij\u00eb t\u00eb cilat kan\u00eb tematik\u00eb detin, Ulqinin dhe aventurat verore t\u00eb f\u00ebmij\u00ebve \u00a0nga autori i mir\u00ebnjohur Nexhat Halimi. Drama si gjini n\u00eb let\u00ebrsin\u00eb shqipe \u00ebsht\u00eb [&hellip;]<\/p>\n","protected":false},"author":1,"featured_media":0,"comment_status":"open","ping_status":"closed","sticky":false,"template":"","format":"standard","meta":{"spay_email":"","jetpack_publicize_message":"","jetpack_is_tweetstorm":false,"jetpack_publicize_feature_enabled":true},"categories":[12],"tags":[2740,20316,20314,20315],"jetpack_publicize_connections":[],"yoast_head":"<!-- This site is optimized with the Yoast SEO plugin v19.1 - https:\/\/yoast.com\/wordpress\/plugins\/seo\/ -->\n<title>Botime te reja nga Asociacioni Ulqini nga autori Nexhat Halimi - Lajme nga Ulqini<\/title>\n<meta name=\"description\" content=\"16. 04. 2012\u00a0\u00a0\u00a0\u00a0\u00a0\u00a0\u00a0\u00a0\u00a0\u00a0\u00a0\u00a0\u00a0\u00a0\u00a0\u00a0\u00a0\u00a0\u00a0\u00a0\u00a0\u00a0\u00a0\u00a0\u00a0 NJOFTIM P\u00cbR MEDIA &nbsp; Kemi k\u00ebnaq\u00ebsin\u00eb t\u00eb ju njoftojm\u00eb se k\u00ebto dit\u00eb n\u00eb kuad\u00ebr t\u00eb Asociacionit Ulqini nga Ulqini\" \/>\n<meta name=\"robots\" content=\"index, follow, max-snippet:-1, max-image-preview:large, max-video-preview:-1\" \/>\n<link rel=\"canonical\" href=\"https:\/\/www.visit-ulcinj.com\/blog\/2012\/04\/16\/botime-te-reja-nga-asociacioni-ulqini-nga-autori-nexhat-halimi\/\" \/>\n<meta property=\"og:locale\" content=\"en_US\" \/>\n<meta property=\"og:type\" content=\"article\" \/>\n<meta property=\"og:title\" content=\"Botime te reja nga Asociacioni Ulqini nga autori Nexhat Halimi - Lajme nga Ulqini\" \/>\n<meta property=\"og:description\" content=\"16. 04. 2012\u00a0\u00a0\u00a0\u00a0\u00a0\u00a0\u00a0\u00a0\u00a0\u00a0\u00a0\u00a0\u00a0\u00a0\u00a0\u00a0\u00a0\u00a0\u00a0\u00a0\u00a0\u00a0\u00a0\u00a0\u00a0 NJOFTIM P\u00cbR MEDIA &nbsp; Kemi k\u00ebnaq\u00ebsin\u00eb t\u00eb ju njoftojm\u00eb se k\u00ebto dit\u00eb n\u00eb kuad\u00ebr t\u00eb Asociacionit Ulqini nga Ulqini\" \/>\n<meta property=\"og:url\" content=\"https:\/\/www.visit-ulcinj.com\/blog\/2012\/04\/16\/botime-te-reja-nga-asociacioni-ulqini-nga-autori-nexhat-halimi\/\" \/>\n<meta property=\"og:site_name\" content=\"Lajme nga Ulqini\" \/>\n<meta property=\"article:published_time\" content=\"2012-04-16T09:01:14+00:00\" \/>\n<meta property=\"article:modified_time\" content=\"2012-04-16T09:02:41+00:00\" \/>\n<meta property=\"og:image\" content=\"http:\/\/www.visit-ulcinj.com\/blog\/wp-content\/uploads\/2012\/04\/Botime-te-reja-nga-Asociacioni-Ulqini-nga-autori-Nexhat-Halimi.jpg\" \/>\n<meta name=\"twitter:label1\" content=\"Written by\" \/>\n\t<meta name=\"twitter:data1\" content=\"ulqini\" \/>\n\t<meta name=\"twitter:label2\" content=\"Est. reading time\" \/>\n\t<meta name=\"twitter:data2\" content=\"1 minute\" \/>\n<script type=\"application\/ld+json\" class=\"yoast-schema-graph\">{\"@context\":\"https:\/\/schema.org\",\"@graph\":[{\"@type\":\"WebSite\",\"@id\":\"https:\/\/www.visit-ulcinj.com\/blog\/#website\",\"url\":\"https:\/\/www.visit-ulcinj.com\/blog\/\",\"name\":\"Lajme nga Ulqini\",\"description\":\"Lajme,Vijesti,Ulqini,Ulqin,Crna Gora,Mali i Zi\",\"potentialAction\":[{\"@type\":\"SearchAction\",\"target\":{\"@type\":\"EntryPoint\",\"urlTemplate\":\"https:\/\/www.visit-ulcinj.com\/blog\/?s={search_term_string}\"},\"query-input\":\"required name=search_term_string\"}],\"inLanguage\":\"en-US\"},{\"@type\":\"ImageObject\",\"inLanguage\":\"en-US\",\"@id\":\"https:\/\/www.visit-ulcinj.com\/blog\/2012\/04\/16\/botime-te-reja-nga-asociacioni-ulqini-nga-autori-nexhat-halimi\/#primaryimage\",\"url\":\"https:\/\/www.visit-ulcinj.com\/blog\/wp-content\/uploads\/2012\/04\/Botime-te-reja-nga-Asociacioni-Ulqini-nga-autori-Nexhat-Halimi.jpg\",\"contentUrl\":\"https:\/\/www.visit-ulcinj.com\/blog\/wp-content\/uploads\/2012\/04\/Botime-te-reja-nga-Asociacioni-Ulqini-nga-autori-Nexhat-Halimi.jpg\",\"width\":\"1024\",\"height\":\"933\"},{\"@type\":\"WebPage\",\"@id\":\"https:\/\/www.visit-ulcinj.com\/blog\/2012\/04\/16\/botime-te-reja-nga-asociacioni-ulqini-nga-autori-nexhat-halimi\/#webpage\",\"url\":\"https:\/\/www.visit-ulcinj.com\/blog\/2012\/04\/16\/botime-te-reja-nga-asociacioni-ulqini-nga-autori-nexhat-halimi\/\",\"name\":\"Botime te reja nga Asociacioni Ulqini nga autori Nexhat Halimi - Lajme nga Ulqini\",\"isPartOf\":{\"@id\":\"https:\/\/www.visit-ulcinj.com\/blog\/#website\"},\"primaryImageOfPage\":{\"@id\":\"https:\/\/www.visit-ulcinj.com\/blog\/2012\/04\/16\/botime-te-reja-nga-asociacioni-ulqini-nga-autori-nexhat-halimi\/#primaryimage\"},\"datePublished\":\"2012-04-16T09:01:14+00:00\",\"dateModified\":\"2012-04-16T09:02:41+00:00\",\"author\":{\"@id\":\"https:\/\/www.visit-ulcinj.com\/blog\/#\/schema\/person\/dcab619c614d3038751c63bc2aadc06d\"},\"description\":\"16. 04. 2012\u00a0\u00a0\u00a0\u00a0\u00a0\u00a0\u00a0\u00a0\u00a0\u00a0\u00a0\u00a0\u00a0\u00a0\u00a0\u00a0\u00a0\u00a0\u00a0\u00a0\u00a0\u00a0\u00a0\u00a0\u00a0 NJOFTIM P\u00cbR MEDIA &nbsp; Kemi k\u00ebnaq\u00ebsin\u00eb t\u00eb ju njoftojm\u00eb se k\u00ebto dit\u00eb n\u00eb kuad\u00ebr t\u00eb Asociacionit Ulqini nga Ulqini\",\"breadcrumb\":{\"@id\":\"https:\/\/www.visit-ulcinj.com\/blog\/2012\/04\/16\/botime-te-reja-nga-asociacioni-ulqini-nga-autori-nexhat-halimi\/#breadcrumb\"},\"inLanguage\":\"en-US\",\"potentialAction\":[{\"@type\":\"ReadAction\",\"target\":[\"https:\/\/www.visit-ulcinj.com\/blog\/2012\/04\/16\/botime-te-reja-nga-asociacioni-ulqini-nga-autori-nexhat-halimi\/\"]}]},{\"@type\":\"BreadcrumbList\",\"@id\":\"https:\/\/www.visit-ulcinj.com\/blog\/2012\/04\/16\/botime-te-reja-nga-asociacioni-ulqini-nga-autori-nexhat-halimi\/#breadcrumb\",\"itemListElement\":[{\"@type\":\"ListItem\",\"position\":1,\"name\":\"Botime te reja nga Asociacioni Ulqini nga autori Nexhat Halimi\"}]},{\"@type\":\"Person\",\"@id\":\"https:\/\/www.visit-ulcinj.com\/blog\/#\/schema\/person\/dcab619c614d3038751c63bc2aadc06d\",\"name\":\"ulqini\",\"sameAs\":[\"http:\/\/www.visit-ulcinj.com\"],\"url\":\"https:\/\/www.visit-ulcinj.com\/blog\/author\/admin\/\"}]}<\/script>\n<!-- \/ Yoast SEO plugin. -->","yoast_head_json":{"title":"Botime te reja nga Asociacioni Ulqini nga autori Nexhat Halimi - Lajme nga Ulqini","description":"16. 04. 2012\u00a0\u00a0\u00a0\u00a0\u00a0\u00a0\u00a0\u00a0\u00a0\u00a0\u00a0\u00a0\u00a0\u00a0\u00a0\u00a0\u00a0\u00a0\u00a0\u00a0\u00a0\u00a0\u00a0\u00a0\u00a0 NJOFTIM P\u00cbR MEDIA &nbsp; Kemi k\u00ebnaq\u00ebsin\u00eb t\u00eb ju njoftojm\u00eb se k\u00ebto dit\u00eb n\u00eb kuad\u00ebr t\u00eb Asociacionit Ulqini nga Ulqini","robots":{"index":"index","follow":"follow","max-snippet":"max-snippet:-1","max-image-preview":"max-image-preview:large","max-video-preview":"max-video-preview:-1"},"canonical":"https:\/\/www.visit-ulcinj.com\/blog\/2012\/04\/16\/botime-te-reja-nga-asociacioni-ulqini-nga-autori-nexhat-halimi\/","og_locale":"en_US","og_type":"article","og_title":"Botime te reja nga Asociacioni Ulqini nga autori Nexhat Halimi - Lajme nga Ulqini","og_description":"16. 04. 2012\u00a0\u00a0\u00a0\u00a0\u00a0\u00a0\u00a0\u00a0\u00a0\u00a0\u00a0\u00a0\u00a0\u00a0\u00a0\u00a0\u00a0\u00a0\u00a0\u00a0\u00a0\u00a0\u00a0\u00a0\u00a0 NJOFTIM P\u00cbR MEDIA &nbsp; Kemi k\u00ebnaq\u00ebsin\u00eb t\u00eb ju njoftojm\u00eb se k\u00ebto dit\u00eb n\u00eb kuad\u00ebr t\u00eb Asociacionit Ulqini nga Ulqini","og_url":"https:\/\/www.visit-ulcinj.com\/blog\/2012\/04\/16\/botime-te-reja-nga-asociacioni-ulqini-nga-autori-nexhat-halimi\/","og_site_name":"Lajme nga Ulqini","article_published_time":"2012-04-16T09:01:14+00:00","article_modified_time":"2012-04-16T09:02:41+00:00","og_image":[{"url":"http:\/\/www.visit-ulcinj.com\/blog\/wp-content\/uploads\/2012\/04\/Botime-te-reja-nga-Asociacioni-Ulqini-nga-autori-Nexhat-Halimi.jpg"}],"twitter_misc":{"Written by":"ulqini","Est. reading time":"1 minute"},"schema":{"@context":"https:\/\/schema.org","@graph":[{"@type":"WebSite","@id":"https:\/\/www.visit-ulcinj.com\/blog\/#website","url":"https:\/\/www.visit-ulcinj.com\/blog\/","name":"Lajme nga Ulqini","description":"Lajme,Vijesti,Ulqini,Ulqin,Crna Gora,Mali i Zi","potentialAction":[{"@type":"SearchAction","target":{"@type":"EntryPoint","urlTemplate":"https:\/\/www.visit-ulcinj.com\/blog\/?s={search_term_string}"},"query-input":"required name=search_term_string"}],"inLanguage":"en-US"},{"@type":"ImageObject","inLanguage":"en-US","@id":"https:\/\/www.visit-ulcinj.com\/blog\/2012\/04\/16\/botime-te-reja-nga-asociacioni-ulqini-nga-autori-nexhat-halimi\/#primaryimage","url":"https:\/\/www.visit-ulcinj.com\/blog\/wp-content\/uploads\/2012\/04\/Botime-te-reja-nga-Asociacioni-Ulqini-nga-autori-Nexhat-Halimi.jpg","contentUrl":"https:\/\/www.visit-ulcinj.com\/blog\/wp-content\/uploads\/2012\/04\/Botime-te-reja-nga-Asociacioni-Ulqini-nga-autori-Nexhat-Halimi.jpg","width":"1024","height":"933"},{"@type":"WebPage","@id":"https:\/\/www.visit-ulcinj.com\/blog\/2012\/04\/16\/botime-te-reja-nga-asociacioni-ulqini-nga-autori-nexhat-halimi\/#webpage","url":"https:\/\/www.visit-ulcinj.com\/blog\/2012\/04\/16\/botime-te-reja-nga-asociacioni-ulqini-nga-autori-nexhat-halimi\/","name":"Botime te reja nga Asociacioni Ulqini nga autori Nexhat Halimi - Lajme nga Ulqini","isPartOf":{"@id":"https:\/\/www.visit-ulcinj.com\/blog\/#website"},"primaryImageOfPage":{"@id":"https:\/\/www.visit-ulcinj.com\/blog\/2012\/04\/16\/botime-te-reja-nga-asociacioni-ulqini-nga-autori-nexhat-halimi\/#primaryimage"},"datePublished":"2012-04-16T09:01:14+00:00","dateModified":"2012-04-16T09:02:41+00:00","author":{"@id":"https:\/\/www.visit-ulcinj.com\/blog\/#\/schema\/person\/dcab619c614d3038751c63bc2aadc06d"},"description":"16. 04. 2012\u00a0\u00a0\u00a0\u00a0\u00a0\u00a0\u00a0\u00a0\u00a0\u00a0\u00a0\u00a0\u00a0\u00a0\u00a0\u00a0\u00a0\u00a0\u00a0\u00a0\u00a0\u00a0\u00a0\u00a0\u00a0 NJOFTIM P\u00cbR MEDIA &nbsp; Kemi k\u00ebnaq\u00ebsin\u00eb t\u00eb ju njoftojm\u00eb se k\u00ebto dit\u00eb n\u00eb kuad\u00ebr t\u00eb Asociacionit Ulqini nga Ulqini","breadcrumb":{"@id":"https:\/\/www.visit-ulcinj.com\/blog\/2012\/04\/16\/botime-te-reja-nga-asociacioni-ulqini-nga-autori-nexhat-halimi\/#breadcrumb"},"inLanguage":"en-US","potentialAction":[{"@type":"ReadAction","target":["https:\/\/www.visit-ulcinj.com\/blog\/2012\/04\/16\/botime-te-reja-nga-asociacioni-ulqini-nga-autori-nexhat-halimi\/"]}]},{"@type":"BreadcrumbList","@id":"https:\/\/www.visit-ulcinj.com\/blog\/2012\/04\/16\/botime-te-reja-nga-asociacioni-ulqini-nga-autori-nexhat-halimi\/#breadcrumb","itemListElement":[{"@type":"ListItem","position":1,"name":"Botime te reja nga Asociacioni Ulqini nga autori Nexhat Halimi"}]},{"@type":"Person","@id":"https:\/\/www.visit-ulcinj.com\/blog\/#\/schema\/person\/dcab619c614d3038751c63bc2aadc06d","name":"ulqini","sameAs":["http:\/\/www.visit-ulcinj.com"],"url":"https:\/\/www.visit-ulcinj.com\/blog\/author\/admin\/"}]}},"jetpack_featured_media_url":"","jetpack_sharing_enabled":true,"jetpack_shortlink":"https:\/\/wp.me\/pe6lTn-fpS","_links":{"self":[{"href":"https:\/\/www.visit-ulcinj.com\/blog\/wp-json\/wp\/v2\/posts\/59264"}],"collection":[{"href":"https:\/\/www.visit-ulcinj.com\/blog\/wp-json\/wp\/v2\/posts"}],"about":[{"href":"https:\/\/www.visit-ulcinj.com\/blog\/wp-json\/wp\/v2\/types\/post"}],"author":[{"embeddable":true,"href":"https:\/\/www.visit-ulcinj.com\/blog\/wp-json\/wp\/v2\/users\/1"}],"replies":[{"embeddable":true,"href":"https:\/\/www.visit-ulcinj.com\/blog\/wp-json\/wp\/v2\/comments?post=59264"}],"version-history":[{"count":2,"href":"https:\/\/www.visit-ulcinj.com\/blog\/wp-json\/wp\/v2\/posts\/59264\/revisions"}],"predecessor-version":[{"id":59267,"href":"https:\/\/www.visit-ulcinj.com\/blog\/wp-json\/wp\/v2\/posts\/59264\/revisions\/59267"}],"wp:attachment":[{"href":"https:\/\/www.visit-ulcinj.com\/blog\/wp-json\/wp\/v2\/media?parent=59264"}],"wp:term":[{"taxonomy":"category","embeddable":true,"href":"https:\/\/www.visit-ulcinj.com\/blog\/wp-json\/wp\/v2\/categories?post=59264"},{"taxonomy":"post_tag","embeddable":true,"href":"https:\/\/www.visit-ulcinj.com\/blog\/wp-json\/wp\/v2\/tags?post=59264"}],"curies":[{"name":"wp","href":"https:\/\/api.w.org\/{rel}","templated":true}]}}