{"id":59275,"date":"2012-04-16T12:23:56","date_gmt":"2012-04-16T11:23:56","guid":{"rendered":"http:\/\/www.visit-ulcinj.com\/blog\/?p=59275"},"modified":"2012-04-16T12:27:35","modified_gmt":"2012-04-16T11:27:35","slug":"genci-nimanbegu-konferenca-per-media-16-prill-2012","status":"publish","type":"post","link":"https:\/\/www.visit-ulcinj.com\/blog\/2012\/04\/16\/genci-nimanbegu-konferenca-per-media-16-prill-2012\/","title":{"rendered":"Genci Nimanbegu: Konferenca per media 16 prill 2012"},"content":{"rendered":"<p><strong><a href=\"http:\/\/www.visit-ulcinj.com\/blog\/wp-content\/uploads\/2012\/04\/genc-nimanbegu_konference-per-media.jpg\"><img loading=\"lazy\" class=\"alignleft  wp-image-59276\" title=\"genc-nimanbegu_konference per media\" src=\"http:\/\/www.visit-ulcinj.com\/blog\/wp-content\/uploads\/2012\/04\/genc-nimanbegu_konference-per-media.jpg\" alt=\"\" width=\"508\" height=\"360\" \/><\/a>KONFERENC<\/strong><strong>\u00cb P\u00cbR MEDIA<\/strong><\/p>\n<p align=\"right\">Ulqin, 16.04.2012<\/p>\n<p align=\"right\">Nr.51\/12<\/p>\n<p><strong>Rezultatet e aktiviteteve parlamentare t\u00eb Forc\u00ebs<\/strong><\/p>\n<p>T\u00eb nderuar,<\/p>\n<p>Me k\u00ebte konferenc\u00eb dua q\u00eb t\u00eb informoj opinionin\u00a0 publik p\u00ebr disa nga aktivitetet parlamentare t\u00eb Forc\u00ebs\u00a0 q\u00eb n\u00eb periudh\u00ebn e fundit u jet\u00ebsuan me rezulltate pozitive p\u00ebr komunitetin shqiptar\u00eb t\u00eb Malit t\u00eb Zi.<\/p>\n<p>S\u00eb pari, K\u00ebshilli parlamentar per stabilizim asocim (KPSA) i EU- Mali Zi, n\u00eb takimin e kat\u00ebrt, mbajtur me daten 3 dhe 4 prill 2012 ne Kuvendin e Malit te Zi ka p\u00ebrkrahur dy amandamente t\u00eb Forc\u00ebs, t\u00eb n\u00ebnshkruara edhe nga PB (BS) q\u00eb jan b\u00ebr\u00eb rekomandime t\u00eb k\u00ebti Keshilli parlamentar EU &#8211; MZ.<\/p>\n<p>N\u00eb Rekomandimin nr.4 ftohen institucionet kompetente q\u00eb t\u00eb b\u00ebjn\u00eb implementimin e rekomandimeve nga mekanizmat shtes\u00eb t\u00eb mbrojtjes s\u00eb t\u00eb drejtave t\u00eb pjestar\u00ebve t\u00eb popujve pakic\u00eb dhe t\u00eb bashk\u00ebsive nacionale.<\/p>\n<p>N\u00eb rekomandimin e 7. i KPSA ftohen Qeveria dhe Kuvendi i Malit t\u00eb Zi q\u00eb t\u00eb b\u00ebjn\u00eb p\u00ebrpjekje shtes\u00eb dhe t\u00eb menjanojn\u00eb dyshimet <span style=\"text-decoration: underline;\">n\u00eb egzistimin e implementimit diskriminues t\u00eb dispozitave ligjore t\u00eb caktuara, e posa\u00e7\u00ebrisht n\u00eb implementimin e Ligjit mbi t\u00eb Mirat detare.<\/span><\/p>\n<p>K\u00ebto rekomandime mundesojn q\u00eb m\u00eb n\u00eb fund n\u00eb problematiken e t\u00eb Mirave detare t\u00eb inkuadrohet edhe <span style=\"text-decoration: underline;\">faktori europian<\/span>, i cili dha p\u00ebrkrahjen vendimtare q\u00eb ky amandament t\u00eb b\u00ebhet pjes\u00eb e rekomandimeve t\u00eb k\u00ebtij takimi por edhe perkrahja nga parlamentar\u00ebt e Malit t\u00eb Zi pas insistimit t\u00eb koleg\u00ebve Europian.<\/p>\n<p>S\u00eb dyti, Vendimi i Qeveris\u00eb s\u00eb Malit t\u00eb Zi q\u00eb <span style=\"text-decoration: underline;\">Kryporja e Ulqinit t\u00eb trajtohet si zon\u00eb me mbrojtje t\u00eb ve\u00e7ant<\/span>. Plani hapsinor i miratuar ne vitin 2008. \u00a0parasheh q\u00eb Kryporja mund t\u00eb sh\u00ebndrohet n\u00eb zone p\u00ebr nd\u00ebrtimin t\u00eb kapaciteteve turistike. Ky ishte vendim jo transparent dhe i aprovuar pa p\u00eblqimin e komunitetit n\u00eb Ulqin. Prandaj n\u00eb parlament e kemi n\u00ebnskruar dhe kemi mbrojtur iniciativ\u00ebn q\u00eb Plani hapsinor t\u00eb ndryshoj.<\/p>\n<p>Ky vendim deri tani ka shans\u00eb t\u00eb fitoj p\u00ebrkrahjen e m\u00eb shum\u00eb se 45 deputet, e kjo n\u00eb baz\u00eb t\u00eb n\u00ebshkrimit t\u00eb iniciativ\u00ebs dhe votimit n\u00eb Komisionet p\u00ebrkat\u00ebse (Kushtetues dhe ate t\u00eb Turiz\u00ebm dhe Rregullim hapsinor). K\u00ebto fakte dhe reagimet e d\u00ebrguar nga Forca parlamentar\u00ebve Europian p\u00ebr problermin e rrezikimit t\u00eb dedikimit t\u00eb Krypores, T\u00eb Mirave detare, Komun\u00ebs s\u00eb Plot t\u00eb Mal\u00ebsis\u00eb\/Tuzit; puna e OJQ-ve q\u00eb kan reaguar dhe pregaditur k\u00ebt\u00eb vendim, besojm se e ka shtyr\u00eb Qeverin\u00eb q\u00eb n\u00eb m\u00ebnyre shum\u00eb elegante t\u00eb ndryshoj pozicion mbi dedikimin e kypores dhe t\u00eb marr vendim t\u00eb mir\u00ebpritur n\u00eb Ulqin por edhe n\u00eb t\u00ebr\u00eb Malin e Zi dhe t\u00eb mir\u00ebpritur edhe nga Bashkimi Europian.<\/p>\n<p>S\u00eb treti, marveshjet bilaterale Mali i Zi &#8211; Shqip\u00ebri, p\u00ebr Arsim t\u00eb lart\u00eb dhe mbi regjimin e kalimit kufitar jan marveshtje si t\u00eb inicuara apo t\u00eb p\u00ebrshpejtuara edhe nga Forc\u00ebs dhe nga deputet shqiptar\u00eb n\u00eb Parlamentin e MZ. Filloi implementimi I marveshtjes q\u00eb t\u00eb kalohet me let\u00ebr njoftim I kufirit p\u00ebr shtetasit e MZ dhe Shqip\u00ebris\u00eb, si iniciativ\u00eb \u00ebsht\u00eb k\u00ebrkuar disa her\u00eb n\u00eb form\u00eb t\u00eb pyetjes deputetit ne Parlament dhe n\u00eb takime me p\u00ebrfaq\u00ebsues t\u00eb Ministris\u00eb s\u00eb pun\u00ebve t\u00eb jashtme.<\/p>\n<p>Marveshja e dyt\u00eb mbi arsim t\u00eb lart\u00eb e n\u00ebnshkruar me 6 prill ne Podgoric\u00eb, \u00ebsht\u00eb \u00a0marveshtje e cila \u00ebsht\u00eb inicuar drejp\u00ebrdrejt\u00a0 pas reagimesh dhe iniciativ\u00ebs s\u00eb Forc\u00ebs n\u00eb dakordim me \u00a0prind\u00ebrit\u00a0 e student\u00ebve q\u00eb studijojn n\u00eb Shqip\u00ebri. Iniciativa s\u00eb pari \u00ebsht\u00eb d\u00ebreguar me 17 shkurt 2011Ministrive t\u00eb Arsimit, Pun\u00ebve t\u00eb jashtme t\u00eb MZ, dhe n\u00ebp\u00ebrmjet T\u00eb Ambasad\u00ebs s\u00eb Shqip\u00ebris\u00eb dhe Ministris\u00ebs s\u00eb Arsimit t\u00eb Shqip\u00ebris\u00eb. Me k\u00ebt\u00eb marveshje parashihet q\u00eb taksat studentore si p\u00ebr regjistrim n\u00eb shkolla por edhe taksat e banimit t\u00eb eliminohen, gjegj\u00ebsisht t\u00eb mbulohen nga shteti mikprit\u00ebs ku personi studion.<\/p>\n<p>Keto fakte i\u00a0 vlersojme si\u00a0 te arritura shume pozitive insistitucionale ne skenen politike p\u00ebr shqiptar\u00ebt n\u00eb Malk t\u00eb Zi. K\u00ebtu n\u00eb ve\u00e7anti theksojm\u00eb rekomandimet mbi t\u00eb Mirat detare qe do te jete mjet te drejtohet padrejtsia 20 vjecareqe I behet me perfshirjen e\u00a0 te Mirave Detare ndaj Komunes se Ulqinit.<\/p>\n<p>&nbsp;<\/p>\n<p>Genci Nimanbegu<\/p>\n<p>&nbsp;<\/p>\n","protected":false},"excerpt":{"rendered":"<p>KONFERENC\u00cb P\u00cbR MEDIA Ulqin, 16.04.2012 Nr.51\/12 Rezultatet e aktiviteteve parlamentare t\u00eb Forc\u00ebs T\u00eb nderuar, Me k\u00ebte konferenc\u00eb dua q\u00eb t\u00eb informoj opinionin\u00a0 publik p\u00ebr disa nga aktivitetet parlamentare t\u00eb Forc\u00ebs\u00a0 q\u00eb n\u00eb periudh\u00ebn e fundit u jet\u00ebsuan me rezulltate pozitive p\u00ebr komunitetin shqiptar\u00eb t\u00eb Malit t\u00eb Zi. S\u00eb pari, K\u00ebshilli parlamentar per stabilizim asocim (KPSA) [&hellip;]<\/p>\n","protected":false},"author":1,"featured_media":0,"comment_status":"open","ping_status":"closed","sticky":false,"template":"","format":"standard","meta":{"spay_email":"","jetpack_publicize_message":"","jetpack_is_tweetstorm":false,"jetpack_publicize_feature_enabled":true},"categories":[6],"tags":[117,1073,200,18],"jetpack_publicize_connections":[],"yoast_head":"<!-- This site is optimized with the Yoast SEO plugin v19.1 - https:\/\/yoast.com\/wordpress\/plugins\/seo\/ -->\n<title>Genci Nimanbegu: Konferenca per media 16 prill 2012 - Lajme nga Ulqini<\/title>\n<meta name=\"description\" content=\"KONFERENC\u00cb P\u00cbR MEDIA Ulqin, 16.04.2012 Nr.51\/12 Rezultatet e aktiviteteve parlamentare t\u00eb Forc\u00ebs T\u00eb nderuar, Me k\u00ebte konferenc\u00eb dua q\u00eb t\u00eb informoj\" \/>\n<meta name=\"robots\" content=\"index, follow, max-snippet:-1, max-image-preview:large, max-video-preview:-1\" \/>\n<link rel=\"canonical\" href=\"https:\/\/www.visit-ulcinj.com\/blog\/2012\/04\/16\/genci-nimanbegu-konferenca-per-media-16-prill-2012\/\" \/>\n<meta property=\"og:locale\" content=\"en_US\" \/>\n<meta property=\"og:type\" content=\"article\" \/>\n<meta property=\"og:title\" content=\"Genci Nimanbegu: Konferenca per media 16 prill 2012 - Lajme nga Ulqini\" \/>\n<meta property=\"og:description\" content=\"KONFERENC\u00cb P\u00cbR MEDIA Ulqin, 16.04.2012 Nr.51\/12 Rezultatet e aktiviteteve parlamentare t\u00eb Forc\u00ebs T\u00eb nderuar, Me k\u00ebte konferenc\u00eb dua q\u00eb t\u00eb informoj\" \/>\n<meta property=\"og:url\" content=\"https:\/\/www.visit-ulcinj.com\/blog\/2012\/04\/16\/genci-nimanbegu-konferenca-per-media-16-prill-2012\/\" \/>\n<meta property=\"og:site_name\" content=\"Lajme nga Ulqini\" \/>\n<meta property=\"article:published_time\" content=\"2012-04-16T11:23:56+00:00\" \/>\n<meta property=\"article:modified_time\" content=\"2012-04-16T11:27:35+00:00\" \/>\n<meta property=\"og:image\" content=\"http:\/\/www.visit-ulcinj.com\/blog\/wp-content\/uploads\/2012\/04\/genc-nimanbegu_konference-per-media.jpg\" \/>\n<meta name=\"twitter:label1\" content=\"Written by\" \/>\n\t<meta name=\"twitter:data1\" content=\"ulqini\" \/>\n\t<meta name=\"twitter:label2\" content=\"Est. reading time\" \/>\n\t<meta name=\"twitter:data2\" content=\"4 minutes\" \/>\n<script type=\"application\/ld+json\" class=\"yoast-schema-graph\">{\"@context\":\"https:\/\/schema.org\",\"@graph\":[{\"@type\":\"WebSite\",\"@id\":\"https:\/\/www.visit-ulcinj.com\/blog\/#website\",\"url\":\"https:\/\/www.visit-ulcinj.com\/blog\/\",\"name\":\"Lajme nga Ulqini\",\"description\":\"Lajme,Vijesti,Ulqini,Ulqin,Crna Gora,Mali i Zi\",\"potentialAction\":[{\"@type\":\"SearchAction\",\"target\":{\"@type\":\"EntryPoint\",\"urlTemplate\":\"https:\/\/www.visit-ulcinj.com\/blog\/?s={search_term_string}\"},\"query-input\":\"required name=search_term_string\"}],\"inLanguage\":\"en-US\"},{\"@type\":\"ImageObject\",\"inLanguage\":\"en-US\",\"@id\":\"https:\/\/www.visit-ulcinj.com\/blog\/2012\/04\/16\/genci-nimanbegu-konferenca-per-media-16-prill-2012\/#primaryimage\",\"url\":\"https:\/\/www.visit-ulcinj.com\/blog\/wp-content\/uploads\/2012\/04\/genc-nimanbegu_konference-per-media.jpg\",\"contentUrl\":\"https:\/\/www.visit-ulcinj.com\/blog\/wp-content\/uploads\/2012\/04\/genc-nimanbegu_konference-per-media.jpg\",\"width\":\"500\",\"height\":\"433\"},{\"@type\":\"WebPage\",\"@id\":\"https:\/\/www.visit-ulcinj.com\/blog\/2012\/04\/16\/genci-nimanbegu-konferenca-per-media-16-prill-2012\/#webpage\",\"url\":\"https:\/\/www.visit-ulcinj.com\/blog\/2012\/04\/16\/genci-nimanbegu-konferenca-per-media-16-prill-2012\/\",\"name\":\"Genci Nimanbegu: Konferenca per media 16 prill 2012 - Lajme nga Ulqini\",\"isPartOf\":{\"@id\":\"https:\/\/www.visit-ulcinj.com\/blog\/#website\"},\"primaryImageOfPage\":{\"@id\":\"https:\/\/www.visit-ulcinj.com\/blog\/2012\/04\/16\/genci-nimanbegu-konferenca-per-media-16-prill-2012\/#primaryimage\"},\"datePublished\":\"2012-04-16T11:23:56+00:00\",\"dateModified\":\"2012-04-16T11:27:35+00:00\",\"author\":{\"@id\":\"https:\/\/www.visit-ulcinj.com\/blog\/#\/schema\/person\/dcab619c614d3038751c63bc2aadc06d\"},\"description\":\"KONFERENC\u00cb P\u00cbR MEDIA Ulqin, 16.04.2012 Nr.51\/12 Rezultatet e aktiviteteve parlamentare t\u00eb Forc\u00ebs T\u00eb nderuar, Me k\u00ebte konferenc\u00eb dua q\u00eb t\u00eb informoj\",\"breadcrumb\":{\"@id\":\"https:\/\/www.visit-ulcinj.com\/blog\/2012\/04\/16\/genci-nimanbegu-konferenca-per-media-16-prill-2012\/#breadcrumb\"},\"inLanguage\":\"en-US\",\"potentialAction\":[{\"@type\":\"ReadAction\",\"target\":[\"https:\/\/www.visit-ulcinj.com\/blog\/2012\/04\/16\/genci-nimanbegu-konferenca-per-media-16-prill-2012\/\"]}]},{\"@type\":\"BreadcrumbList\",\"@id\":\"https:\/\/www.visit-ulcinj.com\/blog\/2012\/04\/16\/genci-nimanbegu-konferenca-per-media-16-prill-2012\/#breadcrumb\",\"itemListElement\":[{\"@type\":\"ListItem\",\"position\":1,\"name\":\"Genci Nimanbegu: Konferenca per media 16 prill 2012\"}]},{\"@type\":\"Person\",\"@id\":\"https:\/\/www.visit-ulcinj.com\/blog\/#\/schema\/person\/dcab619c614d3038751c63bc2aadc06d\",\"name\":\"ulqini\",\"sameAs\":[\"http:\/\/www.visit-ulcinj.com\"],\"url\":\"https:\/\/www.visit-ulcinj.com\/blog\/author\/admin\/\"}]}<\/script>\n<!-- \/ Yoast SEO plugin. -->","yoast_head_json":{"title":"Genci Nimanbegu: Konferenca per media 16 prill 2012 - Lajme nga Ulqini","description":"KONFERENC\u00cb P\u00cbR MEDIA Ulqin, 16.04.2012 Nr.51\/12 Rezultatet e aktiviteteve parlamentare t\u00eb Forc\u00ebs T\u00eb nderuar, Me k\u00ebte konferenc\u00eb dua q\u00eb t\u00eb informoj","robots":{"index":"index","follow":"follow","max-snippet":"max-snippet:-1","max-image-preview":"max-image-preview:large","max-video-preview":"max-video-preview:-1"},"canonical":"https:\/\/www.visit-ulcinj.com\/blog\/2012\/04\/16\/genci-nimanbegu-konferenca-per-media-16-prill-2012\/","og_locale":"en_US","og_type":"article","og_title":"Genci Nimanbegu: Konferenca per media 16 prill 2012 - Lajme nga Ulqini","og_description":"KONFERENC\u00cb P\u00cbR MEDIA Ulqin, 16.04.2012 Nr.51\/12 Rezultatet e aktiviteteve parlamentare t\u00eb Forc\u00ebs T\u00eb nderuar, Me k\u00ebte konferenc\u00eb dua q\u00eb t\u00eb informoj","og_url":"https:\/\/www.visit-ulcinj.com\/blog\/2012\/04\/16\/genci-nimanbegu-konferenca-per-media-16-prill-2012\/","og_site_name":"Lajme nga Ulqini","article_published_time":"2012-04-16T11:23:56+00:00","article_modified_time":"2012-04-16T11:27:35+00:00","og_image":[{"url":"http:\/\/www.visit-ulcinj.com\/blog\/wp-content\/uploads\/2012\/04\/genc-nimanbegu_konference-per-media.jpg"}],"twitter_misc":{"Written by":"ulqini","Est. reading time":"4 minutes"},"schema":{"@context":"https:\/\/schema.org","@graph":[{"@type":"WebSite","@id":"https:\/\/www.visit-ulcinj.com\/blog\/#website","url":"https:\/\/www.visit-ulcinj.com\/blog\/","name":"Lajme nga Ulqini","description":"Lajme,Vijesti,Ulqini,Ulqin,Crna Gora,Mali i Zi","potentialAction":[{"@type":"SearchAction","target":{"@type":"EntryPoint","urlTemplate":"https:\/\/www.visit-ulcinj.com\/blog\/?s={search_term_string}"},"query-input":"required name=search_term_string"}],"inLanguage":"en-US"},{"@type":"ImageObject","inLanguage":"en-US","@id":"https:\/\/www.visit-ulcinj.com\/blog\/2012\/04\/16\/genci-nimanbegu-konferenca-per-media-16-prill-2012\/#primaryimage","url":"https:\/\/www.visit-ulcinj.com\/blog\/wp-content\/uploads\/2012\/04\/genc-nimanbegu_konference-per-media.jpg","contentUrl":"https:\/\/www.visit-ulcinj.com\/blog\/wp-content\/uploads\/2012\/04\/genc-nimanbegu_konference-per-media.jpg","width":"500","height":"433"},{"@type":"WebPage","@id":"https:\/\/www.visit-ulcinj.com\/blog\/2012\/04\/16\/genci-nimanbegu-konferenca-per-media-16-prill-2012\/#webpage","url":"https:\/\/www.visit-ulcinj.com\/blog\/2012\/04\/16\/genci-nimanbegu-konferenca-per-media-16-prill-2012\/","name":"Genci Nimanbegu: Konferenca per media 16 prill 2012 - Lajme nga Ulqini","isPartOf":{"@id":"https:\/\/www.visit-ulcinj.com\/blog\/#website"},"primaryImageOfPage":{"@id":"https:\/\/www.visit-ulcinj.com\/blog\/2012\/04\/16\/genci-nimanbegu-konferenca-per-media-16-prill-2012\/#primaryimage"},"datePublished":"2012-04-16T11:23:56+00:00","dateModified":"2012-04-16T11:27:35+00:00","author":{"@id":"https:\/\/www.visit-ulcinj.com\/blog\/#\/schema\/person\/dcab619c614d3038751c63bc2aadc06d"},"description":"KONFERENC\u00cb P\u00cbR MEDIA Ulqin, 16.04.2012 Nr.51\/12 Rezultatet e aktiviteteve parlamentare t\u00eb Forc\u00ebs T\u00eb nderuar, Me k\u00ebte konferenc\u00eb dua q\u00eb t\u00eb informoj","breadcrumb":{"@id":"https:\/\/www.visit-ulcinj.com\/blog\/2012\/04\/16\/genci-nimanbegu-konferenca-per-media-16-prill-2012\/#breadcrumb"},"inLanguage":"en-US","potentialAction":[{"@type":"ReadAction","target":["https:\/\/www.visit-ulcinj.com\/blog\/2012\/04\/16\/genci-nimanbegu-konferenca-per-media-16-prill-2012\/"]}]},{"@type":"BreadcrumbList","@id":"https:\/\/www.visit-ulcinj.com\/blog\/2012\/04\/16\/genci-nimanbegu-konferenca-per-media-16-prill-2012\/#breadcrumb","itemListElement":[{"@type":"ListItem","position":1,"name":"Genci Nimanbegu: Konferenca per media 16 prill 2012"}]},{"@type":"Person","@id":"https:\/\/www.visit-ulcinj.com\/blog\/#\/schema\/person\/dcab619c614d3038751c63bc2aadc06d","name":"ulqini","sameAs":["http:\/\/www.visit-ulcinj.com"],"url":"https:\/\/www.visit-ulcinj.com\/blog\/author\/admin\/"}]}},"jetpack_featured_media_url":"","jetpack_sharing_enabled":true,"jetpack_shortlink":"https:\/\/wp.me\/pe6lTn-fq3","_links":{"self":[{"href":"https:\/\/www.visit-ulcinj.com\/blog\/wp-json\/wp\/v2\/posts\/59275"}],"collection":[{"href":"https:\/\/www.visit-ulcinj.com\/blog\/wp-json\/wp\/v2\/posts"}],"about":[{"href":"https:\/\/www.visit-ulcinj.com\/blog\/wp-json\/wp\/v2\/types\/post"}],"author":[{"embeddable":true,"href":"https:\/\/www.visit-ulcinj.com\/blog\/wp-json\/wp\/v2\/users\/1"}],"replies":[{"embeddable":true,"href":"https:\/\/www.visit-ulcinj.com\/blog\/wp-json\/wp\/v2\/comments?post=59275"}],"version-history":[{"count":3,"href":"https:\/\/www.visit-ulcinj.com\/blog\/wp-json\/wp\/v2\/posts\/59275\/revisions"}],"predecessor-version":[{"id":59278,"href":"https:\/\/www.visit-ulcinj.com\/blog\/wp-json\/wp\/v2\/posts\/59275\/revisions\/59278"}],"wp:attachment":[{"href":"https:\/\/www.visit-ulcinj.com\/blog\/wp-json\/wp\/v2\/media?parent=59275"}],"wp:term":[{"taxonomy":"category","embeddable":true,"href":"https:\/\/www.visit-ulcinj.com\/blog\/wp-json\/wp\/v2\/categories?post=59275"},{"taxonomy":"post_tag","embeddable":true,"href":"https:\/\/www.visit-ulcinj.com\/blog\/wp-json\/wp\/v2\/tags?post=59275"}],"curies":[{"name":"wp","href":"https:\/\/api.w.org\/{rel}","templated":true}]}}