{"id":5928,"date":"2008-11-13T12:59:45","date_gmt":"2008-11-13T17:59:45","guid":{"rendered":"http:\/\/www.visit-ulcinj.com\/blog\/?p=5928"},"modified":"2008-11-13T12:59:45","modified_gmt":"2008-11-13T17:59:45","slug":"canasezonin-e-ardhshem-tek-bajerni-i-mynihut","status":"publish","type":"post","link":"https:\/\/www.visit-ulcinj.com\/blog\/2008\/11\/13\/canasezonin-e-ardhshem-tek-bajerni-i-mynihut\/","title":{"rendered":"Cana:Sezonin e ardhshem tek Bajerni i Mynihut"},"content":{"rendered":"<p><a href=\"http:\/\/www.visit-ulcinj.com\/blog\/wp-content\/uploads\/2008\/11\/lorik-cana.jpg\"><img loading=\"lazy\" class=\"alignleft size-medium wp-image-5929\" title=\"lorik-cana\" src=\"http:\/\/www.visit-ulcinj.com\/blog\/wp-content\/uploads\/2008\/11\/lorik-cana-300x225.jpg\" alt=\"\" width=\"255\" height=\"192\" srcset=\"https:\/\/www.visit-ulcinj.com\/blog\/wp-content\/uploads\/2008\/11\/lorik-cana-300x225.jpg 300w, https:\/\/www.visit-ulcinj.com\/blog\/wp-content\/uploads\/2008\/11\/lorik-cana.jpg 400w\" sizes=\"(max-width: 255px) 100vw, 255px\" \/><\/a>E ardhmja e Lorik Can\u00ebs, n\u00eb sezonin e 2009-2010, me shum\u00eb mund\u00ebsi do t\u00eb jet\u00eb te Bajerni i Mynihut.<br \/>\na qen\u00eb vet\u00eb mesfushori shqiptar i Olimpikut t\u00eb Marsej\u00ebs, ai i cili ka identifikuar skuadr\u00ebn e njohur gjermane si destinacionin thuajse t\u00eb sigurt t\u00eb tij n\u00eb merkaton e ver\u00ebs s\u00eb ardhshme, pasi ka theksuar se ky mund t\u00eb jet\u00eb viti i fundit n\u00eb Franc\u00eb.<\/p>\n<p><strong>E ardhmja<\/strong><br \/>\nI ndodhur dje n\u00eb Tiran\u00eb, n\u00eb fundin e nj\u00eb vizite 24- or\u00ebshe, ku edhe ka marr\u00eb nga Presidenti Bamir Topi titullin \u201cAmbasador i Kombit\u201d, Loriku ka zbuluar p\u00ebr her\u00eb t\u00eb par\u00eb ekipin e t\u00eb ardhmes.<br \/>\n\u201cNuk jam shum\u00eb i sigurt, ka shum\u00eb mund\u00ebsi q\u00eb ky t\u00eb jet\u00eb viti i fundit, q\u00eb un\u00eb luaj me Olimpikun e Marsej\u00ebs. Nj\u00eb nga klubet, me t\u00eb cilin kam kontakte dhe tek i cili do t\u00eb kisha d\u00ebshir\u00eb t\u00eb luaja, patjet\u00ebr q\u00eb n\u00eb krye t\u00eb list\u00ebs \u00ebsht\u00eb Bajerni i Mynihut. Nj\u00eb ofert\u00eb e fundit, q\u00eb kan\u00eb p\u00ebr t\u00eb m\u00eb b\u00ebr\u00eb muajin e ardhsh\u00ebm klubet angleze, nuk dua t\u00eb p\u00ebrmend emra, por shifra \u00ebsht\u00eb rreth 12 milion\u00eb euro (hipotezat t\u00eb \u00e7ojn\u00eb tek Evertoni), mund t\u2019ju them q\u00eb tani se kam p\u00ebr ta refuzuar\u201d.<\/p>\n<p><strong>Prapaskenat<\/strong><br \/>\nGjat\u00eb merkatos s\u00eb ver\u00ebs 2008, Loriku ka marr\u00eb oferta nga kampionate t\u00eb ndryshme si ai anglez, spanjoll, gjerman etj. Disa nga ekipet e interesuara ishin Arsenali, Evertoni dhe Bajerni i Mynihut.<br \/>\nSkuadra Vengerit, n\u00eb dit\u00ebt e fundit t\u00eb merkatos, b\u00ebri nj\u00eb super ofert\u00eb prej 20 milion\u00eb eurosh, por q\u00eb u refuzua nga Marseja. Tashm\u00eb jan\u00eb zbardhur edhe prapaskenat e k\u00ebtij refuzimi, p\u00ebr t\u00eb cilat Loriku nuk ka preferuar t\u00eb flas\u00eb.<br \/>\nAt\u00ebher\u00eb, presidenti i Marsej\u00ebs, Pape Diuf, iu lut t\u00eb mos largohej, pasi, n\u00ebse ikte edhe kapiteni (Cana), tifoz\u00ebt do ta akuzonin presidentin p\u00ebr shkat\u00ebrrimin e ekipit. Nd\u00ebrkoh\u00eb q\u00eb Diuf do t\u2019i premtonte se, n\u00eb ofert\u00ebn e par\u00eb t\u00eb mir\u00eb q\u00eb do t\u00eb vinte p\u00ebr sezonin tjet\u00ebr, do ta lejojn\u00eb q\u00eb t\u00eb largohej.<\/p>\n<p><strong>Pengu<\/strong><br \/>\nLorik Cana, i cili konfirmoi edhe nj\u00ebher\u00eb se nuk do t\u00eb bashkohet me Komb\u00ebtaren e Kosov\u00ebs, por do t\u00eb q\u00ebndroj\u00eb tek ajo e Shqip\u00ebris\u00eb, ka rr\u00ebfyer gjithashtu se i ka mbetur peng humbja ndaj Hungaris\u00eb, ku mendon se, n\u00ebse do t\u00eb ishte marr\u00eb t\u00eb pakt\u00ebn nj\u00eb rezultat pozitiv, sot mund t\u00eb flitej p\u00ebr nj\u00eb fillim perfekt t\u00eb Eliminatoreve t\u00eb Bot\u00ebrorit.<br \/>\n<strong>Burimi \/ Top Channel<\/strong><\/p>\n","protected":false},"excerpt":{"rendered":"<p>E ardhmja e Lorik Can\u00ebs, n\u00eb sezonin e 2009-2010, me shum\u00eb mund\u00ebsi do t\u00eb jet\u00eb te Bajerni i Mynihut. a qen\u00eb vet\u00eb mesfushori shqiptar i Olimpikut t\u00eb Marsej\u00ebs, ai i cili ka identifikuar skuadr\u00ebn e njohur gjermane si destinacionin thuajse t\u00eb sigurt t\u00eb tij n\u00eb merkaton e ver\u00ebs s\u00eb ardhshme, pasi ka theksuar se ky [&hellip;]<\/p>\n","protected":false},"author":1,"featured_media":0,"comment_status":"open","ping_status":"closed","sticky":false,"template":"","format":"standard","meta":{"spay_email":"","jetpack_publicize_message":"","jetpack_is_tweetstorm":false,"jetpack_publicize_feature_enabled":true},"categories":[3],"tags":[4946],"jetpack_publicize_connections":[],"yoast_head":"<!-- This site is optimized with the Yoast SEO plugin v19.1 - https:\/\/yoast.com\/wordpress\/plugins\/seo\/ -->\n<title>Cana:Sezonin e ardhshem tek Bajerni i Mynihut - Lajme nga Ulqini<\/title>\n<meta name=\"description\" content=\"E ardhmja e Lorik Can\u00ebs, n\u00eb sezonin e 2009-2010, me shum\u00eb mund\u00ebsi do t\u00eb jet\u00eb te Bajerni i Mynihut. a qen\u00eb vet\u00eb mesfushori shqiptar i Olimpikut t\u00eb\" \/>\n<meta name=\"robots\" content=\"index, follow, max-snippet:-1, max-image-preview:large, max-video-preview:-1\" \/>\n<link rel=\"canonical\" href=\"https:\/\/www.visit-ulcinj.com\/blog\/2008\/11\/13\/canasezonin-e-ardhshem-tek-bajerni-i-mynihut\/\" \/>\n<meta property=\"og:locale\" content=\"en_US\" \/>\n<meta property=\"og:type\" content=\"article\" \/>\n<meta property=\"og:title\" content=\"Cana:Sezonin e ardhshem tek Bajerni i Mynihut - Lajme nga Ulqini\" \/>\n<meta property=\"og:description\" content=\"E ardhmja e Lorik Can\u00ebs, n\u00eb sezonin e 2009-2010, me shum\u00eb mund\u00ebsi do t\u00eb jet\u00eb te Bajerni i Mynihut. a qen\u00eb vet\u00eb mesfushori shqiptar i Olimpikut t\u00eb\" \/>\n<meta property=\"og:url\" content=\"https:\/\/www.visit-ulcinj.com\/blog\/2008\/11\/13\/canasezonin-e-ardhshem-tek-bajerni-i-mynihut\/\" \/>\n<meta property=\"og:site_name\" content=\"Lajme nga Ulqini\" \/>\n<meta property=\"article:published_time\" content=\"2008-11-13T17:59:45+00:00\" \/>\n<meta property=\"og:image\" content=\"http:\/\/www.visit-ulcinj.com\/blog\/wp-content\/uploads\/2008\/11\/lorik-cana-300x225.jpg\" \/>\n<meta name=\"twitter:label1\" content=\"Written by\" \/>\n\t<meta name=\"twitter:data1\" content=\"ulqini\" \/>\n\t<meta name=\"twitter:label2\" content=\"Est. reading time\" \/>\n\t<meta name=\"twitter:data2\" content=\"2 minutes\" \/>\n<script type=\"application\/ld+json\" class=\"yoast-schema-graph\">{\"@context\":\"https:\/\/schema.org\",\"@graph\":[{\"@type\":\"WebSite\",\"@id\":\"https:\/\/www.visit-ulcinj.com\/blog\/#website\",\"url\":\"https:\/\/www.visit-ulcinj.com\/blog\/\",\"name\":\"Lajme nga Ulqini\",\"description\":\"Lajme,Vijesti,Ulqini,Ulqin,Crna Gora,Mali i Zi\",\"potentialAction\":[{\"@type\":\"SearchAction\",\"target\":{\"@type\":\"EntryPoint\",\"urlTemplate\":\"https:\/\/www.visit-ulcinj.com\/blog\/?s={search_term_string}\"},\"query-input\":\"required name=search_term_string\"}],\"inLanguage\":\"en-US\"},{\"@type\":\"ImageObject\",\"inLanguage\":\"en-US\",\"@id\":\"https:\/\/www.visit-ulcinj.com\/blog\/2008\/11\/13\/canasezonin-e-ardhshem-tek-bajerni-i-mynihut\/#primaryimage\",\"url\":\"http:\/\/www.visit-ulcinj.com\/blog\/wp-content\/uploads\/2008\/11\/lorik-cana-300x225.jpg\",\"contentUrl\":\"http:\/\/www.visit-ulcinj.com\/blog\/wp-content\/uploads\/2008\/11\/lorik-cana-300x225.jpg\"},{\"@type\":\"WebPage\",\"@id\":\"https:\/\/www.visit-ulcinj.com\/blog\/2008\/11\/13\/canasezonin-e-ardhshem-tek-bajerni-i-mynihut\/#webpage\",\"url\":\"https:\/\/www.visit-ulcinj.com\/blog\/2008\/11\/13\/canasezonin-e-ardhshem-tek-bajerni-i-mynihut\/\",\"name\":\"Cana:Sezonin e ardhshem tek Bajerni i Mynihut - Lajme nga Ulqini\",\"isPartOf\":{\"@id\":\"https:\/\/www.visit-ulcinj.com\/blog\/#website\"},\"primaryImageOfPage\":{\"@id\":\"https:\/\/www.visit-ulcinj.com\/blog\/2008\/11\/13\/canasezonin-e-ardhshem-tek-bajerni-i-mynihut\/#primaryimage\"},\"datePublished\":\"2008-11-13T17:59:45+00:00\",\"dateModified\":\"2008-11-13T17:59:45+00:00\",\"author\":{\"@id\":\"https:\/\/www.visit-ulcinj.com\/blog\/#\/schema\/person\/dcab619c614d3038751c63bc2aadc06d\"},\"description\":\"E ardhmja e Lorik Can\u00ebs, n\u00eb sezonin e 2009-2010, me shum\u00eb mund\u00ebsi do t\u00eb jet\u00eb te Bajerni i Mynihut. a qen\u00eb vet\u00eb mesfushori shqiptar i Olimpikut t\u00eb\",\"breadcrumb\":{\"@id\":\"https:\/\/www.visit-ulcinj.com\/blog\/2008\/11\/13\/canasezonin-e-ardhshem-tek-bajerni-i-mynihut\/#breadcrumb\"},\"inLanguage\":\"en-US\",\"potentialAction\":[{\"@type\":\"ReadAction\",\"target\":[\"https:\/\/www.visit-ulcinj.com\/blog\/2008\/11\/13\/canasezonin-e-ardhshem-tek-bajerni-i-mynihut\/\"]}]},{\"@type\":\"BreadcrumbList\",\"@id\":\"https:\/\/www.visit-ulcinj.com\/blog\/2008\/11\/13\/canasezonin-e-ardhshem-tek-bajerni-i-mynihut\/#breadcrumb\",\"itemListElement\":[{\"@type\":\"ListItem\",\"position\":1,\"name\":\"Cana:Sezonin e ardhshem tek Bajerni i Mynihut\"}]},{\"@type\":\"Person\",\"@id\":\"https:\/\/www.visit-ulcinj.com\/blog\/#\/schema\/person\/dcab619c614d3038751c63bc2aadc06d\",\"name\":\"ulqini\",\"sameAs\":[\"http:\/\/www.visit-ulcinj.com\"],\"url\":\"https:\/\/www.visit-ulcinj.com\/blog\/author\/admin\/\"}]}<\/script>\n<!-- \/ Yoast SEO plugin. -->","yoast_head_json":{"title":"Cana:Sezonin e ardhshem tek Bajerni i Mynihut - Lajme nga Ulqini","description":"E ardhmja e Lorik Can\u00ebs, n\u00eb sezonin e 2009-2010, me shum\u00eb mund\u00ebsi do t\u00eb jet\u00eb te Bajerni i Mynihut. a qen\u00eb vet\u00eb mesfushori shqiptar i Olimpikut t\u00eb","robots":{"index":"index","follow":"follow","max-snippet":"max-snippet:-1","max-image-preview":"max-image-preview:large","max-video-preview":"max-video-preview:-1"},"canonical":"https:\/\/www.visit-ulcinj.com\/blog\/2008\/11\/13\/canasezonin-e-ardhshem-tek-bajerni-i-mynihut\/","og_locale":"en_US","og_type":"article","og_title":"Cana:Sezonin e ardhshem tek Bajerni i Mynihut - Lajme nga Ulqini","og_description":"E ardhmja e Lorik Can\u00ebs, n\u00eb sezonin e 2009-2010, me shum\u00eb mund\u00ebsi do t\u00eb jet\u00eb te Bajerni i Mynihut. a qen\u00eb vet\u00eb mesfushori shqiptar i Olimpikut t\u00eb","og_url":"https:\/\/www.visit-ulcinj.com\/blog\/2008\/11\/13\/canasezonin-e-ardhshem-tek-bajerni-i-mynihut\/","og_site_name":"Lajme nga Ulqini","article_published_time":"2008-11-13T17:59:45+00:00","og_image":[{"url":"http:\/\/www.visit-ulcinj.com\/blog\/wp-content\/uploads\/2008\/11\/lorik-cana-300x225.jpg"}],"twitter_misc":{"Written by":"ulqini","Est. reading time":"2 minutes"},"schema":{"@context":"https:\/\/schema.org","@graph":[{"@type":"WebSite","@id":"https:\/\/www.visit-ulcinj.com\/blog\/#website","url":"https:\/\/www.visit-ulcinj.com\/blog\/","name":"Lajme nga Ulqini","description":"Lajme,Vijesti,Ulqini,Ulqin,Crna Gora,Mali i Zi","potentialAction":[{"@type":"SearchAction","target":{"@type":"EntryPoint","urlTemplate":"https:\/\/www.visit-ulcinj.com\/blog\/?s={search_term_string}"},"query-input":"required name=search_term_string"}],"inLanguage":"en-US"},{"@type":"ImageObject","inLanguage":"en-US","@id":"https:\/\/www.visit-ulcinj.com\/blog\/2008\/11\/13\/canasezonin-e-ardhshem-tek-bajerni-i-mynihut\/#primaryimage","url":"http:\/\/www.visit-ulcinj.com\/blog\/wp-content\/uploads\/2008\/11\/lorik-cana-300x225.jpg","contentUrl":"http:\/\/www.visit-ulcinj.com\/blog\/wp-content\/uploads\/2008\/11\/lorik-cana-300x225.jpg"},{"@type":"WebPage","@id":"https:\/\/www.visit-ulcinj.com\/blog\/2008\/11\/13\/canasezonin-e-ardhshem-tek-bajerni-i-mynihut\/#webpage","url":"https:\/\/www.visit-ulcinj.com\/blog\/2008\/11\/13\/canasezonin-e-ardhshem-tek-bajerni-i-mynihut\/","name":"Cana:Sezonin e ardhshem tek Bajerni i Mynihut - Lajme nga Ulqini","isPartOf":{"@id":"https:\/\/www.visit-ulcinj.com\/blog\/#website"},"primaryImageOfPage":{"@id":"https:\/\/www.visit-ulcinj.com\/blog\/2008\/11\/13\/canasezonin-e-ardhshem-tek-bajerni-i-mynihut\/#primaryimage"},"datePublished":"2008-11-13T17:59:45+00:00","dateModified":"2008-11-13T17:59:45+00:00","author":{"@id":"https:\/\/www.visit-ulcinj.com\/blog\/#\/schema\/person\/dcab619c614d3038751c63bc2aadc06d"},"description":"E ardhmja e Lorik Can\u00ebs, n\u00eb sezonin e 2009-2010, me shum\u00eb mund\u00ebsi do t\u00eb jet\u00eb te Bajerni i Mynihut. a qen\u00eb vet\u00eb mesfushori shqiptar i Olimpikut t\u00eb","breadcrumb":{"@id":"https:\/\/www.visit-ulcinj.com\/blog\/2008\/11\/13\/canasezonin-e-ardhshem-tek-bajerni-i-mynihut\/#breadcrumb"},"inLanguage":"en-US","potentialAction":[{"@type":"ReadAction","target":["https:\/\/www.visit-ulcinj.com\/blog\/2008\/11\/13\/canasezonin-e-ardhshem-tek-bajerni-i-mynihut\/"]}]},{"@type":"BreadcrumbList","@id":"https:\/\/www.visit-ulcinj.com\/blog\/2008\/11\/13\/canasezonin-e-ardhshem-tek-bajerni-i-mynihut\/#breadcrumb","itemListElement":[{"@type":"ListItem","position":1,"name":"Cana:Sezonin e ardhshem tek Bajerni i Mynihut"}]},{"@type":"Person","@id":"https:\/\/www.visit-ulcinj.com\/blog\/#\/schema\/person\/dcab619c614d3038751c63bc2aadc06d","name":"ulqini","sameAs":["http:\/\/www.visit-ulcinj.com"],"url":"https:\/\/www.visit-ulcinj.com\/blog\/author\/admin\/"}]}},"jetpack_featured_media_url":"","jetpack_sharing_enabled":true,"jetpack_shortlink":"https:\/\/wp.me\/pe6lTn-1xC","_links":{"self":[{"href":"https:\/\/www.visit-ulcinj.com\/blog\/wp-json\/wp\/v2\/posts\/5928"}],"collection":[{"href":"https:\/\/www.visit-ulcinj.com\/blog\/wp-json\/wp\/v2\/posts"}],"about":[{"href":"https:\/\/www.visit-ulcinj.com\/blog\/wp-json\/wp\/v2\/types\/post"}],"author":[{"embeddable":true,"href":"https:\/\/www.visit-ulcinj.com\/blog\/wp-json\/wp\/v2\/users\/1"}],"replies":[{"embeddable":true,"href":"https:\/\/www.visit-ulcinj.com\/blog\/wp-json\/wp\/v2\/comments?post=5928"}],"version-history":[{"count":0,"href":"https:\/\/www.visit-ulcinj.com\/blog\/wp-json\/wp\/v2\/posts\/5928\/revisions"}],"wp:attachment":[{"href":"https:\/\/www.visit-ulcinj.com\/blog\/wp-json\/wp\/v2\/media?parent=5928"}],"wp:term":[{"taxonomy":"category","embeddable":true,"href":"https:\/\/www.visit-ulcinj.com\/blog\/wp-json\/wp\/v2\/categories?post=5928"},{"taxonomy":"post_tag","embeddable":true,"href":"https:\/\/www.visit-ulcinj.com\/blog\/wp-json\/wp\/v2\/tags?post=5928"}],"curies":[{"name":"wp","href":"https:\/\/api.w.org\/{rel}","templated":true}]}}