{"id":59285,"date":"2012-04-16T22:09:48","date_gmt":"2012-04-16T21:09:48","guid":{"rendered":"http:\/\/www.visit-ulcinj.com\/blog\/?p=59285"},"modified":"2012-04-16T22:13:46","modified_gmt":"2012-04-16T21:13:46","slug":"u-nedjelju-22-aprila-protest-u-ulcinju","status":"publish","type":"post","link":"https:\/\/www.visit-ulcinj.com\/blog\/2012\/04\/16\/u-nedjelju-22-aprila-protest-u-ulcinju\/","title":{"rendered":"U nedjelju 22. aprila protest u Ulcinju"},"content":{"rendered":"<p><a href=\"http:\/\/www.visit-ulcinj.com\/blog\/wp-content\/uploads\/2012\/04\/Asllan-Zeneli_ULCINJ.jpg\"><img loading=\"lazy\" class=\"alignleft  wp-image-59286\" title=\"Asllan Zeneli_ULCINJ\" src=\"http:\/\/www.visit-ulcinj.com\/blog\/wp-content\/uploads\/2012\/04\/Asllan-Zeneli_ULCINJ.jpg\" alt=\"\" width=\"400\" height=\"504\" \/><\/a>U nedjelju 22. aprila u Ulcinju odr\u017ea\u0107e se protest\u00a0 jer trenutno stanje u ulcinjskim preduze\u0107ima govori da vi\u0161e nema vremena za \u010dekanje i da se mora ne\u0161to u\u010diniti kako bi se stvari popravile, najavljeno je danas iz Mre\u017ee za afirmaciju nevladinog sektora MANS.<\/p>\n<p>Ulcinjska privreda je nekada brojala preko 4.800 radnika, zapo\u0161ljenih ve\u0107inom u turizmu.<\/p>\n<p>&#8220;Na\u017ealost, Ulcinj danas ima manje hotela koji rade nego \u0161to je imao 1990. godine, \u0161to dovoljno govori o tome koliko se dr\u017eava brinula o Ulcinju i njenim radnicima. U ve\u0107ini hotela je uveden ste\u010daj, a neki od njih su i bespovratno izgubljeni kao \u0161to je to hotel Galeb koji je sru\u0161en\u201c, obja\u0161njeno je iz MANS-a,<\/p>\n<p>U svakom hotelskom preduze\u0107u u kome su vladini fondovi imali akcije je uveden ste\u010daj, a na \u010dela firmi dovedeni kadrovi koji nijesu radili da oporave preduze\u0107e, ve\u0107 da ga uporpaste i uni\u0161te. Privatizacija, ili takozvano pretvaranje dru\u0161tvene u privatnu svojinu se zavr\u0161ilo op\u0161tom plja\u010dkom i \u010derupanjem ionako siroma\u0161nih ulcinjskih preduze\u0107a.<\/p>\n<p>&#8220;Doveli su tobo\u017ee strate\u0161ke partnere u turizmu, a ulaganja, investicija nema. No za to vi\u0161e niko i ne pita, a pogotovo ne pita Vlada iako joj je to posao. Radnici i ne pitaju za ulaganja, jer se ni plate ne ispla\u0107uju redovno, ne upla\u0107uje se doprinos, niti povezuje sta\u017e\u201c, podsje\u0107aju iz MANS-a.<\/p>\n<p>Hotelska preduze\u0107a su raspar\u010dana, Ulcinjska revijera jedva pre\u017eivljava, u velikim problemima su hoteli Albatros, Lido, Otrant, Galeba vi\u0161e i nema, dok Solanu &#8211; simbol Ulcinja polako ubijaju. Gra\u0111evinsko preduze\u0107e Primorje vi\u0161e niko i ne pominje, kao ni &#8220;Agroulcinj&#8221;, fabriku tepiha &#8220;Ultep&#8221; i &#8220;Otrantkomerc&#8221;.<\/p>\n<p>&#8220;Radnici vi\u0161e ne\u0107e da trpe i \u0107ute i vjeruju la\u017enim obe\u0107anjima, ve\u0107 treba da svi zajedno iza\u0111emo i ka\u017eemo Vladi da vi\u0161e ne\u0107emo da nas varaju i obmanjuju. Vrijeme je da Ulcinj bude ono \u0161to je nekada bio &#8211; dragulj Crne Gore\u201c, poru\u010dio je u\u00a0 ime organizatora protesta Asllan Zeneli.<\/p>\n<p><a href=\"http:\/\/www.cafemontenegro.com\/index.php?group=25&amp;news=243095\" target=\"_blank\"><strong>Izvor: CdM<\/strong><\/a><\/p>\n","protected":false},"excerpt":{"rendered":"<p>U nedjelju 22. aprila u Ulcinju odr\u017ea\u0107e se protest\u00a0 jer trenutno stanje u ulcinjskim preduze\u0107ima govori da vi\u0161e nema vremena za \u010dekanje i da se mora ne\u0161to u\u010diniti kako bi se stvari popravile, najavljeno je danas iz Mre\u017ee za afirmaciju nevladinog sektora MANS. Ulcinjska privreda je nekada brojala preko 4.800 radnika, zapo\u0161ljenih ve\u0107inom u turizmu. [&hellip;]<\/p>\n","protected":false},"author":1,"featured_media":0,"comment_status":"open","ping_status":"closed","sticky":false,"template":"","format":"standard","meta":{"spay_email":"","jetpack_publicize_message":"","jetpack_is_tweetstorm":false,"jetpack_publicize_feature_enabled":true},"categories":[6950],"tags":[7208,19906,19],"jetpack_publicize_connections":[],"yoast_head":"<!-- This site is optimized with the Yoast SEO plugin v19.1 - https:\/\/yoast.com\/wordpress\/plugins\/seo\/ -->\n<title>U nedjelju 22. aprila protest u Ulcinju - Lajme nga Ulqini<\/title>\n<meta name=\"description\" content=\"U nedjelju 22. aprila u Ulcinju odr\u017ea\u0107e se protest\u00a0 jer trenutno stanje u ulcinjskim preduze\u0107ima govori da vi\u0161e nema vremena za \u010dekanje i da se mora ne\u0161to\" \/>\n<meta name=\"robots\" content=\"index, follow, max-snippet:-1, max-image-preview:large, max-video-preview:-1\" \/>\n<link rel=\"canonical\" href=\"https:\/\/www.visit-ulcinj.com\/blog\/2012\/04\/16\/u-nedjelju-22-aprila-protest-u-ulcinju\/\" \/>\n<meta property=\"og:locale\" content=\"en_US\" \/>\n<meta property=\"og:type\" content=\"article\" \/>\n<meta property=\"og:title\" content=\"U nedjelju 22. aprila protest u Ulcinju - Lajme nga Ulqini\" \/>\n<meta property=\"og:description\" content=\"U nedjelju 22. aprila u Ulcinju odr\u017ea\u0107e se protest\u00a0 jer trenutno stanje u ulcinjskim preduze\u0107ima govori da vi\u0161e nema vremena za \u010dekanje i da se mora ne\u0161to\" \/>\n<meta property=\"og:url\" content=\"https:\/\/www.visit-ulcinj.com\/blog\/2012\/04\/16\/u-nedjelju-22-aprila-protest-u-ulcinju\/\" \/>\n<meta property=\"og:site_name\" content=\"Lajme nga Ulqini\" \/>\n<meta property=\"article:published_time\" content=\"2012-04-16T21:09:48+00:00\" \/>\n<meta property=\"article:modified_time\" content=\"2012-04-16T21:13:46+00:00\" \/>\n<meta property=\"og:image\" content=\"http:\/\/www.visit-ulcinj.com\/blog\/wp-content\/uploads\/2012\/04\/Asllan-Zeneli_ULCINJ.jpg\" \/>\n<meta name=\"twitter:label1\" content=\"Written by\" \/>\n\t<meta name=\"twitter:data1\" content=\"ulqini\" \/>\n\t<meta name=\"twitter:label2\" content=\"Est. reading time\" \/>\n\t<meta name=\"twitter:data2\" content=\"2 minutes\" \/>\n<script type=\"application\/ld+json\" class=\"yoast-schema-graph\">{\"@context\":\"https:\/\/schema.org\",\"@graph\":[{\"@type\":\"WebSite\",\"@id\":\"https:\/\/www.visit-ulcinj.com\/blog\/#website\",\"url\":\"https:\/\/www.visit-ulcinj.com\/blog\/\",\"name\":\"Lajme nga Ulqini\",\"description\":\"Lajme,Vijesti,Ulqini,Ulqin,Crna Gora,Mali i Zi\",\"potentialAction\":[{\"@type\":\"SearchAction\",\"target\":{\"@type\":\"EntryPoint\",\"urlTemplate\":\"https:\/\/www.visit-ulcinj.com\/blog\/?s={search_term_string}\"},\"query-input\":\"required name=search_term_string\"}],\"inLanguage\":\"en-US\"},{\"@type\":\"ImageObject\",\"inLanguage\":\"en-US\",\"@id\":\"https:\/\/www.visit-ulcinj.com\/blog\/2012\/04\/16\/u-nedjelju-22-aprila-protest-u-ulcinju\/#primaryimage\",\"url\":\"https:\/\/www.visit-ulcinj.com\/blog\/wp-content\/uploads\/2012\/04\/Asllan-Zeneli_ULCINJ.jpg\",\"contentUrl\":\"https:\/\/www.visit-ulcinj.com\/blog\/wp-content\/uploads\/2012\/04\/Asllan-Zeneli_ULCINJ.jpg\",\"width\":\"431\",\"height\":\"604\"},{\"@type\":\"WebPage\",\"@id\":\"https:\/\/www.visit-ulcinj.com\/blog\/2012\/04\/16\/u-nedjelju-22-aprila-protest-u-ulcinju\/#webpage\",\"url\":\"https:\/\/www.visit-ulcinj.com\/blog\/2012\/04\/16\/u-nedjelju-22-aprila-protest-u-ulcinju\/\",\"name\":\"U nedjelju 22. aprila protest u Ulcinju - Lajme nga Ulqini\",\"isPartOf\":{\"@id\":\"https:\/\/www.visit-ulcinj.com\/blog\/#website\"},\"primaryImageOfPage\":{\"@id\":\"https:\/\/www.visit-ulcinj.com\/blog\/2012\/04\/16\/u-nedjelju-22-aprila-protest-u-ulcinju\/#primaryimage\"},\"datePublished\":\"2012-04-16T21:09:48+00:00\",\"dateModified\":\"2012-04-16T21:13:46+00:00\",\"author\":{\"@id\":\"https:\/\/www.visit-ulcinj.com\/blog\/#\/schema\/person\/dcab619c614d3038751c63bc2aadc06d\"},\"description\":\"U nedjelju 22. aprila u Ulcinju odr\u017ea\u0107e se protest\u00a0 jer trenutno stanje u ulcinjskim preduze\u0107ima govori da vi\u0161e nema vremena za \u010dekanje i da se mora ne\u0161to\",\"breadcrumb\":{\"@id\":\"https:\/\/www.visit-ulcinj.com\/blog\/2012\/04\/16\/u-nedjelju-22-aprila-protest-u-ulcinju\/#breadcrumb\"},\"inLanguage\":\"en-US\",\"potentialAction\":[{\"@type\":\"ReadAction\",\"target\":[\"https:\/\/www.visit-ulcinj.com\/blog\/2012\/04\/16\/u-nedjelju-22-aprila-protest-u-ulcinju\/\"]}]},{\"@type\":\"BreadcrumbList\",\"@id\":\"https:\/\/www.visit-ulcinj.com\/blog\/2012\/04\/16\/u-nedjelju-22-aprila-protest-u-ulcinju\/#breadcrumb\",\"itemListElement\":[{\"@type\":\"ListItem\",\"position\":1,\"name\":\"U nedjelju 22. aprila protest u Ulcinju\"}]},{\"@type\":\"Person\",\"@id\":\"https:\/\/www.visit-ulcinj.com\/blog\/#\/schema\/person\/dcab619c614d3038751c63bc2aadc06d\",\"name\":\"ulqini\",\"sameAs\":[\"http:\/\/www.visit-ulcinj.com\"],\"url\":\"https:\/\/www.visit-ulcinj.com\/blog\/author\/admin\/\"}]}<\/script>\n<!-- \/ Yoast SEO plugin. -->","yoast_head_json":{"title":"U nedjelju 22. aprila protest u Ulcinju - Lajme nga Ulqini","description":"U nedjelju 22. aprila u Ulcinju odr\u017ea\u0107e se protest\u00a0 jer trenutno stanje u ulcinjskim preduze\u0107ima govori da vi\u0161e nema vremena za \u010dekanje i da se mora ne\u0161to","robots":{"index":"index","follow":"follow","max-snippet":"max-snippet:-1","max-image-preview":"max-image-preview:large","max-video-preview":"max-video-preview:-1"},"canonical":"https:\/\/www.visit-ulcinj.com\/blog\/2012\/04\/16\/u-nedjelju-22-aprila-protest-u-ulcinju\/","og_locale":"en_US","og_type":"article","og_title":"U nedjelju 22. aprila protest u Ulcinju - Lajme nga Ulqini","og_description":"U nedjelju 22. aprila u Ulcinju odr\u017ea\u0107e se protest\u00a0 jer trenutno stanje u ulcinjskim preduze\u0107ima govori da vi\u0161e nema vremena za \u010dekanje i da se mora ne\u0161to","og_url":"https:\/\/www.visit-ulcinj.com\/blog\/2012\/04\/16\/u-nedjelju-22-aprila-protest-u-ulcinju\/","og_site_name":"Lajme nga Ulqini","article_published_time":"2012-04-16T21:09:48+00:00","article_modified_time":"2012-04-16T21:13:46+00:00","og_image":[{"url":"http:\/\/www.visit-ulcinj.com\/blog\/wp-content\/uploads\/2012\/04\/Asllan-Zeneli_ULCINJ.jpg"}],"twitter_misc":{"Written by":"ulqini","Est. reading time":"2 minutes"},"schema":{"@context":"https:\/\/schema.org","@graph":[{"@type":"WebSite","@id":"https:\/\/www.visit-ulcinj.com\/blog\/#website","url":"https:\/\/www.visit-ulcinj.com\/blog\/","name":"Lajme nga Ulqini","description":"Lajme,Vijesti,Ulqini,Ulqin,Crna Gora,Mali i Zi","potentialAction":[{"@type":"SearchAction","target":{"@type":"EntryPoint","urlTemplate":"https:\/\/www.visit-ulcinj.com\/blog\/?s={search_term_string}"},"query-input":"required name=search_term_string"}],"inLanguage":"en-US"},{"@type":"ImageObject","inLanguage":"en-US","@id":"https:\/\/www.visit-ulcinj.com\/blog\/2012\/04\/16\/u-nedjelju-22-aprila-protest-u-ulcinju\/#primaryimage","url":"https:\/\/www.visit-ulcinj.com\/blog\/wp-content\/uploads\/2012\/04\/Asllan-Zeneli_ULCINJ.jpg","contentUrl":"https:\/\/www.visit-ulcinj.com\/blog\/wp-content\/uploads\/2012\/04\/Asllan-Zeneli_ULCINJ.jpg","width":"431","height":"604"},{"@type":"WebPage","@id":"https:\/\/www.visit-ulcinj.com\/blog\/2012\/04\/16\/u-nedjelju-22-aprila-protest-u-ulcinju\/#webpage","url":"https:\/\/www.visit-ulcinj.com\/blog\/2012\/04\/16\/u-nedjelju-22-aprila-protest-u-ulcinju\/","name":"U nedjelju 22. aprila protest u Ulcinju - Lajme nga Ulqini","isPartOf":{"@id":"https:\/\/www.visit-ulcinj.com\/blog\/#website"},"primaryImageOfPage":{"@id":"https:\/\/www.visit-ulcinj.com\/blog\/2012\/04\/16\/u-nedjelju-22-aprila-protest-u-ulcinju\/#primaryimage"},"datePublished":"2012-04-16T21:09:48+00:00","dateModified":"2012-04-16T21:13:46+00:00","author":{"@id":"https:\/\/www.visit-ulcinj.com\/blog\/#\/schema\/person\/dcab619c614d3038751c63bc2aadc06d"},"description":"U nedjelju 22. aprila u Ulcinju odr\u017ea\u0107e se protest\u00a0 jer trenutno stanje u ulcinjskim preduze\u0107ima govori da vi\u0161e nema vremena za \u010dekanje i da se mora ne\u0161to","breadcrumb":{"@id":"https:\/\/www.visit-ulcinj.com\/blog\/2012\/04\/16\/u-nedjelju-22-aprila-protest-u-ulcinju\/#breadcrumb"},"inLanguage":"en-US","potentialAction":[{"@type":"ReadAction","target":["https:\/\/www.visit-ulcinj.com\/blog\/2012\/04\/16\/u-nedjelju-22-aprila-protest-u-ulcinju\/"]}]},{"@type":"BreadcrumbList","@id":"https:\/\/www.visit-ulcinj.com\/blog\/2012\/04\/16\/u-nedjelju-22-aprila-protest-u-ulcinju\/#breadcrumb","itemListElement":[{"@type":"ListItem","position":1,"name":"U nedjelju 22. aprila protest u Ulcinju"}]},{"@type":"Person","@id":"https:\/\/www.visit-ulcinj.com\/blog\/#\/schema\/person\/dcab619c614d3038751c63bc2aadc06d","name":"ulqini","sameAs":["http:\/\/www.visit-ulcinj.com"],"url":"https:\/\/www.visit-ulcinj.com\/blog\/author\/admin\/"}]}},"jetpack_featured_media_url":"","jetpack_sharing_enabled":true,"jetpack_shortlink":"https:\/\/wp.me\/pe6lTn-fqd","_links":{"self":[{"href":"https:\/\/www.visit-ulcinj.com\/blog\/wp-json\/wp\/v2\/posts\/59285"}],"collection":[{"href":"https:\/\/www.visit-ulcinj.com\/blog\/wp-json\/wp\/v2\/posts"}],"about":[{"href":"https:\/\/www.visit-ulcinj.com\/blog\/wp-json\/wp\/v2\/types\/post"}],"author":[{"embeddable":true,"href":"https:\/\/www.visit-ulcinj.com\/blog\/wp-json\/wp\/v2\/users\/1"}],"replies":[{"embeddable":true,"href":"https:\/\/www.visit-ulcinj.com\/blog\/wp-json\/wp\/v2\/comments?post=59285"}],"version-history":[{"count":3,"href":"https:\/\/www.visit-ulcinj.com\/blog\/wp-json\/wp\/v2\/posts\/59285\/revisions"}],"predecessor-version":[{"id":59289,"href":"https:\/\/www.visit-ulcinj.com\/blog\/wp-json\/wp\/v2\/posts\/59285\/revisions\/59289"}],"wp:attachment":[{"href":"https:\/\/www.visit-ulcinj.com\/blog\/wp-json\/wp\/v2\/media?parent=59285"}],"wp:term":[{"taxonomy":"category","embeddable":true,"href":"https:\/\/www.visit-ulcinj.com\/blog\/wp-json\/wp\/v2\/categories?post=59285"},{"taxonomy":"post_tag","embeddable":true,"href":"https:\/\/www.visit-ulcinj.com\/blog\/wp-json\/wp\/v2\/tags?post=59285"}],"curies":[{"name":"wp","href":"https:\/\/api.w.org\/{rel}","templated":true}]}}