{"id":59349,"date":"2012-04-21T12:56:31","date_gmt":"2012-04-21T11:56:31","guid":{"rendered":"http:\/\/www.visit-ulcinj.com\/blog\/?p=59349"},"modified":"2012-04-22T18:54:16","modified_gmt":"2012-04-22T17:54:16","slug":"kryetari-nazif-cungu-prezantoi-oferten-turistike-te-ulqinit","status":"publish","type":"post","link":"https:\/\/www.visit-ulcinj.com\/blog\/2012\/04\/21\/kryetari-nazif-cungu-prezantoi-oferten-turistike-te-ulqinit\/","title":{"rendered":"Kryetari Nazif Cungu prezantoi ofert\u00ebn turistike t\u00eb Ulqinit"},"content":{"rendered":"<p><strong><a href=\"http:\/\/www.visit-ulcinj.com\/blog\/wp-content\/uploads\/2012\/04\/Kryetari-Nazif-Cungu-prezantoi-ofert\u00ebn-turistike-t\u00eb-Ulqinit.jpg\"><img loading=\"lazy\" class=\"alignleft size-full wp-image-59350\" title=\"Kryetari Nazif Cungu prezantoi ofert\u00ebn turistike t\u00eb Ulqinit\" src=\"http:\/\/www.visit-ulcinj.com\/blog\/wp-content\/uploads\/2012\/04\/Kryetari-Nazif-Cungu-prezantoi-ofert\u00ebn-turistike-t\u00eb-Ulqinit.jpg\" alt=\"\" width=\"500\" height=\"375\" srcset=\"https:\/\/www.visit-ulcinj.com\/blog\/wp-content\/uploads\/2012\/04\/Kryetari-Nazif-Cungu-prezantoi-ofert\u00ebn-turistike-t\u00eb-Ulqinit.jpg 500w, https:\/\/www.visit-ulcinj.com\/blog\/wp-content\/uploads\/2012\/04\/Kryetari-Nazif-Cungu-prezantoi-ofert\u00ebn-turistike-t\u00eb-Ulqinit-300x225.jpg 300w\" sizes=\"(max-width: 500px) 100vw, 500px\" \/><\/a>Nga Besim Toska<\/strong><br \/>\nZyrtar\u00eb nga Komuna e Ulqinit dhe hotelet kan\u00eb promovuar sot ofert\u00ebn turistike Ulqini 2012. Ata kan\u00eb k\u00ebrkuar nga turist\u00ebt m\u00eb besnik e q\u00eb jan\u00eb kosovar\u00ebt q\u00eb edhe sivjet n\u00eb num\u00ebr edhe m\u00eb t\u00eb madhe t\u00eb pushojn\u00eb n\u00eb plazhet e Ulqinit.<br \/>\nNazif Cungu, kryetar i Komun\u00ebs s\u00eb Ulqinit, tha se pik\u00eb synim kryesor \u00ebsht\u00eb rikthimi i fuqis\u00eb s\u00eb Komun\u00ebs s\u00eb Ulqinit q\u00eb p\u00ebrs\u00ebri t\u00eb dalim e para nga t\u00eb gjitha komunat tjera t\u00eb Malit t\u00eb Zi, sidomos me turiz\u00ebm si\u00e7 ishim dikur dhe kjo k\u00ebrkon pun\u00eb e mund. Puna e par\u00eb \u00ebsht\u00eb realizimi i Planit Urbanistik dhe atyre rregulluese e detale, e q\u00eb p\u00ebr mbi nj\u00ebzet\u00eb vjet nuk kemi pasur. Posa erdh\u00ebm n\u00eb pushtet kemi nisur me realizimin e planit urbanistik.<\/p>\n<p><a href=\"http:\/\/www.visit-ulcinj.com\/blog\/wp-content\/uploads\/2012\/04\/Nazif-Cungu-Oferta-turistike-e-Ulqinit.jpg\"><img loading=\"lazy\" class=\"alignleft  wp-image-59504\" title=\"Nazif Cungu - Oferta turistike e Ulqinit\" src=\"http:\/\/www.visit-ulcinj.com\/blog\/wp-content\/uploads\/2012\/04\/Nazif-Cungu-Oferta-turistike-e-Ulqinit.jpg\" alt=\"\" width=\"508\" height=\"300\" \/><\/a><br \/>\nNazif Cungu, shtoi se p\u00ebr t\u00eb rritur turizmin duhet shum\u00eb pun\u00eb e mund. P\u00ebr t\u00eb t\u00ebrhequr turist\u00ebt nga Evropa Per\u00ebndimore, duhet t\u00eb nd\u00ebrtohen hotele t\u00eb cil\u00ebsis\u00eb s\u00eb lart\u00eb nga 3, 4 e 5 yje e q\u00eb nuk i kemi, por do ti b\u00ebjm\u00eb shpejt. Ne po kryejm\u00eb baz\u00ebn urbanistike dhe pastaj investitor\u00ebt mund t\u00eb investojn\u00eb. Ka vila t\u00eb mrekullueshme q\u00eb mund t\u00eb shfryt\u00ebzohen nga turist\u00ebt.<br \/>\n\u201cNd\u00ebrsa nga ana tjet\u00ebr n\u00eb m\u00ebnyr\u00eb tradicionale turist\u00ebt nga Kosova do t\u00eb vizitojn\u00eb Ulqinin. N\u00eb baz\u00eb t\u00eb hulumtimeve q\u00eb kemi marr ky sezon turistike do t\u00eb kemi edhe m\u00eb shum\u00eb turist\u00eb nga Kosova sesa n\u00eb t\u00eb kaluar\u00ebn. Popullit nga Kosova nuk kemi nevoj\u00eb ti prezantojm\u00eb Ulqinin, sepse ata tashm\u00eb i njohin bukurit\u00eb dhe ofertat q\u00eb kemi\u201d, tha kryetar i Komun\u00ebs t\u00eb Ulqinit.<br \/>\nNazif Cungu, shtoi se n\u00eb rend t\u00eb par\u00eb prioritet mbetet infrastruktura n\u00eb Komun\u00ebn e Ulqinit, e cila \u00ebsht\u00eb l\u00ebn\u00eb shum\u00eb anash dhe tash gj\u00ebrat kan\u00eb nisur t\u00eb ndryshojn\u00eb. \u201cNe po p\u00ebrmir\u00ebsojm\u00eb infrastruktur\u00ebn e rrug\u00ebve, trotuareve, gjelb\u00ebrimit, past\u00ebrtis\u00eb dhe do ti realizojm\u00eb si \u00ebsht\u00eb m\u00eb s\u00eb miri. Ku n\u00eb bashk\u00ebpunim me Qeverin\u00eb qendrore, kemi nisur procedurat dhe n\u00eb nivel t\u00eb Komun\u00ebs s\u00eb Ulqinit p\u00ebr realizmin e projekteve madhore\u201d, tha kryetari.<br \/>\nAi tutje shton se do t\u00eb ket\u00eb infrastruktur\u00eb shum\u00eb t\u00eb mir\u00eb rrugore, uj\u00eb t\u00eb pijsh\u00ebm ku gjat\u00eb k\u00ebsaj sezone nuk do t\u00eb ket\u00eb mungese t\u00eb ujit t\u00eb pijes. Kan\u00eb nisur punimet p\u00ebr zgjerimin e rrug\u00ebs nga kufiri i Shqip\u00ebris\u00eb apo Sukobin\u00eb \u2013 Kat\u00ebrkoll\u00eb dhe ajo do t\u00eb vazhdoj\u00eb me zgjerim deri n\u00eb Ulqin n\u00eb faza faza. Ky aks m\u00eb par\u00eb ka qen\u00eb shum\u00eb i ngusht\u00eb dhe i d\u00ebmtuar, nd\u00ebrsa do t\u00eb jet\u00eb e gjer\u00eb 6.5 metra dhe me trotuare, ndri\u00e7im e infrastruktur\u00ebn tjet\u00ebr p\u00ebrcjell\u00ebse moderne. Punimet e faz\u00ebs s\u00eb par\u00eb do t\u00eb kryhen deri n\u00eb hapje t\u00eb sezonit turistik, nd\u00ebrsa faza e dyt\u00eb do t\u00eb vazhdoj\u00eb pas mbarimit t\u00eb saj. Dhe t\u00ebr\u00eb kjo arterie do t\u00eb kryhet deri n\u00eb Ulqin.<br \/>\nPlani i pun\u00ebs n\u00eb nj\u00eb terren kaq t\u00eb gjer\u00eb, sigurisht ka v\u00ebshtir\u00ebsit\u00eb e tij teknike, por un\u00eb nuk mendoj q\u00eb pun\u00eb po kryhen. Ka nj\u00eb ecuri, e cila na b\u00ebn optimist\u00eb q\u00eb ta p\u00ebrfundojm\u00eb brenda afateve q\u00eb ishin parashikuar me kontrat\u00eb deri me 15 qershor. Tani ne flasim p\u00ebr hapjen p\u00ebr seksionin e par\u00eb, kurse faza e dyt\u00eb parashihet t\u00eb kryhet para afatit t\u00eb parashikuar n\u00eb kontrat\u00eb, e cila parashihte q\u00eb k\u00ebto seksione t\u00eb hapen m\u00eb 2013.<br \/>\nKryetari i Ulqinit tregoi se projekt tjet\u00ebr \u00ebsht\u00eb ura mbi Porto Milen, q\u00eb financohet nga Qeveria n\u00eb vler\u00eb prej 14 milion\u00eb euro. Kjo ishte problematike dhe krijonte kolona t\u00eb gjata dhe do t\u00eb p\u00ebrfundoi deri n\u00eb maj t\u00eb k\u00ebtij viti. Po ashtu si komun\u00eb kemi nisur me p\u00ebrgatitje t\u00eb m\u00ebdha n\u00eb t\u00eb gjitha fushat sidomos n\u00eb pastrimin e plazheve dhe t\u00ebr\u00eb komun\u00ebs. Ku kemi donacione nga Banka Bot\u00ebrore n\u00eb vler\u00eb prej 1 milion\u00eb euro me pajisje. Past\u00ebrtia n\u00eb Ulqin do t\u00eb jet\u00eb n\u00eb nivelin m\u00eb t\u00eb k\u00ebnaqsh\u00ebm.<br \/>\nNazif Cungu, shtoi se realizmi i planeve rregulluese \u00ebsht\u00eb ajo pjesa m\u00eb e v\u00ebshtir\u00eb dhe p\u00ebr k\u00ebt\u00eb kemi t\u00eb gjith\u00eb orientimin p\u00ebr zhvillim, ku po punojm\u00eb shum\u00eb. S\u00eb shpejti do t\u00eb nis\u00eb nd\u00ebrtimi i hotelit Jadran, Galeb, Mediteran q\u00eb jan\u00eb mbi Ran\u00eb apo tek plazhi i vog\u00ebl. Po ashtu s\u00eb af\u00ebrmi nis rind\u00ebrtimi i hotelit Lydo n\u00eb kompleksin e Rivier\u00ebs s\u00eb Ulqinit n\u00eb Shtoj te Zalli i Shtojit apo plazhi i madh, rind\u00ebrtimi i hotelit Albatros.<br \/>\n\u201cJan\u00eb shum\u00eb hotele q\u00eb nuk jan\u00eb funksionale dhe i kemi b\u00ebr\u00eb t\u00eb gjith\u00eb p\u00ebrgatitjet urbanistike q\u00eb t\u00eb gjith\u00eb investitor\u00ebt ti ken\u00eb duart e lira p\u00ebr investime. Mendoj\u00eb se investimet apo nd\u00ebrtimet mund t\u00eb nisin nga shtatori i k\u00ebtij viti, ku edhe mund t\u00eb nisin procedurat. P\u00ebr t\u00eb nd\u00ebrtuar hotel me kat\u00ebr e pes\u00eb yje duhet koh\u00eb. Kemi b\u00ebr\u00eb t\u00eb gjitha p\u00ebrgatitjet dhe studimet p\u00ebr dy lokacione p\u00ebr investime n\u00eb dy qendra turistike n\u00eb Liqenin e Shasit n\u00eb vler\u00eb prej 150 milion\u00eb euro\u201d, tha kryetari i Komun\u00ebs s\u00eb Ulqinit.<br \/>\nSipas tij investime do t\u00eb ket\u00eb edhe n\u00eb nj\u00eb fush\u00eb golfi me hotele e infrastruktur\u00eb moderne n\u00eb vler\u00eb prej 100 milion\u00eb euro. Disa investitor\u00eb ka disa vjet q\u00eb k\u00ebrkojn\u00eb leje, por nuk u \u00ebsht\u00eb lejuar q\u00eb t\u00eb punojn\u00eb.<br \/>\n<a href=\"http:\/\/www.visit-ulcinj.com\/blog\/wp-content\/uploads\/2012\/04\/Minir-Karamanaga.jpg\"><img loading=\"lazy\" class=\"alignleft size-full wp-image-59353\" title=\"Minir Karamanaga\" src=\"http:\/\/www.visit-ulcinj.com\/blog\/wp-content\/uploads\/2012\/04\/Minir-Karamanaga.jpg\" alt=\"\" width=\"202\" height=\"299\" \/><\/a>Nd\u00ebrsa Minir Karamanaga, drejtor i Organizat\u00ebs Turistike t\u00eb Ulqinit, tha se parim kryesor kan\u00eb promovimin e turizmit t\u00eb Ulqinit si nj\u00ebrin nga burimet kryesore. Ne kemi nisur me p\u00ebrgatitjet m\u00eb ta mira p\u00ebr sezonin turistik 2012 n\u00eb shum\u00eb drejtime.<br \/>\n\u201cJan\u00eb b\u00ebr\u00eb dhe po vazhdojn\u00eb investimet dhe p\u00ebrmir\u00ebsimet n\u00eb infrastruktur\u00ebn rrugore, n\u00eb uj\u00eb t\u00eb pijes. Vlen t\u00eb theksohen investimet q\u00eb po b\u00ebhen n\u00eb rrug\u00ebn nga pik\u00eb kalimi kufitar Sukobin deri n\u00eb Ulqinin apo sivjet deri n\u00eb Muriqan faza e par\u00eb e cila do t\u00eb mbaroi deri n\u00eb qershor dhe pastaj n\u00eb shtator do t\u00eb nis\u00eb faza e dyt\u00eb\u201d, tha Karamanaga. Sipas tij kjo ishte pika m\u00eb e dob\u00ebt e turist\u00ebve besnik\u00eb nga Kosova q\u00eb kishin infrastruktur\u00eb jot \u00eb mir\u00eb e cila tash do t\u00eb jet\u00eb n\u00eb nivelin \u00eb duhur. Investime po b\u00ebhen edhe p\u00ebr furnizim me uj\u00eb t\u00eb pijes dhe reduktimet sivjet do t\u00eb jen\u00eb m\u00eb minimale dhe nuk do t\u00eb ket\u00eb problem sin\u00eb t\u00eb kaluar\u00ebn. Po ashtu jan\u00eb marr masa adekuate p\u00ebr ngritjen e nivelit t\u00eb past\u00ebrtis\u00eb. Risit edhe sivjet nuk do t\u00eb ndalen, por ato do t\u00eb ndodhin krahas koh\u00ebs, do t\u00eb ket\u00eb shum\u00eb evenimente kulturore, turistike e manifestime q\u00eb kan\u00eb p\u00ebr karakter rekreacion p\u00ebr turist\u00ebt.<br \/>\n\u201cNe po marrim pjes\u00eb n\u00eb Panairin e Turizmit, q\u00eb po mbahet n\u00eb Prishtin\u00eb, ku qytetar\u00ebt e Kosov\u00ebs jan\u00eb turist\u00ebt m\u00eb besnik t\u00eb Ulqinit. Turist\u00ebt nga Kosova edhe sivjet edhe n\u00eb num\u00ebr m\u00eb t\u00eb madh do t\u00eb pushojn\u00eb n\u00eb plazhet e Ulqinit\u201d, tha Minir Karamanaga. Ai shtoi se po prezantojn\u00eb ofert\u00ebn me sukses si nj\u00eb metropol t\u00eb turizmit shqiptar. Drejtori i Organizat\u00ebs s\u00eb Turizmit t\u00eb Ulqinit beson pa dyshim se kosovar\u00ebt do t\u00eb vijn\u00eb n\u00eb num\u00ebr edhe m\u00eb t\u00eb madh.<br \/>\n<a href=\"http:\/\/www.visit-ulcinj.com\/blog\/wp-content\/uploads\/2012\/04\/Selatin-Gjeloshi.jpg\"><img loading=\"lazy\" class=\"alignleft size-full wp-image-59352\" title=\"Selatin Gjeloshi\" src=\"http:\/\/www.visit-ulcinj.com\/blog\/wp-content\/uploads\/2012\/04\/Selatin-Gjeloshi.jpg\" alt=\"\" width=\"259\" height=\"194\" \/><\/a>Muslim Llolla, pronar i hote Llolla dhe Florida, tregoi se kan\u00eb b\u00ebr\u00eb p\u00ebrgatitjet adekuate p\u00ebr pritjen e turist\u00ebve konkretisht atyre nga Kosova. Sipas tij \u00e7mimet edhe sivjet do t\u00eb jen\u00eb m\u00eb t\u00eb lira se n\u00eb t\u00eb kaluar\u00ebn.<br \/>\nXhemajl Bushati, drejtor i Hotel Albatrosit, tha se edhe sivjet hoteli tyre ka b\u00ebr\u00eb investime serioze dhe sivjet kushtet do t\u00eb jen\u00eb m\u00eb t\u00eb mira dhe m\u00eb t\u00eb lira. Edhe sivjet turist\u00ebt nga Kosova do t\u00eb vijn\u00eb sipas parashikimeve edhe \u00eb num\u00ebr m\u00eb t\u00eb madh. \u00c7mimet do t\u00eb jen\u00eb minimale.<\/p>\n<p>Selajtin Xheloshi, menaxher n\u00eb Hoetlin Mediteran, tregoi se kan\u00eb b\u00ebr\u00eb p\u00ebrgatitje dhe investime adekuate. Ai premton p\u00ebr turist\u00ebt nga Kosova \u00e7mimet t\u00eb lira dhe kushte t\u00eb cil\u00ebsis\u00eb s\u00eb lart\u00eb. Pas p\u00ebrmir\u00ebsimit dhe zgjerimit t\u00eb rrug\u00ebs nga Sukobina drejt Ulqinit turist\u00eb nga Kosova do t\u00eb ket\u00eb n\u00eb num\u00ebr m\u00eb t\u00eb madh.<\/p>\n<p><strong>Besim Toska<br \/>\n<!--YouTube Error: bad URL entered--><br \/>\n<\/strong><\/p>\n","protected":false},"excerpt":{"rendered":"<p>Nga Besim Toska Zyrtar\u00eb nga Komuna e Ulqinit dhe hotelet kan\u00eb promovuar sot ofert\u00ebn turistike Ulqini 2012. Ata kan\u00eb k\u00ebrkuar nga turist\u00ebt m\u00eb besnik e q\u00eb jan\u00eb kosovar\u00ebt q\u00eb edhe sivjet n\u00eb num\u00ebr edhe m\u00eb t\u00eb madhe t\u00eb pushojn\u00eb n\u00eb plazhet e Ulqinit. Nazif Cungu, kryetar i Komun\u00ebs s\u00eb Ulqinit, tha se pik\u00eb synim kryesor [&hellip;]<\/p>\n","protected":false},"author":1,"featured_media":0,"comment_status":"open","ping_status":"closed","sticky":false,"template":"","format":"standard","meta":{"spay_email":"","jetpack_publicize_message":"","jetpack_is_tweetstorm":false,"jetpack_publicize_feature_enabled":true},"categories":[15],"tags":[3901,297,8870,18503,22016],"jetpack_publicize_connections":[],"yoast_head":"<!-- This site is optimized with the Yoast SEO plugin v19.1 - https:\/\/yoast.com\/wordpress\/plugins\/seo\/ -->\n<title>Kryetari Nazif Cungu prezantoi ofert\u00ebn turistike t\u00eb Ulqinit - Lajme nga Ulqini<\/title>\n<meta name=\"description\" content=\"Nga Besim Toska Zyrtar\u00eb nga Komuna e Ulqinit dhe hotelet kan\u00eb promovuar sot ofert\u00ebn turistike Ulqini 2012. Ata kan\u00eb k\u00ebrkuar nga turist\u00ebt m\u00eb besnik e q\u00eb\" \/>\n<meta name=\"robots\" content=\"index, follow, max-snippet:-1, max-image-preview:large, max-video-preview:-1\" \/>\n<link rel=\"canonical\" href=\"https:\/\/www.visit-ulcinj.com\/blog\/2012\/04\/21\/kryetari-nazif-cungu-prezantoi-oferten-turistike-te-ulqinit\/\" \/>\n<meta property=\"og:locale\" content=\"en_US\" \/>\n<meta property=\"og:type\" content=\"article\" \/>\n<meta property=\"og:title\" content=\"Kryetari Nazif Cungu prezantoi ofert\u00ebn turistike t\u00eb Ulqinit - Lajme nga Ulqini\" \/>\n<meta property=\"og:description\" content=\"Nga Besim Toska Zyrtar\u00eb nga Komuna e Ulqinit dhe hotelet kan\u00eb promovuar sot ofert\u00ebn turistike Ulqini 2012. Ata kan\u00eb k\u00ebrkuar nga turist\u00ebt m\u00eb besnik e q\u00eb\" \/>\n<meta property=\"og:url\" content=\"https:\/\/www.visit-ulcinj.com\/blog\/2012\/04\/21\/kryetari-nazif-cungu-prezantoi-oferten-turistike-te-ulqinit\/\" \/>\n<meta property=\"og:site_name\" content=\"Lajme nga Ulqini\" \/>\n<meta property=\"article:published_time\" content=\"2012-04-21T11:56:31+00:00\" \/>\n<meta property=\"article:modified_time\" content=\"2012-04-22T17:54:16+00:00\" \/>\n<meta property=\"og:image\" content=\"http:\/\/www.visit-ulcinj.com\/blog\/wp-content\/uploads\/2012\/04\/Nazif-Cungu-Oferta-turistike-e-Ulqinit.jpg\" \/>\n<meta name=\"twitter:label1\" content=\"Written by\" \/>\n\t<meta name=\"twitter:data1\" content=\"ulqini\" \/>\n\t<meta name=\"twitter:label2\" content=\"Est. reading time\" \/>\n\t<meta name=\"twitter:data2\" content=\"7 minutes\" \/>\n<script type=\"application\/ld+json\" class=\"yoast-schema-graph\">{\"@context\":\"https:\/\/schema.org\",\"@graph\":[{\"@type\":\"WebSite\",\"@id\":\"https:\/\/www.visit-ulcinj.com\/blog\/#website\",\"url\":\"https:\/\/www.visit-ulcinj.com\/blog\/\",\"name\":\"Lajme nga Ulqini\",\"description\":\"Lajme,Vijesti,Ulqini,Ulqin,Crna Gora,Mali i Zi\",\"potentialAction\":[{\"@type\":\"SearchAction\",\"target\":{\"@type\":\"EntryPoint\",\"urlTemplate\":\"https:\/\/www.visit-ulcinj.com\/blog\/?s={search_term_string}\"},\"query-input\":\"required name=search_term_string\"}],\"inLanguage\":\"en-US\"},{\"@type\":\"ImageObject\",\"inLanguage\":\"en-US\",\"@id\":\"https:\/\/www.visit-ulcinj.com\/blog\/2012\/04\/21\/kryetari-nazif-cungu-prezantoi-oferten-turistike-te-ulqinit\/#primaryimage\",\"url\":\"https:\/\/www.visit-ulcinj.com\/blog\/wp-content\/uploads\/2012\/04\/Nazif-Cungu-Oferta-turistike-e-Ulqinit.jpg\",\"contentUrl\":\"https:\/\/www.visit-ulcinj.com\/blog\/wp-content\/uploads\/2012\/04\/Nazif-Cungu-Oferta-turistike-e-Ulqinit.jpg\",\"width\":\"660\",\"height\":\"375\"},{\"@type\":\"WebPage\",\"@id\":\"https:\/\/www.visit-ulcinj.com\/blog\/2012\/04\/21\/kryetari-nazif-cungu-prezantoi-oferten-turistike-te-ulqinit\/#webpage\",\"url\":\"https:\/\/www.visit-ulcinj.com\/blog\/2012\/04\/21\/kryetari-nazif-cungu-prezantoi-oferten-turistike-te-ulqinit\/\",\"name\":\"Kryetari Nazif Cungu prezantoi ofert\u00ebn turistike t\u00eb Ulqinit - Lajme nga Ulqini\",\"isPartOf\":{\"@id\":\"https:\/\/www.visit-ulcinj.com\/blog\/#website\"},\"primaryImageOfPage\":{\"@id\":\"https:\/\/www.visit-ulcinj.com\/blog\/2012\/04\/21\/kryetari-nazif-cungu-prezantoi-oferten-turistike-te-ulqinit\/#primaryimage\"},\"datePublished\":\"2012-04-21T11:56:31+00:00\",\"dateModified\":\"2012-04-22T17:54:16+00:00\",\"author\":{\"@id\":\"https:\/\/www.visit-ulcinj.com\/blog\/#\/schema\/person\/dcab619c614d3038751c63bc2aadc06d\"},\"description\":\"Nga Besim Toska Zyrtar\u00eb nga Komuna e Ulqinit dhe hotelet kan\u00eb promovuar sot ofert\u00ebn turistike Ulqini 2012. Ata kan\u00eb k\u00ebrkuar nga turist\u00ebt m\u00eb besnik e q\u00eb\",\"breadcrumb\":{\"@id\":\"https:\/\/www.visit-ulcinj.com\/blog\/2012\/04\/21\/kryetari-nazif-cungu-prezantoi-oferten-turistike-te-ulqinit\/#breadcrumb\"},\"inLanguage\":\"en-US\",\"potentialAction\":[{\"@type\":\"ReadAction\",\"target\":[\"https:\/\/www.visit-ulcinj.com\/blog\/2012\/04\/21\/kryetari-nazif-cungu-prezantoi-oferten-turistike-te-ulqinit\/\"]}]},{\"@type\":\"BreadcrumbList\",\"@id\":\"https:\/\/www.visit-ulcinj.com\/blog\/2012\/04\/21\/kryetari-nazif-cungu-prezantoi-oferten-turistike-te-ulqinit\/#breadcrumb\",\"itemListElement\":[{\"@type\":\"ListItem\",\"position\":1,\"name\":\"Kryetari Nazif Cungu prezantoi ofert\u00ebn turistike t\u00eb Ulqinit\"}]},{\"@type\":\"Person\",\"@id\":\"https:\/\/www.visit-ulcinj.com\/blog\/#\/schema\/person\/dcab619c614d3038751c63bc2aadc06d\",\"name\":\"ulqini\",\"sameAs\":[\"http:\/\/www.visit-ulcinj.com\"],\"url\":\"https:\/\/www.visit-ulcinj.com\/blog\/author\/admin\/\"}]}<\/script>\n<!-- \/ Yoast SEO plugin. -->","yoast_head_json":{"title":"Kryetari Nazif Cungu prezantoi ofert\u00ebn turistike t\u00eb Ulqinit - Lajme nga Ulqini","description":"Nga Besim Toska Zyrtar\u00eb nga Komuna e Ulqinit dhe hotelet kan\u00eb promovuar sot ofert\u00ebn turistike Ulqini 2012. Ata kan\u00eb k\u00ebrkuar nga turist\u00ebt m\u00eb besnik e q\u00eb","robots":{"index":"index","follow":"follow","max-snippet":"max-snippet:-1","max-image-preview":"max-image-preview:large","max-video-preview":"max-video-preview:-1"},"canonical":"https:\/\/www.visit-ulcinj.com\/blog\/2012\/04\/21\/kryetari-nazif-cungu-prezantoi-oferten-turistike-te-ulqinit\/","og_locale":"en_US","og_type":"article","og_title":"Kryetari Nazif Cungu prezantoi ofert\u00ebn turistike t\u00eb Ulqinit - Lajme nga Ulqini","og_description":"Nga Besim Toska Zyrtar\u00eb nga Komuna e Ulqinit dhe hotelet kan\u00eb promovuar sot ofert\u00ebn turistike Ulqini 2012. Ata kan\u00eb k\u00ebrkuar nga turist\u00ebt m\u00eb besnik e q\u00eb","og_url":"https:\/\/www.visit-ulcinj.com\/blog\/2012\/04\/21\/kryetari-nazif-cungu-prezantoi-oferten-turistike-te-ulqinit\/","og_site_name":"Lajme nga Ulqini","article_published_time":"2012-04-21T11:56:31+00:00","article_modified_time":"2012-04-22T17:54:16+00:00","og_image":[{"url":"http:\/\/www.visit-ulcinj.com\/blog\/wp-content\/uploads\/2012\/04\/Nazif-Cungu-Oferta-turistike-e-Ulqinit.jpg"}],"twitter_misc":{"Written by":"ulqini","Est. reading time":"7 minutes"},"schema":{"@context":"https:\/\/schema.org","@graph":[{"@type":"WebSite","@id":"https:\/\/www.visit-ulcinj.com\/blog\/#website","url":"https:\/\/www.visit-ulcinj.com\/blog\/","name":"Lajme nga Ulqini","description":"Lajme,Vijesti,Ulqini,Ulqin,Crna Gora,Mali i Zi","potentialAction":[{"@type":"SearchAction","target":{"@type":"EntryPoint","urlTemplate":"https:\/\/www.visit-ulcinj.com\/blog\/?s={search_term_string}"},"query-input":"required name=search_term_string"}],"inLanguage":"en-US"},{"@type":"ImageObject","inLanguage":"en-US","@id":"https:\/\/www.visit-ulcinj.com\/blog\/2012\/04\/21\/kryetari-nazif-cungu-prezantoi-oferten-turistike-te-ulqinit\/#primaryimage","url":"https:\/\/www.visit-ulcinj.com\/blog\/wp-content\/uploads\/2012\/04\/Nazif-Cungu-Oferta-turistike-e-Ulqinit.jpg","contentUrl":"https:\/\/www.visit-ulcinj.com\/blog\/wp-content\/uploads\/2012\/04\/Nazif-Cungu-Oferta-turistike-e-Ulqinit.jpg","width":"660","height":"375"},{"@type":"WebPage","@id":"https:\/\/www.visit-ulcinj.com\/blog\/2012\/04\/21\/kryetari-nazif-cungu-prezantoi-oferten-turistike-te-ulqinit\/#webpage","url":"https:\/\/www.visit-ulcinj.com\/blog\/2012\/04\/21\/kryetari-nazif-cungu-prezantoi-oferten-turistike-te-ulqinit\/","name":"Kryetari Nazif Cungu prezantoi ofert\u00ebn turistike t\u00eb Ulqinit - Lajme nga Ulqini","isPartOf":{"@id":"https:\/\/www.visit-ulcinj.com\/blog\/#website"},"primaryImageOfPage":{"@id":"https:\/\/www.visit-ulcinj.com\/blog\/2012\/04\/21\/kryetari-nazif-cungu-prezantoi-oferten-turistike-te-ulqinit\/#primaryimage"},"datePublished":"2012-04-21T11:56:31+00:00","dateModified":"2012-04-22T17:54:16+00:00","author":{"@id":"https:\/\/www.visit-ulcinj.com\/blog\/#\/schema\/person\/dcab619c614d3038751c63bc2aadc06d"},"description":"Nga Besim Toska Zyrtar\u00eb nga Komuna e Ulqinit dhe hotelet kan\u00eb promovuar sot ofert\u00ebn turistike Ulqini 2012. Ata kan\u00eb k\u00ebrkuar nga turist\u00ebt m\u00eb besnik e q\u00eb","breadcrumb":{"@id":"https:\/\/www.visit-ulcinj.com\/blog\/2012\/04\/21\/kryetari-nazif-cungu-prezantoi-oferten-turistike-te-ulqinit\/#breadcrumb"},"inLanguage":"en-US","potentialAction":[{"@type":"ReadAction","target":["https:\/\/www.visit-ulcinj.com\/blog\/2012\/04\/21\/kryetari-nazif-cungu-prezantoi-oferten-turistike-te-ulqinit\/"]}]},{"@type":"BreadcrumbList","@id":"https:\/\/www.visit-ulcinj.com\/blog\/2012\/04\/21\/kryetari-nazif-cungu-prezantoi-oferten-turistike-te-ulqinit\/#breadcrumb","itemListElement":[{"@type":"ListItem","position":1,"name":"Kryetari Nazif Cungu prezantoi ofert\u00ebn turistike t\u00eb Ulqinit"}]},{"@type":"Person","@id":"https:\/\/www.visit-ulcinj.com\/blog\/#\/schema\/person\/dcab619c614d3038751c63bc2aadc06d","name":"ulqini","sameAs":["http:\/\/www.visit-ulcinj.com"],"url":"https:\/\/www.visit-ulcinj.com\/blog\/author\/admin\/"}]}},"jetpack_featured_media_url":"","jetpack_sharing_enabled":true,"jetpack_shortlink":"https:\/\/wp.me\/pe6lTn-frf","_links":{"self":[{"href":"https:\/\/www.visit-ulcinj.com\/blog\/wp-json\/wp\/v2\/posts\/59349"}],"collection":[{"href":"https:\/\/www.visit-ulcinj.com\/blog\/wp-json\/wp\/v2\/posts"}],"about":[{"href":"https:\/\/www.visit-ulcinj.com\/blog\/wp-json\/wp\/v2\/types\/post"}],"author":[{"embeddable":true,"href":"https:\/\/www.visit-ulcinj.com\/blog\/wp-json\/wp\/v2\/users\/1"}],"replies":[{"embeddable":true,"href":"https:\/\/www.visit-ulcinj.com\/blog\/wp-json\/wp\/v2\/comments?post=59349"}],"version-history":[{"count":6,"href":"https:\/\/www.visit-ulcinj.com\/blog\/wp-json\/wp\/v2\/posts\/59349\/revisions"}],"predecessor-version":[{"id":59355,"href":"https:\/\/www.visit-ulcinj.com\/blog\/wp-json\/wp\/v2\/posts\/59349\/revisions\/59355"}],"wp:attachment":[{"href":"https:\/\/www.visit-ulcinj.com\/blog\/wp-json\/wp\/v2\/media?parent=59349"}],"wp:term":[{"taxonomy":"category","embeddable":true,"href":"https:\/\/www.visit-ulcinj.com\/blog\/wp-json\/wp\/v2\/categories?post=59349"},{"taxonomy":"post_tag","embeddable":true,"href":"https:\/\/www.visit-ulcinj.com\/blog\/wp-json\/wp\/v2\/tags?post=59349"}],"curies":[{"name":"wp","href":"https:\/\/api.w.org\/{rel}","templated":true}]}}