{"id":5935,"date":"2008-11-13T14:03:36","date_gmt":"2008-11-13T19:03:36","guid":{"rendered":"http:\/\/www.visit-ulcinj.com\/blog\/?p=5935"},"modified":"2008-11-13T14:03:36","modified_gmt":"2008-11-13T19:03:36","slug":"canafanelle-per-xhim-belushin","status":"publish","type":"post","link":"https:\/\/www.visit-ulcinj.com\/blog\/2008\/11\/13\/canafanelle-per-xhim-belushin\/","title":{"rendered":"Cana,fanell\u00eb p\u00ebr Xhim Belushin"},"content":{"rendered":"<p><a href=\"http:\/\/www.visit-ulcinj.com\/blog\/wp-content\/uploads\/2008\/11\/lorik-cana1.jpg\"><img loading=\"lazy\" class=\"alignleft size-medium wp-image-5936\" title=\"lorik-cana1\" src=\"http:\/\/www.visit-ulcinj.com\/blog\/wp-content\/uploads\/2008\/11\/lorik-cana1-300x225.jpg\" alt=\"\" width=\"300\" height=\"225\" srcset=\"https:\/\/www.visit-ulcinj.com\/blog\/wp-content\/uploads\/2008\/11\/lorik-cana1-300x225.jpg 300w, https:\/\/www.visit-ulcinj.com\/blog\/wp-content\/uploads\/2008\/11\/lorik-cana1.jpg 400w\" sizes=\"(max-width: 300px) 100vw, 300px\" \/><\/a>Ylli i futbollit shqiptar, Lorik Cana i dhuroi nj\u00eb fanell\u00eb t\u00eb komb\u00ebtares shqiptare aktorit t\u00eb njohur amerikan me prejardhje shqiptare, Xhim Belushi. Futbollisti i komb\u00ebtares shqiptare dhe kapiten i Olimpikut t\u00eb Marsej\u00ebs, ashtu sikur Xhim Belushi, ishte i ftuar special n\u00eb spektaklin \u201cDua m\u00eb shum\u00eb Shqip\u00ebrin\u00eb\u201d. Cana ka pohuar se \u00ebsht\u00eb nj\u00eb fans i hersh\u00ebm i Xhim Belushit. \u201cT\u00eb gjith\u00eb njer\u00ebzit meritojn\u00eb q\u00eb t\u2019u b\u00ebjm\u00eb nj\u00eb dhurat\u00eb. Mua thjesht m\u00eb \u00ebsht\u00eb dh\u00ebn\u00eb rasti q\u00eb k\u00ebt\u00eb person, pra Xhim Belushin, ta nderoj\u00eb me nj\u00eb fanell\u00eb t\u00eb komb\u00ebtares son\u00eb. E kam ditur q\u00eb \u00ebsht\u00eb shqiptar, prandaj e kam p\u00ebrcjell\u00eb gjithmon\u00eb dhe jam nj\u00eb fans i tij. E kam edhe fanell\u00ebn e Marsej\u00ebs, por besoj se p\u00ebr t\u00eb fanella e Shqip\u00ebris\u00eb me shqiponj\u00ebn dykrer\u00ebshe do t\u00eb ket\u00eb m\u00eb shum\u00eb vler\u00eb\u201d, ka th\u00ebn\u00eb Lorik Cana. 25-vje\u00e7ari kosovar i ka dhuruar po ashtu fanell\u00ebn e klubit t\u00eb tij, Olimpik Marsej\u00eb, aktorit t\u00eb njohur shqiptar, Timo Flloko. Cana, i ulur p\u00ebrkrah shum\u00eb personaliteteve t\u00eb\u00a0 tjer\u00eb, tha se p\u00ebrpiqet gjithnj\u00eb q\u00eb t\u00eb nderoj\u00eb e t\u00eb ngrej\u00eb sa m\u00eb lart emrin e Shqip\u00ebris\u00eb. Nd\u00ebrkoh\u00eb, presidenti i Shqip\u00ebris\u00eb, Bamir Topi, n\u00eb shenj\u00eb nderimi dhe vler\u00ebsimi p\u00ebr kontributin e dh\u00ebn\u00eb n\u00eb sport p\u00ebr lart\u00ebsimin e emrit t\u00eb Shqip\u00ebris\u00eb dhe p\u00ebr\u00e7imit t\u00eb vlerave m\u00eb t\u00eb vyera t\u00eb kombit shqiptar anemban\u00eb bot\u00ebs, i ka dor\u00ebzuar Lorik Can\u00ebs titullin \u201cAmbasador i Kombit\u201d.<br \/>\n<strong>Kosova Sot<\/strong><\/p>\n","protected":false},"excerpt":{"rendered":"<p>Ylli i futbollit shqiptar, Lorik Cana i dhuroi nj\u00eb fanell\u00eb t\u00eb komb\u00ebtares shqiptare aktorit t\u00eb njohur amerikan me prejardhje shqiptare, Xhim Belushi. Futbollisti i komb\u00ebtares shqiptare dhe kapiten i Olimpikut t\u00eb Marsej\u00ebs, ashtu sikur Xhim Belushi, ishte i ftuar special n\u00eb spektaklin \u201cDua m\u00eb shum\u00eb Shqip\u00ebrin\u00eb\u201d. Cana ka pohuar se \u00ebsht\u00eb nj\u00eb fans i hersh\u00ebm [&hellip;]<\/p>\n","protected":false},"author":1,"featured_media":0,"comment_status":"open","ping_status":"closed","sticky":false,"template":"","format":"standard","meta":{"spay_email":"","jetpack_publicize_message":"","jetpack_is_tweetstorm":false,"jetpack_publicize_feature_enabled":true},"categories":[1],"tags":[4946],"jetpack_publicize_connections":[],"yoast_head":"<!-- This site is optimized with the Yoast SEO plugin v19.1 - https:\/\/yoast.com\/wordpress\/plugins\/seo\/ -->\n<title>Cana,fanell\u00eb p\u00ebr Xhim Belushin - Lajme nga Ulqini<\/title>\n<meta name=\"description\" content=\"Ylli i futbollit shqiptar, Lorik Cana i dhuroi nj\u00eb fanell\u00eb t\u00eb komb\u00ebtares shqiptare aktorit t\u00eb njohur amerikan me prejardhje shqiptare, Xhim Belushi.\" \/>\n<meta name=\"robots\" content=\"index, follow, max-snippet:-1, max-image-preview:large, max-video-preview:-1\" \/>\n<link rel=\"canonical\" href=\"https:\/\/www.visit-ulcinj.com\/blog\/2008\/11\/13\/canafanelle-per-xhim-belushin\/\" \/>\n<meta property=\"og:locale\" content=\"en_US\" \/>\n<meta property=\"og:type\" content=\"article\" \/>\n<meta property=\"og:title\" content=\"Cana,fanell\u00eb p\u00ebr Xhim Belushin - Lajme nga Ulqini\" \/>\n<meta property=\"og:description\" content=\"Ylli i futbollit shqiptar, Lorik Cana i dhuroi nj\u00eb fanell\u00eb t\u00eb komb\u00ebtares shqiptare aktorit t\u00eb njohur amerikan me prejardhje shqiptare, Xhim Belushi.\" \/>\n<meta property=\"og:url\" content=\"https:\/\/www.visit-ulcinj.com\/blog\/2008\/11\/13\/canafanelle-per-xhim-belushin\/\" \/>\n<meta property=\"og:site_name\" content=\"Lajme nga Ulqini\" \/>\n<meta property=\"article:published_time\" content=\"2008-11-13T19:03:36+00:00\" \/>\n<meta property=\"og:image\" content=\"http:\/\/www.visit-ulcinj.com\/blog\/wp-content\/uploads\/2008\/11\/lorik-cana1-300x225.jpg\" \/>\n<meta name=\"twitter:label1\" content=\"Written by\" \/>\n\t<meta name=\"twitter:data1\" content=\"ulqini\" \/>\n\t<meta name=\"twitter:label2\" content=\"Est. reading time\" \/>\n\t<meta name=\"twitter:data2\" content=\"1 minute\" \/>\n<script type=\"application\/ld+json\" class=\"yoast-schema-graph\">{\"@context\":\"https:\/\/schema.org\",\"@graph\":[{\"@type\":\"WebSite\",\"@id\":\"https:\/\/www.visit-ulcinj.com\/blog\/#website\",\"url\":\"https:\/\/www.visit-ulcinj.com\/blog\/\",\"name\":\"Lajme nga Ulqini\",\"description\":\"Lajme,Vijesti,Ulqini,Ulqin,Crna Gora,Mali i Zi\",\"potentialAction\":[{\"@type\":\"SearchAction\",\"target\":{\"@type\":\"EntryPoint\",\"urlTemplate\":\"https:\/\/www.visit-ulcinj.com\/blog\/?s={search_term_string}\"},\"query-input\":\"required name=search_term_string\"}],\"inLanguage\":\"en-US\"},{\"@type\":\"ImageObject\",\"inLanguage\":\"en-US\",\"@id\":\"https:\/\/www.visit-ulcinj.com\/blog\/2008\/11\/13\/canafanelle-per-xhim-belushin\/#primaryimage\",\"url\":\"http:\/\/www.visit-ulcinj.com\/blog\/wp-content\/uploads\/2008\/11\/lorik-cana1-300x225.jpg\",\"contentUrl\":\"http:\/\/www.visit-ulcinj.com\/blog\/wp-content\/uploads\/2008\/11\/lorik-cana1-300x225.jpg\"},{\"@type\":\"WebPage\",\"@id\":\"https:\/\/www.visit-ulcinj.com\/blog\/2008\/11\/13\/canafanelle-per-xhim-belushin\/#webpage\",\"url\":\"https:\/\/www.visit-ulcinj.com\/blog\/2008\/11\/13\/canafanelle-per-xhim-belushin\/\",\"name\":\"Cana,fanell\u00eb p\u00ebr Xhim Belushin - Lajme nga Ulqini\",\"isPartOf\":{\"@id\":\"https:\/\/www.visit-ulcinj.com\/blog\/#website\"},\"primaryImageOfPage\":{\"@id\":\"https:\/\/www.visit-ulcinj.com\/blog\/2008\/11\/13\/canafanelle-per-xhim-belushin\/#primaryimage\"},\"datePublished\":\"2008-11-13T19:03:36+00:00\",\"dateModified\":\"2008-11-13T19:03:36+00:00\",\"author\":{\"@id\":\"https:\/\/www.visit-ulcinj.com\/blog\/#\/schema\/person\/dcab619c614d3038751c63bc2aadc06d\"},\"description\":\"Ylli i futbollit shqiptar, Lorik Cana i dhuroi nj\u00eb fanell\u00eb t\u00eb komb\u00ebtares shqiptare aktorit t\u00eb njohur amerikan me prejardhje shqiptare, Xhim Belushi.\",\"breadcrumb\":{\"@id\":\"https:\/\/www.visit-ulcinj.com\/blog\/2008\/11\/13\/canafanelle-per-xhim-belushin\/#breadcrumb\"},\"inLanguage\":\"en-US\",\"potentialAction\":[{\"@type\":\"ReadAction\",\"target\":[\"https:\/\/www.visit-ulcinj.com\/blog\/2008\/11\/13\/canafanelle-per-xhim-belushin\/\"]}]},{\"@type\":\"BreadcrumbList\",\"@id\":\"https:\/\/www.visit-ulcinj.com\/blog\/2008\/11\/13\/canafanelle-per-xhim-belushin\/#breadcrumb\",\"itemListElement\":[{\"@type\":\"ListItem\",\"position\":1,\"name\":\"Cana,fanell\u00eb p\u00ebr Xhim Belushin\"}]},{\"@type\":\"Person\",\"@id\":\"https:\/\/www.visit-ulcinj.com\/blog\/#\/schema\/person\/dcab619c614d3038751c63bc2aadc06d\",\"name\":\"ulqini\",\"sameAs\":[\"http:\/\/www.visit-ulcinj.com\"],\"url\":\"https:\/\/www.visit-ulcinj.com\/blog\/author\/admin\/\"}]}<\/script>\n<!-- \/ Yoast SEO plugin. -->","yoast_head_json":{"title":"Cana,fanell\u00eb p\u00ebr Xhim Belushin - Lajme nga Ulqini","description":"Ylli i futbollit shqiptar, Lorik Cana i dhuroi nj\u00eb fanell\u00eb t\u00eb komb\u00ebtares shqiptare aktorit t\u00eb njohur amerikan me prejardhje shqiptare, Xhim Belushi.","robots":{"index":"index","follow":"follow","max-snippet":"max-snippet:-1","max-image-preview":"max-image-preview:large","max-video-preview":"max-video-preview:-1"},"canonical":"https:\/\/www.visit-ulcinj.com\/blog\/2008\/11\/13\/canafanelle-per-xhim-belushin\/","og_locale":"en_US","og_type":"article","og_title":"Cana,fanell\u00eb p\u00ebr Xhim Belushin - Lajme nga Ulqini","og_description":"Ylli i futbollit shqiptar, Lorik Cana i dhuroi nj\u00eb fanell\u00eb t\u00eb komb\u00ebtares shqiptare aktorit t\u00eb njohur amerikan me prejardhje shqiptare, Xhim Belushi.","og_url":"https:\/\/www.visit-ulcinj.com\/blog\/2008\/11\/13\/canafanelle-per-xhim-belushin\/","og_site_name":"Lajme nga Ulqini","article_published_time":"2008-11-13T19:03:36+00:00","og_image":[{"url":"http:\/\/www.visit-ulcinj.com\/blog\/wp-content\/uploads\/2008\/11\/lorik-cana1-300x225.jpg"}],"twitter_misc":{"Written by":"ulqini","Est. reading time":"1 minute"},"schema":{"@context":"https:\/\/schema.org","@graph":[{"@type":"WebSite","@id":"https:\/\/www.visit-ulcinj.com\/blog\/#website","url":"https:\/\/www.visit-ulcinj.com\/blog\/","name":"Lajme nga Ulqini","description":"Lajme,Vijesti,Ulqini,Ulqin,Crna Gora,Mali i Zi","potentialAction":[{"@type":"SearchAction","target":{"@type":"EntryPoint","urlTemplate":"https:\/\/www.visit-ulcinj.com\/blog\/?s={search_term_string}"},"query-input":"required name=search_term_string"}],"inLanguage":"en-US"},{"@type":"ImageObject","inLanguage":"en-US","@id":"https:\/\/www.visit-ulcinj.com\/blog\/2008\/11\/13\/canafanelle-per-xhim-belushin\/#primaryimage","url":"http:\/\/www.visit-ulcinj.com\/blog\/wp-content\/uploads\/2008\/11\/lorik-cana1-300x225.jpg","contentUrl":"http:\/\/www.visit-ulcinj.com\/blog\/wp-content\/uploads\/2008\/11\/lorik-cana1-300x225.jpg"},{"@type":"WebPage","@id":"https:\/\/www.visit-ulcinj.com\/blog\/2008\/11\/13\/canafanelle-per-xhim-belushin\/#webpage","url":"https:\/\/www.visit-ulcinj.com\/blog\/2008\/11\/13\/canafanelle-per-xhim-belushin\/","name":"Cana,fanell\u00eb p\u00ebr Xhim Belushin - Lajme nga Ulqini","isPartOf":{"@id":"https:\/\/www.visit-ulcinj.com\/blog\/#website"},"primaryImageOfPage":{"@id":"https:\/\/www.visit-ulcinj.com\/blog\/2008\/11\/13\/canafanelle-per-xhim-belushin\/#primaryimage"},"datePublished":"2008-11-13T19:03:36+00:00","dateModified":"2008-11-13T19:03:36+00:00","author":{"@id":"https:\/\/www.visit-ulcinj.com\/blog\/#\/schema\/person\/dcab619c614d3038751c63bc2aadc06d"},"description":"Ylli i futbollit shqiptar, Lorik Cana i dhuroi nj\u00eb fanell\u00eb t\u00eb komb\u00ebtares shqiptare aktorit t\u00eb njohur amerikan me prejardhje shqiptare, Xhim Belushi.","breadcrumb":{"@id":"https:\/\/www.visit-ulcinj.com\/blog\/2008\/11\/13\/canafanelle-per-xhim-belushin\/#breadcrumb"},"inLanguage":"en-US","potentialAction":[{"@type":"ReadAction","target":["https:\/\/www.visit-ulcinj.com\/blog\/2008\/11\/13\/canafanelle-per-xhim-belushin\/"]}]},{"@type":"BreadcrumbList","@id":"https:\/\/www.visit-ulcinj.com\/blog\/2008\/11\/13\/canafanelle-per-xhim-belushin\/#breadcrumb","itemListElement":[{"@type":"ListItem","position":1,"name":"Cana,fanell\u00eb p\u00ebr Xhim Belushin"}]},{"@type":"Person","@id":"https:\/\/www.visit-ulcinj.com\/blog\/#\/schema\/person\/dcab619c614d3038751c63bc2aadc06d","name":"ulqini","sameAs":["http:\/\/www.visit-ulcinj.com"],"url":"https:\/\/www.visit-ulcinj.com\/blog\/author\/admin\/"}]}},"jetpack_featured_media_url":"","jetpack_sharing_enabled":true,"jetpack_shortlink":"https:\/\/wp.me\/pe6lTn-1xJ","_links":{"self":[{"href":"https:\/\/www.visit-ulcinj.com\/blog\/wp-json\/wp\/v2\/posts\/5935"}],"collection":[{"href":"https:\/\/www.visit-ulcinj.com\/blog\/wp-json\/wp\/v2\/posts"}],"about":[{"href":"https:\/\/www.visit-ulcinj.com\/blog\/wp-json\/wp\/v2\/types\/post"}],"author":[{"embeddable":true,"href":"https:\/\/www.visit-ulcinj.com\/blog\/wp-json\/wp\/v2\/users\/1"}],"replies":[{"embeddable":true,"href":"https:\/\/www.visit-ulcinj.com\/blog\/wp-json\/wp\/v2\/comments?post=5935"}],"version-history":[{"count":0,"href":"https:\/\/www.visit-ulcinj.com\/blog\/wp-json\/wp\/v2\/posts\/5935\/revisions"}],"wp:attachment":[{"href":"https:\/\/www.visit-ulcinj.com\/blog\/wp-json\/wp\/v2\/media?parent=5935"}],"wp:term":[{"taxonomy":"category","embeddable":true,"href":"https:\/\/www.visit-ulcinj.com\/blog\/wp-json\/wp\/v2\/categories?post=5935"},{"taxonomy":"post_tag","embeddable":true,"href":"https:\/\/www.visit-ulcinj.com\/blog\/wp-json\/wp\/v2\/tags?post=5935"}],"curies":[{"name":"wp","href":"https:\/\/api.w.org\/{rel}","templated":true}]}}