{"id":59359,"date":"2012-04-21T13:29:08","date_gmt":"2012-04-21T12:29:08","guid":{"rendered":"http:\/\/www.visit-ulcinj.com\/blog\/?p=59359"},"modified":"2012-04-21T13:29:08","modified_gmt":"2012-04-21T12:29:08","slug":"protest-u-ulcinju-22-aprila","status":"publish","type":"post","link":"https:\/\/www.visit-ulcinj.com\/blog\/2012\/04\/21\/protest-u-ulcinju-22-aprila\/","title":{"rendered":"Protest u Ulcinju 22. aprila"},"content":{"rendered":"<p><a href=\"http:\/\/www.visit-ulcinj.com\/blog\/wp-content\/uploads\/2012\/04\/Protest-u-Ulcinju-22.-aprilacrna-gora.jpg\"><img loading=\"lazy\" class=\"alignleft  wp-image-59360\" title=\"Protest u Ulcinju 22. aprila,crna gora\" src=\"http:\/\/www.visit-ulcinj.com\/blog\/wp-content\/uploads\/2012\/04\/Protest-u-Ulcinju-22.-aprilacrna-gora.jpg\" alt=\"\" width=\"508\" height=\"360\" \/><\/a>Radnici vi\u0161e ne\u0107e da trpe i \u0107ute i vjeruju la\u017enim obe\u0107anjima, ve\u0107 treba da svi zajedno iza\u0111emo i ka\u017eemo Vladi da vi\u0161e ne\u0107emo da nas varaju i obmanjuj<\/p>\n<p>Nezadovoljni gra\u0111ani Ulcinja najavili su da \u0107e 22. april organizovati protest u tom gradu.<\/p>\n<p>U saop\u0161tenju, koje je u ime organizatora protesta potpisao Asllan Zeneli, pozivaju se &#8220;svi radnici posrnule ulcinjske privrede, i gra\u0111ani Ulcinja da iza\u0111u na protest da i odavde po\u0161aljemo poruku da je bilo dosta i da vi\u0161e ne\u0107emo da trpimo&#8221;<\/p>\n<p>&#8220;Trenutno stanje u ulcinjskim preduze\u0107ima nam govori da vi\u0161e nema vremena za \u010dekanje i da se mora ne\u0161to u\u010diniti kako bi se stvari popravile&#8221; ka\u017ee se u saop\u0161tenju.<\/p>\n<p>U saop\u0161tenju napominju da je ulcinjska privreda je nekada brojala preko 4800 radnika, zapo\u0161ljenih ve\u0107inom u turizmu, te da Ulcinj danas ima manje hotela koji rade nego \u0161to je imao 1990. godine, \u0161to dovoljno govori o tome koliko se dr\u017eava brinula o Ulcinju i njenim radnicima.<\/p>\n<p>&#8220;U ve\u0107ini hotela je uveden ste\u010daj, a neki od njih su i bespovratno izgubljeni kao \u0161to je to hotel Galeb koji je sru\u0161en.&#8221;<\/p>\n<p>&#8220;Ulcinj je nekada brojao 1.8 miliona no\u0107enja na godinu u hotelskom smje\u0161taju, a danas cio milion manje. U svakom hotelskom preduze\u0107u u kome su vladini fondovi mali akcije je uveden ste\u010daj, a na \u010dela firmi dovedeni kadrovi koji nisu radili da oporave preduze\u0107e, ve\u0107 da ga uporpaste i uni\u0161te. Privatizacija, ili takozvano pretvaranje dru\u0161tvene u privatnu svojinu se zavr\u0161ilo op\u0161tom plja\u010dkom i \u010derupanjem ionako siroma\u0161nih ulcinjskih preduze\u0107a.&#8221; stoji u sap\u0161tenju<\/p>\n<p><strong>Ni plate ni sta\u017ea<\/strong><\/p>\n<p>Navedeno je da su u Ulcinj dovedeni &#8220;strate\u0161ki partneri&#8221; u turizmu, a da ulaganja i investicija nema.<\/p>\n<p>&#8220;No za to vi\u0161e niko i ne pita, a pogotovo ne pita Vlada iako joj je to posao. Radnici i ne pitaju za ulaganja, jer se ni plate ne ispla\u0107uju redovno, ne upla\u0107uje se doprinos, niti povezuje sta\u017e&#8221; ka\u017ee se u saop\u0161tenju.<\/p>\n<p>&#8220;Hotelska preduze\u0107a su raspar\u010dana, Ulcinjska revijera jedva pre\u017eivljava, u velikim problemima su hoteli Albatros, Lido, Otrant, Galeba vi\u0161e i nema, dok Solanu &#8211; simbol Ulcinja polako ubijaju. Gra\u0111evinsko preduze\u0107e Primorje vi\u0161e niko i ne pominje, kao ni &#8220;Agroulcinj&#8221;, fabriku tepiha &#8220;Ultep&#8221; i &#8220;Otrantkomerc&#8221;.<\/p>\n<p>&#8220;Radnici vi\u0161e ne\u0107e da trpe i \u0107ute i vjeruju la\u017enim obe\u0107anjima, ve\u0107 treba da svi zajedno iza\u0111emo i ka\u017eemo Vladi da vi\u0161e ne\u0107emo da nas varaju i obmanjuju. Vrijeme je da Ulcinj bude ono \u0161to je nekada bio &#8211; dragulj Crne Gore&#8221; zaklju\u010duje se u saop\u0161tenju.<\/p>\n<p><a href=\"http:\/\/www.vijesti.me\/vijesti\/protest-ulcinju-22-aprila-clanak-69579\" target=\"_blank\"><strong>Vijesti online<\/strong><\/a><\/p>\n","protected":false},"excerpt":{"rendered":"<p>Radnici vi\u0161e ne\u0107e da trpe i \u0107ute i vjeruju la\u017enim obe\u0107anjima, ve\u0107 treba da svi zajedno iza\u0111emo i ka\u017eemo Vladi da vi\u0161e ne\u0107emo da nas varaju i obmanjuj Nezadovoljni gra\u0111ani Ulcinja najavili su da \u0107e 22. april organizovati protest u tom gradu. U saop\u0161tenju, koje je u ime organizatora protesta potpisao Asllan Zeneli, pozivaju se [&hellip;]<\/p>\n","protected":false},"author":1,"featured_media":0,"comment_status":"open","ping_status":"closed","sticky":false,"template":"","format":"standard","meta":{"spay_email":"","jetpack_publicize_message":"","jetpack_is_tweetstorm":false,"jetpack_publicize_feature_enabled":true},"categories":[8337],"tags":[20319,19906,20320,19],"jetpack_publicize_connections":[],"yoast_head":"<!-- This site is optimized with the Yoast SEO plugin v19.1 - https:\/\/yoast.com\/wordpress\/plugins\/seo\/ -->\n<title>Protest u Ulcinju 22. aprila - Lajme nga Ulqini<\/title>\n<meta name=\"description\" content=\"Radnici vi\u0161e ne\u0107e da trpe i \u0107ute i vjeruju la\u017enim obe\u0107anjima, ve\u0107 treba da svi zajedno iza\u0111emo i ka\u017eemo Vladi da vi\u0161e ne\u0107emo da nas varaju i obmanjuj\" \/>\n<meta name=\"robots\" content=\"index, follow, max-snippet:-1, max-image-preview:large, max-video-preview:-1\" \/>\n<link rel=\"canonical\" href=\"https:\/\/www.visit-ulcinj.com\/blog\/2012\/04\/21\/protest-u-ulcinju-22-aprila\/\" \/>\n<meta property=\"og:locale\" content=\"en_US\" \/>\n<meta property=\"og:type\" content=\"article\" \/>\n<meta property=\"og:title\" content=\"Protest u Ulcinju 22. aprila - Lajme nga Ulqini\" \/>\n<meta property=\"og:description\" content=\"Radnici vi\u0161e ne\u0107e da trpe i \u0107ute i vjeruju la\u017enim obe\u0107anjima, ve\u0107 treba da svi zajedno iza\u0111emo i ka\u017eemo Vladi da vi\u0161e ne\u0107emo da nas varaju i obmanjuj\" \/>\n<meta property=\"og:url\" content=\"https:\/\/www.visit-ulcinj.com\/blog\/2012\/04\/21\/protest-u-ulcinju-22-aprila\/\" \/>\n<meta property=\"og:site_name\" content=\"Lajme nga Ulqini\" \/>\n<meta property=\"article:published_time\" content=\"2012-04-21T12:29:08+00:00\" \/>\n<meta property=\"og:image\" content=\"http:\/\/www.visit-ulcinj.com\/blog\/wp-content\/uploads\/2012\/04\/Protest-u-Ulcinju-22.-aprilacrna-gora.jpg\" \/>\n<meta name=\"twitter:label1\" content=\"Written by\" \/>\n\t<meta name=\"twitter:data1\" content=\"ulqini\" \/>\n\t<meta name=\"twitter:label2\" content=\"Est. reading time\" \/>\n\t<meta name=\"twitter:data2\" content=\"2 minutes\" \/>\n<script type=\"application\/ld+json\" class=\"yoast-schema-graph\">{\"@context\":\"https:\/\/schema.org\",\"@graph\":[{\"@type\":\"WebSite\",\"@id\":\"https:\/\/www.visit-ulcinj.com\/blog\/#website\",\"url\":\"https:\/\/www.visit-ulcinj.com\/blog\/\",\"name\":\"Lajme nga Ulqini\",\"description\":\"Lajme,Vijesti,Ulqini,Ulqin,Crna Gora,Mali i Zi\",\"potentialAction\":[{\"@type\":\"SearchAction\",\"target\":{\"@type\":\"EntryPoint\",\"urlTemplate\":\"https:\/\/www.visit-ulcinj.com\/blog\/?s={search_term_string}\"},\"query-input\":\"required name=search_term_string\"}],\"inLanguage\":\"en-US\"},{\"@type\":\"ImageObject\",\"inLanguage\":\"en-US\",\"@id\":\"https:\/\/www.visit-ulcinj.com\/blog\/2012\/04\/21\/protest-u-ulcinju-22-aprila\/#primaryimage\",\"url\":\"https:\/\/www.visit-ulcinj.com\/blog\/wp-content\/uploads\/2012\/04\/Protest-u-Ulcinju-22.-aprilacrna-gora.jpg\",\"contentUrl\":\"https:\/\/www.visit-ulcinj.com\/blog\/wp-content\/uploads\/2012\/04\/Protest-u-Ulcinju-22.-aprilacrna-gora.jpg\",\"width\":\"670\",\"height\":\"420\"},{\"@type\":\"WebPage\",\"@id\":\"https:\/\/www.visit-ulcinj.com\/blog\/2012\/04\/21\/protest-u-ulcinju-22-aprila\/#webpage\",\"url\":\"https:\/\/www.visit-ulcinj.com\/blog\/2012\/04\/21\/protest-u-ulcinju-22-aprila\/\",\"name\":\"Protest u Ulcinju 22. aprila - Lajme nga Ulqini\",\"isPartOf\":{\"@id\":\"https:\/\/www.visit-ulcinj.com\/blog\/#website\"},\"primaryImageOfPage\":{\"@id\":\"https:\/\/www.visit-ulcinj.com\/blog\/2012\/04\/21\/protest-u-ulcinju-22-aprila\/#primaryimage\"},\"datePublished\":\"2012-04-21T12:29:08+00:00\",\"dateModified\":\"2012-04-21T12:29:08+00:00\",\"author\":{\"@id\":\"https:\/\/www.visit-ulcinj.com\/blog\/#\/schema\/person\/dcab619c614d3038751c63bc2aadc06d\"},\"description\":\"Radnici vi\u0161e ne\u0107e da trpe i \u0107ute i vjeruju la\u017enim obe\u0107anjima, ve\u0107 treba da svi zajedno iza\u0111emo i ka\u017eemo Vladi da vi\u0161e ne\u0107emo da nas varaju i obmanjuj\",\"breadcrumb\":{\"@id\":\"https:\/\/www.visit-ulcinj.com\/blog\/2012\/04\/21\/protest-u-ulcinju-22-aprila\/#breadcrumb\"},\"inLanguage\":\"en-US\",\"potentialAction\":[{\"@type\":\"ReadAction\",\"target\":[\"https:\/\/www.visit-ulcinj.com\/blog\/2012\/04\/21\/protest-u-ulcinju-22-aprila\/\"]}]},{\"@type\":\"BreadcrumbList\",\"@id\":\"https:\/\/www.visit-ulcinj.com\/blog\/2012\/04\/21\/protest-u-ulcinju-22-aprila\/#breadcrumb\",\"itemListElement\":[{\"@type\":\"ListItem\",\"position\":1,\"name\":\"Protest u Ulcinju 22. aprila\"}]},{\"@type\":\"Person\",\"@id\":\"https:\/\/www.visit-ulcinj.com\/blog\/#\/schema\/person\/dcab619c614d3038751c63bc2aadc06d\",\"name\":\"ulqini\",\"sameAs\":[\"http:\/\/www.visit-ulcinj.com\"],\"url\":\"https:\/\/www.visit-ulcinj.com\/blog\/author\/admin\/\"}]}<\/script>\n<!-- \/ Yoast SEO plugin. -->","yoast_head_json":{"title":"Protest u Ulcinju 22. aprila - Lajme nga Ulqini","description":"Radnici vi\u0161e ne\u0107e da trpe i \u0107ute i vjeruju la\u017enim obe\u0107anjima, ve\u0107 treba da svi zajedno iza\u0111emo i ka\u017eemo Vladi da vi\u0161e ne\u0107emo da nas varaju i obmanjuj","robots":{"index":"index","follow":"follow","max-snippet":"max-snippet:-1","max-image-preview":"max-image-preview:large","max-video-preview":"max-video-preview:-1"},"canonical":"https:\/\/www.visit-ulcinj.com\/blog\/2012\/04\/21\/protest-u-ulcinju-22-aprila\/","og_locale":"en_US","og_type":"article","og_title":"Protest u Ulcinju 22. aprila - Lajme nga Ulqini","og_description":"Radnici vi\u0161e ne\u0107e da trpe i \u0107ute i vjeruju la\u017enim obe\u0107anjima, ve\u0107 treba da svi zajedno iza\u0111emo i ka\u017eemo Vladi da vi\u0161e ne\u0107emo da nas varaju i obmanjuj","og_url":"https:\/\/www.visit-ulcinj.com\/blog\/2012\/04\/21\/protest-u-ulcinju-22-aprila\/","og_site_name":"Lajme nga Ulqini","article_published_time":"2012-04-21T12:29:08+00:00","og_image":[{"url":"http:\/\/www.visit-ulcinj.com\/blog\/wp-content\/uploads\/2012\/04\/Protest-u-Ulcinju-22.-aprilacrna-gora.jpg"}],"twitter_misc":{"Written by":"ulqini","Est. reading time":"2 minutes"},"schema":{"@context":"https:\/\/schema.org","@graph":[{"@type":"WebSite","@id":"https:\/\/www.visit-ulcinj.com\/blog\/#website","url":"https:\/\/www.visit-ulcinj.com\/blog\/","name":"Lajme nga Ulqini","description":"Lajme,Vijesti,Ulqini,Ulqin,Crna Gora,Mali i Zi","potentialAction":[{"@type":"SearchAction","target":{"@type":"EntryPoint","urlTemplate":"https:\/\/www.visit-ulcinj.com\/blog\/?s={search_term_string}"},"query-input":"required name=search_term_string"}],"inLanguage":"en-US"},{"@type":"ImageObject","inLanguage":"en-US","@id":"https:\/\/www.visit-ulcinj.com\/blog\/2012\/04\/21\/protest-u-ulcinju-22-aprila\/#primaryimage","url":"https:\/\/www.visit-ulcinj.com\/blog\/wp-content\/uploads\/2012\/04\/Protest-u-Ulcinju-22.-aprilacrna-gora.jpg","contentUrl":"https:\/\/www.visit-ulcinj.com\/blog\/wp-content\/uploads\/2012\/04\/Protest-u-Ulcinju-22.-aprilacrna-gora.jpg","width":"670","height":"420"},{"@type":"WebPage","@id":"https:\/\/www.visit-ulcinj.com\/blog\/2012\/04\/21\/protest-u-ulcinju-22-aprila\/#webpage","url":"https:\/\/www.visit-ulcinj.com\/blog\/2012\/04\/21\/protest-u-ulcinju-22-aprila\/","name":"Protest u Ulcinju 22. aprila - Lajme nga Ulqini","isPartOf":{"@id":"https:\/\/www.visit-ulcinj.com\/blog\/#website"},"primaryImageOfPage":{"@id":"https:\/\/www.visit-ulcinj.com\/blog\/2012\/04\/21\/protest-u-ulcinju-22-aprila\/#primaryimage"},"datePublished":"2012-04-21T12:29:08+00:00","dateModified":"2012-04-21T12:29:08+00:00","author":{"@id":"https:\/\/www.visit-ulcinj.com\/blog\/#\/schema\/person\/dcab619c614d3038751c63bc2aadc06d"},"description":"Radnici vi\u0161e ne\u0107e da trpe i \u0107ute i vjeruju la\u017enim obe\u0107anjima, ve\u0107 treba da svi zajedno iza\u0111emo i ka\u017eemo Vladi da vi\u0161e ne\u0107emo da nas varaju i obmanjuj","breadcrumb":{"@id":"https:\/\/www.visit-ulcinj.com\/blog\/2012\/04\/21\/protest-u-ulcinju-22-aprila\/#breadcrumb"},"inLanguage":"en-US","potentialAction":[{"@type":"ReadAction","target":["https:\/\/www.visit-ulcinj.com\/blog\/2012\/04\/21\/protest-u-ulcinju-22-aprila\/"]}]},{"@type":"BreadcrumbList","@id":"https:\/\/www.visit-ulcinj.com\/blog\/2012\/04\/21\/protest-u-ulcinju-22-aprila\/#breadcrumb","itemListElement":[{"@type":"ListItem","position":1,"name":"Protest u Ulcinju 22. aprila"}]},{"@type":"Person","@id":"https:\/\/www.visit-ulcinj.com\/blog\/#\/schema\/person\/dcab619c614d3038751c63bc2aadc06d","name":"ulqini","sameAs":["http:\/\/www.visit-ulcinj.com"],"url":"https:\/\/www.visit-ulcinj.com\/blog\/author\/admin\/"}]}},"jetpack_featured_media_url":"","jetpack_sharing_enabled":true,"jetpack_shortlink":"https:\/\/wp.me\/pe6lTn-frp","_links":{"self":[{"href":"https:\/\/www.visit-ulcinj.com\/blog\/wp-json\/wp\/v2\/posts\/59359"}],"collection":[{"href":"https:\/\/www.visit-ulcinj.com\/blog\/wp-json\/wp\/v2\/posts"}],"about":[{"href":"https:\/\/www.visit-ulcinj.com\/blog\/wp-json\/wp\/v2\/types\/post"}],"author":[{"embeddable":true,"href":"https:\/\/www.visit-ulcinj.com\/blog\/wp-json\/wp\/v2\/users\/1"}],"replies":[{"embeddable":true,"href":"https:\/\/www.visit-ulcinj.com\/blog\/wp-json\/wp\/v2\/comments?post=59359"}],"version-history":[{"count":2,"href":"https:\/\/www.visit-ulcinj.com\/blog\/wp-json\/wp\/v2\/posts\/59359\/revisions"}],"predecessor-version":[{"id":59362,"href":"https:\/\/www.visit-ulcinj.com\/blog\/wp-json\/wp\/v2\/posts\/59359\/revisions\/59362"}],"wp:attachment":[{"href":"https:\/\/www.visit-ulcinj.com\/blog\/wp-json\/wp\/v2\/media?parent=59359"}],"wp:term":[{"taxonomy":"category","embeddable":true,"href":"https:\/\/www.visit-ulcinj.com\/blog\/wp-json\/wp\/v2\/categories?post=59359"},{"taxonomy":"post_tag","embeddable":true,"href":"https:\/\/www.visit-ulcinj.com\/blog\/wp-json\/wp\/v2\/tags?post=59359"}],"curies":[{"name":"wp","href":"https:\/\/api.w.org\/{rel}","templated":true}]}}