{"id":59363,"date":"2012-04-21T13:59:23","date_gmt":"2012-04-21T12:59:23","guid":{"rendered":"http:\/\/www.visit-ulcinj.com\/blog\/?p=59363"},"modified":"2012-04-21T22:18:09","modified_gmt":"2012-04-21T21:18:09","slug":"cakuli-ne-javet-e-biznesit-kombetar-ne-maqedoni","status":"publish","type":"post","link":"https:\/\/www.visit-ulcinj.com\/blog\/2012\/04\/21\/cakuli-ne-javet-e-biznesit-kombetar-ne-maqedoni\/","title":{"rendered":"Ulqini n\u00eb Jav\u00ebn e Biznesit Komb\u00ebtar n\u00eb Maqedoni"},"content":{"rendered":"<p><a href=\"http:\/\/www.visit-ulcinj.com\/blog\/wp-content\/uploads\/2012\/04\/java-e-biznesit-Kombetar-ne-Shkup_AKB.2.jpg\"><img loading=\"lazy\" class=\"alignleft  wp-image-59364\" title=\"java e biznesit Kombetar ne Shkup_AKB.2\" src=\"http:\/\/www.visit-ulcinj.com\/blog\/wp-content\/uploads\/2012\/04\/java-e-biznesit-Kombetar-ne-Shkup_AKB.2.jpg\" alt=\"\" width=\"508\" height=\"360\" \/><\/a>Komunikat\u00eb p\u00ebr media<\/p>\n<p>&nbsp;<\/p>\n<p>Jav\u00ebt e Biznesit Komb\u00ebtar u mbajt n\u00eb Shkup<\/p>\n<p>Intergimet ekonomike nuk mund ti ndal\u00a0 askush<\/p>\n<p>Shkup, 20 prill<\/p>\n<p>N\u00eb kuad\u00ebr \u00a0t\u00eb 100 vjetorit t\u00eb pavar\u00ebsis\u00eb s\u00eb Shqip\u00ebris\u00eb\u00a0 po vazhdon realizimi i projektit \u201cJav\u00ebt e Biznesit Komb\u00ebtar\u201d n\u00eb Shkup. K\u00ebt\u00eb projekt \u00a0Aleanca Kosovare e Bizneseve, po e realizon n\u00eb bashk\u00ebpunim me Od\u00ebn \u00a0Ekonomike t\u00eb \u00a0Maqedonis\u00eb Veri\u00a0 &#8211; Perendimore n\u00eb koh\u00ebn\u00a0 kur presidenti i Shqip\u00ebris\u00eb Bamir Topi po q\u00ebndron n\u00eb Maqedoni.\u00a0 \u00a0Promovimin e prodhimeve\u00a0 komb\u00ebtare e b\u00ebn\u00eb biznset nga t\u00eb gjitha trevat shqiptare.<\/p>\n<p>Hapjen e panairit\u00a0 b\u00ebn\u00eb presidenti i Shqip\u00ebris\u00eb Bamir Topi dhe ai i Maqedonis\u00eb Gjorge Ivanov.<\/p>\n<p>Agim Shahini, kryetar i AKB-s\u00eb, tha se\u00a0 \u00ebsht\u00eb kjo nj\u00eb ngjarje n\u00eb kuad\u00ebr t\u00eb 100 vjetorit t\u00eb pavar\u00ebsis\u00eb s\u00eb Shqip\u00ebris\u00eb.\u00a0 \u201c Jav\u00ebt e Biznesit Komb\u00ebtar\u201d, nis\u00ebn nga Kosova dhe po udh\u00ebtojn\u00eb drejt Maqedonis\u00eb, Kosov\u00ebs Lindore, Shqipris\u00eb dhe Mali t\u00eb Zi dhe me k\u00ebt\u00eb\u00a0 duhet t\u00eb b\u00ebhet nj\u00eb mini shengen p\u00ebr bizneset dhe ai duhet t\u00eb realizohet i promovuar nga dy preident\u00eb\u00ebt n\u00eb vitin 2010 n\u00eb Kosov\u00eb\u201d, tha Agim Shahini. Kreu i AKB-s\u00eb shtoi se intergimet ekonomike nuk mund ti ndal \u00a0askush dhe ky \u00ebsht\u00eb synimi q\u00eb t\u00eb konsumojn\u00eb prodhime komb\u00ebtare, sepse \u00ebsht\u00eb edhe m\u00eb shum\u00eb se patriotiz\u00ebm dhe d\u00ebshirojm\u00eb t\u00eb ngrisim nivelin e t\u00eb hyrave t\u00eb shteteve tona, t\u00eb rritet pun\u00ebsimi dhe n\u00eb k\u00ebt\u00eb form\u00eb ne t\u00eb integrohemi m\u00eb t\u00eb fuqish\u00ebm \u00a0n\u00eb BE \u00a0t\u00eb cil\u00ebn d\u00ebshirojm\u00eb t\u00eb gjith\u00eb.<br \/>\n<a href=\"http:\/\/www.visit-ulcinj.com\/blog\/wp-content\/uploads\/2012\/04\/java-e-biznesit-Kombetar-ne-Shkup_AKB.jpg\"><img loading=\"lazy\" class=\"alignleft  wp-image-59365\" title=\"java e biznesit Kombetar ne Shkup_AKB\" src=\"http:\/\/www.visit-ulcinj.com\/blog\/wp-content\/uploads\/2012\/04\/java-e-biznesit-Kombetar-ne-Shkup_AKB-1024x680.jpg\" alt=\"\" width=\"508\" height=\"300\" \/><\/a><\/p>\n<p>\u201cBizneset jan\u00eb si uji i Vardarit, q\u00eb shkojn\u00eb ka \u00ebsht\u00eb m\u00eb shkurt\u00eb dhe m\u00eb leht\u00eb. Nga Prishtina m\u00eb af\u00ebr se Shkupin e Tiran\u00ebn nuk e kemi ask\u00ebnd\u00eb. Ne d\u00ebshirojm\u00eb p\u00ebr k\u00ebt\u00eb arsye t\u00eb rrisim shk\u00ebmbimet \u00a0tona tregtare. Maqedonia \u00ebsht\u00eb partneri m\u00eb i madh\u00a0 sa i p\u00ebrket\u00a0 imporit dhe po ashtu edhe Shqip\u00ebria e para sa I p\u00ebrket eksporteve nga Kosova \u201d, tha Shahini.<\/p>\n<p>Kryetari i AKB-s\u00eb, shtoi se d\u00ebshirojn\u00eb shk\u00ebmbime m\u00eb t\u00eb mira dhe m\u00eb t\u00eb lira dhe t\u00eb kosnumohen prodhimet vend\u00ebse dhe parat t\u00eb mbesin n\u00eb trojet \u00a0shqiptare. \u00a0\u00a0Mesazhi \u00a0Aleanc\u00ebs s\u00eb Bizneseve t\u00eb Kosov\u00ebs, \u00ebsht\u00eb \u201cUn\u00eb konsumoj\u00eb prodhime vend\u00ebse po ju\u201d.<\/p>\n<p>Menderes Ku\u00e7i, kryetar i Od\u00ebs Ekonomise s\u00eb Maqedonis\u00eb Veri- Per\u00ebndimore, tha se \u00a0integrimi rajonal do t\u00eb sjell\u00eb zhvillim ekonomik. Me k\u00ebt\u00eb duam t\u00eb d\u00ebrgojm\u00eb nj\u00eb mesazh t\u00eb fort\u00eb\u00a0 se\u00a0 vet\u00ebm integrimi\u00a0 mund t\u00eb sjell zhvillim dhe jet\u00eb m\u00eb t\u00eb mir\u00eb p\u00ebr qytetar\u00ebt.<\/p>\n<p>\u201cDita e sotme do t\u00eb sjell\u00eb zhvillim dhe k\u00ebrkojm\u00eb q\u00eb kjo t\u00eb mbos mbet vet\u00ebm me nj\u00eb defilim prodhimsh shqiptar, pore dh eeme iniciativa konkrete. Konumoni prodhime shqiptare dhe zhvilloni torjt shqiptare.<\/p>\n<p>Valon Saraqini, minist\u00ebr i Ekonomis\u00eb s\u00eb Maqedonis\u00eb, beson se ngjarje t\u00eb tilla duhet t\u00eb b\u00ebhen tradicionale. \u201cJemi mbledhur p\u00ebr t\u00eb disukutuar p\u00ebr promovimin ekonomik, prodhimeve vend\u00ebse dhe nxitjen e investimeve t\u00eb huaja.\u00a0 Vet\u00ebm t\u00eb bashkuar e ekonomikisht \u00a0mund t\u00eb mbetetmi \u00a0imun ndaj kriz\u00ebs ekonomik q\u00eb ka prekur regjionin. Duke\u00a0 promovuar prodhimet tona, duke punuar p\u00ebr investime duksh\u00ebm\u00a0 do t\u00eb punojm\u00eb n\u00eb rritjen e fuqishme t\u00eb dy vendeve dhe rritjen e t\u00eb pun\u00ebsuar\u00ebve dhe\u00a0 investimeve\u201d, tha ministri Sarqini. Ai shtoi se \u00a0Maqedonia, ka b\u00ebr\u00eb shum\u00eb leht\u00ebsira ku dhe raportet reformatore e kan\u00eb rradhitur Maqdonin\u00eb si vendin e 22 m\u00eb t\u00eb mir\u00eb p\u00ebr b\u00ebrje t\u00eb biznesit.<\/p>\n<p>\u201cNe do t\u00eb vazhdojm\u00eb t\u00eb punojm\u00eb p\u00ebr t\u00eb mir\u00ebn e \u00a0zhvillimit ekonomik. Zhvillimi mund\u00eb t\u00eb ndikoj n\u00eb integrimet rajonale dhe bashkarisht do t\u00eb jemi m\u00eb t\u00eb fort\u00eb. \u00a0Konsumoni proodhimet vendees\u201d, tha ministri i Ekonomis\u00eb s\u00eb Maqedonis\u00eb.<\/p>\n<p>Izet Mexhidi, kryetar i Komun\u00ebs s\u00eb \u00c7airit, tha se integrimi rajonal m\u00eb s\u00eb miri mund ta b\u00ebjn\u00eb bizneset t\u00eb cil\u00ebt m\u00eb s\u00eb shumti i ndiejn\u00eb bizneset e rajoneve shqiptare.\u00a0 Zhvillimi ndihmon integrimin rajonal, por edhe evropian. \u201cDuhet t\u00eb relatvizohen kufijt\u00eb, sepse n\u00eb k\u00ebt\u00eb m\u00ebnyr\u00eb do t\u00eb hapen kufjit\u00eb dhe do t\u00eb ket\u00eb l\u00ebht\u00ebsira dhe deomosdo do t\u00eb sjellin t\u00eb mira jo vt\u00ebm p\u00ebr qytetar\u00ebt, por edhe p\u00ebr zhvillimin ekonomik.\u201d, tha Izet Mexhidi.<\/p>\n<p>Edhe Ragmi Mustafa, kryetar i Komun\u00ebs s\u00eb Preshev\u00ebs, \u00a0tha se\u00a0 ky projekt po realizohet n\u00eb kuad\u00ebr t\u00eb 100 vjetorit t\u00eb pavar\u00ebsis\u00eb s\u00eb Shqip\u00ebris\u00eb dhe ka interes p\u00ebr t\u00eb gjitha trojet shqiptare. Githa prodhimet q\u00eb dalin\u00a0 jan\u00eb t\u00eb nd\u00ebrlidhura\u00a0 ngusht\u00eb me gjitha trojet komb\u00ebtare.<\/p>\n<p>\u201cPotencialet e rinis\u00eb shqiptare nuk i ka askush n\u00eb Evrop\u00eb dhe t\u00eb cilat do t\u00eb ndikojn\u00eb pozivitivsht n\u00eb investime.\u00a0 Nd\u00ebrmarrjet duhet t\u00eb nd\u00ebrtojn\u00eb sa m\u00eb shum\u00eb ura lidh\u00ebse\u00a0 dhe mesazhi \u00ebsht\u00eb shum\u00eb i qart\u00eb, konsumoni prodhime komb\u00ebtare.<\/p>\n<p>Xhaudet Cakuli, n\u00ebnkryetar i Komun\u00ebs s\u00eb Ulqinit, tha se k\u00ebto iniciativa do t\u00eb japin fryte jo vet\u00ebm n\u00eb aspektin ekonomik, por edhe n\u00eb bashk\u00ebpunimin m\u00eb t\u00eb mir\u00eb t\u00eb trojeve shqiptare. \u00a0Mesazhi \u00ebsht\u00eb \u00a0konsumoni prodhime vendese, sepse kjo ka interes edhe p\u00ebr qytetar\u00ebt. Ai ftoi qytetar\u00ebt t\u00eb pushojn\u00eb n\u00eb perl\u00ebn e Adriatikut n\u00eb Ulqin.<\/p>\n<p>&nbsp;<\/p>\n<p><strong>Sinqerisht Zyra p\u00ebr Mardh\u00ebnie me Publikun e AKB-s\u00eb<br \/>\n<strong><br \/>\n<!--YouTube Error: bad URL entered--><\/strong><br \/>\n<\/strong><\/p>\n","protected":false},"excerpt":{"rendered":"<p>Komunikat\u00eb p\u00ebr media &nbsp; Jav\u00ebt e Biznesit Komb\u00ebtar u mbajt n\u00eb Shkup Intergimet ekonomike nuk mund ti ndal\u00a0 askush Shkup, 20 prill N\u00eb kuad\u00ebr \u00a0t\u00eb 100 vjetorit t\u00eb pavar\u00ebsis\u00eb s\u00eb Shqip\u00ebris\u00eb\u00a0 po vazhdon realizimi i projektit \u201cJav\u00ebt e Biznesit Komb\u00ebtar\u201d n\u00eb Shkup. K\u00ebt\u00eb projekt \u00a0Aleanca Kosovare e Bizneseve, po e realizon n\u00eb bashk\u00ebpunim me Od\u00ebn [&hellip;]<\/p>\n","protected":false},"author":1,"featured_media":0,"comment_status":"open","ping_status":"closed","sticky":false,"template":"","format":"standard","meta":{"spay_email":"","jetpack_publicize_message":"","jetpack_is_tweetstorm":false,"jetpack_publicize_feature_enabled":true},"categories":[8],"tags":[20077,3945,200],"jetpack_publicize_connections":[],"yoast_head":"<!-- This site is optimized with the Yoast SEO plugin v19.1 - https:\/\/yoast.com\/wordpress\/plugins\/seo\/ -->\n<title>Ulqini n\u00eb Jav\u00ebn e Biznesit Komb\u00ebtar n\u00eb Maqedoni - Lajme nga Ulqini<\/title>\n<meta name=\"description\" content=\"Komunikat\u00eb p\u00ebr media &nbsp; Jav\u00ebt e Biznesit Komb\u00ebtar u mbajt n\u00eb Shkup Intergimet ekonomike nuk mund ti ndal\u00a0 askush Shkup, 20 prill N\u00eb kuad\u00ebr \u00a0t\u00eb 100\" \/>\n<meta name=\"robots\" content=\"index, follow, max-snippet:-1, max-image-preview:large, max-video-preview:-1\" \/>\n<link rel=\"canonical\" href=\"https:\/\/www.visit-ulcinj.com\/blog\/2012\/04\/21\/cakuli-ne-javet-e-biznesit-kombetar-ne-maqedoni\/\" \/>\n<meta property=\"og:locale\" content=\"en_US\" \/>\n<meta property=\"og:type\" content=\"article\" \/>\n<meta property=\"og:title\" content=\"Ulqini n\u00eb Jav\u00ebn e Biznesit Komb\u00ebtar n\u00eb Maqedoni - Lajme nga Ulqini\" \/>\n<meta property=\"og:description\" content=\"Komunikat\u00eb p\u00ebr media &nbsp; Jav\u00ebt e Biznesit Komb\u00ebtar u mbajt n\u00eb Shkup Intergimet ekonomike nuk mund ti ndal\u00a0 askush Shkup, 20 prill N\u00eb kuad\u00ebr \u00a0t\u00eb 100\" \/>\n<meta property=\"og:url\" content=\"https:\/\/www.visit-ulcinj.com\/blog\/2012\/04\/21\/cakuli-ne-javet-e-biznesit-kombetar-ne-maqedoni\/\" \/>\n<meta property=\"og:site_name\" content=\"Lajme nga Ulqini\" \/>\n<meta property=\"article:published_time\" content=\"2012-04-21T12:59:23+00:00\" \/>\n<meta property=\"article:modified_time\" content=\"2012-04-21T21:18:09+00:00\" \/>\n<meta property=\"og:image\" content=\"http:\/\/www.visit-ulcinj.com\/blog\/wp-content\/uploads\/2012\/04\/java-e-biznesit-Kombetar-ne-Shkup_AKB.2.jpg\" \/>\n<meta name=\"twitter:label1\" content=\"Written by\" \/>\n\t<meta name=\"twitter:data1\" content=\"ulqini\" \/>\n\t<meta name=\"twitter:label2\" content=\"Est. reading time\" \/>\n\t<meta name=\"twitter:data2\" content=\"4 minutes\" \/>\n<script type=\"application\/ld+json\" class=\"yoast-schema-graph\">{\"@context\":\"https:\/\/schema.org\",\"@graph\":[{\"@type\":\"WebSite\",\"@id\":\"https:\/\/www.visit-ulcinj.com\/blog\/#website\",\"url\":\"https:\/\/www.visit-ulcinj.com\/blog\/\",\"name\":\"Lajme nga Ulqini\",\"description\":\"Lajme,Vijesti,Ulqini,Ulqin,Crna Gora,Mali i Zi\",\"potentialAction\":[{\"@type\":\"SearchAction\",\"target\":{\"@type\":\"EntryPoint\",\"urlTemplate\":\"https:\/\/www.visit-ulcinj.com\/blog\/?s={search_term_string}\"},\"query-input\":\"required name=search_term_string\"}],\"inLanguage\":\"en-US\"},{\"@type\":\"ImageObject\",\"inLanguage\":\"en-US\",\"@id\":\"https:\/\/www.visit-ulcinj.com\/blog\/2012\/04\/21\/cakuli-ne-javet-e-biznesit-kombetar-ne-maqedoni\/#primaryimage\",\"url\":\"https:\/\/www.visit-ulcinj.com\/blog\/wp-content\/uploads\/2012\/04\/java-e-biznesit-Kombetar-ne-Shkup_AKB.2.jpg\",\"contentUrl\":\"https:\/\/www.visit-ulcinj.com\/blog\/wp-content\/uploads\/2012\/04\/java-e-biznesit-Kombetar-ne-Shkup_AKB.2.jpg\",\"width\":\"3216\",\"height\":\"2136\"},{\"@type\":\"WebPage\",\"@id\":\"https:\/\/www.visit-ulcinj.com\/blog\/2012\/04\/21\/cakuli-ne-javet-e-biznesit-kombetar-ne-maqedoni\/#webpage\",\"url\":\"https:\/\/www.visit-ulcinj.com\/blog\/2012\/04\/21\/cakuli-ne-javet-e-biznesit-kombetar-ne-maqedoni\/\",\"name\":\"Ulqini n\u00eb Jav\u00ebn e Biznesit Komb\u00ebtar n\u00eb Maqedoni - Lajme nga Ulqini\",\"isPartOf\":{\"@id\":\"https:\/\/www.visit-ulcinj.com\/blog\/#website\"},\"primaryImageOfPage\":{\"@id\":\"https:\/\/www.visit-ulcinj.com\/blog\/2012\/04\/21\/cakuli-ne-javet-e-biznesit-kombetar-ne-maqedoni\/#primaryimage\"},\"datePublished\":\"2012-04-21T12:59:23+00:00\",\"dateModified\":\"2012-04-21T21:18:09+00:00\",\"author\":{\"@id\":\"https:\/\/www.visit-ulcinj.com\/blog\/#\/schema\/person\/dcab619c614d3038751c63bc2aadc06d\"},\"description\":\"Komunikat\u00eb p\u00ebr media &nbsp; Jav\u00ebt e Biznesit Komb\u00ebtar u mbajt n\u00eb Shkup Intergimet ekonomike nuk mund ti ndal\u00a0 askush Shkup, 20 prill N\u00eb kuad\u00ebr \u00a0t\u00eb 100\",\"breadcrumb\":{\"@id\":\"https:\/\/www.visit-ulcinj.com\/blog\/2012\/04\/21\/cakuli-ne-javet-e-biznesit-kombetar-ne-maqedoni\/#breadcrumb\"},\"inLanguage\":\"en-US\",\"potentialAction\":[{\"@type\":\"ReadAction\",\"target\":[\"https:\/\/www.visit-ulcinj.com\/blog\/2012\/04\/21\/cakuli-ne-javet-e-biznesit-kombetar-ne-maqedoni\/\"]}]},{\"@type\":\"BreadcrumbList\",\"@id\":\"https:\/\/www.visit-ulcinj.com\/blog\/2012\/04\/21\/cakuli-ne-javet-e-biznesit-kombetar-ne-maqedoni\/#breadcrumb\",\"itemListElement\":[{\"@type\":\"ListItem\",\"position\":1,\"name\":\"Ulqini n\u00eb Jav\u00ebn e Biznesit Komb\u00ebtar n\u00eb Maqedoni\"}]},{\"@type\":\"Person\",\"@id\":\"https:\/\/www.visit-ulcinj.com\/blog\/#\/schema\/person\/dcab619c614d3038751c63bc2aadc06d\",\"name\":\"ulqini\",\"sameAs\":[\"http:\/\/www.visit-ulcinj.com\"],\"url\":\"https:\/\/www.visit-ulcinj.com\/blog\/author\/admin\/\"}]}<\/script>\n<!-- \/ Yoast SEO plugin. -->","yoast_head_json":{"title":"Ulqini n\u00eb Jav\u00ebn e Biznesit Komb\u00ebtar n\u00eb Maqedoni - Lajme nga Ulqini","description":"Komunikat\u00eb p\u00ebr media &nbsp; Jav\u00ebt e Biznesit Komb\u00ebtar u mbajt n\u00eb Shkup Intergimet ekonomike nuk mund ti ndal\u00a0 askush Shkup, 20 prill N\u00eb kuad\u00ebr \u00a0t\u00eb 100","robots":{"index":"index","follow":"follow","max-snippet":"max-snippet:-1","max-image-preview":"max-image-preview:large","max-video-preview":"max-video-preview:-1"},"canonical":"https:\/\/www.visit-ulcinj.com\/blog\/2012\/04\/21\/cakuli-ne-javet-e-biznesit-kombetar-ne-maqedoni\/","og_locale":"en_US","og_type":"article","og_title":"Ulqini n\u00eb Jav\u00ebn e Biznesit Komb\u00ebtar n\u00eb Maqedoni - Lajme nga Ulqini","og_description":"Komunikat\u00eb p\u00ebr media &nbsp; Jav\u00ebt e Biznesit Komb\u00ebtar u mbajt n\u00eb Shkup Intergimet ekonomike nuk mund ti ndal\u00a0 askush Shkup, 20 prill N\u00eb kuad\u00ebr \u00a0t\u00eb 100","og_url":"https:\/\/www.visit-ulcinj.com\/blog\/2012\/04\/21\/cakuli-ne-javet-e-biznesit-kombetar-ne-maqedoni\/","og_site_name":"Lajme nga Ulqini","article_published_time":"2012-04-21T12:59:23+00:00","article_modified_time":"2012-04-21T21:18:09+00:00","og_image":[{"url":"http:\/\/www.visit-ulcinj.com\/blog\/wp-content\/uploads\/2012\/04\/java-e-biznesit-Kombetar-ne-Shkup_AKB.2.jpg"}],"twitter_misc":{"Written by":"ulqini","Est. reading time":"4 minutes"},"schema":{"@context":"https:\/\/schema.org","@graph":[{"@type":"WebSite","@id":"https:\/\/www.visit-ulcinj.com\/blog\/#website","url":"https:\/\/www.visit-ulcinj.com\/blog\/","name":"Lajme nga Ulqini","description":"Lajme,Vijesti,Ulqini,Ulqin,Crna Gora,Mali i Zi","potentialAction":[{"@type":"SearchAction","target":{"@type":"EntryPoint","urlTemplate":"https:\/\/www.visit-ulcinj.com\/blog\/?s={search_term_string}"},"query-input":"required name=search_term_string"}],"inLanguage":"en-US"},{"@type":"ImageObject","inLanguage":"en-US","@id":"https:\/\/www.visit-ulcinj.com\/blog\/2012\/04\/21\/cakuli-ne-javet-e-biznesit-kombetar-ne-maqedoni\/#primaryimage","url":"https:\/\/www.visit-ulcinj.com\/blog\/wp-content\/uploads\/2012\/04\/java-e-biznesit-Kombetar-ne-Shkup_AKB.2.jpg","contentUrl":"https:\/\/www.visit-ulcinj.com\/blog\/wp-content\/uploads\/2012\/04\/java-e-biznesit-Kombetar-ne-Shkup_AKB.2.jpg","width":"3216","height":"2136"},{"@type":"WebPage","@id":"https:\/\/www.visit-ulcinj.com\/blog\/2012\/04\/21\/cakuli-ne-javet-e-biznesit-kombetar-ne-maqedoni\/#webpage","url":"https:\/\/www.visit-ulcinj.com\/blog\/2012\/04\/21\/cakuli-ne-javet-e-biznesit-kombetar-ne-maqedoni\/","name":"Ulqini n\u00eb Jav\u00ebn e Biznesit Komb\u00ebtar n\u00eb Maqedoni - Lajme nga Ulqini","isPartOf":{"@id":"https:\/\/www.visit-ulcinj.com\/blog\/#website"},"primaryImageOfPage":{"@id":"https:\/\/www.visit-ulcinj.com\/blog\/2012\/04\/21\/cakuli-ne-javet-e-biznesit-kombetar-ne-maqedoni\/#primaryimage"},"datePublished":"2012-04-21T12:59:23+00:00","dateModified":"2012-04-21T21:18:09+00:00","author":{"@id":"https:\/\/www.visit-ulcinj.com\/blog\/#\/schema\/person\/dcab619c614d3038751c63bc2aadc06d"},"description":"Komunikat\u00eb p\u00ebr media &nbsp; Jav\u00ebt e Biznesit Komb\u00ebtar u mbajt n\u00eb Shkup Intergimet ekonomike nuk mund ti ndal\u00a0 askush Shkup, 20 prill N\u00eb kuad\u00ebr \u00a0t\u00eb 100","breadcrumb":{"@id":"https:\/\/www.visit-ulcinj.com\/blog\/2012\/04\/21\/cakuli-ne-javet-e-biznesit-kombetar-ne-maqedoni\/#breadcrumb"},"inLanguage":"en-US","potentialAction":[{"@type":"ReadAction","target":["https:\/\/www.visit-ulcinj.com\/blog\/2012\/04\/21\/cakuli-ne-javet-e-biznesit-kombetar-ne-maqedoni\/"]}]},{"@type":"BreadcrumbList","@id":"https:\/\/www.visit-ulcinj.com\/blog\/2012\/04\/21\/cakuli-ne-javet-e-biznesit-kombetar-ne-maqedoni\/#breadcrumb","itemListElement":[{"@type":"ListItem","position":1,"name":"Ulqini n\u00eb Jav\u00ebn e Biznesit Komb\u00ebtar n\u00eb Maqedoni"}]},{"@type":"Person","@id":"https:\/\/www.visit-ulcinj.com\/blog\/#\/schema\/person\/dcab619c614d3038751c63bc2aadc06d","name":"ulqini","sameAs":["http:\/\/www.visit-ulcinj.com"],"url":"https:\/\/www.visit-ulcinj.com\/blog\/author\/admin\/"}]}},"jetpack_featured_media_url":"","jetpack_sharing_enabled":true,"jetpack_shortlink":"https:\/\/wp.me\/pe6lTn-frt","_links":{"self":[{"href":"https:\/\/www.visit-ulcinj.com\/blog\/wp-json\/wp\/v2\/posts\/59363"}],"collection":[{"href":"https:\/\/www.visit-ulcinj.com\/blog\/wp-json\/wp\/v2\/posts"}],"about":[{"href":"https:\/\/www.visit-ulcinj.com\/blog\/wp-json\/wp\/v2\/types\/post"}],"author":[{"embeddable":true,"href":"https:\/\/www.visit-ulcinj.com\/blog\/wp-json\/wp\/v2\/users\/1"}],"replies":[{"embeddable":true,"href":"https:\/\/www.visit-ulcinj.com\/blog\/wp-json\/wp\/v2\/comments?post=59363"}],"version-history":[{"count":10,"href":"https:\/\/www.visit-ulcinj.com\/blog\/wp-json\/wp\/v2\/posts\/59363\/revisions"}],"predecessor-version":[{"id":59436,"href":"https:\/\/www.visit-ulcinj.com\/blog\/wp-json\/wp\/v2\/posts\/59363\/revisions\/59436"}],"wp:attachment":[{"href":"https:\/\/www.visit-ulcinj.com\/blog\/wp-json\/wp\/v2\/media?parent=59363"}],"wp:term":[{"taxonomy":"category","embeddable":true,"href":"https:\/\/www.visit-ulcinj.com\/blog\/wp-json\/wp\/v2\/categories?post=59363"},{"taxonomy":"post_tag","embeddable":true,"href":"https:\/\/www.visit-ulcinj.com\/blog\/wp-json\/wp\/v2\/tags?post=59363"}],"curies":[{"name":"wp","href":"https:\/\/api.w.org\/{rel}","templated":true}]}}