{"id":59371,"date":"2012-04-21T14:22:28","date_gmt":"2012-04-21T13:22:28","guid":{"rendered":"http:\/\/www.visit-ulcinj.com\/blog\/?p=59371"},"modified":"2012-04-23T16:20:41","modified_gmt":"2012-04-23T15:20:41","slug":"gjeke-gjonaj-embleme-uinversale-e-detareve-dhe-kusareve-shqiptare","status":"publish","type":"post","link":"https:\/\/www.visit-ulcinj.com\/blog\/2012\/04\/21\/gjeke-gjonaj-embleme-uinversale-e-detareve-dhe-kusareve-shqiptare\/","title":{"rendered":"Gjek\u00eb Gjonaj: Emblem\u00eb uinversale e detar\u00ebve dhe kusar\u00ebve shqiptar\u00eb"},"content":{"rendered":"<p><a href=\"http:\/\/www.visit-ulcinj.com\/blog\/wp-content\/uploads\/2012\/04\/Gjeke-Gjonaj.jpg\"><img loading=\"lazy\" class=\"alignleft  wp-image-59372\" title=\"Gjeke Gjonaj\" src=\"http:\/\/www.visit-ulcinj.com\/blog\/wp-content\/uploads\/2012\/04\/Gjeke-Gjonaj.jpg\" alt=\"\" width=\"340\" height=\"420\" \/><\/a>T\u00eb nderuar \u00a0lexues\u00a0 t\u00eb fjal\u00ebs s\u00eb bukur\u00a0 shqipe dhe dashamir\u00eb t\u00eb autorit t\u00eb k\u00ebsaj mbr\u00ebmje\u00a0 kam nderin q\u00eb\u00a0 para jush\u00a0 t\u00eb\u00a0 shpreh shkurtimisht\u00a0 pik\u00ebpamjet e mia\u00a0 p\u00ebr librin\u00a0 \u201c Kusar\u00ebt dhe detar\u00ebt\u00a0 shqiptar\u00eb \u201d\u00a0 t\u00eb autorit\u00a0 dr.\u00a0 Bahri Briksu. Duke u nisur nga fakti se\u00a0 treva e Ulqinit \u00ebsht\u00eb djepi ku jan\u00eb krijuar shum\u00eb vlera t\u00eb r\u00ebnd\u00ebsishme popullore nga sfera e detaris\u00eb, p\u00ebr \u00e7ka edhe\u00a0 quhej \u201c \u00e7erdhja e detaris\u00eb dhe e pirateris\u00eb\u201d\u00a0 prej nga\u00a0 dol\u00ebn\u00a0 detar\u00eb e kusar\u00eb t\u00eb njohur n\u00eb rrafshin mbar\u00ebshqiptar, ky studiues kaher\u00eb\u00a0\u00a0 kishte ngulur k\u00ebmb\u00eb\u00a0 q\u00eb hulumtimet e tija shum\u00ebvje\u00e7are n\u00eb k\u00ebt\u00eb fush\u00eb t\u2019i botoi n\u00eb vepr\u00ebn e tij m\u00eb t\u00eb re, q\u00eb po e p\u00ebrurojm\u00eb sonte.<\/p>\n<p>Kjo vep\u00ebr studimore\u00a0 \u00a0tem\u00eb kryesore ka\u00a0 tradit\u00ebn e lasht\u00eb\u00a0 detare t\u00eb shqiptar\u00ebve n\u00eb viset bregdetare, t\u00eb cil\u00ebt historikisht, q\u00eb nga Iliria,\u00a0 jan\u00eb t\u00eb njohur si detar\u00eb \u00a0t\u00eb shkatht\u00eb, lundrues t\u00eb\u00a0 mir\u00eb,\u00a0 nd\u00ebrtimtar\u00eb dhe\u00a0 kapidan\u00eb t\u00eb anijeve,\u00a0 por edhe si \u00a0kusar\u00eb, apo\u00a0 pirat\u00eb \u00a0deti. \u00a0Detar\u00ebt me tregti dhe kusar\u00ebt me grabitje, thot\u00eb Briksu,\u00a0 jo vet\u00ebm q\u00eb dhan\u00eb ndihmes\u00ebn e tyre ideore, por edhe at\u00eb materiale,q\u00eb n\u00eb vendet e tyre t\u00eb lul\u00ebzoj\u00eb kultura arkitekturale. \u201c Mjeshtria e detaris\u00eb,posa\u00e7\u00ebrisht kusaria, n\u00eb vendin ton\u00eb ka pas marr\u00eb hov q\u00eb n\u00eb koh\u00ebn e mbret\u00ebrve t\u00eb Iliris\u00eb, gjat\u00eb sundimit t\u00eb Ballos, Gencit, Bardhylit dhe sidomos n\u00eb koh\u00ebn\u00a0 e mbret\u00ebresh\u00ebs Teut\u00eb\u201d, shkruan Brisku ( faqe,14).<\/p>\n<p>Ky njoh\u00ebs i mir\u00eb i detaris\u00eb dhe kusaris\u00eb\u00a0 shqiptare, ve\u00e7mas\u00a0 asaj ulqinake, n\u00eb k\u00ebt\u00eb monografi\u00a0 historiko-etnografike ka pasqyruar nj\u00eb\u00a0 thesar t\u00eb pasur t\u00eb trash\u00ebgimis\u00eb\u00a0\u00a0\u00a0 s\u00eb kombit ton\u00eb\u00a0 me vlera t\u00eb larta historiografike\u00a0 dhe kulturore.\u00a0 Autori i k\u00ebtij studimi monografik, albanologu, studiuesi,\u00a0 hulumtuesi e vjel\u00ebsi i zellsh\u00ebm i folklorit ton\u00eb, por edhe pedagogu,shkrimtari, poeti, gazetari,\u00a0 polemisti e mbrojt\u00ebsi i \u00e7\u00ebshtjes shqiptare, Bahri Brisku, ka b\u00ebr\u00eb nj\u00eb pun\u00eb me vler\u00eb \u00a0duke ia \u00a0prezantuar opinionit t\u00eb gjer\u00eb dhe lexuesit \u00a0\u00a0faktet historike dhe\u00a0 d\u00ebshmit\u00eb gojore\u00a0 p\u00ebr\u00a0 detar\u00ebt e kusar\u00ebt shqiptar\u00eb gjat\u00eb rrejdhave historike. Gjurmimet e tij\u00a0 p\u00ebr hartimin e k\u00ebtij libri i ka mb\u00ebshtetur n\u00eb dy shtylla kryesore: n\u00eb\u00a0 burime\u00a0 t\u00eb shumta historike, materiale t\u00eb ndryshme historiografike dhe n\u00eb poezin\u00eb e proz\u00ebn ton\u00eb \u00a0t\u00eb pasur popullore me motive detare. P\u00ebrmes k\u00ebtij libri &#8211; dokument me pesh\u00eb , autori na ofron\u00a0 t\u00eb dh\u00ebna me\u00a0 shum\u00eb interes nga fusha e\u00a0 detaris\u00eb dhe kusaris\u00eb\u00a0 shqiptare, p\u00ebrfshir\u00eb k\u00ebtu edhe at\u00eb ulqinake, t\u00eb cilat\u00a0 hedhin drit\u00eb \u00a0mbi tradit\u00ebn historike detare pellazgo-iliro-shqiptar\u00ebt, n\u00eb nj\u00ebr\u00ebn an\u00eb\u00a0 dhe\u00a0 vlerat e mir\u00ebfillta estetike t\u00eb artit ton\u00eb popullor, n\u00eb an\u00ebn tjet\u00ebr.<br \/>\n<a href=\"http:\/\/www.visit-ulcinj.com\/blog\/wp-content\/uploads\/2012\/04\/Gjek\u00eb-Gjonaj_-Emblem\u00eb-uinversale-e-detar\u00ebve-dhe-kusar\u00ebve-shqiptar\u00eb.1.jpg\"><img loading=\"lazy\" class=\"alignleft  wp-image-59375\" title=\"Gjek\u00eb Gjonaj_ Emblem\u00eb uinversale e detar\u00ebve dhe kusar\u00ebve shqiptar\u00eb.1\" src=\"http:\/\/www.visit-ulcinj.com\/blog\/wp-content\/uploads\/2012\/04\/Gjek\u00eb-Gjonaj_-Emblem\u00eb-uinversale-e-detar\u00ebve-dhe-kusar\u00ebve-shqiptar\u00eb.1.jpg\" alt=\"\" width=\"508\" height=\"300\" \/><\/a><\/p>\n<p>Monografia\u201d Kusar\u00ebt dhe detar\u00ebt shqiptar\u00eb\u201d \u00ebsht\u00eb nj\u00eb vep\u00ebr me pesh\u00eb shum\u00ebdimensionale, e cila nuk \u00ebsht\u00eb vet\u00ebm pjes\u00eb e qen\u00ebsis\u00eb s\u00eb ecurive historike t\u00eb shqiptar\u00ebve n\u00eb\u00a0 zonat bregdetare,por edhe pasqyr\u00eb e vlerave dhe e kontributit gjith\u00ebp\u00ebrfshir\u00ebs t\u00eb detar\u00ebve dhe kusar\u00ebve shqiptar\u00eb n\u00eb periudha t\u00eb ndryshme\u00a0 n\u00eb autoktonin\u00eb\u00a0 komb\u00ebtare, \u00a0n\u00eb \u00a0mbrojtjen e ter\u00ebsis\u00eb territoriae dhe n\u00eb \u00a0mbrojtjen e Ulqinit .<\/p>\n<p>Kjo vep\u00ebr e Bahri Briksut n\u00eb mas\u00eb t\u00eb madhe \u00ebsht\u00eb e ngjeshur\u00a0 me kultur\u00ebn materiale iliro-shqiptare, me\u00a0 krijime\u00a0 nga let\u00ebrsia popullore shqiptare me tematik\u00eb e motive \u00a0detare,\u00a0 p\u00ebrralla, fabula, balada popullore,\u00a0 kall\u00ebxime, goj\u00ebdh\u00ebna, mite, legjenda, proverba dhe shprehje proverbiale, ndodhi t\u00eb detar\u00ebve,\u00a0 e lloje t\u00eb tjera t\u00eb shkurt\u00ebra\u00a0 nga\u00a0 proza jon\u00eb popullore.\u00a0\u00a0 Vler\u00ebn k\u00ebtij libri ia shtojn\u00eb\u00a0 k\u00ebng\u00ebt e ndryshme lirike popullore si\u00e7 \u00ebsht\u00eb p\u00ebr shembull\u00a0 balada \u201d I ra mjegulla Bun\u00ebs\u201d, sh\u00ebnuar n\u00eb Ljare t\u00eb Shestanit, n\u00eb Kraj\u00eb, p\u00ebrshkrimi\u00a0 i riteve t\u00eb mo\u00e7me t\u00eb varrimit t\u00eb detar\u00ebve shqiptar\u00eb\u00a0 q\u00eb mbyteshin ose vdisnin gjat\u00eb lundrimit, t\u00eb cilat autori i ka sh\u00ebnuar nga detar\u00ebt e njohur ulqinak\u00eb,\u00a0 Fazli Fici, Halil Gu\u00e7i, Met Mollabeqiri, Him Karamanaga, Selim Kalabrezi, Hamdi Truma, Maliq Karamanaga,\u00a0 Can Zenka, Sulltane Ishmi, Xhemal Rama, e ndonj\u00eb tjet\u00ebr.<\/p>\n<p>Vepra pothuaj se \u00ebsht\u00eb nj\u00eb ekzemplar i ve\u00e7ant\u00eb dhe i domosdosh\u00ebm p\u00ebr\u00a0 pasurimin e kultur\u00ebs\u00a0 detare shqiptare dhe ndri\u00e7imin e\u00a0 saj.\u00a0\u00a0 Autori v\u00ebmendje\u00a0 dhe kujdes shkencor i ka kushtuar edhe k\u00ebrkimeve arkeologjike n\u00ebnujore shqiptare, sulmeve\u00a0\u00a0 t\u00eb flotave luftarake turke\u00a0 ndaj flotave detare shqitare n\u00eb shekullin XVII-t\u00eb ,\u00a0 mbrojtjes s\u00eb Ulqinit nga Venediku, Principat\u00ebs\u00a0 shqiptare t\u00eb Balshajve dhe\u00a0 \u00a0shqyrtimit\u00a0 t\u00eb studimeve onomastike, toponimis\u00eb, topog\u00ebrmadhave, mikrotoponimis\u00eb dhe antroponimeve kushtuar Kalas\u00eb s\u00eb Ulqinit.<\/p>\n<p>Mund t\u00eb them \u00a0se studimet e k\u00ebtilla monografike si\u00e7 \u00ebsht\u00eb ky\u00a0 jo vet\u00ebm se\u00a0 paraqesin qart\u00eb \u00a0nj\u00eb pasqyr\u00eb t\u00eb vlerave historike, kulturore e ekonomike t\u00eb popullit shqiptar n\u00ebp\u00ebr epoka, por\u00a0 jan\u00eb edhe vul\u00eb, emblem\u00eb \u00a0universale q\u00eb reflektojn\u00eb rolin historik t\u00eb\u00a0 detar\u00ebve dhe kusar\u00ebve shqiptar\u00eb, p\u00ebrfshir\u00eb k\u00ebtu edhe ulqinak\u00ebt, n\u00eb zhvillimin\u00a0 shoq\u00ebror,\u00a0 ekonomik, kulturor e\u00a0 arsimor, faktor k\u00ebta q\u00eb n\u00eb rrug\u00ebtimin komb\u00ebtar shpesh kan\u00eb mbetur n\u00ebn hijen e rrjedhave t\u00eb koh\u00ebs.<br \/>\n<a href=\"http:\/\/www.visit-ulcinj.com\/blog\/wp-content\/uploads\/2012\/04\/Gjek\u00eb-Gjonaj_-Emblem\u00eb-uinversale-e-detar\u00ebve-dhe-kusar\u00ebve-shqiptar\u00eb.jpg\"><img loading=\"lazy\" class=\"alignleft  wp-image-59373\" title=\"Gjek\u00eb Gjonaj_ Emblem\u00eb uinversale e detar\u00ebve dhe kusar\u00ebve shqiptar\u00eb\" src=\"http:\/\/www.visit-ulcinj.com\/blog\/wp-content\/uploads\/2012\/04\/Gjek\u00eb-Gjonaj_-Emblem\u00eb-uinversale-e-detar\u00ebve-dhe-kusar\u00ebve-shqiptar\u00eb.jpg\" alt=\"\" width=\"508\" height=\"300\" \/><\/a><\/p>\n<p>Mendoj se autori \u00a0me monografin\u00eb \u201c\u00a0\u00a0Kusar\u00ebt dhe detar\u00ebt\u00a0 shqiptar\u00eb\u201c\u00a0opinionit dhe lexuesve u solli edhe nj\u00eb dokument historik e kulturor si drit\u00eb t\u00eb pashuar, e cila sh\u00ebrben p\u00ebr t\u00eb mos e harruar t\u00eb kaluar\u00ebn, por edhe p\u00ebr t\u00eb rrug\u00ebtuar suksessh\u00ebm n\u00eb ruajtjen dhe zhvillimin e vlerave kulturore dhe t\u00eb atyre historike, q\u00eb Ulqinit dhe qyteteve tjera bregdetare shqiptare, ende u mungojn\u00eb dhe aq shum\u00eb u nevojiten p\u00ebr identitetin e plot\u00eb dhe prezantimin e cil\u00ebsive t\u00eb civilizimit \u00a0t\u00eb kombit\u00a0 ton\u00eb.<\/p>\n<p>S\u00eb fundi\u00a0 Bahri Briksu,\u00a0 me k\u00ebt\u00eb vep\u00ebr,\u00a0\u00a0 n\u00eb m\u00ebnyr\u00eb t\u00eb argumentuar i p\u00ebrjet\u00ebsoi\u00a0 dhe i nxori nga harresa detar\u00ebt dhe kusar\u00ebt shqiptar\u00eb, duke dh\u00ebn\u00eb\u00a0 d\u00ebshmi, fakte e argumente shkencore p\u00ebr\u00a0\u00a0\u00a0\u00a0 k\u00ebto\u00a0\u00a0 veprimtari t\u00eb\u00a0 lavdishme dhe kaq t\u00eb r\u00ebnd\u00ebsishme, jo vet\u00ebm p\u00ebr qytetin e Ulqinit, por edhe p\u00ebr detarin\u00eb ton\u00eb n\u00eb p\u00ebrgjith\u00ebsi.<\/p>\n<p>Fjala me rastin e p\u00ebrurimit t\u00eb vepr\u00ebs \u201e Kusar\u00ebt dhe detar\u00ebt shqiptar\u00eb\u201c\u00a0 mbajtur n\u00eb\u00a0 Ulqin, me 14 prill 2012<\/p>\n<p><strong>Gjek\u00eb Gjonaj<\/strong><br \/>\n<strong>Lajme nga Ulqini<\/strong><\/p>\n","protected":false},"excerpt":{"rendered":"<p>T\u00eb nderuar \u00a0lexues\u00a0 t\u00eb fjal\u00ebs s\u00eb bukur\u00a0 shqipe dhe dashamir\u00eb t\u00eb autorit t\u00eb k\u00ebsaj mbr\u00ebmje\u00a0 kam nderin q\u00eb\u00a0 para jush\u00a0 t\u00eb\u00a0 shpreh shkurtimisht\u00a0 pik\u00ebpamjet e mia\u00a0 p\u00ebr librin\u00a0 \u201c Kusar\u00ebt dhe detar\u00ebt\u00a0 shqiptar\u00eb \u201d\u00a0 t\u00eb autorit\u00a0 dr.\u00a0 Bahri Briksu. Duke u nisur nga fakti se\u00a0 treva e Ulqinit \u00ebsht\u00eb djepi ku jan\u00eb krijuar shum\u00eb vlera [&hellip;]<\/p>\n","protected":false},"author":1,"featured_media":0,"comment_status":"open","ping_status":"closed","sticky":false,"template":"","format":"standard","meta":{"spay_email":"","jetpack_publicize_message":"","jetpack_is_tweetstorm":false,"jetpack_publicize_feature_enabled":true},"categories":[4,12],"tags":[4871,5401,3299,200,18],"jetpack_publicize_connections":[],"yoast_head":"<!-- This site is optimized with the Yoast SEO plugin v19.1 - https:\/\/yoast.com\/wordpress\/plugins\/seo\/ -->\n<title>Gjek\u00eb Gjonaj: Emblem\u00eb uinversale e detar\u00ebve dhe kusar\u00ebve shqiptar\u00eb - Lajme nga Ulqini<\/title>\n<meta name=\"description\" content=\"T\u00eb nderuar \u00a0lexues\u00a0 t\u00eb fjal\u00ebs s\u00eb bukur\u00a0 shqipe dhe dashamir\u00eb t\u00eb autorit t\u00eb k\u00ebsaj mbr\u00ebmje\u00a0 kam nderin q\u00eb\u00a0 para jush\u00a0 t\u00eb\u00a0 shpreh shkurtimisht\u00a0 pik\u00ebpamjet e\" \/>\n<meta name=\"robots\" content=\"index, follow, max-snippet:-1, max-image-preview:large, max-video-preview:-1\" \/>\n<link rel=\"canonical\" href=\"https:\/\/www.visit-ulcinj.com\/blog\/2012\/04\/21\/gjeke-gjonaj-embleme-uinversale-e-detareve-dhe-kusareve-shqiptare\/\" \/>\n<meta property=\"og:locale\" content=\"en_US\" \/>\n<meta property=\"og:type\" content=\"article\" \/>\n<meta property=\"og:title\" content=\"Gjek\u00eb Gjonaj: Emblem\u00eb uinversale e detar\u00ebve dhe kusar\u00ebve shqiptar\u00eb - Lajme nga Ulqini\" \/>\n<meta property=\"og:description\" content=\"T\u00eb nderuar \u00a0lexues\u00a0 t\u00eb fjal\u00ebs s\u00eb bukur\u00a0 shqipe dhe dashamir\u00eb t\u00eb autorit t\u00eb k\u00ebsaj mbr\u00ebmje\u00a0 kam nderin q\u00eb\u00a0 para jush\u00a0 t\u00eb\u00a0 shpreh shkurtimisht\u00a0 pik\u00ebpamjet e\" \/>\n<meta property=\"og:url\" content=\"https:\/\/www.visit-ulcinj.com\/blog\/2012\/04\/21\/gjeke-gjonaj-embleme-uinversale-e-detareve-dhe-kusareve-shqiptare\/\" \/>\n<meta property=\"og:site_name\" content=\"Lajme nga Ulqini\" \/>\n<meta property=\"article:published_time\" content=\"2012-04-21T13:22:28+00:00\" \/>\n<meta property=\"article:modified_time\" content=\"2012-04-23T15:20:41+00:00\" \/>\n<meta property=\"og:image\" content=\"http:\/\/www.visit-ulcinj.com\/blog\/wp-content\/uploads\/2012\/04\/Gjeke-Gjonaj.jpg\" \/>\n<meta name=\"twitter:label1\" content=\"Written by\" \/>\n\t<meta name=\"twitter:data1\" content=\"ulqini\" \/>\n\t<meta name=\"twitter:label2\" content=\"Est. reading time\" \/>\n\t<meta name=\"twitter:data2\" content=\"5 minutes\" \/>\n<script type=\"application\/ld+json\" class=\"yoast-schema-graph\">{\"@context\":\"https:\/\/schema.org\",\"@graph\":[{\"@type\":\"WebSite\",\"@id\":\"https:\/\/www.visit-ulcinj.com\/blog\/#website\",\"url\":\"https:\/\/www.visit-ulcinj.com\/blog\/\",\"name\":\"Lajme nga Ulqini\",\"description\":\"Lajme,Vijesti,Ulqini,Ulqin,Crna Gora,Mali i Zi\",\"potentialAction\":[{\"@type\":\"SearchAction\",\"target\":{\"@type\":\"EntryPoint\",\"urlTemplate\":\"https:\/\/www.visit-ulcinj.com\/blog\/?s={search_term_string}\"},\"query-input\":\"required name=search_term_string\"}],\"inLanguage\":\"en-US\"},{\"@type\":\"ImageObject\",\"inLanguage\":\"en-US\",\"@id\":\"https:\/\/www.visit-ulcinj.com\/blog\/2012\/04\/21\/gjeke-gjonaj-embleme-uinversale-e-detareve-dhe-kusareve-shqiptare\/#primaryimage\",\"url\":\"https:\/\/www.visit-ulcinj.com\/blog\/wp-content\/uploads\/2012\/04\/Gjeke-Gjonaj.jpg\",\"contentUrl\":\"https:\/\/www.visit-ulcinj.com\/blog\/wp-content\/uploads\/2012\/04\/Gjeke-Gjonaj.jpg\",\"width\":\"606\",\"height\":\"557\"},{\"@type\":\"WebPage\",\"@id\":\"https:\/\/www.visit-ulcinj.com\/blog\/2012\/04\/21\/gjeke-gjonaj-embleme-uinversale-e-detareve-dhe-kusareve-shqiptare\/#webpage\",\"url\":\"https:\/\/www.visit-ulcinj.com\/blog\/2012\/04\/21\/gjeke-gjonaj-embleme-uinversale-e-detareve-dhe-kusareve-shqiptare\/\",\"name\":\"Gjek\u00eb Gjonaj: Emblem\u00eb uinversale e detar\u00ebve dhe kusar\u00ebve shqiptar\u00eb - Lajme nga Ulqini\",\"isPartOf\":{\"@id\":\"https:\/\/www.visit-ulcinj.com\/blog\/#website\"},\"primaryImageOfPage\":{\"@id\":\"https:\/\/www.visit-ulcinj.com\/blog\/2012\/04\/21\/gjeke-gjonaj-embleme-uinversale-e-detareve-dhe-kusareve-shqiptare\/#primaryimage\"},\"datePublished\":\"2012-04-21T13:22:28+00:00\",\"dateModified\":\"2012-04-23T15:20:41+00:00\",\"author\":{\"@id\":\"https:\/\/www.visit-ulcinj.com\/blog\/#\/schema\/person\/dcab619c614d3038751c63bc2aadc06d\"},\"description\":\"T\u00eb nderuar \u00a0lexues\u00a0 t\u00eb fjal\u00ebs s\u00eb bukur\u00a0 shqipe dhe dashamir\u00eb t\u00eb autorit t\u00eb k\u00ebsaj mbr\u00ebmje\u00a0 kam nderin q\u00eb\u00a0 para jush\u00a0 t\u00eb\u00a0 shpreh shkurtimisht\u00a0 pik\u00ebpamjet e\",\"breadcrumb\":{\"@id\":\"https:\/\/www.visit-ulcinj.com\/blog\/2012\/04\/21\/gjeke-gjonaj-embleme-uinversale-e-detareve-dhe-kusareve-shqiptare\/#breadcrumb\"},\"inLanguage\":\"en-US\",\"potentialAction\":[{\"@type\":\"ReadAction\",\"target\":[\"https:\/\/www.visit-ulcinj.com\/blog\/2012\/04\/21\/gjeke-gjonaj-embleme-uinversale-e-detareve-dhe-kusareve-shqiptare\/\"]}]},{\"@type\":\"BreadcrumbList\",\"@id\":\"https:\/\/www.visit-ulcinj.com\/blog\/2012\/04\/21\/gjeke-gjonaj-embleme-uinversale-e-detareve-dhe-kusareve-shqiptare\/#breadcrumb\",\"itemListElement\":[{\"@type\":\"ListItem\",\"position\":1,\"name\":\"Gjek\u00eb Gjonaj: Emblem\u00eb uinversale e detar\u00ebve dhe kusar\u00ebve shqiptar\u00eb\"}]},{\"@type\":\"Person\",\"@id\":\"https:\/\/www.visit-ulcinj.com\/blog\/#\/schema\/person\/dcab619c614d3038751c63bc2aadc06d\",\"name\":\"ulqini\",\"sameAs\":[\"http:\/\/www.visit-ulcinj.com\"],\"url\":\"https:\/\/www.visit-ulcinj.com\/blog\/author\/admin\/\"}]}<\/script>\n<!-- \/ Yoast SEO plugin. -->","yoast_head_json":{"title":"Gjek\u00eb Gjonaj: Emblem\u00eb uinversale e detar\u00ebve dhe kusar\u00ebve shqiptar\u00eb - Lajme nga Ulqini","description":"T\u00eb nderuar \u00a0lexues\u00a0 t\u00eb fjal\u00ebs s\u00eb bukur\u00a0 shqipe dhe dashamir\u00eb t\u00eb autorit t\u00eb k\u00ebsaj mbr\u00ebmje\u00a0 kam nderin q\u00eb\u00a0 para jush\u00a0 t\u00eb\u00a0 shpreh shkurtimisht\u00a0 pik\u00ebpamjet e","robots":{"index":"index","follow":"follow","max-snippet":"max-snippet:-1","max-image-preview":"max-image-preview:large","max-video-preview":"max-video-preview:-1"},"canonical":"https:\/\/www.visit-ulcinj.com\/blog\/2012\/04\/21\/gjeke-gjonaj-embleme-uinversale-e-detareve-dhe-kusareve-shqiptare\/","og_locale":"en_US","og_type":"article","og_title":"Gjek\u00eb Gjonaj: Emblem\u00eb uinversale e detar\u00ebve dhe kusar\u00ebve shqiptar\u00eb - Lajme nga Ulqini","og_description":"T\u00eb nderuar \u00a0lexues\u00a0 t\u00eb fjal\u00ebs s\u00eb bukur\u00a0 shqipe dhe dashamir\u00eb t\u00eb autorit t\u00eb k\u00ebsaj mbr\u00ebmje\u00a0 kam nderin q\u00eb\u00a0 para jush\u00a0 t\u00eb\u00a0 shpreh shkurtimisht\u00a0 pik\u00ebpamjet e","og_url":"https:\/\/www.visit-ulcinj.com\/blog\/2012\/04\/21\/gjeke-gjonaj-embleme-uinversale-e-detareve-dhe-kusareve-shqiptare\/","og_site_name":"Lajme nga Ulqini","article_published_time":"2012-04-21T13:22:28+00:00","article_modified_time":"2012-04-23T15:20:41+00:00","og_image":[{"url":"http:\/\/www.visit-ulcinj.com\/blog\/wp-content\/uploads\/2012\/04\/Gjeke-Gjonaj.jpg"}],"twitter_misc":{"Written by":"ulqini","Est. reading time":"5 minutes"},"schema":{"@context":"https:\/\/schema.org","@graph":[{"@type":"WebSite","@id":"https:\/\/www.visit-ulcinj.com\/blog\/#website","url":"https:\/\/www.visit-ulcinj.com\/blog\/","name":"Lajme nga Ulqini","description":"Lajme,Vijesti,Ulqini,Ulqin,Crna Gora,Mali i Zi","potentialAction":[{"@type":"SearchAction","target":{"@type":"EntryPoint","urlTemplate":"https:\/\/www.visit-ulcinj.com\/blog\/?s={search_term_string}"},"query-input":"required name=search_term_string"}],"inLanguage":"en-US"},{"@type":"ImageObject","inLanguage":"en-US","@id":"https:\/\/www.visit-ulcinj.com\/blog\/2012\/04\/21\/gjeke-gjonaj-embleme-uinversale-e-detareve-dhe-kusareve-shqiptare\/#primaryimage","url":"https:\/\/www.visit-ulcinj.com\/blog\/wp-content\/uploads\/2012\/04\/Gjeke-Gjonaj.jpg","contentUrl":"https:\/\/www.visit-ulcinj.com\/blog\/wp-content\/uploads\/2012\/04\/Gjeke-Gjonaj.jpg","width":"606","height":"557"},{"@type":"WebPage","@id":"https:\/\/www.visit-ulcinj.com\/blog\/2012\/04\/21\/gjeke-gjonaj-embleme-uinversale-e-detareve-dhe-kusareve-shqiptare\/#webpage","url":"https:\/\/www.visit-ulcinj.com\/blog\/2012\/04\/21\/gjeke-gjonaj-embleme-uinversale-e-detareve-dhe-kusareve-shqiptare\/","name":"Gjek\u00eb Gjonaj: Emblem\u00eb uinversale e detar\u00ebve dhe kusar\u00ebve shqiptar\u00eb - Lajme nga Ulqini","isPartOf":{"@id":"https:\/\/www.visit-ulcinj.com\/blog\/#website"},"primaryImageOfPage":{"@id":"https:\/\/www.visit-ulcinj.com\/blog\/2012\/04\/21\/gjeke-gjonaj-embleme-uinversale-e-detareve-dhe-kusareve-shqiptare\/#primaryimage"},"datePublished":"2012-04-21T13:22:28+00:00","dateModified":"2012-04-23T15:20:41+00:00","author":{"@id":"https:\/\/www.visit-ulcinj.com\/blog\/#\/schema\/person\/dcab619c614d3038751c63bc2aadc06d"},"description":"T\u00eb nderuar \u00a0lexues\u00a0 t\u00eb fjal\u00ebs s\u00eb bukur\u00a0 shqipe dhe dashamir\u00eb t\u00eb autorit t\u00eb k\u00ebsaj mbr\u00ebmje\u00a0 kam nderin q\u00eb\u00a0 para jush\u00a0 t\u00eb\u00a0 shpreh shkurtimisht\u00a0 pik\u00ebpamjet e","breadcrumb":{"@id":"https:\/\/www.visit-ulcinj.com\/blog\/2012\/04\/21\/gjeke-gjonaj-embleme-uinversale-e-detareve-dhe-kusareve-shqiptare\/#breadcrumb"},"inLanguage":"en-US","potentialAction":[{"@type":"ReadAction","target":["https:\/\/www.visit-ulcinj.com\/blog\/2012\/04\/21\/gjeke-gjonaj-embleme-uinversale-e-detareve-dhe-kusareve-shqiptare\/"]}]},{"@type":"BreadcrumbList","@id":"https:\/\/www.visit-ulcinj.com\/blog\/2012\/04\/21\/gjeke-gjonaj-embleme-uinversale-e-detareve-dhe-kusareve-shqiptare\/#breadcrumb","itemListElement":[{"@type":"ListItem","position":1,"name":"Gjek\u00eb Gjonaj: Emblem\u00eb uinversale e detar\u00ebve dhe kusar\u00ebve shqiptar\u00eb"}]},{"@type":"Person","@id":"https:\/\/www.visit-ulcinj.com\/blog\/#\/schema\/person\/dcab619c614d3038751c63bc2aadc06d","name":"ulqini","sameAs":["http:\/\/www.visit-ulcinj.com"],"url":"https:\/\/www.visit-ulcinj.com\/blog\/author\/admin\/"}]}},"jetpack_featured_media_url":"","jetpack_sharing_enabled":true,"jetpack_shortlink":"https:\/\/wp.me\/pe6lTn-frB","_links":{"self":[{"href":"https:\/\/www.visit-ulcinj.com\/blog\/wp-json\/wp\/v2\/posts\/59371"}],"collection":[{"href":"https:\/\/www.visit-ulcinj.com\/blog\/wp-json\/wp\/v2\/posts"}],"about":[{"href":"https:\/\/www.visit-ulcinj.com\/blog\/wp-json\/wp\/v2\/types\/post"}],"author":[{"embeddable":true,"href":"https:\/\/www.visit-ulcinj.com\/blog\/wp-json\/wp\/v2\/users\/1"}],"replies":[{"embeddable":true,"href":"https:\/\/www.visit-ulcinj.com\/blog\/wp-json\/wp\/v2\/comments?post=59371"}],"version-history":[{"count":3,"href":"https:\/\/www.visit-ulcinj.com\/blog\/wp-json\/wp\/v2\/posts\/59371\/revisions"}],"predecessor-version":[{"id":59543,"href":"https:\/\/www.visit-ulcinj.com\/blog\/wp-json\/wp\/v2\/posts\/59371\/revisions\/59543"}],"wp:attachment":[{"href":"https:\/\/www.visit-ulcinj.com\/blog\/wp-json\/wp\/v2\/media?parent=59371"}],"wp:term":[{"taxonomy":"category","embeddable":true,"href":"https:\/\/www.visit-ulcinj.com\/blog\/wp-json\/wp\/v2\/categories?post=59371"},{"taxonomy":"post_tag","embeddable":true,"href":"https:\/\/www.visit-ulcinj.com\/blog\/wp-json\/wp\/v2\/tags?post=59371"}],"curies":[{"name":"wp","href":"https:\/\/api.w.org\/{rel}","templated":true}]}}