{"id":59377,"date":"2012-04-21T14:42:45","date_gmt":"2012-04-21T13:42:45","guid":{"rendered":"http:\/\/www.visit-ulcinj.com\/blog\/?p=59377"},"modified":"2012-04-21T14:42:45","modified_gmt":"2012-04-21T13:42:45","slug":"tour-operators-blame-montenegros-government-for-failed-talks-with-ryanair","status":"publish","type":"post","link":"https:\/\/www.visit-ulcinj.com\/blog\/2012\/04\/21\/tour-operators-blame-montenegros-government-for-failed-talks-with-ryanair\/","title":{"rendered":"Tour operators blame Montenegro&#8217;s Government for failed talks with Ryanair"},"content":{"rendered":"<p><a href=\"http:\/\/www.visit-ulcinj.com\/blog\/wp-content\/uploads\/2012\/04\/Tour-operators-blame-Montenegros-Government-for-failed-talks-with-Ryanair.jpg\"><img loading=\"lazy\" class=\"alignleft  wp-image-59378\" title=\"Tour operators blame Montenegro's Government for failed talks with Ryanair\" src=\"http:\/\/www.visit-ulcinj.com\/blog\/wp-content\/uploads\/2012\/04\/Tour-operators-blame-Montenegros-Government-for-failed-talks-with-Ryanair.jpg\" alt=\"\" width=\"340\" height=\"420\" \/><\/a>Following another failed attempt to lure Ryanair to Montenegro, tour operators are blaming the country\u2019s government for the airline\u2019s disinterest. Operators warn that Montenegro is already an isolated island when it comes to cheap air fares. They believe that the government doesn\u2019t want low cost airlines to come to the country in order to protect Montenegro Airlines\u2019 monopoly. \u201cYou make it look as if you want to sign an agreement with a low cost airline but in reality you purposely stall the entire process. How come Croatia is so dumb to allow 22 low cost airlines to operate to its airports and we are so smart not to allow a single one\u201d, a representative from Yugotours, Vuka\u0161in \u0106ulafi\u0107, told Deutsche Welle recently. Tourism professor, Silvana Djura\u0161evi\u0107, claims that subsidising low cost airlines is the least the country can do, as the return from the investment will be much greater.<\/p>\n<p>Earlier in March the government said it had negotiated for Ryanair to launch flights to Podgorica from three cities in June. However, the announcement was followed by an angry reaction from the low cost airline, unhappy that details of the agreement were made public. It then decided not to sign the agreement with the Montenegrin government citing expensive fees at Podgorica Airport as its motive to stay away. Currently, out of all the former Yugoslav republics, Ryanair offers seasonal flights only to Croatia. This summer Ryanair is adding 270 new routes to its networks, although will shed 130 routes from last summer.<\/p>\n<p>The Minister for Sustainable Development and Tourism, Predrag Sekuli\u0107, says he will review the pricing policy of Airports of Montenegro, which runs both Podgorica and Tivat. \u201cLow cost airlines have a policy to open routes where they are subsidised. Their arrival will boost tourism. Low cost airlines don\u2019t bring tourists who are not willing to spend, on the contrary, these tourists want to have more money to spend during their holiday\u201d. In its defence, Airports of Montenegro says that it is playing a constructive, not a destructive role in bringing low cost carriers to the country. Despite Ryanair\u2019s absence the airport\u2019s management is certain that it will record strong passenger growth this year from May to September.<\/p>\n<p><strong><a href=\"http:\/\/www.balkans.com\/open-news.php?uniquenumber=142639\" target=\"_blank\">EX-YU Aviation News<br \/>\nBalkans.com<\/a><br \/>\n<\/strong><\/p>\n","protected":false},"excerpt":{"rendered":"<p>Following another failed attempt to lure Ryanair to Montenegro, tour operators are blaming the country\u2019s government for the airline\u2019s disinterest. Operators warn that Montenegro is already an isolated island when it comes to cheap air fares. They believe that the government doesn\u2019t want low cost airlines to come to the country in order to protect [&hellip;]<\/p>\n","protected":false},"author":1,"featured_media":0,"comment_status":"open","ping_status":"closed","sticky":false,"template":"","format":"standard","meta":{"spay_email":"","jetpack_publicize_message":"","jetpack_is_tweetstorm":false,"jetpack_publicize_feature_enabled":true},"categories":[7],"tags":[20321,17366],"jetpack_publicize_connections":[],"yoast_head":"<!-- This site is optimized with the Yoast SEO plugin v19.1 - https:\/\/yoast.com\/wordpress\/plugins\/seo\/ -->\n<title>Tour operators blame Montenegro&#039;s Government for failed talks with Ryanair - Lajme nga Ulqini<\/title>\n<meta name=\"description\" content=\"Following another failed attempt to lure Ryanair to Montenegro, tour operators are blaming the country\u2019s government for the airline\u2019s disinterest.\" \/>\n<meta name=\"robots\" content=\"index, follow, max-snippet:-1, max-image-preview:large, max-video-preview:-1\" \/>\n<link rel=\"canonical\" href=\"https:\/\/www.visit-ulcinj.com\/blog\/2012\/04\/21\/tour-operators-blame-montenegros-government-for-failed-talks-with-ryanair\/\" \/>\n<meta property=\"og:locale\" content=\"en_US\" \/>\n<meta property=\"og:type\" content=\"article\" \/>\n<meta property=\"og:title\" content=\"Tour operators blame Montenegro&#039;s Government for failed talks with Ryanair - Lajme nga Ulqini\" \/>\n<meta property=\"og:description\" content=\"Following another failed attempt to lure Ryanair to Montenegro, tour operators are blaming the country\u2019s government for the airline\u2019s disinterest.\" \/>\n<meta property=\"og:url\" content=\"https:\/\/www.visit-ulcinj.com\/blog\/2012\/04\/21\/tour-operators-blame-montenegros-government-for-failed-talks-with-ryanair\/\" \/>\n<meta property=\"og:site_name\" content=\"Lajme nga Ulqini\" \/>\n<meta property=\"article:published_time\" content=\"2012-04-21T13:42:45+00:00\" \/>\n<meta property=\"og:image\" content=\"http:\/\/www.visit-ulcinj.com\/blog\/wp-content\/uploads\/2012\/04\/Tour-operators-blame-Montenegros-Government-for-failed-talks-with-Ryanair.jpg\" \/>\n<meta name=\"twitter:label1\" content=\"Written by\" \/>\n\t<meta name=\"twitter:data1\" content=\"ulqini\" \/>\n\t<meta name=\"twitter:label2\" content=\"Est. reading time\" \/>\n\t<meta name=\"twitter:data2\" content=\"2 minutes\" \/>\n<script type=\"application\/ld+json\" class=\"yoast-schema-graph\">{\"@context\":\"https:\/\/schema.org\",\"@graph\":[{\"@type\":\"WebSite\",\"@id\":\"https:\/\/www.visit-ulcinj.com\/blog\/#website\",\"url\":\"https:\/\/www.visit-ulcinj.com\/blog\/\",\"name\":\"Lajme nga Ulqini\",\"description\":\"Lajme,Vijesti,Ulqini,Ulqin,Crna Gora,Mali i Zi\",\"potentialAction\":[{\"@type\":\"SearchAction\",\"target\":{\"@type\":\"EntryPoint\",\"urlTemplate\":\"https:\/\/www.visit-ulcinj.com\/blog\/?s={search_term_string}\"},\"query-input\":\"required name=search_term_string\"}],\"inLanguage\":\"en-US\"},{\"@type\":\"ImageObject\",\"inLanguage\":\"en-US\",\"@id\":\"https:\/\/www.visit-ulcinj.com\/blog\/2012\/04\/21\/tour-operators-blame-montenegros-government-for-failed-talks-with-ryanair\/#primaryimage\",\"url\":\"https:\/\/www.visit-ulcinj.com\/blog\/wp-content\/uploads\/2012\/04\/Tour-operators-blame-Montenegros-Government-for-failed-talks-with-Ryanair.jpg\",\"contentUrl\":\"https:\/\/www.visit-ulcinj.com\/blog\/wp-content\/uploads\/2012\/04\/Tour-operators-blame-Montenegros-Government-for-failed-talks-with-Ryanair.jpg\",\"width\":\"289\",\"height\":\"398\"},{\"@type\":\"WebPage\",\"@id\":\"https:\/\/www.visit-ulcinj.com\/blog\/2012\/04\/21\/tour-operators-blame-montenegros-government-for-failed-talks-with-ryanair\/#webpage\",\"url\":\"https:\/\/www.visit-ulcinj.com\/blog\/2012\/04\/21\/tour-operators-blame-montenegros-government-for-failed-talks-with-ryanair\/\",\"name\":\"Tour operators blame Montenegro's Government for failed talks with Ryanair - Lajme nga Ulqini\",\"isPartOf\":{\"@id\":\"https:\/\/www.visit-ulcinj.com\/blog\/#website\"},\"primaryImageOfPage\":{\"@id\":\"https:\/\/www.visit-ulcinj.com\/blog\/2012\/04\/21\/tour-operators-blame-montenegros-government-for-failed-talks-with-ryanair\/#primaryimage\"},\"datePublished\":\"2012-04-21T13:42:45+00:00\",\"dateModified\":\"2012-04-21T13:42:45+00:00\",\"author\":{\"@id\":\"https:\/\/www.visit-ulcinj.com\/blog\/#\/schema\/person\/dcab619c614d3038751c63bc2aadc06d\"},\"description\":\"Following another failed attempt to lure Ryanair to Montenegro, tour operators are blaming the country\u2019s government for the airline\u2019s disinterest.\",\"breadcrumb\":{\"@id\":\"https:\/\/www.visit-ulcinj.com\/blog\/2012\/04\/21\/tour-operators-blame-montenegros-government-for-failed-talks-with-ryanair\/#breadcrumb\"},\"inLanguage\":\"en-US\",\"potentialAction\":[{\"@type\":\"ReadAction\",\"target\":[\"https:\/\/www.visit-ulcinj.com\/blog\/2012\/04\/21\/tour-operators-blame-montenegros-government-for-failed-talks-with-ryanair\/\"]}]},{\"@type\":\"BreadcrumbList\",\"@id\":\"https:\/\/www.visit-ulcinj.com\/blog\/2012\/04\/21\/tour-operators-blame-montenegros-government-for-failed-talks-with-ryanair\/#breadcrumb\",\"itemListElement\":[{\"@type\":\"ListItem\",\"position\":1,\"name\":\"Tour operators blame Montenegro&#8217;s Government for failed talks with Ryanair\"}]},{\"@type\":\"Person\",\"@id\":\"https:\/\/www.visit-ulcinj.com\/blog\/#\/schema\/person\/dcab619c614d3038751c63bc2aadc06d\",\"name\":\"ulqini\",\"sameAs\":[\"http:\/\/www.visit-ulcinj.com\"],\"url\":\"https:\/\/www.visit-ulcinj.com\/blog\/author\/admin\/\"}]}<\/script>\n<!-- \/ Yoast SEO plugin. -->","yoast_head_json":{"title":"Tour operators blame Montenegro's Government for failed talks with Ryanair - Lajme nga Ulqini","description":"Following another failed attempt to lure Ryanair to Montenegro, tour operators are blaming the country\u2019s government for the airline\u2019s disinterest.","robots":{"index":"index","follow":"follow","max-snippet":"max-snippet:-1","max-image-preview":"max-image-preview:large","max-video-preview":"max-video-preview:-1"},"canonical":"https:\/\/www.visit-ulcinj.com\/blog\/2012\/04\/21\/tour-operators-blame-montenegros-government-for-failed-talks-with-ryanair\/","og_locale":"en_US","og_type":"article","og_title":"Tour operators blame Montenegro's Government for failed talks with Ryanair - Lajme nga Ulqini","og_description":"Following another failed attempt to lure Ryanair to Montenegro, tour operators are blaming the country\u2019s government for the airline\u2019s disinterest.","og_url":"https:\/\/www.visit-ulcinj.com\/blog\/2012\/04\/21\/tour-operators-blame-montenegros-government-for-failed-talks-with-ryanair\/","og_site_name":"Lajme nga Ulqini","article_published_time":"2012-04-21T13:42:45+00:00","og_image":[{"url":"http:\/\/www.visit-ulcinj.com\/blog\/wp-content\/uploads\/2012\/04\/Tour-operators-blame-Montenegros-Government-for-failed-talks-with-Ryanair.jpg"}],"twitter_misc":{"Written by":"ulqini","Est. reading time":"2 minutes"},"schema":{"@context":"https:\/\/schema.org","@graph":[{"@type":"WebSite","@id":"https:\/\/www.visit-ulcinj.com\/blog\/#website","url":"https:\/\/www.visit-ulcinj.com\/blog\/","name":"Lajme nga Ulqini","description":"Lajme,Vijesti,Ulqini,Ulqin,Crna Gora,Mali i Zi","potentialAction":[{"@type":"SearchAction","target":{"@type":"EntryPoint","urlTemplate":"https:\/\/www.visit-ulcinj.com\/blog\/?s={search_term_string}"},"query-input":"required name=search_term_string"}],"inLanguage":"en-US"},{"@type":"ImageObject","inLanguage":"en-US","@id":"https:\/\/www.visit-ulcinj.com\/blog\/2012\/04\/21\/tour-operators-blame-montenegros-government-for-failed-talks-with-ryanair\/#primaryimage","url":"https:\/\/www.visit-ulcinj.com\/blog\/wp-content\/uploads\/2012\/04\/Tour-operators-blame-Montenegros-Government-for-failed-talks-with-Ryanair.jpg","contentUrl":"https:\/\/www.visit-ulcinj.com\/blog\/wp-content\/uploads\/2012\/04\/Tour-operators-blame-Montenegros-Government-for-failed-talks-with-Ryanair.jpg","width":"289","height":"398"},{"@type":"WebPage","@id":"https:\/\/www.visit-ulcinj.com\/blog\/2012\/04\/21\/tour-operators-blame-montenegros-government-for-failed-talks-with-ryanair\/#webpage","url":"https:\/\/www.visit-ulcinj.com\/blog\/2012\/04\/21\/tour-operators-blame-montenegros-government-for-failed-talks-with-ryanair\/","name":"Tour operators blame Montenegro's Government for failed talks with Ryanair - Lajme nga Ulqini","isPartOf":{"@id":"https:\/\/www.visit-ulcinj.com\/blog\/#website"},"primaryImageOfPage":{"@id":"https:\/\/www.visit-ulcinj.com\/blog\/2012\/04\/21\/tour-operators-blame-montenegros-government-for-failed-talks-with-ryanair\/#primaryimage"},"datePublished":"2012-04-21T13:42:45+00:00","dateModified":"2012-04-21T13:42:45+00:00","author":{"@id":"https:\/\/www.visit-ulcinj.com\/blog\/#\/schema\/person\/dcab619c614d3038751c63bc2aadc06d"},"description":"Following another failed attempt to lure Ryanair to Montenegro, tour operators are blaming the country\u2019s government for the airline\u2019s disinterest.","breadcrumb":{"@id":"https:\/\/www.visit-ulcinj.com\/blog\/2012\/04\/21\/tour-operators-blame-montenegros-government-for-failed-talks-with-ryanair\/#breadcrumb"},"inLanguage":"en-US","potentialAction":[{"@type":"ReadAction","target":["https:\/\/www.visit-ulcinj.com\/blog\/2012\/04\/21\/tour-operators-blame-montenegros-government-for-failed-talks-with-ryanair\/"]}]},{"@type":"BreadcrumbList","@id":"https:\/\/www.visit-ulcinj.com\/blog\/2012\/04\/21\/tour-operators-blame-montenegros-government-for-failed-talks-with-ryanair\/#breadcrumb","itemListElement":[{"@type":"ListItem","position":1,"name":"Tour operators blame Montenegro&#8217;s Government for failed talks with Ryanair"}]},{"@type":"Person","@id":"https:\/\/www.visit-ulcinj.com\/blog\/#\/schema\/person\/dcab619c614d3038751c63bc2aadc06d","name":"ulqini","sameAs":["http:\/\/www.visit-ulcinj.com"],"url":"https:\/\/www.visit-ulcinj.com\/blog\/author\/admin\/"}]}},"jetpack_featured_media_url":"","jetpack_sharing_enabled":true,"jetpack_shortlink":"https:\/\/wp.me\/pe6lTn-frH","_links":{"self":[{"href":"https:\/\/www.visit-ulcinj.com\/blog\/wp-json\/wp\/v2\/posts\/59377"}],"collection":[{"href":"https:\/\/www.visit-ulcinj.com\/blog\/wp-json\/wp\/v2\/posts"}],"about":[{"href":"https:\/\/www.visit-ulcinj.com\/blog\/wp-json\/wp\/v2\/types\/post"}],"author":[{"embeddable":true,"href":"https:\/\/www.visit-ulcinj.com\/blog\/wp-json\/wp\/v2\/users\/1"}],"replies":[{"embeddable":true,"href":"https:\/\/www.visit-ulcinj.com\/blog\/wp-json\/wp\/v2\/comments?post=59377"}],"version-history":[{"count":1,"href":"https:\/\/www.visit-ulcinj.com\/blog\/wp-json\/wp\/v2\/posts\/59377\/revisions"}],"predecessor-version":[{"id":59379,"href":"https:\/\/www.visit-ulcinj.com\/blog\/wp-json\/wp\/v2\/posts\/59377\/revisions\/59379"}],"wp:attachment":[{"href":"https:\/\/www.visit-ulcinj.com\/blog\/wp-json\/wp\/v2\/media?parent=59377"}],"wp:term":[{"taxonomy":"category","embeddable":true,"href":"https:\/\/www.visit-ulcinj.com\/blog\/wp-json\/wp\/v2\/categories?post=59377"},{"taxonomy":"post_tag","embeddable":true,"href":"https:\/\/www.visit-ulcinj.com\/blog\/wp-json\/wp\/v2\/tags?post=59377"}],"curies":[{"name":"wp","href":"https:\/\/api.w.org\/{rel}","templated":true}]}}