{"id":5938,"date":"2008-11-13T14:23:06","date_gmt":"2008-11-13T19:23:06","guid":{"rendered":"http:\/\/www.visit-ulcinj.com\/blog\/?p=5938"},"modified":"2008-11-13T14:23:06","modified_gmt":"2008-11-13T19:23:06","slug":"labinot-tahiri-labivideoklipi-i-ri-dhurate-per-festat-e-fundvitit","status":"publish","type":"post","link":"https:\/\/www.visit-ulcinj.com\/blog\/2008\/11\/13\/labinot-tahiri-labivideoklipi-i-ri-dhurate-per-festat-e-fundvitit\/","title":{"rendered":"Labinot Tahiri &#8211; Labi:Videoklipi i ri, dhurat\u00eb p\u00ebr festat e fundvitit"},"content":{"rendered":"<p><a href=\"http:\/\/www.visit-ulcinj.com\/blog\/wp-content\/uploads\/2008\/11\/labinot-tahiri.jpg\"><img loading=\"lazy\" class=\"alignleft size-medium wp-image-5939\" title=\"labinot-tahiri\" src=\"http:\/\/www.visit-ulcinj.com\/blog\/wp-content\/uploads\/2008\/11\/labinot-tahiri-192x300.jpg\" alt=\"\" width=\"192\" height=\"300\" srcset=\"https:\/\/www.visit-ulcinj.com\/blog\/wp-content\/uploads\/2008\/11\/labinot-tahiri-192x300.jpg 192w, https:\/\/www.visit-ulcinj.com\/blog\/wp-content\/uploads\/2008\/11\/labinot-tahiri.jpg 320w\" sizes=\"(max-width: 192px) 100vw, 192px\" \/><\/a><strong>Bised\u00eb: Labinot Tahiri &#8211; Labi<br \/>\nVideoklipi i ri, dhurat\u00eb p\u00ebr festat e fundvitit<\/strong><br \/>\n\u201cKa disa jav\u00eb q\u00eb kam nisur xhirimet e reja n\u00ebp\u00ebr televizionet tona vendore dhe me k\u00ebto do t\u00eb p\u00ebrgatitet emisioni arg\u00ebtues p\u00ebr festat e fundvitit. N\u00eb k\u00ebto xhirime jam duke u paraqitur me k\u00ebng\u00eb t\u00eb rip\u00ebrpunuara, do t\u00eb ket\u00eb edhe k\u00ebng\u00eb t\u00eb reja, me t\u00eb cilat besoj se do t\u00eb arrij t\u2019i k\u00ebnaq adhuruesit e mi kudo q\u00eb jan\u00eb\u201d, ka th\u00ebn\u00eb Labi<br \/>\nLabinot Tahiri s\u2019ka t\u00eb ndalur me paraqitjet e tij, me k\u00ebng\u00eb dhe videoklipe t\u00eb reja. Jan\u00eb t\u00eb shumt\u00eb artdash\u00ebsit e tij brenda dhe jasht\u00eb vendit. Labi momentalisht thot\u00eb se \u00ebsht\u00eb i angazhuar me xhirimet e reja, me t\u00eb cilat do t\u00eb paraqitet p\u00ebr festat e fundvitit. \u201cKa disa jav\u00eb q\u00eb kam nisur xhirimet e reja n\u00ebp\u00ebr televizionet tona vendore dhe me k\u00ebto do t\u00eb p\u00ebrgatitet emisioni arg\u00ebtues p\u00ebr festat e fundvitit. N\u00eb k\u00ebto xhirime jam duke u paraqitur me k\u00ebng\u00eb t\u00eb rip\u00ebrpunuara, do t\u00eb ket\u00eb edhe k\u00ebng\u00eb t\u00eb reja, me t\u00eb cilat besoj se do t\u00eb arrij t\u2019i k\u00ebnaq adhuruesit e mi kudo q\u00eb jan\u00eb\u201d, shprehet Labi p\u00ebr \u201cKosova Sot\u201d. P\u00ebrve\u00e7 xhirimeve, Labi gjat\u00eb k\u00ebtyre muajve \u00ebsht\u00eb i angazhuar n\u00eb \u00e7do fundjav\u00eb n\u00eb diaspor\u00eb, me mbr\u00ebmje muzikore. \u201cN\u00eb sezonin e ver\u00ebs kam qen\u00eb m\u00eb i angazhuar n\u00ebp\u00ebr bregdete, n\u00eb Ulqin dhe n\u00eb Shqip\u00ebri, nd\u00ebrsa tani n\u00eb k\u00ebt\u00eb sezon vjeshte jam m\u00eb shum\u00eb i angazhuar n\u00eb diaspor\u00eb\u201d, thot\u00eb ai. Edhe p\u00ebr Fest\u00ebn e Flamurit, e cila po afrohet, Labi \u00ebsht\u00eb i angazhuar n\u00eb diaspor\u00eb. Nd\u00ebrsa, n\u00eb nat\u00ebn e vitit t\u00eb ri, pik\u00ebrisht n\u00eb nd\u00ebrrimin e motmoteve, ai do t\u00eb jet\u00eb n\u00eb diskotek\u00ebn \u201cRinora 4\u201d n\u00eb Zvic\u00ebr. \u201cNe k\u00ebng\u00ebtar\u00ebt nuk mund t\u00eb pushojm\u00eb as p\u00ebr festa, madje shum\u00eb prej tyre gjendem n\u00eb diaspor\u00eb, k\u00ebshtu q\u00eb m\u00eb duhet t\u00eb jem larg familjes dhe larg t\u00eb gjith\u00ebve, mir\u00ebpo prap\u00eb ndjehem i lumtur q\u00eb po arrij t\u2019i k\u00ebnaq adhuruesit e mi jasht\u00eb vendit\u201d, thot\u00eb ai. Labi, p\u00ebrve\u00e7 q\u00eb do t\u00eb paraqitet me k\u00ebng\u00eb t\u00eb reja n\u00eb k\u00ebt\u00eb fundvit, ai do t\u00eb realizoj\u00eb edhe nj\u00eb videoklip t\u00eb ri, p\u00ebr t\u00eb cilin nuk preferon t\u00eb zbuloj\u00eb shum\u00eb. \u201cNuk dua t\u00eb flas p\u00ebr m\u00ebnyr\u00ebn e realizimit t\u00eb videoklipit t\u00eb ri, besoj se do t\u00eb jet\u00eb nj\u00eb k\u00ebng\u00eb e mir\u00eb e realizuar me videoklip cil\u00ebsor dhe t\u00eb pasur. Shpresoj se do t\u2019u p\u00eblqej\u00eb t\u00eb gjith\u00ebve\u201d, shton ai. Planet e Labit jan\u00eb t\u00eb shumta, mir\u00ebpo me pun\u00eb dhe vullnet t\u00eb mir\u00eb shpreson t\u2019i realizoj\u00eb. N\u00eb t\u00eb ardhmen, ai do t\u00eb realizoj\u00eb live edhe nj\u00eb album tjet\u00ebr p\u00ebr adhuruesit e tij, ku disa k\u00ebng\u00eb t\u00eb reja do t\u2019i k\u00ebndoj\u00eb n\u00eb duet me motr\u00ebn e tij Anduen\u00ebn.<br \/>\n<strong>K. BAJRAMI<br \/>\nKosova Sot<\/strong><\/p>\n<!--YouTube Error: bad URL entered-->\n","protected":false},"excerpt":{"rendered":"<p>Bised\u00eb: Labinot Tahiri &#8211; Labi Videoklipi i ri, dhurat\u00eb p\u00ebr festat e fundvitit \u201cKa disa jav\u00eb q\u00eb kam nisur xhirimet e reja n\u00ebp\u00ebr televizionet tona vendore dhe me k\u00ebto do t\u00eb p\u00ebrgatitet emisioni arg\u00ebtues p\u00ebr festat e fundvitit. N\u00eb k\u00ebto xhirime jam duke u paraqitur me k\u00ebng\u00eb t\u00eb rip\u00ebrpunuara, do t\u00eb ket\u00eb edhe k\u00ebng\u00eb t\u00eb [&hellip;]<\/p>\n","protected":false},"author":1,"featured_media":0,"comment_status":"open","ping_status":"closed","sticky":false,"template":"","format":"standard","meta":{"spay_email":"","jetpack_publicize_message":"","jetpack_is_tweetstorm":false,"jetpack_publicize_feature_enabled":true},"categories":[1],"tags":[5016],"jetpack_publicize_connections":[],"yoast_head":"<!-- This site is optimized with the Yoast SEO plugin v19.1 - https:\/\/yoast.com\/wordpress\/plugins\/seo\/ -->\n<title>Labinot Tahiri - Labi:Videoklipi i ri, dhurat\u00eb p\u00ebr festat e fundvitit - Lajme nga Ulqini<\/title>\n<meta name=\"description\" content=\"Bised\u00eb: Labinot Tahiri - Labi Videoklipi i ri, dhurat\u00eb p\u00ebr festat e fundvitit \u201cKa disa jav\u00eb q\u00eb kam nisur xhirimet e reja n\u00ebp\u00ebr televizionet tona vendore\" \/>\n<meta name=\"robots\" content=\"index, follow, max-snippet:-1, max-image-preview:large, max-video-preview:-1\" \/>\n<link rel=\"canonical\" href=\"https:\/\/www.visit-ulcinj.com\/blog\/2008\/11\/13\/labinot-tahiri-labivideoklipi-i-ri-dhurate-per-festat-e-fundvitit\/\" \/>\n<meta property=\"og:locale\" content=\"en_US\" \/>\n<meta property=\"og:type\" content=\"article\" \/>\n<meta property=\"og:title\" content=\"Labinot Tahiri - Labi:Videoklipi i ri, dhurat\u00eb p\u00ebr festat e fundvitit - Lajme nga Ulqini\" \/>\n<meta property=\"og:description\" content=\"Bised\u00eb: Labinot Tahiri - Labi Videoklipi i ri, dhurat\u00eb p\u00ebr festat e fundvitit \u201cKa disa jav\u00eb q\u00eb kam nisur xhirimet e reja n\u00ebp\u00ebr televizionet tona vendore\" \/>\n<meta property=\"og:url\" content=\"https:\/\/www.visit-ulcinj.com\/blog\/2008\/11\/13\/labinot-tahiri-labivideoklipi-i-ri-dhurate-per-festat-e-fundvitit\/\" \/>\n<meta property=\"og:site_name\" content=\"Lajme nga Ulqini\" \/>\n<meta property=\"article:published_time\" content=\"2008-11-13T19:23:06+00:00\" \/>\n<meta property=\"og:image\" content=\"http:\/\/www.visit-ulcinj.com\/blog\/wp-content\/uploads\/2008\/11\/labinot-tahiri-192x300.jpg\" \/>\n<meta name=\"twitter:label1\" content=\"Written by\" \/>\n\t<meta name=\"twitter:data1\" content=\"ulqini\" \/>\n\t<meta name=\"twitter:label2\" content=\"Est. reading time\" \/>\n\t<meta name=\"twitter:data2\" content=\"3 minutes\" \/>\n<script type=\"application\/ld+json\" class=\"yoast-schema-graph\">{\"@context\":\"https:\/\/schema.org\",\"@graph\":[{\"@type\":\"WebSite\",\"@id\":\"https:\/\/www.visit-ulcinj.com\/blog\/#website\",\"url\":\"https:\/\/www.visit-ulcinj.com\/blog\/\",\"name\":\"Lajme nga Ulqini\",\"description\":\"Lajme,Vijesti,Ulqini,Ulqin,Crna Gora,Mali i Zi\",\"potentialAction\":[{\"@type\":\"SearchAction\",\"target\":{\"@type\":\"EntryPoint\",\"urlTemplate\":\"https:\/\/www.visit-ulcinj.com\/blog\/?s={search_term_string}\"},\"query-input\":\"required name=search_term_string\"}],\"inLanguage\":\"en-US\"},{\"@type\":\"ImageObject\",\"inLanguage\":\"en-US\",\"@id\":\"https:\/\/www.visit-ulcinj.com\/blog\/2008\/11\/13\/labinot-tahiri-labivideoklipi-i-ri-dhurate-per-festat-e-fundvitit\/#primaryimage\",\"url\":\"http:\/\/www.visit-ulcinj.com\/blog\/wp-content\/uploads\/2008\/11\/labinot-tahiri-192x300.jpg\",\"contentUrl\":\"http:\/\/www.visit-ulcinj.com\/blog\/wp-content\/uploads\/2008\/11\/labinot-tahiri-192x300.jpg\"},{\"@type\":\"WebPage\",\"@id\":\"https:\/\/www.visit-ulcinj.com\/blog\/2008\/11\/13\/labinot-tahiri-labivideoklipi-i-ri-dhurate-per-festat-e-fundvitit\/#webpage\",\"url\":\"https:\/\/www.visit-ulcinj.com\/blog\/2008\/11\/13\/labinot-tahiri-labivideoklipi-i-ri-dhurate-per-festat-e-fundvitit\/\",\"name\":\"Labinot Tahiri - Labi:Videoklipi i ri, dhurat\u00eb p\u00ebr festat e fundvitit - Lajme nga Ulqini\",\"isPartOf\":{\"@id\":\"https:\/\/www.visit-ulcinj.com\/blog\/#website\"},\"primaryImageOfPage\":{\"@id\":\"https:\/\/www.visit-ulcinj.com\/blog\/2008\/11\/13\/labinot-tahiri-labivideoklipi-i-ri-dhurate-per-festat-e-fundvitit\/#primaryimage\"},\"datePublished\":\"2008-11-13T19:23:06+00:00\",\"dateModified\":\"2008-11-13T19:23:06+00:00\",\"author\":{\"@id\":\"https:\/\/www.visit-ulcinj.com\/blog\/#\/schema\/person\/dcab619c614d3038751c63bc2aadc06d\"},\"description\":\"Bised\u00eb: Labinot Tahiri - Labi Videoklipi i ri, dhurat\u00eb p\u00ebr festat e fundvitit \u201cKa disa jav\u00eb q\u00eb kam nisur xhirimet e reja n\u00ebp\u00ebr televizionet tona vendore\",\"breadcrumb\":{\"@id\":\"https:\/\/www.visit-ulcinj.com\/blog\/2008\/11\/13\/labinot-tahiri-labivideoklipi-i-ri-dhurate-per-festat-e-fundvitit\/#breadcrumb\"},\"inLanguage\":\"en-US\",\"potentialAction\":[{\"@type\":\"ReadAction\",\"target\":[\"https:\/\/www.visit-ulcinj.com\/blog\/2008\/11\/13\/labinot-tahiri-labivideoklipi-i-ri-dhurate-per-festat-e-fundvitit\/\"]}]},{\"@type\":\"BreadcrumbList\",\"@id\":\"https:\/\/www.visit-ulcinj.com\/blog\/2008\/11\/13\/labinot-tahiri-labivideoklipi-i-ri-dhurate-per-festat-e-fundvitit\/#breadcrumb\",\"itemListElement\":[{\"@type\":\"ListItem\",\"position\":1,\"name\":\"Labinot Tahiri &#8211; Labi:Videoklipi i ri, dhurat\u00eb p\u00ebr festat e fundvitit\"}]},{\"@type\":\"Person\",\"@id\":\"https:\/\/www.visit-ulcinj.com\/blog\/#\/schema\/person\/dcab619c614d3038751c63bc2aadc06d\",\"name\":\"ulqini\",\"sameAs\":[\"http:\/\/www.visit-ulcinj.com\"],\"url\":\"https:\/\/www.visit-ulcinj.com\/blog\/author\/admin\/\"}]}<\/script>\n<!-- \/ Yoast SEO plugin. -->","yoast_head_json":{"title":"Labinot Tahiri - Labi:Videoklipi i ri, dhurat\u00eb p\u00ebr festat e fundvitit - Lajme nga Ulqini","description":"Bised\u00eb: Labinot Tahiri - Labi Videoklipi i ri, dhurat\u00eb p\u00ebr festat e fundvitit \u201cKa disa jav\u00eb q\u00eb kam nisur xhirimet e reja n\u00ebp\u00ebr televizionet tona vendore","robots":{"index":"index","follow":"follow","max-snippet":"max-snippet:-1","max-image-preview":"max-image-preview:large","max-video-preview":"max-video-preview:-1"},"canonical":"https:\/\/www.visit-ulcinj.com\/blog\/2008\/11\/13\/labinot-tahiri-labivideoklipi-i-ri-dhurate-per-festat-e-fundvitit\/","og_locale":"en_US","og_type":"article","og_title":"Labinot Tahiri - Labi:Videoklipi i ri, dhurat\u00eb p\u00ebr festat e fundvitit - Lajme nga Ulqini","og_description":"Bised\u00eb: Labinot Tahiri - Labi Videoklipi i ri, dhurat\u00eb p\u00ebr festat e fundvitit \u201cKa disa jav\u00eb q\u00eb kam nisur xhirimet e reja n\u00ebp\u00ebr televizionet tona vendore","og_url":"https:\/\/www.visit-ulcinj.com\/blog\/2008\/11\/13\/labinot-tahiri-labivideoklipi-i-ri-dhurate-per-festat-e-fundvitit\/","og_site_name":"Lajme nga Ulqini","article_published_time":"2008-11-13T19:23:06+00:00","og_image":[{"url":"http:\/\/www.visit-ulcinj.com\/blog\/wp-content\/uploads\/2008\/11\/labinot-tahiri-192x300.jpg"}],"twitter_misc":{"Written by":"ulqini","Est. reading time":"3 minutes"},"schema":{"@context":"https:\/\/schema.org","@graph":[{"@type":"WebSite","@id":"https:\/\/www.visit-ulcinj.com\/blog\/#website","url":"https:\/\/www.visit-ulcinj.com\/blog\/","name":"Lajme nga Ulqini","description":"Lajme,Vijesti,Ulqini,Ulqin,Crna Gora,Mali i Zi","potentialAction":[{"@type":"SearchAction","target":{"@type":"EntryPoint","urlTemplate":"https:\/\/www.visit-ulcinj.com\/blog\/?s={search_term_string}"},"query-input":"required name=search_term_string"}],"inLanguage":"en-US"},{"@type":"ImageObject","inLanguage":"en-US","@id":"https:\/\/www.visit-ulcinj.com\/blog\/2008\/11\/13\/labinot-tahiri-labivideoklipi-i-ri-dhurate-per-festat-e-fundvitit\/#primaryimage","url":"http:\/\/www.visit-ulcinj.com\/blog\/wp-content\/uploads\/2008\/11\/labinot-tahiri-192x300.jpg","contentUrl":"http:\/\/www.visit-ulcinj.com\/blog\/wp-content\/uploads\/2008\/11\/labinot-tahiri-192x300.jpg"},{"@type":"WebPage","@id":"https:\/\/www.visit-ulcinj.com\/blog\/2008\/11\/13\/labinot-tahiri-labivideoklipi-i-ri-dhurate-per-festat-e-fundvitit\/#webpage","url":"https:\/\/www.visit-ulcinj.com\/blog\/2008\/11\/13\/labinot-tahiri-labivideoklipi-i-ri-dhurate-per-festat-e-fundvitit\/","name":"Labinot Tahiri - Labi:Videoklipi i ri, dhurat\u00eb p\u00ebr festat e fundvitit - Lajme nga Ulqini","isPartOf":{"@id":"https:\/\/www.visit-ulcinj.com\/blog\/#website"},"primaryImageOfPage":{"@id":"https:\/\/www.visit-ulcinj.com\/blog\/2008\/11\/13\/labinot-tahiri-labivideoklipi-i-ri-dhurate-per-festat-e-fundvitit\/#primaryimage"},"datePublished":"2008-11-13T19:23:06+00:00","dateModified":"2008-11-13T19:23:06+00:00","author":{"@id":"https:\/\/www.visit-ulcinj.com\/blog\/#\/schema\/person\/dcab619c614d3038751c63bc2aadc06d"},"description":"Bised\u00eb: Labinot Tahiri - Labi Videoklipi i ri, dhurat\u00eb p\u00ebr festat e fundvitit \u201cKa disa jav\u00eb q\u00eb kam nisur xhirimet e reja n\u00ebp\u00ebr televizionet tona vendore","breadcrumb":{"@id":"https:\/\/www.visit-ulcinj.com\/blog\/2008\/11\/13\/labinot-tahiri-labivideoklipi-i-ri-dhurate-per-festat-e-fundvitit\/#breadcrumb"},"inLanguage":"en-US","potentialAction":[{"@type":"ReadAction","target":["https:\/\/www.visit-ulcinj.com\/blog\/2008\/11\/13\/labinot-tahiri-labivideoklipi-i-ri-dhurate-per-festat-e-fundvitit\/"]}]},{"@type":"BreadcrumbList","@id":"https:\/\/www.visit-ulcinj.com\/blog\/2008\/11\/13\/labinot-tahiri-labivideoklipi-i-ri-dhurate-per-festat-e-fundvitit\/#breadcrumb","itemListElement":[{"@type":"ListItem","position":1,"name":"Labinot Tahiri &#8211; Labi:Videoklipi i ri, dhurat\u00eb p\u00ebr festat e fundvitit"}]},{"@type":"Person","@id":"https:\/\/www.visit-ulcinj.com\/blog\/#\/schema\/person\/dcab619c614d3038751c63bc2aadc06d","name":"ulqini","sameAs":["http:\/\/www.visit-ulcinj.com"],"url":"https:\/\/www.visit-ulcinj.com\/blog\/author\/admin\/"}]}},"jetpack_featured_media_url":"","jetpack_sharing_enabled":true,"jetpack_shortlink":"https:\/\/wp.me\/pe6lTn-1xM","_links":{"self":[{"href":"https:\/\/www.visit-ulcinj.com\/blog\/wp-json\/wp\/v2\/posts\/5938"}],"collection":[{"href":"https:\/\/www.visit-ulcinj.com\/blog\/wp-json\/wp\/v2\/posts"}],"about":[{"href":"https:\/\/www.visit-ulcinj.com\/blog\/wp-json\/wp\/v2\/types\/post"}],"author":[{"embeddable":true,"href":"https:\/\/www.visit-ulcinj.com\/blog\/wp-json\/wp\/v2\/users\/1"}],"replies":[{"embeddable":true,"href":"https:\/\/www.visit-ulcinj.com\/blog\/wp-json\/wp\/v2\/comments?post=5938"}],"version-history":[{"count":0,"href":"https:\/\/www.visit-ulcinj.com\/blog\/wp-json\/wp\/v2\/posts\/5938\/revisions"}],"wp:attachment":[{"href":"https:\/\/www.visit-ulcinj.com\/blog\/wp-json\/wp\/v2\/media?parent=5938"}],"wp:term":[{"taxonomy":"category","embeddable":true,"href":"https:\/\/www.visit-ulcinj.com\/blog\/wp-json\/wp\/v2\/categories?post=5938"},{"taxonomy":"post_tag","embeddable":true,"href":"https:\/\/www.visit-ulcinj.com\/blog\/wp-json\/wp\/v2\/tags?post=5938"}],"curies":[{"name":"wp","href":"https:\/\/api.w.org\/{rel}","templated":true}]}}