{"id":59386,"date":"2012-04-21T15:39:17","date_gmt":"2012-04-21T14:39:17","guid":{"rendered":"http:\/\/www.visit-ulcinj.com\/blog\/?p=59386"},"modified":"2012-04-29T13:46:05","modified_gmt":"2012-04-29T12:46:05","slug":"ulqini-ne-forumin-e-pare-nderkombetar-ekonomik-ne-kosove","status":"publish","type":"post","link":"https:\/\/www.visit-ulcinj.com\/blog\/2012\/04\/21\/ulqini-ne-forumin-e-pare-nderkombetar-ekonomik-ne-kosove\/","title":{"rendered":"Ulqini n\u00eb forumin e par\u00eb nderkomb\u00ebtar ekonomik n\u00eb Kosov\u00eb &#8211; Foto"},"content":{"rendered":"<p><strong><a href=\"http:\/\/www.visit-ulcinj.com\/blog\/wp-content\/uploads\/2012\/04\/Ulqini-n\u00eb-forumin-e-par\u00eb-nderkomb\u00ebtar-ekonomik-n\u00eb-Kosov\u00eb.jpg\"><img loading=\"lazy\" class=\"alignleft  wp-image-59388\" title=\"Ulqini n\u00eb forumin e par\u00eb nderkomb\u00ebtar ekonomik n\u00eb Kosov\u00eb\" src=\"http:\/\/www.visit-ulcinj.com\/blog\/wp-content\/uploads\/2012\/04\/Ulqini-n\u00eb-forumin-e-par\u00eb-nderkomb\u00ebtar-ekonomik-n\u00eb-Kosov\u00eb.jpg\" alt=\"\" width=\"508\" height=\"360\" \/><\/a>U mbajt Forumi i par\u00eb Ekonomik Nd\u00ebr-komb\u00ebtar<\/strong><\/p>\n<p><strong>Kosova ofron mbi 110 mij\u00eb mund\u00ebsi bashk\u00eb investimi<\/strong><\/p>\n<p>Aleanca Kosovare e Bizneseve dhe institucionet nga pes\u00eb shtetet ku jetojn\u00eb shqiptar\u00ebt mbajt\u00ebn Forumin e Par\u00eb Ekonomik Nd\u00ebrkomb\u00ebtar n\u00eb Prishtin\u00eb, me tem\u00eb \u201cKosova, shtet i art\u00eb p\u00ebr investime\u201d, si pjes\u00eb e projektit \u201cJav\u00ebt e Biznesit Komb\u00ebtar\u201d. N\u00eb k\u00ebt\u00eb forum ishin t\u00eb pranish\u00ebm zyrtar\u00eb institucionesh, ambasador e biznese nga Kosova. Shqip\u00ebria, Maqedonia, Mali Zi, Kosova Lindore dhe shtete tjera. Forumi \u00ebsht\u00eb nj\u00eb mund\u00ebsi e mir\u00eb p\u00ebr Kosov\u00ebn q\u00eb prezantoj\u00eb mund\u00ebsit\u00eb p\u00ebr investime t\u00eb huaja n\u00eb Kosov\u00eb.<br \/>\n&#8211; Agim Shahini, kryetar i Aleanc\u00ebs s\u00eb Bizneseve t\u00eb Kosov\u00ebs, tha se ky forum si pjes\u00eb e projektit gjigant \u201cJav\u00ebt e Biznesit Komb\u00ebtar\u201d, t\u00eb iniciuar nga AKB-ja, ka p\u00ebr q\u00ebllim q\u00eb t\u00eb ulen n\u00eb nj\u00eb tavolin\u00eb t\u00eb gjith\u00eb akter\u00ebt kryesor\u00eb t\u00eb p\u00ebrfshir\u00eb n\u00eb jet\u00ebn ekonomike t\u00eb vendeve tona dhe t\u00eb arrihet shk\u00ebmbimi i informative mbi potencialet q\u00eb ofrojn\u00eb shtet tona p\u00ebr investime ekonomike dhe shk\u00ebmbime tregtare.<\/p>\n<p>\u201cPo e prezantoi Kosov\u00ebn nj\u00eb shtet i art\u00eb p\u00ebr investime. Kosova \u00ebsht\u00eb nj\u00eb nga shtetet q\u00eb m\u00eb s\u00eb shumti promovon stabilitet ekonomik dhe politik n\u00eb rajon,ku t\u00eb drejtat e njeriut, p\u00ebrcaktimet fetare, politike, etnike, minoritetet dhe gjinia fem\u00ebrore jan\u00eb prioritet I respektimit t\u00eb demokracis\u00eb n\u00eb t\u00eb gjitha institucionet, ku garancin\u00eb e jep Kushtetuta e Republik\u00ebs s\u00eb Kosov\u00ebs\u201d, tha Agim Shahini.<\/p>\n<p>Kreu i AKB-s\u00eb shtoi se nuk \u00ebsht\u00eb e panjohur ideja e lancimit t\u00eb Kosov\u00ebs si nj\u00eb \u201cEl Dorado\u201d t\u00eb koh\u00ebve moderne, ku sigurisht nuk do t\u00eb gjeni rrug\u00eb dhe nd\u00ebrtesa t\u00eb b\u00ebra prej arit, por do t\u00eb gjeni mund\u00ebsi dhe pun\u00ebtor\u00eb t\u00eb art\u00eb, taksa t\u00eb ul\u00ebta dhe mb\u00ebshtetje t\u00eb pakufishme nga shteti i Kosov\u00ebs n\u00eb iniciativat e biznesit.<\/p>\n<p>\u201cE njehni Kosov\u00ebn, por jam n\u00eb m\u00ebdyshje n\u00ebse e njihni ekonomin\u00eb n\u00eb zhvillim t\u00eb Kosov\u00ebs dhe mund\u00ebsit\u00eb e m\u00ebdha q\u00eb ofro ajo. Ju jap jo pak arsye p\u00ebr mund\u00ebsit\u00eb e m\u00ebdha q\u00eb ofron tregu p\u00ebr investime\u201d,tha Agim Shahini.<\/p>\n<p>Kryetari i Aleanc\u00ebs s\u00eb Bizneseve t\u00eb Kosov\u00ebs dha dhjet\u00eb arsyet p\u00ebrse duhet investuar n\u00eb Kosov\u00eb. K\u00ebto fusha dhe leht\u00ebsia p\u00ebrmendi burimet njer\u00ebzore, sistemi i taksave, rruga drejt zhvillime evro-atlantike, transporti, privatizimi, investimet n\u00eb pasurit\u00eb n\u00ebntok\u00ebsore dhe energji, investime n\u00eb bujq\u00ebsi, turiz\u00ebm dhe investimet n\u00eb tregun financiar.<\/p>\n<p>Ai shtoi se nj\u00eb shembull i mir\u00eb \u00ebsht\u00eb shifra e 110 mij\u00eb bizneseve n\u00eb Kosov\u00eb, t\u00eb cilat ofrojn\u00eb 110 mij\u00eb mund\u00ebsi t\u00eb reja bashk\u00ebpunimi dhe bashk\u00eb investimi.<\/p>\n<p>\u201cNe besojm\u00eb n\u00eb sinqeritetin dhe interesimin tuaj. Oferta jon\u00eb do t\u2019iu shtyj t\u00eb mendoni mund\u00ebsit e shfryt\u00ebzimit t\u00eb potencialit q\u00eb ka Kosova p\u00ebr ju\u201d, tha kryetari i AKB-s\u00eb Agim Shahini.<\/p>\n<p>Sipas tij n\u00eb k\u00ebt\u00eb forum jan\u00eb t\u00eb pranish\u00ebm mbi tet\u00eb shtete me 250 delegat\u00eb dhe industrialist\u00eb nga sektori i prodhimit, sh\u00ebrbimeve dhe t\u00eb tregtis\u00eb, infrastruktur\u00ebs, energjis\u00eb, arsimit, sh\u00ebndet\u00ebsis\u00eb e fushave tjera.<br \/>\n<a href=\"http:\/\/www.visit-ulcinj.com\/blog\/wp-content\/uploads\/2012\/04\/Ulqini-n\u00eb-forumin-e-par\u00eb-nderkomb\u00ebtar-ekonomik-n\u00eb-Kosov\u00eb.9.jpg\"><img loading=\"lazy\" class=\"alignleft  wp-image-59396\" title=\"Ulqini n\u00eb forumin e par\u00eb nderkomb\u00ebtar ekonomik n\u00eb Kosov\u00eb.9\" src=\"http:\/\/www.visit-ulcinj.com\/blog\/wp-content\/uploads\/2012\/04\/Ulqini-n\u00eb-forumin-e-par\u00eb-nderkomb\u00ebtar-ekonomik-n\u00eb-Kosov\u00eb.9.jpg\" alt=\"\" width=\"508\" height=\"300\" \/><\/a><\/p>\n<p>M\u00eb pas kan\u00eb folur investime edhe Mimoza Kusari, z\u00ebvend\u00ebskryeministre e Qeveris\u00eb s\u00eb Kosov\u00eb, Valon Saraqini, minist\u00ebr i Ekonomis\u00eb s\u00eb Maqedonis\u00eb.\u00a0 Islam Lauka, ambasador i Shqip\u00ebris\u00eb n\u00eb vendin ton\u00eb, Besim Beqaj, minist\u00ebr i Zhvillimit Ekonomik, Ibrahim Gashi, zv.minist\u00ebr i Pun\u00ebve t\u00eb Jashtme, Nenad Rashiq, ministri Pun\u00ebs e shum\u00eb kryetar dhe shum\u00eb personalitet tjera shqiptare.<br \/>\nN\u00eb k\u00ebt\u00eb forum \u00a0mbajt\u00ebn edhe takimet B2B mes bizneseve ku bizneset shk\u00ebmbyen informacione m\u00eb nj\u00ebri-tjetr\u00ebn dhe arrit\u00ebn bashk\u00ebpunime n\u00eb fushat ku ata punojn\u00eb.<\/p>\n<p><a href=\"http:\/\/www.visit-ulcinj.com\/blog\/wp-content\/uploads\/2012\/04\/Ulqini-n\u00eb-forumin-e-par\u00eb-nderkomb\u00ebtar-ekonomik-n\u00eb-Kosov\u00eb.3.jpg\"><img loading=\"lazy\" class=\"alignleft  wp-image-59390\" title=\"Ulqini n\u00eb forumin e par\u00eb nderkomb\u00ebtar ekonomik n\u00eb Kosov\u00eb.3\" src=\"http:\/\/www.visit-ulcinj.com\/blog\/wp-content\/uploads\/2012\/04\/Ulqini-n\u00eb-forumin-e-par\u00eb-nderkomb\u00ebtar-ekonomik-n\u00eb-Kosov\u00eb.3.jpg\" alt=\"\" width=\"508\" height=\"300\" \/><\/a><br \/>\nKy forum organizohet si pjes\u00eb e projektit \u201cJav\u00ebt e Biznesit Komb\u00ebtar\u201d, organizuar nga AKB dhe i mb\u00ebshtetur nga Institucionet qeveritare n\u00eb Kosov\u00eb, si dhe nga bashkorganizator\u00ebt tan\u00eb, KASH, Bashkia Tiran\u00eb, OEMVP, Klubi i Biznesit Maqedono-Izraelit, Komuna Ulqin, Komuna Cair, Lugina e Preshev\u00ebs, Montenegro Business Alliance.<\/p>\n<p><strong>Aleanca Kosovare e Biznesit<br \/>\n<a href=\"https:\/\/www.facebook.com\/media\/set\/?set=a.112539008878466.15895.100003671025563&amp;type=1\" target=\"_blank\">Foto nga Biznis Klub Ana Malit Facebok &#8211; Din Zeneli<\/a><br \/>\n\n\t\t<style type=\"text\/css\">\n\t\t\t#gallery-1 {\n\t\t\t\tmargin: auto;\n\t\t\t}\n\t\t\t#gallery-1 .gallery-item {\n\t\t\t\tfloat: left;\n\t\t\t\tmargin-top: 10px;\n\t\t\t\ttext-align: center;\n\t\t\t\twidth: 33%;\n\t\t\t}\n\t\t\t#gallery-1 img {\n\t\t\t\tborder: 2px solid #cfcfcf;\n\t\t\t}\n\t\t\t#gallery-1 .gallery-caption {\n\t\t\t\tmargin-left: 0;\n\t\t\t}\n\t\t\t\/* see gallery_shortcode() in wp-includes\/media.php *\/\n\t\t<\/style>\n\t\t<div id='gallery-1' class='gallery galleryid-59386 gallery-columns-3 gallery-size-thumbnail'><dl class='gallery-item'>\n\t\t\t<dt class='gallery-icon landscape'>\n\t\t\t\t<a href='https:\/\/www.visit-ulcinj.com\/blog\/wp-content\/uploads\/2012\/04\/Ulqini-n\u00eb-forumin-e-par\u00eb-nderkomb\u00ebtar-ekonomik-n\u00eb-Kosov\u00eb.1.jpg'><img width=\"150\" height=\"150\" src=\"https:\/\/www.visit-ulcinj.com\/blog\/wp-content\/uploads\/2012\/04\/Ulqini-n\u00eb-forumin-e-par\u00eb-nderkomb\u00ebtar-ekonomik-n\u00eb-Kosov\u00eb.1-150x150.jpg\" class=\"attachment-thumbnail size-thumbnail\" alt=\"\" loading=\"lazy\" \/><\/a>\n\t\t\t<\/dt><\/dl><dl class='gallery-item'>\n\t\t\t<dt class='gallery-icon landscape'>\n\t\t\t\t<a href='https:\/\/www.visit-ulcinj.com\/blog\/wp-content\/uploads\/2012\/04\/Ulqini-n\u00eb-forumin-e-par\u00eb-nderkomb\u00ebtar-ekonomik-n\u00eb-Kosov\u00eb.jpg'><img width=\"150\" height=\"150\" src=\"https:\/\/www.visit-ulcinj.com\/blog\/wp-content\/uploads\/2012\/04\/Ulqini-n\u00eb-forumin-e-par\u00eb-nderkomb\u00ebtar-ekonomik-n\u00eb-Kosov\u00eb-150x150.jpg\" class=\"attachment-thumbnail size-thumbnail\" alt=\"\" loading=\"lazy\" \/><\/a>\n\t\t\t<\/dt><\/dl><dl class='gallery-item'>\n\t\t\t<dt class='gallery-icon landscape'>\n\t\t\t\t<a href='https:\/\/www.visit-ulcinj.com\/blog\/wp-content\/uploads\/2012\/04\/Ulqini-n\u00eb-forumin-e-par\u00eb-nderkomb\u00ebtar-ekonomik-n\u00eb-Kosov\u00eb.2.jpg'><img width=\"150\" height=\"150\" src=\"https:\/\/www.visit-ulcinj.com\/blog\/wp-content\/uploads\/2012\/04\/Ulqini-n\u00eb-forumin-e-par\u00eb-nderkomb\u00ebtar-ekonomik-n\u00eb-Kosov\u00eb.2-150x150.jpg\" class=\"attachment-thumbnail size-thumbnail\" alt=\"\" loading=\"lazy\" \/><\/a>\n\t\t\t<\/dt><\/dl><br style=\"clear: both\" \/><dl class='gallery-item'>\n\t\t\t<dt class='gallery-icon landscape'>\n\t\t\t\t<a href='https:\/\/www.visit-ulcinj.com\/blog\/wp-content\/uploads\/2012\/04\/Ulqini-n\u00eb-forumin-e-par\u00eb-nderkomb\u00ebtar-ekonomik-n\u00eb-Kosov\u00eb.3.jpg'><img width=\"150\" height=\"150\" src=\"https:\/\/www.visit-ulcinj.com\/blog\/wp-content\/uploads\/2012\/04\/Ulqini-n\u00eb-forumin-e-par\u00eb-nderkomb\u00ebtar-ekonomik-n\u00eb-Kosov\u00eb.3-150x150.jpg\" class=\"attachment-thumbnail size-thumbnail\" alt=\"\" loading=\"lazy\" \/><\/a>\n\t\t\t<\/dt><\/dl><dl class='gallery-item'>\n\t\t\t<dt class='gallery-icon landscape'>\n\t\t\t\t<a href='https:\/\/www.visit-ulcinj.com\/blog\/wp-content\/uploads\/2012\/04\/Ulqini-n\u00eb-forumin-e-par\u00eb-nderkomb\u00ebtar-ekonomik-n\u00eb-Kosov\u00eb.4.jpg'><img width=\"150\" height=\"150\" src=\"https:\/\/www.visit-ulcinj.com\/blog\/wp-content\/uploads\/2012\/04\/Ulqini-n\u00eb-forumin-e-par\u00eb-nderkomb\u00ebtar-ekonomik-n\u00eb-Kosov\u00eb.4-150x150.jpg\" class=\"attachment-thumbnail size-thumbnail\" alt=\"\" loading=\"lazy\" \/><\/a>\n\t\t\t<\/dt><\/dl><dl class='gallery-item'>\n\t\t\t<dt class='gallery-icon landscape'>\n\t\t\t\t<a href='https:\/\/www.visit-ulcinj.com\/blog\/wp-content\/uploads\/2012\/04\/Ulqini-n\u00eb-forumin-e-par\u00eb-nderkomb\u00ebtar-ekonomik-n\u00eb-Kosov\u00eb.5.jpg'><img width=\"150\" height=\"150\" src=\"https:\/\/www.visit-ulcinj.com\/blog\/wp-content\/uploads\/2012\/04\/Ulqini-n\u00eb-forumin-e-par\u00eb-nderkomb\u00ebtar-ekonomik-n\u00eb-Kosov\u00eb.5-150x150.jpg\" class=\"attachment-thumbnail size-thumbnail\" alt=\"\" loading=\"lazy\" \/><\/a>\n\t\t\t<\/dt><\/dl><br style=\"clear: both\" \/><dl class='gallery-item'>\n\t\t\t<dt class='gallery-icon landscape'>\n\t\t\t\t<a href='https:\/\/www.visit-ulcinj.com\/blog\/wp-content\/uploads\/2012\/04\/Ulqini-n\u00eb-forumin-e-par\u00eb-nderkomb\u00ebtar-ekonomik-n\u00eb-Kosov\u00eb.6.jpg'><img width=\"150\" height=\"150\" src=\"https:\/\/www.visit-ulcinj.com\/blog\/wp-content\/uploads\/2012\/04\/Ulqini-n\u00eb-forumin-e-par\u00eb-nderkomb\u00ebtar-ekonomik-n\u00eb-Kosov\u00eb.6-150x150.jpg\" class=\"attachment-thumbnail size-thumbnail\" alt=\"\" loading=\"lazy\" \/><\/a>\n\t\t\t<\/dt><\/dl><dl class='gallery-item'>\n\t\t\t<dt class='gallery-icon landscape'>\n\t\t\t\t<a href='https:\/\/www.visit-ulcinj.com\/blog\/wp-content\/uploads\/2012\/04\/Ulqini-n\u00eb-forumin-e-par\u00eb-nderkomb\u00ebtar-ekonomik-n\u00eb-Kosov\u00eb.7.jpg'><img width=\"150\" height=\"150\" src=\"https:\/\/www.visit-ulcinj.com\/blog\/wp-content\/uploads\/2012\/04\/Ulqini-n\u00eb-forumin-e-par\u00eb-nderkomb\u00ebtar-ekonomik-n\u00eb-Kosov\u00eb.7-150x150.jpg\" class=\"attachment-thumbnail size-thumbnail\" alt=\"\" loading=\"lazy\" \/><\/a>\n\t\t\t<\/dt><\/dl><dl class='gallery-item'>\n\t\t\t<dt class='gallery-icon landscape'>\n\t\t\t\t<a href='https:\/\/www.visit-ulcinj.com\/blog\/wp-content\/uploads\/2012\/04\/Ulqini-n\u00eb-forumin-e-par\u00eb-nderkomb\u00ebtar-ekonomik-n\u00eb-Kosov\u00eb.8.jpg'><img width=\"150\" height=\"150\" src=\"https:\/\/www.visit-ulcinj.com\/blog\/wp-content\/uploads\/2012\/04\/Ulqini-n\u00eb-forumin-e-par\u00eb-nderkomb\u00ebtar-ekonomik-n\u00eb-Kosov\u00eb.8-150x150.jpg\" class=\"attachment-thumbnail size-thumbnail\" alt=\"\" loading=\"lazy\" \/><\/a>\n\t\t\t<\/dt><\/dl><br style=\"clear: both\" \/><dl class='gallery-item'>\n\t\t\t<dt class='gallery-icon landscape'>\n\t\t\t\t<a href='https:\/\/www.visit-ulcinj.com\/blog\/wp-content\/uploads\/2012\/04\/Ulqini-n\u00eb-forumin-e-par\u00eb-nderkomb\u00ebtar-ekonomik-n\u00eb-Kosov\u00eb.9.jpg'><img width=\"150\" height=\"150\" src=\"https:\/\/www.visit-ulcinj.com\/blog\/wp-content\/uploads\/2012\/04\/Ulqini-n\u00eb-forumin-e-par\u00eb-nderkomb\u00ebtar-ekonomik-n\u00eb-Kosov\u00eb.9-150x150.jpg\" class=\"attachment-thumbnail size-thumbnail\" alt=\"\" loading=\"lazy\" \/><\/a>\n\t\t\t<\/dt><\/dl><dl class='gallery-item'>\n\t\t\t<dt class='gallery-icon landscape'>\n\t\t\t\t<a href='https:\/\/www.visit-ulcinj.com\/blog\/wp-content\/uploads\/2012\/04\/Ulqini-n\u00eb-forumin-e-par\u00eb-nderkomb\u00ebtar-ekonomik-n\u00eb-Kosov\u00eb.11.jpg'><img width=\"150\" height=\"150\" src=\"https:\/\/www.visit-ulcinj.com\/blog\/wp-content\/uploads\/2012\/04\/Ulqini-n\u00eb-forumin-e-par\u00eb-nderkomb\u00ebtar-ekonomik-n\u00eb-Kosov\u00eb.11-150x150.jpg\" class=\"attachment-thumbnail size-thumbnail\" alt=\"\" loading=\"lazy\" \/><\/a>\n\t\t\t<\/dt><\/dl><dl class='gallery-item'>\n\t\t\t<dt class='gallery-icon landscape'>\n\t\t\t\t<a href='https:\/\/www.visit-ulcinj.com\/blog\/wp-content\/uploads\/2012\/04\/Ulqini-n\u00eb-forumin-e-par\u00eb-nderkomb\u00ebtar-ekonomik-n\u00eb-Kosov\u00eb.12.jpg'><img width=\"150\" height=\"150\" src=\"https:\/\/www.visit-ulcinj.com\/blog\/wp-content\/uploads\/2012\/04\/Ulqini-n\u00eb-forumin-e-par\u00eb-nderkomb\u00ebtar-ekonomik-n\u00eb-Kosov\u00eb.12-150x150.jpg\" class=\"attachment-thumbnail size-thumbnail\" alt=\"\" loading=\"lazy\" \/><\/a>\n\t\t\t<\/dt><\/dl><br style=\"clear: both\" \/><dl class='gallery-item'>\n\t\t\t<dt class='gallery-icon landscape'>\n\t\t\t\t<a href='https:\/\/www.visit-ulcinj.com\/blog\/wp-content\/uploads\/2012\/04\/Ulqini-n\u00eb-forumin-e-par\u00eb-nderkomb\u00ebtar-ekonomik-n\u00eb-Kosov\u00eb.13.jpg'><img width=\"150\" height=\"150\" src=\"https:\/\/www.visit-ulcinj.com\/blog\/wp-content\/uploads\/2012\/04\/Ulqini-n\u00eb-forumin-e-par\u00eb-nderkomb\u00ebtar-ekonomik-n\u00eb-Kosov\u00eb.13-150x150.jpg\" class=\"attachment-thumbnail size-thumbnail\" alt=\"\" loading=\"lazy\" \/><\/a>\n\t\t\t<\/dt><\/dl><dl class='gallery-item'>\n\t\t\t<dt class='gallery-icon landscape'>\n\t\t\t\t<a href='https:\/\/www.visit-ulcinj.com\/blog\/wp-content\/uploads\/2012\/04\/Ulqini-n\u00eb-forumin-e-par\u00eb-nderkomb\u00ebtar-ekonomik-n\u00eb-Kosov\u00eb.14.jpg'><img width=\"150\" height=\"150\" src=\"https:\/\/www.visit-ulcinj.com\/blog\/wp-content\/uploads\/2012\/04\/Ulqini-n\u00eb-forumin-e-par\u00eb-nderkomb\u00ebtar-ekonomik-n\u00eb-Kosov\u00eb.14-150x150.jpg\" class=\"attachment-thumbnail size-thumbnail\" alt=\"\" loading=\"lazy\" \/><\/a>\n\t\t\t<\/dt><\/dl><dl class='gallery-item'>\n\t\t\t<dt class='gallery-icon landscape'>\n\t\t\t\t<a href='https:\/\/www.visit-ulcinj.com\/blog\/wp-content\/uploads\/2012\/04\/Ulqini-n\u00eb-forumin-e-par\u00eb-nderkomb\u00ebtar-ekonomik-n\u00eb-Kosov\u00eb.15.jpg'><img width=\"150\" height=\"150\" src=\"https:\/\/www.visit-ulcinj.com\/blog\/wp-content\/uploads\/2012\/04\/Ulqini-n\u00eb-forumin-e-par\u00eb-nderkomb\u00ebtar-ekonomik-n\u00eb-Kosov\u00eb.15-150x150.jpg\" class=\"attachment-thumbnail size-thumbnail\" alt=\"\" loading=\"lazy\" \/><\/a>\n\t\t\t<\/dt><\/dl><br style=\"clear: both\" \/>\n\t\t<\/div>\n<br \/>\n<!--YouTube Error: bad URL entered--><br \/>\n<\/strong><\/p>\n","protected":false},"excerpt":{"rendered":"<p>U mbajt Forumi i par\u00eb Ekonomik Nd\u00ebr-komb\u00ebtar Kosova ofron mbi 110 mij\u00eb mund\u00ebsi bashk\u00eb investimi Aleanca Kosovare e Bizneseve dhe institucionet nga pes\u00eb shtetet ku jetojn\u00eb shqiptar\u00ebt mbajt\u00ebn Forumin e Par\u00eb Ekonomik Nd\u00ebrkomb\u00ebtar n\u00eb Prishtin\u00eb, me tem\u00eb \u201cKosova, shtet i art\u00eb p\u00ebr investime\u201d, si pjes\u00eb e projektit \u201cJav\u00ebt e Biznesit Komb\u00ebtar\u201d. N\u00eb k\u00ebt\u00eb forum ishin [&hellip;]<\/p>\n","protected":false},"author":1,"featured_media":0,"comment_status":"open","ping_status":"closed","sticky":false,"template":"","format":"standard","meta":{"spay_email":"","jetpack_publicize_message":"","jetpack_is_tweetstorm":false,"jetpack_publicize_feature_enabled":true},"categories":[10,12],"tags":[20322,95,354,200,18],"jetpack_publicize_connections":[],"yoast_head":"<!-- This site is optimized with the Yoast SEO plugin v19.1 - https:\/\/yoast.com\/wordpress\/plugins\/seo\/ -->\n<title>Ulqini n\u00eb forumin e par\u00eb nderkomb\u00ebtar ekonomik n\u00eb Kosov\u00eb - Foto - Lajme nga Ulqini<\/title>\n<meta name=\"description\" content=\"U mbajt Forumi i par\u00eb Ekonomik Nd\u00ebr-komb\u00ebtar Kosova ofron mbi 110 mij\u00eb mund\u00ebsi bashk\u00eb investimi Aleanca Kosovare e Bizneseve dhe institucionet nga pes\u00eb\" \/>\n<meta name=\"robots\" content=\"index, follow, max-snippet:-1, max-image-preview:large, max-video-preview:-1\" \/>\n<link rel=\"canonical\" href=\"https:\/\/www.visit-ulcinj.com\/blog\/2012\/04\/21\/ulqini-ne-forumin-e-pare-nderkombetar-ekonomik-ne-kosove\/\" \/>\n<meta property=\"og:locale\" content=\"en_US\" \/>\n<meta property=\"og:type\" content=\"article\" \/>\n<meta property=\"og:title\" content=\"Ulqini n\u00eb forumin e par\u00eb nderkomb\u00ebtar ekonomik n\u00eb Kosov\u00eb - Foto - Lajme nga Ulqini\" \/>\n<meta property=\"og:description\" content=\"U mbajt Forumi i par\u00eb Ekonomik Nd\u00ebr-komb\u00ebtar Kosova ofron mbi 110 mij\u00eb mund\u00ebsi bashk\u00eb investimi Aleanca Kosovare e Bizneseve dhe institucionet nga pes\u00eb\" \/>\n<meta property=\"og:url\" content=\"https:\/\/www.visit-ulcinj.com\/blog\/2012\/04\/21\/ulqini-ne-forumin-e-pare-nderkombetar-ekonomik-ne-kosove\/\" \/>\n<meta property=\"og:site_name\" content=\"Lajme nga Ulqini\" \/>\n<meta property=\"article:published_time\" content=\"2012-04-21T14:39:17+00:00\" \/>\n<meta property=\"article:modified_time\" content=\"2012-04-29T12:46:05+00:00\" \/>\n<meta property=\"og:image\" content=\"https:\/\/www.visit-ulcinj.com\/blog\/wp-content\/uploads\/2012\/04\/Ulqini-n\u00eb-forumin-e-par\u00eb-nderkomb\u00ebtar-ekonomik-n\u00eb-Kosov\u00eb.1-150x150.jpg\" \/>\n<meta name=\"twitter:label1\" content=\"Written by\" \/>\n\t<meta name=\"twitter:data1\" content=\"ulqini\" \/>\n\t<meta name=\"twitter:label2\" content=\"Est. reading time\" \/>\n\t<meta name=\"twitter:data2\" content=\"3 minutes\" \/>\n<script type=\"application\/ld+json\" class=\"yoast-schema-graph\">{\"@context\":\"https:\/\/schema.org\",\"@graph\":[{\"@type\":\"WebSite\",\"@id\":\"https:\/\/www.visit-ulcinj.com\/blog\/#website\",\"url\":\"https:\/\/www.visit-ulcinj.com\/blog\/\",\"name\":\"Lajme nga Ulqini\",\"description\":\"Lajme,Vijesti,Ulqini,Ulqin,Crna Gora,Mali i Zi\",\"potentialAction\":[{\"@type\":\"SearchAction\",\"target\":{\"@type\":\"EntryPoint\",\"urlTemplate\":\"https:\/\/www.visit-ulcinj.com\/blog\/?s={search_term_string}\"},\"query-input\":\"required name=search_term_string\"}],\"inLanguage\":\"en-US\"},{\"@type\":\"WebPage\",\"@id\":\"https:\/\/www.visit-ulcinj.com\/blog\/2012\/04\/21\/ulqini-ne-forumin-e-pare-nderkombetar-ekonomik-ne-kosove\/#webpage\",\"url\":\"https:\/\/www.visit-ulcinj.com\/blog\/2012\/04\/21\/ulqini-ne-forumin-e-pare-nderkombetar-ekonomik-ne-kosove\/\",\"name\":\"Ulqini n\u00eb forumin e par\u00eb nderkomb\u00ebtar ekonomik n\u00eb Kosov\u00eb - Foto - Lajme nga Ulqini\",\"isPartOf\":{\"@id\":\"https:\/\/www.visit-ulcinj.com\/blog\/#website\"},\"datePublished\":\"2012-04-21T14:39:17+00:00\",\"dateModified\":\"2012-04-29T12:46:05+00:00\",\"author\":{\"@id\":\"https:\/\/www.visit-ulcinj.com\/blog\/#\/schema\/person\/dcab619c614d3038751c63bc2aadc06d\"},\"description\":\"U mbajt Forumi i par\u00eb Ekonomik Nd\u00ebr-komb\u00ebtar Kosova ofron mbi 110 mij\u00eb mund\u00ebsi bashk\u00eb investimi Aleanca Kosovare e Bizneseve dhe institucionet nga pes\u00eb\",\"breadcrumb\":{\"@id\":\"https:\/\/www.visit-ulcinj.com\/blog\/2012\/04\/21\/ulqini-ne-forumin-e-pare-nderkombetar-ekonomik-ne-kosove\/#breadcrumb\"},\"inLanguage\":\"en-US\",\"potentialAction\":[{\"@type\":\"ReadAction\",\"target\":[\"https:\/\/www.visit-ulcinj.com\/blog\/2012\/04\/21\/ulqini-ne-forumin-e-pare-nderkombetar-ekonomik-ne-kosove\/\"]}]},{\"@type\":\"BreadcrumbList\",\"@id\":\"https:\/\/www.visit-ulcinj.com\/blog\/2012\/04\/21\/ulqini-ne-forumin-e-pare-nderkombetar-ekonomik-ne-kosove\/#breadcrumb\",\"itemListElement\":[{\"@type\":\"ListItem\",\"position\":1,\"name\":\"Ulqini n\u00eb forumin e par\u00eb nderkomb\u00ebtar ekonomik n\u00eb Kosov\u00eb &#8211; Foto\"}]},{\"@type\":\"Person\",\"@id\":\"https:\/\/www.visit-ulcinj.com\/blog\/#\/schema\/person\/dcab619c614d3038751c63bc2aadc06d\",\"name\":\"ulqini\",\"sameAs\":[\"http:\/\/www.visit-ulcinj.com\"],\"url\":\"https:\/\/www.visit-ulcinj.com\/blog\/author\/admin\/\"}]}<\/script>\n<!-- \/ Yoast SEO plugin. -->","yoast_head_json":{"title":"Ulqini n\u00eb forumin e par\u00eb nderkomb\u00ebtar ekonomik n\u00eb Kosov\u00eb - Foto - Lajme nga Ulqini","description":"U mbajt Forumi i par\u00eb Ekonomik Nd\u00ebr-komb\u00ebtar Kosova ofron mbi 110 mij\u00eb mund\u00ebsi bashk\u00eb investimi Aleanca Kosovare e Bizneseve dhe institucionet nga pes\u00eb","robots":{"index":"index","follow":"follow","max-snippet":"max-snippet:-1","max-image-preview":"max-image-preview:large","max-video-preview":"max-video-preview:-1"},"canonical":"https:\/\/www.visit-ulcinj.com\/blog\/2012\/04\/21\/ulqini-ne-forumin-e-pare-nderkombetar-ekonomik-ne-kosove\/","og_locale":"en_US","og_type":"article","og_title":"Ulqini n\u00eb forumin e par\u00eb nderkomb\u00ebtar ekonomik n\u00eb Kosov\u00eb - Foto - Lajme nga Ulqini","og_description":"U mbajt Forumi i par\u00eb Ekonomik Nd\u00ebr-komb\u00ebtar Kosova ofron mbi 110 mij\u00eb mund\u00ebsi bashk\u00eb investimi Aleanca Kosovare e Bizneseve dhe institucionet nga pes\u00eb","og_url":"https:\/\/www.visit-ulcinj.com\/blog\/2012\/04\/21\/ulqini-ne-forumin-e-pare-nderkombetar-ekonomik-ne-kosove\/","og_site_name":"Lajme nga Ulqini","article_published_time":"2012-04-21T14:39:17+00:00","article_modified_time":"2012-04-29T12:46:05+00:00","og_image":[{"url":"https:\/\/www.visit-ulcinj.com\/blog\/wp-content\/uploads\/2012\/04\/Ulqini-n\u00eb-forumin-e-par\u00eb-nderkomb\u00ebtar-ekonomik-n\u00eb-Kosov\u00eb.1-150x150.jpg"}],"twitter_misc":{"Written by":"ulqini","Est. reading time":"3 minutes"},"schema":{"@context":"https:\/\/schema.org","@graph":[{"@type":"WebSite","@id":"https:\/\/www.visit-ulcinj.com\/blog\/#website","url":"https:\/\/www.visit-ulcinj.com\/blog\/","name":"Lajme nga Ulqini","description":"Lajme,Vijesti,Ulqini,Ulqin,Crna Gora,Mali i Zi","potentialAction":[{"@type":"SearchAction","target":{"@type":"EntryPoint","urlTemplate":"https:\/\/www.visit-ulcinj.com\/blog\/?s={search_term_string}"},"query-input":"required name=search_term_string"}],"inLanguage":"en-US"},{"@type":"WebPage","@id":"https:\/\/www.visit-ulcinj.com\/blog\/2012\/04\/21\/ulqini-ne-forumin-e-pare-nderkombetar-ekonomik-ne-kosove\/#webpage","url":"https:\/\/www.visit-ulcinj.com\/blog\/2012\/04\/21\/ulqini-ne-forumin-e-pare-nderkombetar-ekonomik-ne-kosove\/","name":"Ulqini n\u00eb forumin e par\u00eb nderkomb\u00ebtar ekonomik n\u00eb Kosov\u00eb - Foto - Lajme nga Ulqini","isPartOf":{"@id":"https:\/\/www.visit-ulcinj.com\/blog\/#website"},"datePublished":"2012-04-21T14:39:17+00:00","dateModified":"2012-04-29T12:46:05+00:00","author":{"@id":"https:\/\/www.visit-ulcinj.com\/blog\/#\/schema\/person\/dcab619c614d3038751c63bc2aadc06d"},"description":"U mbajt Forumi i par\u00eb Ekonomik Nd\u00ebr-komb\u00ebtar Kosova ofron mbi 110 mij\u00eb mund\u00ebsi bashk\u00eb investimi Aleanca Kosovare e Bizneseve dhe institucionet nga pes\u00eb","breadcrumb":{"@id":"https:\/\/www.visit-ulcinj.com\/blog\/2012\/04\/21\/ulqini-ne-forumin-e-pare-nderkombetar-ekonomik-ne-kosove\/#breadcrumb"},"inLanguage":"en-US","potentialAction":[{"@type":"ReadAction","target":["https:\/\/www.visit-ulcinj.com\/blog\/2012\/04\/21\/ulqini-ne-forumin-e-pare-nderkombetar-ekonomik-ne-kosove\/"]}]},{"@type":"BreadcrumbList","@id":"https:\/\/www.visit-ulcinj.com\/blog\/2012\/04\/21\/ulqini-ne-forumin-e-pare-nderkombetar-ekonomik-ne-kosove\/#breadcrumb","itemListElement":[{"@type":"ListItem","position":1,"name":"Ulqini n\u00eb forumin e par\u00eb nderkomb\u00ebtar ekonomik n\u00eb Kosov\u00eb &#8211; Foto"}]},{"@type":"Person","@id":"https:\/\/www.visit-ulcinj.com\/blog\/#\/schema\/person\/dcab619c614d3038751c63bc2aadc06d","name":"ulqini","sameAs":["http:\/\/www.visit-ulcinj.com"],"url":"https:\/\/www.visit-ulcinj.com\/blog\/author\/admin\/"}]}},"jetpack_featured_media_url":"","jetpack_sharing_enabled":true,"jetpack_shortlink":"https:\/\/wp.me\/pe6lTn-frQ","_links":{"self":[{"href":"https:\/\/www.visit-ulcinj.com\/blog\/wp-json\/wp\/v2\/posts\/59386"}],"collection":[{"href":"https:\/\/www.visit-ulcinj.com\/blog\/wp-json\/wp\/v2\/posts"}],"about":[{"href":"https:\/\/www.visit-ulcinj.com\/blog\/wp-json\/wp\/v2\/types\/post"}],"author":[{"embeddable":true,"href":"https:\/\/www.visit-ulcinj.com\/blog\/wp-json\/wp\/v2\/users\/1"}],"replies":[{"embeddable":true,"href":"https:\/\/www.visit-ulcinj.com\/blog\/wp-json\/wp\/v2\/comments?post=59386"}],"version-history":[{"count":4,"href":"https:\/\/www.visit-ulcinj.com\/blog\/wp-json\/wp\/v2\/posts\/59386\/revisions"}],"predecessor-version":[{"id":59830,"href":"https:\/\/www.visit-ulcinj.com\/blog\/wp-json\/wp\/v2\/posts\/59386\/revisions\/59830"}],"wp:attachment":[{"href":"https:\/\/www.visit-ulcinj.com\/blog\/wp-json\/wp\/v2\/media?parent=59386"}],"wp:term":[{"taxonomy":"category","embeddable":true,"href":"https:\/\/www.visit-ulcinj.com\/blog\/wp-json\/wp\/v2\/categories?post=59386"},{"taxonomy":"post_tag","embeddable":true,"href":"https:\/\/www.visit-ulcinj.com\/blog\/wp-json\/wp\/v2\/tags?post=59386"}],"curies":[{"name":"wp","href":"https:\/\/api.w.org\/{rel}","templated":true}]}}