{"id":59405,"date":"2012-04-21T15:59:59","date_gmt":"2012-04-21T14:59:59","guid":{"rendered":"http:\/\/www.visit-ulcinj.com\/blog\/?p=59405"},"modified":"2012-04-21T16:02:02","modified_gmt":"2012-04-21T15:02:02","slug":"legjenda-e-flockes-se-detit","status":"publish","type":"post","link":"https:\/\/www.visit-ulcinj.com\/blog\/2012\/04\/21\/legjenda-e-flockes-se-detit\/","title":{"rendered":"Legjenda e Flo\u00e7k\u00ebs s\u00eb detit"},"content":{"rendered":"<p><a href=\"http:\/\/www.visit-ulcinj.com\/blog\/wp-content\/uploads\/2012\/04\/Legjenda-e-Flo\u00e7k\u00ebs-s\u00eb-detit-ne-Ulqin.jpg\"><img loading=\"lazy\" class=\"alignleft  wp-image-59406\" title=\"Legjenda e Flo\u00e7k\u00ebs s\u00eb detit ne Ulqin\" src=\"http:\/\/www.visit-ulcinj.com\/blog\/wp-content\/uploads\/2012\/04\/Legjenda-e-Flo\u00e7k\u00ebs-s\u00eb-detit-ne-Ulqin.jpg\" alt=\"\" width=\"508\" height=\"360\" \/><\/a>Flo\u00e7ka e detit te ne, n\u00eb mitologjin\u00eb ton\u00eb \u00ebsht\u00eb nj\u00eb fenomen i cili mund t\u00eb ndeshet edhe n\u00eb mitologjin\u00eb e popujve t\u00eb tjer\u00eb si p.sh tek ajo greke ku quhet siren\u00eb, apo asaj gjermane me emrin Lorelei. Te grek\u00ebt n\u00eb koh\u00ebn antike si femra t\u00eb bukura, me bukuri dhe me k\u00ebng\u00eb kan\u00eb terhequr v\u00ebmendjen e detar\u00ebve duke shkaktuar gjithmon\u00eb rrezik. Gjithashtu edhe Lorelaj n\u00eb mitologjin\u00eb gjermane me k\u00ebng\u00ebn e saj duke krehur flok\u00ebt e arta me nj\u00eb krah\u00ebr t\u00eb art\u00eb, lart mbi nj\u00eb shk\u00ebmb, aty ku \u00ebsht\u00eb rreziku m\u00eb i madh, t\u00ebrheq v\u00ebmendjen e marinar\u00ebve dhe u shkakton rrezik.<br \/>\nShpeshher\u00eb, pra, kjo bukuri e femr\u00ebs me bukuri magjike, shkakton rrezik p\u00ebr marinar\u00eb, por gjithmon\u00eb plot fantazi i cili n\u00eb fund \u00e7on deri te shp\u00ebtimi. Te ne, n\u00eb mitologjin\u00eb ton\u00eb, por edhe m\u00eb von\u00eb, Flo\u00e7ka paraqitet si nj\u00eb fem\u00ebr me nj\u00eb bukuri t\u00eb jasht\u00ebzakonshme, gjysm\u00eb fem\u00ebr, gjysm\u00eb peshk. Kjo Flo\u00e7k\u00eb, si\u00e7 e ka quajtur populli jon\u00eb, shpeshher\u00eb \u00ebsht\u00eb paraqitur te Punta e Nuradinit dhe nganj\u00ebher\u00eb te Guri i Vog\u00ebl i Limanit, dhe gjithmon\u00eb duke krehur flok\u00ebt e zeza ka\u00e7urela, me krah\u00ebn t\u00eb art\u00eb, ka terhequr v\u00ebmendjen e kalalive, posa\u00e7\u00ebrisht atyre t\u00eb cil\u00ebt rrinin \u00e7do dit\u00eb n\u00eb Pazarin e Gjytetit. Legjenda e Flo\u00e7k\u00ebs \u00ebsht\u00eb treguar brez pas brezi duke u shtuar dhe duke u qendisur p\u00ebr gjenerata t\u00eb reja.Un\u00eb e kam d\u00ebgjuar nj\u00eb version nga koh\u00ebt e lashta t\u00eb cil\u00ebt shpeshher\u00eb e kan\u00eb treguar t\u00eb par\u00ebt tan\u00eb.Nga Pazari i Gjytetit, pra ku shihet deti, njer\u00ebzit gjithmon\u00eb para se shkonin n\u00eb sht\u00ebpi e v\u00ebshtronin detin, jan\u00eb ndalur nj\u00eb \u00e7ast, dhe shum\u00eb nga k\u00ebta kan\u00eb imagjinuar ta shohin Flo\u00e7k\u00ebn. Deti gjithmon\u00eb ka sekrete t\u00eb ndryshme. Ende edhe sot \u00ebsht\u00eb ashtu, posa\u00e7\u00ebrisht n\u00eb ato koh\u00ebt e lashta kur k\u00ebtij qyteti nga deti i vinin t\u00eb gjitha t\u00eb mirat, por edhe t\u00eb k\u00ebqijat.<br \/>\nShum\u00eb nga keta njer\u00ebz kan\u00eb \u00ebnd\u00ebrruar p\u00ebr bukurin\u00eb Flo\u00e7k\u00ebs s\u00eb detit, dhe shum\u00eb nga keta d\u00ebshironin edhe ta z\u00ebnin me rrjet\u00eb si peshk. Nj\u00eb peshkatar i varf\u00ebr por i ri, p\u00ebr \u00e7do nat\u00eb kurdo q\u00eb l\u00ebshonte rrjetat n\u00eb det luste Zotin t\u2019ia tregonte vendin ku ti l\u00ebshonte ato, me shpres\u00eb se do ta zinte Flo\u00e7k\u00ebn. Dit\u00eb p\u00ebr dit\u00eb nj\u00ebsoj, rrjetat boshe por shpres\u00ebn kurr\u00eb nuk e humbi. K\u00ebshtu nj\u00eb nat\u00eb t\u00eb qet\u00eb e t\u00eb bukur n\u00eb \u00ebnd\u00ebrr iu duk se Zoti i detit ilir Bindi i tregon se ku t\u2019i l\u00ebshoj\u00eb rrjetat. N\u00eb mesnat\u00eb \u00e7ohet, merr sandallin dhe rrjetat nga Kacemja, dhe shkon ngadal\u00eb me rrema aty pas Gurit t\u00eb Madh af\u00ebr Lugut t\u00eb Xhemiles, n\u00eb vendin t\u00eb cilin e pa n\u00eb gjum\u00eb. Kaloi nj\u00eb koh\u00eb e gjat\u00eb dhe peshkatarin filloi ta merrte gjumi. Ishte qet\u00ebsi edhe asgj\u00eb nuk l\u00ebvizte. Pak para se t\u00eb zbardhte drita u d\u00ebgjua nj\u00eb gjam\u00eb pran\u00eb sandallit, dhe ashtu p\u00ebrgjumsh\u00ebm peshkatari t\u00ebrheq rrjet\u00ebn, dhe nuk mund t\u00eb besonte se kishte z\u00ebn\u00eb Flo\u00e7k\u00ebn e detit, \u00ebndrr\u00ebn e mij\u00ebrave detar\u00eb para tij.<br \/>\nMenj\u00ebher\u00eb ia hoqi k\u00ebmish\u00ebn me \u00e7ka ishte i mbuluar trupi i saj, dhe pa t\u00eb cil\u00ebn ajo nuk mund t\u00eb jetoj\u00eb n\u00eb det, dhe pran\u00eb tij doli nj\u00eb grua me nj\u00eb bukuri t\u00eb mahnitshme. Menj\u00ebher\u00eb pa zbardhur drita, vjen n\u00eb sht\u00ebpi, e fsheh k\u00ebmish\u00ebn e saj n\u00ebn prag t\u00eb der\u00ebs, dhe shpall se don ta martoj Flo\u00e7k\u00ebn, \u00e7ka edhe ndodhi s\u00eb shpejti. Prej nj\u00eb peshkatari t\u00eb thjesht\u00eb u b\u00eb njeriu m\u00eb i lumtur n\u00eb bot\u00eb.<br \/>\nMbi njezet vjet jetoi i lumtur. Nga kjo martes\u00eb lind\u00ebn tri vajza t\u00eb bukura me flok\u00eb ka\u00e7urrela ashtu si\u00e7 i kishte n\u00ebna e tyre. Kaluan pra 20 vjet dhe peshkatari kurr\u00eb nuk ia tregoi Flo\u00e7k\u00ebs se ku e fshehi k\u00ebmish\u00ebn e saj t\u00eb detit. Mir\u00ebpo me insistimin e saj t\u2019ia tregonte, sepse ajo tash ishte n\u00ebn\u00eb me tre femij\u00eb, dhe nuk i shkon nd\u00ebr mend t\u00eb ikte, peshkatari b\u00ebri gabimin m\u00eb t\u00eb madh n\u00eb jet\u00ebn e tij. I tregoi se ku e ka fsheh k\u00ebmish\u00ebn. B\u00ebri gabimin m\u00eb t\u00eb madh n\u00eb jet\u00eb duke i besuar gruas. Flo\u00e7ka pavar\u00ebsisht se kishte tre f\u00ebmij\u00eb dhe mbi 20 vjet jete me peshkatarin e Kalas\u00eb, kurr\u00eb nuk mundi ti adaptohet mjedisit t\u00eb ri.<br \/>\nK\u00ebshtu nj\u00eb nat\u00eb me stuhi e me furtun\u00eb d\u00ebgjon nga thell\u00ebsia e detit z\u00ebrin e thirjes, \u00e7ohet ngadal\u00eb ,vesh k\u00ebmish\u00ebn e cila ishte n\u00eb thes n\u00ebn prag t\u00eb der\u00ebs, puth vajzat n\u00eb gjum\u00eb dhe me sy plot lot ulet n\u00eb Punt\u00ebn e Nuradinit. Ngadal\u00eb l\u00ebshohet n\u00eb det dhe tretet n\u00eb thell\u00ebsi t\u00eb detit dhe n\u00eb legjend\u00eb. Neve na i ka l\u00ebn\u00eb tri vajzat bukuroshe me flok\u00eb t\u00eb zeza ka\u00e7urrela, dhe nj\u00ebra prej tyre m\u00eb von\u00eb do t\u2019i sh\u00ebrbente Servantesit t\u00eb madh, t\u00eb cilin si rob lufte e soll\u00ebn k\u00ebtu te ne, n\u00eb Kalan\u00eb e Ulqinit, si inspirim p\u00ebr personazhin m\u00eb t\u00eb famsh\u00ebm t\u00eb let\u00ebrsis\u00eb bot\u00ebrore \u201cDulsinej\u00ebn\u201d e Don Kishotit. Nuk e dim\u00eb se, a ka d\u00ebgjuar Servantesi p\u00ebr Flo\u00e7k\u00ebn por e dijm\u00eb se Dulsinea, emri famsh\u00ebm nga trash\u00ebgmia jon\u00eb sot stolis\u00eb mij\u00ebra biblioteka an\u00eb e mban\u00eb bot\u00ebs.<br \/>\n<strong> <a href=\"https:\/\/www.facebook.com\/profile.php?id=1359492972\" target=\"_blank\">Ulqin,nenetor 2005<\/a><\/strong><a href=\"https:\/\/www.facebook.com\/profile.php?id=1359492972\" target=\"_blank\"><br \/>\n<strong> Ismet KARAMANAGA<\/strong><\/a><\/p>\n","protected":false},"excerpt":{"rendered":"<p>Flo\u00e7ka e detit te ne, n\u00eb mitologjin\u00eb ton\u00eb \u00ebsht\u00eb nj\u00eb fenomen i cili mund t\u00eb ndeshet edhe n\u00eb mitologjin\u00eb e popujve t\u00eb tjer\u00eb si p.sh tek ajo greke ku quhet siren\u00eb, apo asaj gjermane me emrin Lorelei. Te grek\u00ebt n\u00eb koh\u00ebn antike si femra t\u00eb bukura, me bukuri dhe me k\u00ebng\u00eb kan\u00eb terhequr v\u00ebmendjen e [&hellip;]<\/p>\n","protected":false},"author":6,"featured_media":0,"comment_status":"open","ping_status":"closed","sticky":false,"template":"","format":"standard","meta":{"spay_email":"","jetpack_publicize_message":"","jetpack_is_tweetstorm":false,"jetpack_publicize_feature_enabled":true},"categories":[14249],"tags":[20323,20324,306,309,310,200],"jetpack_publicize_connections":[],"yoast_head":"<!-- This site is optimized with the Yoast SEO plugin v19.1 - https:\/\/yoast.com\/wordpress\/plugins\/seo\/ -->\n<title>Legjenda e Flo\u00e7k\u00ebs s\u00eb detit - Lajme nga Ulqini<\/title>\n<meta name=\"description\" content=\"Flo\u00e7ka e detit te ne, n\u00eb mitologjin\u00eb ton\u00eb \u00ebsht\u00eb nj\u00eb fenomen i cili mund t\u00eb ndeshet edhe n\u00eb mitologjin\u00eb e popujve t\u00eb tjer\u00eb si p.sh tek ajo greke ku quhet\" \/>\n<meta name=\"robots\" content=\"index, follow, max-snippet:-1, max-image-preview:large, max-video-preview:-1\" \/>\n<link rel=\"canonical\" href=\"https:\/\/www.visit-ulcinj.com\/blog\/2012\/04\/21\/legjenda-e-flockes-se-detit\/\" \/>\n<meta property=\"og:locale\" content=\"en_US\" \/>\n<meta property=\"og:type\" content=\"article\" \/>\n<meta property=\"og:title\" content=\"Legjenda e Flo\u00e7k\u00ebs s\u00eb detit - Lajme nga Ulqini\" \/>\n<meta property=\"og:description\" content=\"Flo\u00e7ka e detit te ne, n\u00eb mitologjin\u00eb ton\u00eb \u00ebsht\u00eb nj\u00eb fenomen i cili mund t\u00eb ndeshet edhe n\u00eb mitologjin\u00eb e popujve t\u00eb tjer\u00eb si p.sh tek ajo greke ku quhet\" \/>\n<meta property=\"og:url\" content=\"https:\/\/www.visit-ulcinj.com\/blog\/2012\/04\/21\/legjenda-e-flockes-se-detit\/\" \/>\n<meta property=\"og:site_name\" content=\"Lajme nga Ulqini\" \/>\n<meta property=\"article:published_time\" content=\"2012-04-21T14:59:59+00:00\" \/>\n<meta property=\"article:modified_time\" content=\"2012-04-21T15:02:02+00:00\" \/>\n<meta name=\"twitter:label1\" content=\"Written by\" \/>\n\t<meta name=\"twitter:data1\" content=\"Ismet Karamanaga\" \/>\n\t<meta name=\"twitter:label2\" content=\"Est. reading time\" \/>\n\t<meta name=\"twitter:data2\" content=\"5 minutes\" \/>\n<script type=\"application\/ld+json\" class=\"yoast-schema-graph\">{\"@context\":\"https:\/\/schema.org\",\"@graph\":[{\"@type\":\"WebSite\",\"@id\":\"https:\/\/www.visit-ulcinj.com\/blog\/#website\",\"url\":\"https:\/\/www.visit-ulcinj.com\/blog\/\",\"name\":\"Lajme nga Ulqini\",\"description\":\"Lajme,Vijesti,Ulqini,Ulqin,Crna Gora,Mali i Zi\",\"potentialAction\":[{\"@type\":\"SearchAction\",\"target\":{\"@type\":\"EntryPoint\",\"urlTemplate\":\"https:\/\/www.visit-ulcinj.com\/blog\/?s={search_term_string}\"},\"query-input\":\"required name=search_term_string\"}],\"inLanguage\":\"en-US\"},{\"@type\":\"WebPage\",\"@id\":\"https:\/\/www.visit-ulcinj.com\/blog\/2012\/04\/21\/legjenda-e-flockes-se-detit\/#webpage\",\"url\":\"https:\/\/www.visit-ulcinj.com\/blog\/2012\/04\/21\/legjenda-e-flockes-se-detit\/\",\"name\":\"Legjenda e Flo\u00e7k\u00ebs s\u00eb detit - Lajme nga Ulqini\",\"isPartOf\":{\"@id\":\"https:\/\/www.visit-ulcinj.com\/blog\/#website\"},\"datePublished\":\"2012-04-21T14:59:59+00:00\",\"dateModified\":\"2012-04-21T15:02:02+00:00\",\"author\":{\"@id\":\"https:\/\/www.visit-ulcinj.com\/blog\/#\/schema\/person\/54acbe73e5e40d103054a73871775f79\"},\"description\":\"Flo\u00e7ka e detit te ne, n\u00eb mitologjin\u00eb ton\u00eb \u00ebsht\u00eb nj\u00eb fenomen i cili mund t\u00eb ndeshet edhe n\u00eb mitologjin\u00eb e popujve t\u00eb tjer\u00eb si p.sh tek ajo greke ku quhet\",\"breadcrumb\":{\"@id\":\"https:\/\/www.visit-ulcinj.com\/blog\/2012\/04\/21\/legjenda-e-flockes-se-detit\/#breadcrumb\"},\"inLanguage\":\"en-US\",\"potentialAction\":[{\"@type\":\"ReadAction\",\"target\":[\"https:\/\/www.visit-ulcinj.com\/blog\/2012\/04\/21\/legjenda-e-flockes-se-detit\/\"]}]},{\"@type\":\"BreadcrumbList\",\"@id\":\"https:\/\/www.visit-ulcinj.com\/blog\/2012\/04\/21\/legjenda-e-flockes-se-detit\/#breadcrumb\",\"itemListElement\":[{\"@type\":\"ListItem\",\"position\":1,\"name\":\"Legjenda e Flo\u00e7k\u00ebs s\u00eb detit\"}]},{\"@type\":\"Person\",\"@id\":\"https:\/\/www.visit-ulcinj.com\/blog\/#\/schema\/person\/54acbe73e5e40d103054a73871775f79\",\"name\":\"Ismet Karamanaga\",\"description\":\"Kam punuar si ciceron p\u00ebr shum\\\"agjensi turistike nga vendi dhe nga bota.\",\"url\":\"https:\/\/www.visit-ulcinj.com\/blog\/author\/ismet\/\"}]}<\/script>\n<!-- \/ Yoast SEO plugin. -->","yoast_head_json":{"title":"Legjenda e Flo\u00e7k\u00ebs s\u00eb detit - Lajme nga Ulqini","description":"Flo\u00e7ka e detit te ne, n\u00eb mitologjin\u00eb ton\u00eb \u00ebsht\u00eb nj\u00eb fenomen i cili mund t\u00eb ndeshet edhe n\u00eb mitologjin\u00eb e popujve t\u00eb tjer\u00eb si p.sh tek ajo greke ku quhet","robots":{"index":"index","follow":"follow","max-snippet":"max-snippet:-1","max-image-preview":"max-image-preview:large","max-video-preview":"max-video-preview:-1"},"canonical":"https:\/\/www.visit-ulcinj.com\/blog\/2012\/04\/21\/legjenda-e-flockes-se-detit\/","og_locale":"en_US","og_type":"article","og_title":"Legjenda e Flo\u00e7k\u00ebs s\u00eb detit - Lajme nga Ulqini","og_description":"Flo\u00e7ka e detit te ne, n\u00eb mitologjin\u00eb ton\u00eb \u00ebsht\u00eb nj\u00eb fenomen i cili mund t\u00eb ndeshet edhe n\u00eb mitologjin\u00eb e popujve t\u00eb tjer\u00eb si p.sh tek ajo greke ku quhet","og_url":"https:\/\/www.visit-ulcinj.com\/blog\/2012\/04\/21\/legjenda-e-flockes-se-detit\/","og_site_name":"Lajme nga Ulqini","article_published_time":"2012-04-21T14:59:59+00:00","article_modified_time":"2012-04-21T15:02:02+00:00","twitter_misc":{"Written by":"Ismet Karamanaga","Est. reading time":"5 minutes"},"schema":{"@context":"https:\/\/schema.org","@graph":[{"@type":"WebSite","@id":"https:\/\/www.visit-ulcinj.com\/blog\/#website","url":"https:\/\/www.visit-ulcinj.com\/blog\/","name":"Lajme nga Ulqini","description":"Lajme,Vijesti,Ulqini,Ulqin,Crna Gora,Mali i Zi","potentialAction":[{"@type":"SearchAction","target":{"@type":"EntryPoint","urlTemplate":"https:\/\/www.visit-ulcinj.com\/blog\/?s={search_term_string}"},"query-input":"required name=search_term_string"}],"inLanguage":"en-US"},{"@type":"WebPage","@id":"https:\/\/www.visit-ulcinj.com\/blog\/2012\/04\/21\/legjenda-e-flockes-se-detit\/#webpage","url":"https:\/\/www.visit-ulcinj.com\/blog\/2012\/04\/21\/legjenda-e-flockes-se-detit\/","name":"Legjenda e Flo\u00e7k\u00ebs s\u00eb detit - Lajme nga Ulqini","isPartOf":{"@id":"https:\/\/www.visit-ulcinj.com\/blog\/#website"},"datePublished":"2012-04-21T14:59:59+00:00","dateModified":"2012-04-21T15:02:02+00:00","author":{"@id":"https:\/\/www.visit-ulcinj.com\/blog\/#\/schema\/person\/54acbe73e5e40d103054a73871775f79"},"description":"Flo\u00e7ka e detit te ne, n\u00eb mitologjin\u00eb ton\u00eb \u00ebsht\u00eb nj\u00eb fenomen i cili mund t\u00eb ndeshet edhe n\u00eb mitologjin\u00eb e popujve t\u00eb tjer\u00eb si p.sh tek ajo greke ku quhet","breadcrumb":{"@id":"https:\/\/www.visit-ulcinj.com\/blog\/2012\/04\/21\/legjenda-e-flockes-se-detit\/#breadcrumb"},"inLanguage":"en-US","potentialAction":[{"@type":"ReadAction","target":["https:\/\/www.visit-ulcinj.com\/blog\/2012\/04\/21\/legjenda-e-flockes-se-detit\/"]}]},{"@type":"BreadcrumbList","@id":"https:\/\/www.visit-ulcinj.com\/blog\/2012\/04\/21\/legjenda-e-flockes-se-detit\/#breadcrumb","itemListElement":[{"@type":"ListItem","position":1,"name":"Legjenda e Flo\u00e7k\u00ebs s\u00eb detit"}]},{"@type":"Person","@id":"https:\/\/www.visit-ulcinj.com\/blog\/#\/schema\/person\/54acbe73e5e40d103054a73871775f79","name":"Ismet Karamanaga","description":"Kam punuar si ciceron p\u00ebr shum\"agjensi turistike nga vendi dhe nga bota.","url":"https:\/\/www.visit-ulcinj.com\/blog\/author\/ismet\/"}]}},"jetpack_featured_media_url":"","jetpack_sharing_enabled":true,"jetpack_shortlink":"https:\/\/wp.me\/pe6lTn-fs9","_links":{"self":[{"href":"https:\/\/www.visit-ulcinj.com\/blog\/wp-json\/wp\/v2\/posts\/59405"}],"collection":[{"href":"https:\/\/www.visit-ulcinj.com\/blog\/wp-json\/wp\/v2\/posts"}],"about":[{"href":"https:\/\/www.visit-ulcinj.com\/blog\/wp-json\/wp\/v2\/types\/post"}],"author":[{"embeddable":true,"href":"https:\/\/www.visit-ulcinj.com\/blog\/wp-json\/wp\/v2\/users\/6"}],"replies":[{"embeddable":true,"href":"https:\/\/www.visit-ulcinj.com\/blog\/wp-json\/wp\/v2\/comments?post=59405"}],"version-history":[{"count":4,"href":"https:\/\/www.visit-ulcinj.com\/blog\/wp-json\/wp\/v2\/posts\/59405\/revisions"}],"predecessor-version":[{"id":59412,"href":"https:\/\/www.visit-ulcinj.com\/blog\/wp-json\/wp\/v2\/posts\/59405\/revisions\/59412"}],"wp:attachment":[{"href":"https:\/\/www.visit-ulcinj.com\/blog\/wp-json\/wp\/v2\/media?parent=59405"}],"wp:term":[{"taxonomy":"category","embeddable":true,"href":"https:\/\/www.visit-ulcinj.com\/blog\/wp-json\/wp\/v2\/categories?post=59405"},{"taxonomy":"post_tag","embeddable":true,"href":"https:\/\/www.visit-ulcinj.com\/blog\/wp-json\/wp\/v2\/tags?post=59405"}],"curies":[{"name":"wp","href":"https:\/\/api.w.org\/{rel}","templated":true}]}}