{"id":59408,"date":"2012-04-25T15:54:40","date_gmt":"2012-04-25T14:54:40","guid":{"rendered":"http:\/\/www.visit-ulcinj.com\/blog\/?p=59408"},"modified":"2012-04-25T16:15:35","modified_gmt":"2012-04-25T15:15:35","slug":"latif-caushi-ulcinj","status":"publish","type":"post","link":"https:\/\/www.visit-ulcinj.com\/blog\/2012\/04\/25\/latif-caushi-ulcinj\/","title":{"rendered":"Latif \u010caushi Ulcinj"},"content":{"rendered":"<p>Kod nas u Ulcinju, na \u00bbPristanu\u00ab, na jednom od najljep\u0161ih \u0161etali\u0161ta na na\u0161oj obali , godinama se \u00bbvikendom\u00ab ponavlja jedna pojava koja je rijetka , posebno se tako ne\u0161to ne srije\u0107e na mjestima koja se nalaze na obali mora, jer su \u0161etali\u0161ta mjesta okuljanja i opu\u0161tanja, i du\u0161e i tijela. Na\u017ealost, vikendom se kod nas u Ulcinju, to \u0161etali\u0161te pretvara u ne\u0161to sasvim drugo. Neznam dali smo mi posebni, ali, ovo je zaista rijetkost. O\u010digledno je, da je ovo uticaj i promjena vrijednosti, svega i sva\u010dega, posebno u zadnjih dvadesetak godina.<\/p>\n<p><a href=\"http:\/\/www.visit-ulcinj.com\/blog\/wp-content\/uploads\/2012\/04\/Latif-Caushi-Ulcinj.jpg\"><img loading=\"lazy\" class=\"alignleft  wp-image-59626\" src=\"http:\/\/www.visit-ulcinj.com\/blog\/wp-content\/uploads\/2012\/04\/Latif-Caushi-Ulcinj.jpg\" alt=\"\" width=\"508\" height=\"620\" \/><\/a><\/p>\n<p>Na Pristanu se u normalnim uslovima, kada nije turisti\u010dka sezona, uglavnom srije\u0107u i vi\u0111aju vi\u0161e puta dnevno jedne te iste li\u010dnosti. Mi koji tu \u017eivimo i poneka grupa penzionera sa sjevera, kaja nam otvara turisti\u010dku sezonu, i tu vi\u0161e nema ni\u010dega interesantnoga. Me\u0111utim, vikendom je zaista druga\u010dije. Zbog toga je vrijedno zabilje\u017eiti ovu pojavu, kako bi mo\u017eda Lokalna vlast, uz asistenciju onih koji su pla\u0107eni za red i mir, kona\u010dno svemu ovome stala na kraj, i na\u0161e \u0161etali\u0161te oslobode od automobila i modernih&#8221; kauboja&#8221; Da je ljeto, bile bi normalne i velike gu\u017eve, i svakojaki ki\u010d, i sve \u0161to prati takve pojave . Ogroman broj gostiju, \u00bbdileri\u00ab , \u00bb taxisti\u00ab, mnogo neukusa i sli\u010dno, sve bi to bilo normalno i karakteristi\u010dno za nas, ali sada&#8230;<\/p>\n<p>Mislim da je pravi naziv za ovakvu pojavu \u00bbAuto rodeo\u00ab i ubije\u0111en sam da \u0107e se mnogi slo\u017eiti samnom. Na stotine automobila, se u popodnevnim \u010dasovima \u00bbspu\u0161ta\u00ab prema Pristanu. Izgled nekih vozila je zaista te\u0161ko i definisati. Vozila se uglavnom kre\u0107u po promenadi ili trotoaru na samo 300 m. dugom \u0161etali\u0161tu. Dok jedni prolaze da bi bili vi\u0111eni ili da bi vidjeli, oni drugi, \u00bbhrabriji\u00ab se uglavnom i parkiraju po kolovozu i na trotoaru. Tako da za pje\u0161ake, majke sa djecom i ostale, skoro da i nema mjesta. Dakle na na\u0161em \u0161etali\u0161tu, pored \u00bbMale pla\u017ee gdje bi po &#8221; ljudskim i Bo\u017ejim zakonima&#8221;, moralo biti mjesto rezervisano za majke sa djecom, mlade i stare, de\u0161ava se ovako ne\u0161to, i zaista je pravo \u010dudo da jo\u0161 uvijek nije niko nastradao. Svuda u svijetu, pa i u na\u0161em bli\u017eem okru\u017eenju se tako ne\u0161to sankcioni\u0161e. Kod nas u Ulcinju, uz blagoslov Lokalne vlasti, i \u00bbinertne policije\u00ab izgleda da je tako ne\u0161to sasvim normalno. Ovo se o\u010digledno godinama toleri\u0161e i dozvoljava, jer nema drugog obja\u0161njenja. Zaista se sve ovo de\u0161ava pod pod budnim okom, skoro uvijek, samo jednog policajca. Naravno, on je najmanji krivac jer je njemu to sastavni dio slu\u017ebe, odnosno \u00bbbeneficiranog\u00ab sta\u017ea. Bez mnogo napora kontroli\u0161e sve, s obzirom da je ovo mirna, pitoma i multikonfesionalna sredina, tako da se neke druge stvari , \u00bbkoje bi naru\u0161ile javni red i mir\u00ab ne de\u0161avaju.<\/p>\n<p>Ali i u tom moru svega i sva\u010dega, odvaja se po neki detalj iili neka karakteristi\u010dna li\u010dnost.<\/p>\n<p>Mnogi Ulcinjani ga znaju, i rekao bih, dive se jednom starijem \u010dovjeku, koji svakodnevno silazi do Pristana. Dive se i \u010dude njegovoj vitalnosti. Nosi karakteristi\u010dan \u0161tap, koji i ne slu\u017ei svojoj svrsi, jer uglavnom mu slu\u017ei kao ukras, hoda uspravno, i u ruci uvijek dr\u017ei nezapaljenu cigaretu. Ka\u017ee da vi\u0161e od dvadeset godina nije zapalio cigaretu. Ja se ne usu\u0111ujem da ga nazivam starcem, \u010dak i ovdje bez obzira \u0161to \u0107e skoro napuniti devedesetu.<\/p>\n<p>Latif \u010caushi je i u tim godinam markantan i vitalan, lijepo obu\u010den, i uvijek svje\u017ee obrijan. Zaista tako i izgleda. Ka\u017ee da nema vi\u0161e drugova i prijatelja, jer su uglavnom svi u \u00bbMeterizima\u00ab i na \u00bbPinje\u0161u\u00abtako da uglavnom dok pije kafu, sjedi sam ili sa mla\u0111ima. Na Pristanu je uvijek u \u00bbMarineru\u00ab . I ja ponekad nai\u0111em i \u010desto ga propitujem o nekim stvarima i doga\u0111ajima&#8230;Razmi\u0161ljam da napi\u0161em par redaka o ovom, svakako interesantnom \u010dovjeku..<\/p>\n<p>Njegov dug i interesantan \u017eivot to svakako zaslu\u017euje, zaslu\u017euje da ostane zapisano za mla\u0111e generacije&#8230; Danas su se promijenile vrijednosti, ali ko zna, mo\u017eda \u0107e jednom neko ipak, svatiti ovo vrijeme i njegove promjene&#8230; Latif voli da pri\u010da. Rado se sje\u0107a doga\u0111aja i li\u010dnosti koje su obilje\u017eili ovaj grad i njegovu istoriju, posebno nakon drugog svjetskog rata, pa do dana\u0161njih dana. Sa posebnim zadovoljstvom sje\u0107a se, i pri\u010da o po\u010decima na\u0161eg turizma 70 i 80 godina pro\u0161log vijeka, onog zlatnog vremena na\u0161eg turizma. Sje\u0107a se prvih po\u010detka, dolaska stranih gostiju &#8230;Pri\u010da sa nostalgijom o tim sretnim zlatnim vremenima.<\/p>\n<p>Volio sam, ka\u017ee Latif hotel\u00abJadran\u00ab, njegovu terasu, bar, i strane goste,.. Bo\u017ee, kad samo pomislim na ta vremena, i kakva me sada tuga obuzima dok gledam mjesto na kojem se &#8220;Jadran&#8221; nekad ponosno uzdizao. Pri\u010da lijepim i \u010distim jezikom, razgovjetno i jasno, albanskim ili crnogorskim, svejedno. Ja bih rekao, da je i posao koji je dugo obavljao, i u Solani &#8220;Bajo Sekuli\u0107&#8221;a i u &#8220;Prvoj osnovnoj&#8221;, mnogo na to uticao. Bio je uvijek \u010dinovnik ili knjigovo\u0111a. Mora se priznati da je Latif \u010desto bio i na mjestima, gdje su se donosile i va\u017ene odluke u \u017eivotu grada, i gra\u0111ana Ulcinja. \u010cak sam jedno vrijeme i bio najmla\u0111i \u010dlan izvr\u0161nog odbora partije kod nas, ka\u017ee Latif, takvo je bilo vrijeme.<\/p>\n<p>Dok pri\u010da o svom dugom \u017eivotu, ka\u017ee da je to dug period, ali se on sje\u0107a se svakog detalja. Bio sam sudionik u mnogim doga\u0111ajima, posebno onim politi\u010dkim. Bio sam u URSOVIM sindikatima, pa \u010dlan komunista\u010dke levice, i naravno, zbog toga sam i snosio i konsekvence.<\/p>\n<p>Latif posebno izdvaja 1943 god. kada je i \u00bb pro\u0161etan \u00bb i do \u00bbMamule\u00ab. Bio sam, ka\u017ee Latif, jedno vrijeme deportovan i interniran, i lako sam mogao, zbog svojih politi\u010dkih ubije\u0111enja da zavr\u0161im i na \u00bbGolom otoku\u00ab. Me\u0111utim, imao sam i sre\u0107u, a i jake prijatelje, pa mi je \u010dak preko veza dat i \u00bbGeneralni Paso\u0161 Albanije\u00ab, tako da sam uspio da do\u0111em ku\u0107i. Pre\u017eivio sam i bombardovanje \u00bbsaveznika\u00ab 1943 god. pri \u010demu mi je poginuo i brat Ilijaz, koji se nalazio na samo par koraka udaljen od mene. U tom suludom bombardovanju Ulcinja, pri \u010demu je u\u010destvovalo \u0161est aviona na\u0161ih \u00bbsaveznika\u00ab poginulo je vi\u0161e od 70 nedu\u017enih gra\u0111ana Ulcinja. Grad se uglavnom selio po selima gdje je bilo mirnije i sigurnije. Bila su to te\u0161ka vremena, sje\u0107a se Latif.<\/p>\n<p>Ali i to je pro\u0161lo. Poslijeratna obnova zemlje, uticala je na ja\u010danje me\u0111unacionalnih i me\u0111ukonfesionalnih veza, posebno je to bilo karakteristi\u010dno kod nas u Ulcinju. Taj me\u0111unacionalni sklad je uvjek njegovan. Ja sam dao svoj skromni doprinos, i izuzetno sam ponosan na to. Drago mi je i radostan sam zbog toga, jer i danas u nezavisnoj Dr\u017eavi Crnoj Gori je to najve\u0107a tekovina u na\u0161oj multikonfesionalnoj i multietni\u010dkoj sredini. Sretan sam, \u0161to ni ovi zadnji suludi ratovi 90 g. pro\u0161log vijeka, koji su razorili i uni\u0161tili jednu veliku zemlju, nijesu uspjeli da poremete te odnose. Zbog toga sam miran i sre\u0107an, i vjerujem da \u0107e i moj duh, i onda kada budem prestao da postojim, na\u0107i i imati svoj mir.<\/p>\n<p>Sa posebnim pijetetom i nostalgijom sje\u0107a se nekih svojih drugova, sa kojima se dru\u017eio u mladosti, a i kasnije. Pominje Bedrija Elezagu, ka\u017ee da je bio \u00bb lijep i zgodan mladi\u0107\u00ab koji je studirao u Skoplju i koji je bio tako veseo i vedar. Lijepo je svirao harmoniku, sje\u0107a se sa sjetom Latif&#8230; i nastavlja da pri\u010da o njegovoj tragi\u010dnoj sudbini&#8230;Pominje i Red\u017eepa Abazovi\u0107a, sa kojim je i\u0161ao u \u0161kolu, a i mnoge druge.. Izgleda, da sam ja jedan od rijetkih koji jo\u0161 uvijek hoda po ovoj Planeti. Nijednog ne zaboravljam, i sa posebnim pijetetom razmi\u0161ljam i govorim o njima, kao da su jo\u0161 tu.<\/p>\n<p>Prije nekoliko godina napustila ga je \u017eena. Bila je to jedna izuzetna dama koju su svi cijenili i po\u0161tovali u Ulcinju. Latif se sje\u0107a svih momenata zajedni\u010dkog \u017eivota i njen odlazak je u njegovom \u017eivotu ostavilo veliku prazninu. Bez obzira na svu pa\u017enju kojom me obasipaju u ku\u0107i, moja supruga mi jako puno nedostaje. Bila je, ka\u017ee Latif, plemenitog roda Ramusevi\u0107 sa Berana.<\/p>\n<p>Njen otac Zaim Ramusevi\u0107, ostao je upam\u0107en u Ulcinju, kao prvi \u010dovjek koji je imao ko\u010diju i konja\u00abVranca\u00ab. Svakako vrijedi zabilje\u017eiti da je on prevozio radnike do solane ali i po gradu. Nama je ostalo u sje\u0107anju, njegov ulazak ko\u010dijom u Stari grad jer je za ono vrijeme to bila prava atrakcija. Jedino je to uspjelo Zaimu i njegovom \u00bbvrancu\u00ab , i ne samo da je pro\u0161ao, ve\u0107 se i pro\u0161etao glavnom ulicom. Za istori\u010dare je to samo jedan u nizu dokaza, da je u vrijeme duge Otomanske vladavine od 308 god. Be\u0107ir beg, Dizdar grada, zaista i organizovao \u00bbkonjske trke\u00ab me\u0111u drevne zidine Starog grada. Ostalo je u narodu sje\u0107anje da je Be\u0107ir beg bio veliki ljubitelj konja..<\/p>\n<p>Jo\u0161 samo par rije\u010di o \u00bbVrancu\u00ab . Bio je to izuzetno dresiran i pametan konj, tako da je ostalo i danas puno pri\u010da i zgoda njegovog pona\u0161anja po Ulcinju. \u00bbVranac\u00ab je bio izuzetan dobro dresiran, tako da je samo slu\u0161ao komande Zaima. Znao je \u010dak da otvara slavine, da pije vodu sa \u010desme, i mnogo \u0161to\u0161ta zanimljivog je bilo vezano za osobine ovog izuzetno rasnog konja.<\/p>\n<p>Danas Latif \u017eivi sa sinom i njegovom porodicom u svojoj ku\u0107i u naselju \u00bbMeraja\u00ab. Vi\u0161e od dvadesetak godina u\u017eiva u zaslu\u017eenoj penziji. Pomalo \u010dita novine, i zna sve \u0161ta se de\u0161ava u svijetu politike, posebno kod nas. Na moje insistiranje, da da svoj komentar \u00bbobe\u0107anjima\u00ab datim gra\u0111anima Ulcinja, od strane Vlade republike Crne Gore, prije i poslije \u00bbReferenduma\u00ab, ostaje nijem. Glasao sam za nezavisnu Dr\u017eavu Crnu Goru , jer volim ovu zemlju. Ipak ka\u017ee Latif, na\u0161 grad je unaza\u0111en i nijesam zadovoljan, \u0161to ne zna\u010di da je samo Republika Crna Gora za to kriva. Veliki dio krivice za to snose i na\u0161i ljudi, politi\u010dke partije i njihovi li\u010dni i nteresi.<\/p>\n<p>Ja sam nostalgi\u010dar i siguran sam da se bolje i ljep\u0161e \u017eivjelo u onoj zajedni\u010dkoj nam velikoj Jugoslaviji. Ulcinj je tada bio velika i poznata turisti\u010dka destinacija. Sje\u0107a\u0161 li se, podsje\u0107a me, koji sam ti hotel na po\u010detku razgovora pomenuo&#8230; \u00bbJadran\u00ab..vidi\u0161 li ga gdje. I jo\u0161 ne\u0161to da dodam, za one koji \u0107e mo\u017eda jednom pisati o po\u010decima na\u0161eg turizma. Kada se gradio hotel \u00bbKoop\u00ab koji je kasnije nazvan hotel\u00abGaleb\u00ab, na njegovom otvaranju su bili najve\u0107i zvani\u010dnici biv\u0161e Jugoslkavije,. Bio je ministar saobra\u0107aja Dr. Spaho, mislim da se tako zvao, i to je samo jedan od dokaza kakav je zna\u010daj i kakav je ugled u\u017eivao na\u0161 grad .<\/p>\n<p>Mnogi na\u0161i gra\u0111ani su u\u010destvovali u njegovoj izgradnji, izme\u0111u ostalih i moja tri brata. Nema vi\u0161e ni \u00bbGaleba\u00ab..nema onog pravog turizma. Ipak, moramo se nadati da \u0107e se izgraditi i \u00bbGaleb\u00ab i mnogi drugi hoteli i da \u0107e mo\u017eda i na\u0161 grad kao kakav\u00ab fenix\u00ab ponovo zablistati .<\/p>\n<p>Mo\u017eda \u0107u i ja pone\u0161to jo\u0161 do\u017eivjeti i ugledati, ako ne oddavde onda \u00bbodozgo\u00ab ko zna, ka\u017ee Latif uz osmjeh.<\/p>\n<p>Rastajem se od ovog vitalnog i vedrog \u010dovjeka, opet ga ne smijem nazvati \u00bbstarcem\u00ab, zaista ne izgleda tako. Ja se nadam da \u0107u ga jo\u0161 dugo gledati na Pristanu, ili u \u00bbMarineru\u00ab. Mislim da je lijepo, zbog nas samih, ali i zbog generacija koje \u0107e do\u0107i iza nas, pisati i sje\u0107ati se ljudi kao \u0161to je Latif \u010caushi. Oni su bili svjedoci jednog vremena, koje je pro\u0161lo i koje se ne\u0107e vratiti, ali vremena koji je dio na\u0161e pro\u0161losti , na\u0161e kulture i i na\u0161e istorije.<\/p>\n<p><strong>Ulcin, april 2012.<\/strong><\/p>\n<p><strong> <a href=\"https:\/\/www.facebook.com\/profile.php?id=1359492972\" target=\"_blank\">Ismet KARAMANAGA<\/a><\/strong><\/p>\n<!--YouTube Error: bad URL entered-->\n","protected":false},"excerpt":{"rendered":"<p>Kod nas u Ulcinju, na \u00bbPristanu\u00ab, na jednom od najljep\u0161ih \u0161etali\u0161ta na na\u0161oj obali , godinama se \u00bbvikendom\u00ab ponavlja jedna pojava koja je rijetka , posebno se tako ne\u0161to ne srije\u0107e na mjestima koja se nalaze na obali mora, jer su \u0161etali\u0161ta mjesta okuljanja i opu\u0161tanja, i du\u0161e i tijela. Na\u017ealost, vikendom se kod nas [&hellip;]<\/p>\n","protected":false},"author":6,"featured_media":0,"comment_status":"open","ping_status":"closed","sticky":false,"template":"","format":"standard","meta":{"spay_email":"","jetpack_publicize_message":"","jetpack_is_tweetstorm":false,"jetpack_publicize_feature_enabled":true},"categories":[8337],"tags":[20354,20353,19],"jetpack_publicize_connections":[],"yoast_head":"<!-- This site is optimized with the Yoast SEO plugin v19.1 - https:\/\/yoast.com\/wordpress\/plugins\/seo\/ -->\n<title>Latif \u010caushi Ulcinj - Lajme nga Ulqini<\/title>\n<meta name=\"description\" content=\"Kod nas u Ulcinju, na \u00bbPristanu\u00ab, na jednom od najljep\u0161ih \u0161etali\u0161ta na na\u0161oj obali , godinama se \u00bbvikendom\u00ab ponavlja jedna pojava koja je rijetka ,\" \/>\n<meta name=\"robots\" content=\"index, follow, max-snippet:-1, max-image-preview:large, max-video-preview:-1\" \/>\n<link rel=\"canonical\" href=\"https:\/\/www.visit-ulcinj.com\/blog\/2012\/04\/25\/latif-caushi-ulcinj\/\" \/>\n<meta property=\"og:locale\" content=\"en_US\" \/>\n<meta property=\"og:type\" content=\"article\" \/>\n<meta property=\"og:title\" content=\"Latif \u010caushi Ulcinj - Lajme nga Ulqini\" \/>\n<meta property=\"og:description\" content=\"Kod nas u Ulcinju, na \u00bbPristanu\u00ab, na jednom od najljep\u0161ih \u0161etali\u0161ta na na\u0161oj obali , godinama se \u00bbvikendom\u00ab ponavlja jedna pojava koja je rijetka ,\" \/>\n<meta property=\"og:url\" content=\"https:\/\/www.visit-ulcinj.com\/blog\/2012\/04\/25\/latif-caushi-ulcinj\/\" \/>\n<meta property=\"og:site_name\" content=\"Lajme nga Ulqini\" \/>\n<meta property=\"article:published_time\" content=\"2012-04-25T14:54:40+00:00\" \/>\n<meta property=\"article:modified_time\" content=\"2012-04-25T15:15:35+00:00\" \/>\n<meta property=\"og:image\" content=\"http:\/\/www.visit-ulcinj.com\/blog\/wp-content\/uploads\/2012\/04\/Latif-Caushi-Ulcinj.jpg\" \/>\n<meta name=\"twitter:label1\" content=\"Written by\" \/>\n\t<meta name=\"twitter:data1\" content=\"Ismet Karamanaga\" \/>\n\t<meta name=\"twitter:label2\" content=\"Est. reading time\" \/>\n\t<meta name=\"twitter:data2\" content=\"10 minutes\" \/>\n<script type=\"application\/ld+json\" class=\"yoast-schema-graph\">{\"@context\":\"https:\/\/schema.org\",\"@graph\":[{\"@type\":\"WebSite\",\"@id\":\"https:\/\/www.visit-ulcinj.com\/blog\/#website\",\"url\":\"https:\/\/www.visit-ulcinj.com\/blog\/\",\"name\":\"Lajme nga Ulqini\",\"description\":\"Lajme,Vijesti,Ulqini,Ulqin,Crna Gora,Mali i Zi\",\"potentialAction\":[{\"@type\":\"SearchAction\",\"target\":{\"@type\":\"EntryPoint\",\"urlTemplate\":\"https:\/\/www.visit-ulcinj.com\/blog\/?s={search_term_string}\"},\"query-input\":\"required name=search_term_string\"}],\"inLanguage\":\"en-US\"},{\"@type\":\"ImageObject\",\"inLanguage\":\"en-US\",\"@id\":\"https:\/\/www.visit-ulcinj.com\/blog\/2012\/04\/25\/latif-caushi-ulcinj\/#primaryimage\",\"url\":\"https:\/\/www.visit-ulcinj.com\/blog\/wp-content\/uploads\/2012\/04\/Latif-Caushi-Ulcinj.jpg\",\"contentUrl\":\"https:\/\/www.visit-ulcinj.com\/blog\/wp-content\/uploads\/2012\/04\/Latif-Caushi-Ulcinj.jpg\",\"width\":\"540\",\"height\":\"720\"},{\"@type\":\"WebPage\",\"@id\":\"https:\/\/www.visit-ulcinj.com\/blog\/2012\/04\/25\/latif-caushi-ulcinj\/#webpage\",\"url\":\"https:\/\/www.visit-ulcinj.com\/blog\/2012\/04\/25\/latif-caushi-ulcinj\/\",\"name\":\"Latif \u010caushi Ulcinj - Lajme nga Ulqini\",\"isPartOf\":{\"@id\":\"https:\/\/www.visit-ulcinj.com\/blog\/#website\"},\"primaryImageOfPage\":{\"@id\":\"https:\/\/www.visit-ulcinj.com\/blog\/2012\/04\/25\/latif-caushi-ulcinj\/#primaryimage\"},\"datePublished\":\"2012-04-25T14:54:40+00:00\",\"dateModified\":\"2012-04-25T15:15:35+00:00\",\"author\":{\"@id\":\"https:\/\/www.visit-ulcinj.com\/blog\/#\/schema\/person\/54acbe73e5e40d103054a73871775f79\"},\"description\":\"Kod nas u Ulcinju, na \u00bbPristanu\u00ab, na jednom od najljep\u0161ih \u0161etali\u0161ta na na\u0161oj obali , godinama se \u00bbvikendom\u00ab ponavlja jedna pojava koja je rijetka ,\",\"breadcrumb\":{\"@id\":\"https:\/\/www.visit-ulcinj.com\/blog\/2012\/04\/25\/latif-caushi-ulcinj\/#breadcrumb\"},\"inLanguage\":\"en-US\",\"potentialAction\":[{\"@type\":\"ReadAction\",\"target\":[\"https:\/\/www.visit-ulcinj.com\/blog\/2012\/04\/25\/latif-caushi-ulcinj\/\"]}]},{\"@type\":\"BreadcrumbList\",\"@id\":\"https:\/\/www.visit-ulcinj.com\/blog\/2012\/04\/25\/latif-caushi-ulcinj\/#breadcrumb\",\"itemListElement\":[{\"@type\":\"ListItem\",\"position\":1,\"name\":\"Latif \u010caushi Ulcinj\"}]},{\"@type\":\"Person\",\"@id\":\"https:\/\/www.visit-ulcinj.com\/blog\/#\/schema\/person\/54acbe73e5e40d103054a73871775f79\",\"name\":\"Ismet Karamanaga\",\"description\":\"Kam punuar si ciceron p\u00ebr shum\\\"agjensi turistike nga vendi dhe nga bota.\",\"url\":\"https:\/\/www.visit-ulcinj.com\/blog\/author\/ismet\/\"}]}<\/script>\n<!-- \/ Yoast SEO plugin. -->","yoast_head_json":{"title":"Latif \u010caushi Ulcinj - Lajme nga Ulqini","description":"Kod nas u Ulcinju, na \u00bbPristanu\u00ab, na jednom od najljep\u0161ih \u0161etali\u0161ta na na\u0161oj obali , godinama se \u00bbvikendom\u00ab ponavlja jedna pojava koja je rijetka ,","robots":{"index":"index","follow":"follow","max-snippet":"max-snippet:-1","max-image-preview":"max-image-preview:large","max-video-preview":"max-video-preview:-1"},"canonical":"https:\/\/www.visit-ulcinj.com\/blog\/2012\/04\/25\/latif-caushi-ulcinj\/","og_locale":"en_US","og_type":"article","og_title":"Latif \u010caushi Ulcinj - Lajme nga Ulqini","og_description":"Kod nas u Ulcinju, na \u00bbPristanu\u00ab, na jednom od najljep\u0161ih \u0161etali\u0161ta na na\u0161oj obali , godinama se \u00bbvikendom\u00ab ponavlja jedna pojava koja je rijetka ,","og_url":"https:\/\/www.visit-ulcinj.com\/blog\/2012\/04\/25\/latif-caushi-ulcinj\/","og_site_name":"Lajme nga Ulqini","article_published_time":"2012-04-25T14:54:40+00:00","article_modified_time":"2012-04-25T15:15:35+00:00","og_image":[{"url":"http:\/\/www.visit-ulcinj.com\/blog\/wp-content\/uploads\/2012\/04\/Latif-Caushi-Ulcinj.jpg"}],"twitter_misc":{"Written by":"Ismet Karamanaga","Est. reading time":"10 minutes"},"schema":{"@context":"https:\/\/schema.org","@graph":[{"@type":"WebSite","@id":"https:\/\/www.visit-ulcinj.com\/blog\/#website","url":"https:\/\/www.visit-ulcinj.com\/blog\/","name":"Lajme nga Ulqini","description":"Lajme,Vijesti,Ulqini,Ulqin,Crna Gora,Mali i Zi","potentialAction":[{"@type":"SearchAction","target":{"@type":"EntryPoint","urlTemplate":"https:\/\/www.visit-ulcinj.com\/blog\/?s={search_term_string}"},"query-input":"required name=search_term_string"}],"inLanguage":"en-US"},{"@type":"ImageObject","inLanguage":"en-US","@id":"https:\/\/www.visit-ulcinj.com\/blog\/2012\/04\/25\/latif-caushi-ulcinj\/#primaryimage","url":"https:\/\/www.visit-ulcinj.com\/blog\/wp-content\/uploads\/2012\/04\/Latif-Caushi-Ulcinj.jpg","contentUrl":"https:\/\/www.visit-ulcinj.com\/blog\/wp-content\/uploads\/2012\/04\/Latif-Caushi-Ulcinj.jpg","width":"540","height":"720"},{"@type":"WebPage","@id":"https:\/\/www.visit-ulcinj.com\/blog\/2012\/04\/25\/latif-caushi-ulcinj\/#webpage","url":"https:\/\/www.visit-ulcinj.com\/blog\/2012\/04\/25\/latif-caushi-ulcinj\/","name":"Latif \u010caushi Ulcinj - Lajme nga Ulqini","isPartOf":{"@id":"https:\/\/www.visit-ulcinj.com\/blog\/#website"},"primaryImageOfPage":{"@id":"https:\/\/www.visit-ulcinj.com\/blog\/2012\/04\/25\/latif-caushi-ulcinj\/#primaryimage"},"datePublished":"2012-04-25T14:54:40+00:00","dateModified":"2012-04-25T15:15:35+00:00","author":{"@id":"https:\/\/www.visit-ulcinj.com\/blog\/#\/schema\/person\/54acbe73e5e40d103054a73871775f79"},"description":"Kod nas u Ulcinju, na \u00bbPristanu\u00ab, na jednom od najljep\u0161ih \u0161etali\u0161ta na na\u0161oj obali , godinama se \u00bbvikendom\u00ab ponavlja jedna pojava koja je rijetka ,","breadcrumb":{"@id":"https:\/\/www.visit-ulcinj.com\/blog\/2012\/04\/25\/latif-caushi-ulcinj\/#breadcrumb"},"inLanguage":"en-US","potentialAction":[{"@type":"ReadAction","target":["https:\/\/www.visit-ulcinj.com\/blog\/2012\/04\/25\/latif-caushi-ulcinj\/"]}]},{"@type":"BreadcrumbList","@id":"https:\/\/www.visit-ulcinj.com\/blog\/2012\/04\/25\/latif-caushi-ulcinj\/#breadcrumb","itemListElement":[{"@type":"ListItem","position":1,"name":"Latif \u010caushi Ulcinj"}]},{"@type":"Person","@id":"https:\/\/www.visit-ulcinj.com\/blog\/#\/schema\/person\/54acbe73e5e40d103054a73871775f79","name":"Ismet Karamanaga","description":"Kam punuar si ciceron p\u00ebr shum\"agjensi turistike nga vendi dhe nga bota.","url":"https:\/\/www.visit-ulcinj.com\/blog\/author\/ismet\/"}]}},"jetpack_featured_media_url":"","jetpack_sharing_enabled":true,"jetpack_shortlink":"https:\/\/wp.me\/pe6lTn-fsc","_links":{"self":[{"href":"https:\/\/www.visit-ulcinj.com\/blog\/wp-json\/wp\/v2\/posts\/59408"}],"collection":[{"href":"https:\/\/www.visit-ulcinj.com\/blog\/wp-json\/wp\/v2\/posts"}],"about":[{"href":"https:\/\/www.visit-ulcinj.com\/blog\/wp-json\/wp\/v2\/types\/post"}],"author":[{"embeddable":true,"href":"https:\/\/www.visit-ulcinj.com\/blog\/wp-json\/wp\/v2\/users\/6"}],"replies":[{"embeddable":true,"href":"https:\/\/www.visit-ulcinj.com\/blog\/wp-json\/wp\/v2\/comments?post=59408"}],"version-history":[{"count":8,"href":"https:\/\/www.visit-ulcinj.com\/blog\/wp-json\/wp\/v2\/posts\/59408\/revisions"}],"predecessor-version":[{"id":59641,"href":"https:\/\/www.visit-ulcinj.com\/blog\/wp-json\/wp\/v2\/posts\/59408\/revisions\/59641"}],"wp:attachment":[{"href":"https:\/\/www.visit-ulcinj.com\/blog\/wp-json\/wp\/v2\/media?parent=59408"}],"wp:term":[{"taxonomy":"category","embeddable":true,"href":"https:\/\/www.visit-ulcinj.com\/blog\/wp-json\/wp\/v2\/categories?post=59408"},{"taxonomy":"post_tag","embeddable":true,"href":"https:\/\/www.visit-ulcinj.com\/blog\/wp-json\/wp\/v2\/tags?post=59408"}],"curies":[{"name":"wp","href":"https:\/\/api.w.org\/{rel}","templated":true}]}}