{"id":5941,"date":"2008-11-13T14:33:29","date_gmt":"2008-11-13T19:33:29","guid":{"rendered":"http:\/\/www.visit-ulcinj.com\/blog\/?p=5941"},"modified":"2008-11-13T14:33:29","modified_gmt":"2008-11-13T19:33:29","slug":"vesa-luma-e-dashuruar-ne-videoklipe","status":"publish","type":"post","link":"https:\/\/www.visit-ulcinj.com\/blog\/2008\/11\/13\/vesa-luma-e-dashuruar-ne-videoklipe\/","title":{"rendered":"Vesa Luma, e dashuruar n\u00eb videoklipe"},"content":{"rendered":"<p><a href=\"http:\/\/www.visit-ulcinj.com\/blog\/wp-content\/uploads\/2008\/11\/vesa-luma.jpg\"><img loading=\"lazy\" class=\"alignleft size-medium wp-image-5942\" title=\"vesa-luma\" src=\"http:\/\/www.visit-ulcinj.com\/blog\/wp-content\/uploads\/2008\/11\/vesa-luma-232x300.jpg\" alt=\"\" width=\"232\" height=\"300\" \/><\/a>Vesa Luma i p\u00eblqen shum\u00eb videoklipet. Deri m\u00eb tash, ka realizuar disa sosh, por nuk e ka nd\u00ebrmend t\u00eb ndalet me kaq. Mendon q\u00eb edhe n\u00eb t\u00eb ardhmen t\u00eb b\u00ebj\u00eb videoklipe, sepse pik\u00ebrisht \u00ebsht\u00eb klipi q\u00eb e b\u00ebn k\u00ebng\u00ebn m\u00eb t\u00eb fuqishme. K\u00ebt\u00eb vit, Vesa ka qen\u00eb shum\u00eb e angazhuar, jo vet\u00ebm n\u00ebp\u00ebr mbr\u00ebmjet e ndryshme muzikore, por edhe sa i p\u00ebrket nxjerrjes s\u00eb k\u00ebng\u00ebve t\u00eb reja. Ajo po ashtu ka b\u00ebr\u00eb edhe disa videoklipe, ku nj\u00eb t\u00eb till\u00eb e ka realizuar n\u00eb bashk\u00ebpunim me Turin, q\u00eb vazhdon t\u00eb p\u00eblqehet shum\u00eb. N\u00eb nj\u00eb paraqitje n\u00eb televizionet tona, Vesa Luma tha se asaj i p\u00eblqen t\u00eb b\u00ebj\u00eb videoklipe, dhe se deri m\u00eb tash \u00ebsht\u00eb e k\u00ebnaqur me at\u00eb q\u00eb ka arritur. Ajo theksoi se \u00ebsht\u00eb shum\u00eb e k\u00ebnaqur me regjisor\u00ebt, sepse vet\u00eb klipi tregon se \u00ebsht\u00eb b\u00ebr\u00eb pun\u00eb profesionale. Duhet theksuar q\u00eb Vesa Luma, q\u00eb kur ka filluar t\u00eb njihet nga publiku dhe prej koh\u00ebs kur ka filluar t\u00eb merret n\u00eb m\u00ebnyr\u00eb profesionale me muzik\u00ebn, ka njohur vet\u00ebm suksese. Ajo tanim\u00eb \u00ebsht\u00eb shnd\u00ebrruar n\u00eb nj\u00eb yll. Pa dyshim se k\u00ebnga, e cila e b\u00ebri kaq t\u00eb njohur Vesa Lum\u00ebn ishte k\u00ebnga \u201cJemi dhe s\u2019jemi\u201d, e cila, n\u00eb koh\u00ebn kur doli, b\u00ebri buj\u00eb t\u00eb madhe.<br \/>\n<strong>B. ZYBERI<br \/>\nKosova Sot<\/strong><\/p>\n<!--YouTube Error: bad URL entered-->\n","protected":false},"excerpt":{"rendered":"<p>Vesa Luma i p\u00eblqen shum\u00eb videoklipet. Deri m\u00eb tash, ka realizuar disa sosh, por nuk e ka nd\u00ebrmend t\u00eb ndalet me kaq. Mendon q\u00eb edhe n\u00eb t\u00eb ardhmen t\u00eb b\u00ebj\u00eb videoklipe, sepse pik\u00ebrisht \u00ebsht\u00eb klipi q\u00eb e b\u00ebn k\u00ebng\u00ebn m\u00eb t\u00eb fuqishme. K\u00ebt\u00eb vit, Vesa ka qen\u00eb shum\u00eb e angazhuar, jo vet\u00ebm n\u00ebp\u00ebr mbr\u00ebmjet e [&hellip;]<\/p>\n","protected":false},"author":1,"featured_media":0,"comment_status":"open","ping_status":"closed","sticky":false,"template":"","format":"standard","meta":{"spay_email":"","jetpack_publicize_message":"","jetpack_is_tweetstorm":false,"jetpack_publicize_feature_enabled":true},"categories":[1],"tags":[5017],"jetpack_publicize_connections":[],"yoast_head":"<!-- This site is optimized with the Yoast SEO plugin v19.1 - https:\/\/yoast.com\/wordpress\/plugins\/seo\/ -->\n<title>Vesa Luma, e dashuruar n\u00eb videoklipe - Lajme nga Ulqini<\/title>\n<meta name=\"description\" content=\"Vesa Luma i p\u00eblqen shum\u00eb videoklipet. Deri m\u00eb tash, ka realizuar disa sosh, por nuk e ka nd\u00ebrmend t\u00eb ndalet me kaq. Mendon q\u00eb edhe n\u00eb t\u00eb ardhmen t\u00eb b\u00ebj\u00eb\" \/>\n<meta name=\"robots\" content=\"index, follow, max-snippet:-1, max-image-preview:large, max-video-preview:-1\" \/>\n<link rel=\"canonical\" href=\"https:\/\/www.visit-ulcinj.com\/blog\/2008\/11\/13\/vesa-luma-e-dashuruar-ne-videoklipe\/\" \/>\n<meta property=\"og:locale\" content=\"en_US\" \/>\n<meta property=\"og:type\" content=\"article\" \/>\n<meta property=\"og:title\" content=\"Vesa Luma, e dashuruar n\u00eb videoklipe - Lajme nga Ulqini\" \/>\n<meta property=\"og:description\" content=\"Vesa Luma i p\u00eblqen shum\u00eb videoklipet. Deri m\u00eb tash, ka realizuar disa sosh, por nuk e ka nd\u00ebrmend t\u00eb ndalet me kaq. Mendon q\u00eb edhe n\u00eb t\u00eb ardhmen t\u00eb b\u00ebj\u00eb\" \/>\n<meta property=\"og:url\" content=\"https:\/\/www.visit-ulcinj.com\/blog\/2008\/11\/13\/vesa-luma-e-dashuruar-ne-videoklipe\/\" \/>\n<meta property=\"og:site_name\" content=\"Lajme nga Ulqini\" \/>\n<meta property=\"article:published_time\" content=\"2008-11-13T19:33:29+00:00\" \/>\n<meta property=\"og:image\" content=\"http:\/\/www.visit-ulcinj.com\/blog\/wp-content\/uploads\/2008\/11\/vesa-luma-232x300.jpg\" \/>\n<meta name=\"twitter:label1\" content=\"Written by\" \/>\n\t<meta name=\"twitter:data1\" content=\"ulqini\" \/>\n\t<meta name=\"twitter:label2\" content=\"Est. reading time\" \/>\n\t<meta name=\"twitter:data2\" content=\"1 minute\" \/>\n<script type=\"application\/ld+json\" class=\"yoast-schema-graph\">{\"@context\":\"https:\/\/schema.org\",\"@graph\":[{\"@type\":\"WebSite\",\"@id\":\"https:\/\/www.visit-ulcinj.com\/blog\/#website\",\"url\":\"https:\/\/www.visit-ulcinj.com\/blog\/\",\"name\":\"Lajme nga Ulqini\",\"description\":\"Lajme,Vijesti,Ulqini,Ulqin,Crna Gora,Mali i Zi\",\"potentialAction\":[{\"@type\":\"SearchAction\",\"target\":{\"@type\":\"EntryPoint\",\"urlTemplate\":\"https:\/\/www.visit-ulcinj.com\/blog\/?s={search_term_string}\"},\"query-input\":\"required name=search_term_string\"}],\"inLanguage\":\"en-US\"},{\"@type\":\"ImageObject\",\"inLanguage\":\"en-US\",\"@id\":\"https:\/\/www.visit-ulcinj.com\/blog\/2008\/11\/13\/vesa-luma-e-dashuruar-ne-videoklipe\/#primaryimage\",\"url\":\"http:\/\/www.visit-ulcinj.com\/blog\/wp-content\/uploads\/2008\/11\/vesa-luma-232x300.jpg\",\"contentUrl\":\"http:\/\/www.visit-ulcinj.com\/blog\/wp-content\/uploads\/2008\/11\/vesa-luma-232x300.jpg\"},{\"@type\":\"WebPage\",\"@id\":\"https:\/\/www.visit-ulcinj.com\/blog\/2008\/11\/13\/vesa-luma-e-dashuruar-ne-videoklipe\/#webpage\",\"url\":\"https:\/\/www.visit-ulcinj.com\/blog\/2008\/11\/13\/vesa-luma-e-dashuruar-ne-videoklipe\/\",\"name\":\"Vesa Luma, e dashuruar n\u00eb videoklipe - Lajme nga Ulqini\",\"isPartOf\":{\"@id\":\"https:\/\/www.visit-ulcinj.com\/blog\/#website\"},\"primaryImageOfPage\":{\"@id\":\"https:\/\/www.visit-ulcinj.com\/blog\/2008\/11\/13\/vesa-luma-e-dashuruar-ne-videoklipe\/#primaryimage\"},\"datePublished\":\"2008-11-13T19:33:29+00:00\",\"dateModified\":\"2008-11-13T19:33:29+00:00\",\"author\":{\"@id\":\"https:\/\/www.visit-ulcinj.com\/blog\/#\/schema\/person\/dcab619c614d3038751c63bc2aadc06d\"},\"description\":\"Vesa Luma i p\u00eblqen shum\u00eb videoklipet. Deri m\u00eb tash, ka realizuar disa sosh, por nuk e ka nd\u00ebrmend t\u00eb ndalet me kaq. Mendon q\u00eb edhe n\u00eb t\u00eb ardhmen t\u00eb b\u00ebj\u00eb\",\"breadcrumb\":{\"@id\":\"https:\/\/www.visit-ulcinj.com\/blog\/2008\/11\/13\/vesa-luma-e-dashuruar-ne-videoklipe\/#breadcrumb\"},\"inLanguage\":\"en-US\",\"potentialAction\":[{\"@type\":\"ReadAction\",\"target\":[\"https:\/\/www.visit-ulcinj.com\/blog\/2008\/11\/13\/vesa-luma-e-dashuruar-ne-videoklipe\/\"]}]},{\"@type\":\"BreadcrumbList\",\"@id\":\"https:\/\/www.visit-ulcinj.com\/blog\/2008\/11\/13\/vesa-luma-e-dashuruar-ne-videoklipe\/#breadcrumb\",\"itemListElement\":[{\"@type\":\"ListItem\",\"position\":1,\"name\":\"Vesa Luma, e dashuruar n\u00eb videoklipe\"}]},{\"@type\":\"Person\",\"@id\":\"https:\/\/www.visit-ulcinj.com\/blog\/#\/schema\/person\/dcab619c614d3038751c63bc2aadc06d\",\"name\":\"ulqini\",\"sameAs\":[\"http:\/\/www.visit-ulcinj.com\"],\"url\":\"https:\/\/www.visit-ulcinj.com\/blog\/author\/admin\/\"}]}<\/script>\n<!-- \/ Yoast SEO plugin. -->","yoast_head_json":{"title":"Vesa Luma, e dashuruar n\u00eb videoklipe - Lajme nga Ulqini","description":"Vesa Luma i p\u00eblqen shum\u00eb videoklipet. Deri m\u00eb tash, ka realizuar disa sosh, por nuk e ka nd\u00ebrmend t\u00eb ndalet me kaq. Mendon q\u00eb edhe n\u00eb t\u00eb ardhmen t\u00eb b\u00ebj\u00eb","robots":{"index":"index","follow":"follow","max-snippet":"max-snippet:-1","max-image-preview":"max-image-preview:large","max-video-preview":"max-video-preview:-1"},"canonical":"https:\/\/www.visit-ulcinj.com\/blog\/2008\/11\/13\/vesa-luma-e-dashuruar-ne-videoklipe\/","og_locale":"en_US","og_type":"article","og_title":"Vesa Luma, e dashuruar n\u00eb videoklipe - Lajme nga Ulqini","og_description":"Vesa Luma i p\u00eblqen shum\u00eb videoklipet. Deri m\u00eb tash, ka realizuar disa sosh, por nuk e ka nd\u00ebrmend t\u00eb ndalet me kaq. Mendon q\u00eb edhe n\u00eb t\u00eb ardhmen t\u00eb b\u00ebj\u00eb","og_url":"https:\/\/www.visit-ulcinj.com\/blog\/2008\/11\/13\/vesa-luma-e-dashuruar-ne-videoklipe\/","og_site_name":"Lajme nga Ulqini","article_published_time":"2008-11-13T19:33:29+00:00","og_image":[{"url":"http:\/\/www.visit-ulcinj.com\/blog\/wp-content\/uploads\/2008\/11\/vesa-luma-232x300.jpg"}],"twitter_misc":{"Written by":"ulqini","Est. reading time":"1 minute"},"schema":{"@context":"https:\/\/schema.org","@graph":[{"@type":"WebSite","@id":"https:\/\/www.visit-ulcinj.com\/blog\/#website","url":"https:\/\/www.visit-ulcinj.com\/blog\/","name":"Lajme nga Ulqini","description":"Lajme,Vijesti,Ulqini,Ulqin,Crna Gora,Mali i Zi","potentialAction":[{"@type":"SearchAction","target":{"@type":"EntryPoint","urlTemplate":"https:\/\/www.visit-ulcinj.com\/blog\/?s={search_term_string}"},"query-input":"required name=search_term_string"}],"inLanguage":"en-US"},{"@type":"ImageObject","inLanguage":"en-US","@id":"https:\/\/www.visit-ulcinj.com\/blog\/2008\/11\/13\/vesa-luma-e-dashuruar-ne-videoklipe\/#primaryimage","url":"http:\/\/www.visit-ulcinj.com\/blog\/wp-content\/uploads\/2008\/11\/vesa-luma-232x300.jpg","contentUrl":"http:\/\/www.visit-ulcinj.com\/blog\/wp-content\/uploads\/2008\/11\/vesa-luma-232x300.jpg"},{"@type":"WebPage","@id":"https:\/\/www.visit-ulcinj.com\/blog\/2008\/11\/13\/vesa-luma-e-dashuruar-ne-videoklipe\/#webpage","url":"https:\/\/www.visit-ulcinj.com\/blog\/2008\/11\/13\/vesa-luma-e-dashuruar-ne-videoklipe\/","name":"Vesa Luma, e dashuruar n\u00eb videoklipe - Lajme nga Ulqini","isPartOf":{"@id":"https:\/\/www.visit-ulcinj.com\/blog\/#website"},"primaryImageOfPage":{"@id":"https:\/\/www.visit-ulcinj.com\/blog\/2008\/11\/13\/vesa-luma-e-dashuruar-ne-videoklipe\/#primaryimage"},"datePublished":"2008-11-13T19:33:29+00:00","dateModified":"2008-11-13T19:33:29+00:00","author":{"@id":"https:\/\/www.visit-ulcinj.com\/blog\/#\/schema\/person\/dcab619c614d3038751c63bc2aadc06d"},"description":"Vesa Luma i p\u00eblqen shum\u00eb videoklipet. Deri m\u00eb tash, ka realizuar disa sosh, por nuk e ka nd\u00ebrmend t\u00eb ndalet me kaq. Mendon q\u00eb edhe n\u00eb t\u00eb ardhmen t\u00eb b\u00ebj\u00eb","breadcrumb":{"@id":"https:\/\/www.visit-ulcinj.com\/blog\/2008\/11\/13\/vesa-luma-e-dashuruar-ne-videoklipe\/#breadcrumb"},"inLanguage":"en-US","potentialAction":[{"@type":"ReadAction","target":["https:\/\/www.visit-ulcinj.com\/blog\/2008\/11\/13\/vesa-luma-e-dashuruar-ne-videoklipe\/"]}]},{"@type":"BreadcrumbList","@id":"https:\/\/www.visit-ulcinj.com\/blog\/2008\/11\/13\/vesa-luma-e-dashuruar-ne-videoklipe\/#breadcrumb","itemListElement":[{"@type":"ListItem","position":1,"name":"Vesa Luma, e dashuruar n\u00eb videoklipe"}]},{"@type":"Person","@id":"https:\/\/www.visit-ulcinj.com\/blog\/#\/schema\/person\/dcab619c614d3038751c63bc2aadc06d","name":"ulqini","sameAs":["http:\/\/www.visit-ulcinj.com"],"url":"https:\/\/www.visit-ulcinj.com\/blog\/author\/admin\/"}]}},"jetpack_featured_media_url":"","jetpack_sharing_enabled":true,"jetpack_shortlink":"https:\/\/wp.me\/pe6lTn-1xP","_links":{"self":[{"href":"https:\/\/www.visit-ulcinj.com\/blog\/wp-json\/wp\/v2\/posts\/5941"}],"collection":[{"href":"https:\/\/www.visit-ulcinj.com\/blog\/wp-json\/wp\/v2\/posts"}],"about":[{"href":"https:\/\/www.visit-ulcinj.com\/blog\/wp-json\/wp\/v2\/types\/post"}],"author":[{"embeddable":true,"href":"https:\/\/www.visit-ulcinj.com\/blog\/wp-json\/wp\/v2\/users\/1"}],"replies":[{"embeddable":true,"href":"https:\/\/www.visit-ulcinj.com\/blog\/wp-json\/wp\/v2\/comments?post=5941"}],"version-history":[{"count":0,"href":"https:\/\/www.visit-ulcinj.com\/blog\/wp-json\/wp\/v2\/posts\/5941\/revisions"}],"wp:attachment":[{"href":"https:\/\/www.visit-ulcinj.com\/blog\/wp-json\/wp\/v2\/media?parent=5941"}],"wp:term":[{"taxonomy":"category","embeddable":true,"href":"https:\/\/www.visit-ulcinj.com\/blog\/wp-json\/wp\/v2\/categories?post=5941"},{"taxonomy":"post_tag","embeddable":true,"href":"https:\/\/www.visit-ulcinj.com\/blog\/wp-json\/wp\/v2\/tags?post=5941"}],"curies":[{"name":"wp","href":"https:\/\/api.w.org\/{rel}","templated":true}]}}