{"id":59419,"date":"2012-04-21T16:41:19","date_gmt":"2012-04-21T15:41:19","guid":{"rendered":"http:\/\/www.visit-ulcinj.com\/blog\/?p=59419"},"modified":"2012-04-21T16:52:08","modified_gmt":"2012-04-21T15:52:08","slug":"in-memoriam-derd-noc-martini","status":"publish","type":"post","link":"https:\/\/www.visit-ulcinj.com\/blog\/2012\/04\/21\/in-memoriam-derd-noc-martini\/","title":{"rendered":"In Memoriam: \u0110er\u0111 Noc Martini &#8211; Video"},"content":{"rendered":"<p><strong><a href=\"http:\/\/www.visit-ulcinj.com\/blog\/wp-content\/uploads\/2012\/04\/Djerdj-Noc-Martini.jpg\"><img loading=\"lazy\" class=\"alignleft  wp-image-59420\" title=\"Djerdj-Noc-Martini\" src=\"http:\/\/www.visit-ulcinj.com\/blog\/wp-content\/uploads\/2012\/04\/Djerdj-Noc-Martini.jpg\" alt=\"\" width=\"320\" height=\"360\" \/><\/a>Istaknuti crnogorski &#8211; ulcinjski slikar<\/strong> <strong>\u0110er\u0111 Noc Martini preminuo je u srijedu ve\u010de u Podgorici, nakon kra\u0107e bolesti.<\/strong><\/p>\n<p>Rodjen je u \u0160toju \u2013 Ulcinj 1945.godine<\/p>\n<p>Pedago\u0161ku akademiju, odsjek likovno vaspitanje zavr\u0161io je u Nik\u0161i\u0107u, u klasi profesora Nikole Gvozdenovi\u0107a.<\/p>\n<p>Diplomirao je na Fakultetu likovnih umjetnosti u Beogrdau 1972.godine na odsjeku slikarstvo, kod redovnog profesora \u0110or\u0111a Bo\u0161ana.<\/p>\n<p>Samostalno i grupno izla\u017ee od 1972.godine, u zemlji i inostranstvu.<\/p>\n<p>Studijska putovanja: Francuska, Njema\u010dka, Italija, \u0160panija, Rusija, SAD, Austrija, Albanija, \u010ce\u0161ka itd.<\/p>\n<p>U Udru\u017eenju likovnih umjetnosti Crne Gore obavljao je najodgovornije du\u017enosti<\/p>\n<p>(predsjednik, podpredsjednik kao i predsjednik umjetni\u010dkog savjeta)<\/p>\n<p>Nagrade<\/p>\n<p>&#8211; Prva nagrada za slikarstvo na Decembarskom likovnom salonu-Podgorica<\/p>\n<p>&#8211; Nagrada za slikarstvo Republi\u010dkog sekretarijata za prosvjetu, nauku I kulturu Crne Gore<\/p>\n<p>&#8211; Nagrada \u201c19 Decembar\u201d Podgorice za likovni I pedago\u0161ki rad.<\/p>\n<p>\u017divio i radio u Podgorici.<\/p>\n<p><strong>Udru\u017eenje Likovnih Umjetnika Crne Gore<br \/>\n<!--YouTube Error: bad URL entered--><br \/>\n<\/strong><\/p>\n<p><strong><br \/>\n<\/strong><\/p>\n","protected":false},"excerpt":{"rendered":"<p>Istaknuti crnogorski &#8211; ulcinjski slikar \u0110er\u0111 Noc Martini preminuo je u srijedu ve\u010de u Podgorici, nakon kra\u0107e bolesti. Rodjen je u \u0160toju \u2013 Ulcinj 1945.godine Pedago\u0161ku akademiju, odsjek likovno vaspitanje zavr\u0161io je u Nik\u0161i\u0107u, u klasi profesora Nikole Gvozdenovi\u0107a. Diplomirao je na Fakultetu likovnih umjetnosti u Beogrdau 1972.godine na odsjeku slikarstvo, kod redovnog profesora \u0110or\u0111a [&hellip;]<\/p>\n","protected":false},"author":1,"featured_media":0,"comment_status":"open","ping_status":"closed","sticky":false,"template":"","format":"standard","meta":{"spay_email":"","jetpack_publicize_message":"","jetpack_is_tweetstorm":false,"jetpack_publicize_feature_enabled":true},"categories":[8337],"tags":[13955,20032,20327,19,20326],"jetpack_publicize_connections":[],"yoast_head":"<!-- This site is optimized with the Yoast SEO plugin v19.1 - https:\/\/yoast.com\/wordpress\/plugins\/seo\/ -->\n<title>In Memoriam: \u0110er\u0111 Noc Martini - Video - Lajme nga Ulqini<\/title>\n<meta name=\"description\" content=\"Istaknuti crnogorski - ulcinjski slikar \u0110er\u0111 Noc Martini preminuo je u srijedu ve\u010de u Podgorici, nakon kra\u0107e bolesti. Rodjen je u \u0160toju \u2013 Ulcinj\" \/>\n<meta name=\"robots\" content=\"index, follow, max-snippet:-1, max-image-preview:large, max-video-preview:-1\" \/>\n<link rel=\"canonical\" href=\"https:\/\/www.visit-ulcinj.com\/blog\/2012\/04\/21\/in-memoriam-derd-noc-martini\/\" \/>\n<meta property=\"og:locale\" content=\"en_US\" \/>\n<meta property=\"og:type\" content=\"article\" \/>\n<meta property=\"og:title\" content=\"In Memoriam: \u0110er\u0111 Noc Martini - Video - Lajme nga Ulqini\" \/>\n<meta property=\"og:description\" content=\"Istaknuti crnogorski - ulcinjski slikar \u0110er\u0111 Noc Martini preminuo je u srijedu ve\u010de u Podgorici, nakon kra\u0107e bolesti. Rodjen je u \u0160toju \u2013 Ulcinj\" \/>\n<meta property=\"og:url\" content=\"https:\/\/www.visit-ulcinj.com\/blog\/2012\/04\/21\/in-memoriam-derd-noc-martini\/\" \/>\n<meta property=\"og:site_name\" content=\"Lajme nga Ulqini\" \/>\n<meta property=\"article:published_time\" content=\"2012-04-21T15:41:19+00:00\" \/>\n<meta property=\"article:modified_time\" content=\"2012-04-21T15:52:08+00:00\" \/>\n<meta property=\"og:image\" content=\"http:\/\/www.visit-ulcinj.com\/blog\/wp-content\/uploads\/2012\/04\/Djerdj-Noc-Martini.jpg\" \/>\n<meta name=\"twitter:label1\" content=\"Written by\" \/>\n\t<meta name=\"twitter:data1\" content=\"ulqini\" \/>\n\t<meta name=\"twitter:label2\" content=\"Est. reading time\" \/>\n\t<meta name=\"twitter:data2\" content=\"1 minute\" \/>\n<script type=\"application\/ld+json\" class=\"yoast-schema-graph\">{\"@context\":\"https:\/\/schema.org\",\"@graph\":[{\"@type\":\"WebSite\",\"@id\":\"https:\/\/www.visit-ulcinj.com\/blog\/#website\",\"url\":\"https:\/\/www.visit-ulcinj.com\/blog\/\",\"name\":\"Lajme nga Ulqini\",\"description\":\"Lajme,Vijesti,Ulqini,Ulqin,Crna Gora,Mali i Zi\",\"potentialAction\":[{\"@type\":\"SearchAction\",\"target\":{\"@type\":\"EntryPoint\",\"urlTemplate\":\"https:\/\/www.visit-ulcinj.com\/blog\/?s={search_term_string}\"},\"query-input\":\"required name=search_term_string\"}],\"inLanguage\":\"en-US\"},{\"@type\":\"ImageObject\",\"inLanguage\":\"en-US\",\"@id\":\"https:\/\/www.visit-ulcinj.com\/blog\/2012\/04\/21\/in-memoriam-derd-noc-martini\/#primaryimage\",\"url\":\"https:\/\/www.visit-ulcinj.com\/blog\/wp-content\/uploads\/2012\/04\/Djerdj-Noc-Martini.jpg\",\"contentUrl\":\"https:\/\/www.visit-ulcinj.com\/blog\/wp-content\/uploads\/2012\/04\/Djerdj-Noc-Martini.jpg\",\"width\":\"270\",\"height\":\"322\"},{\"@type\":\"WebPage\",\"@id\":\"https:\/\/www.visit-ulcinj.com\/blog\/2012\/04\/21\/in-memoriam-derd-noc-martini\/#webpage\",\"url\":\"https:\/\/www.visit-ulcinj.com\/blog\/2012\/04\/21\/in-memoriam-derd-noc-martini\/\",\"name\":\"In Memoriam: \u0110er\u0111 Noc Martini - Video - Lajme nga Ulqini\",\"isPartOf\":{\"@id\":\"https:\/\/www.visit-ulcinj.com\/blog\/#website\"},\"primaryImageOfPage\":{\"@id\":\"https:\/\/www.visit-ulcinj.com\/blog\/2012\/04\/21\/in-memoriam-derd-noc-martini\/#primaryimage\"},\"datePublished\":\"2012-04-21T15:41:19+00:00\",\"dateModified\":\"2012-04-21T15:52:08+00:00\",\"author\":{\"@id\":\"https:\/\/www.visit-ulcinj.com\/blog\/#\/schema\/person\/dcab619c614d3038751c63bc2aadc06d\"},\"description\":\"Istaknuti crnogorski - ulcinjski slikar \u0110er\u0111 Noc Martini preminuo je u srijedu ve\u010de u Podgorici, nakon kra\u0107e bolesti. Rodjen je u \u0160toju \u2013 Ulcinj\",\"breadcrumb\":{\"@id\":\"https:\/\/www.visit-ulcinj.com\/blog\/2012\/04\/21\/in-memoriam-derd-noc-martini\/#breadcrumb\"},\"inLanguage\":\"en-US\",\"potentialAction\":[{\"@type\":\"ReadAction\",\"target\":[\"https:\/\/www.visit-ulcinj.com\/blog\/2012\/04\/21\/in-memoriam-derd-noc-martini\/\"]}]},{\"@type\":\"BreadcrumbList\",\"@id\":\"https:\/\/www.visit-ulcinj.com\/blog\/2012\/04\/21\/in-memoriam-derd-noc-martini\/#breadcrumb\",\"itemListElement\":[{\"@type\":\"ListItem\",\"position\":1,\"name\":\"In Memoriam: \u0110er\u0111 Noc Martini &#8211; Video\"}]},{\"@type\":\"Person\",\"@id\":\"https:\/\/www.visit-ulcinj.com\/blog\/#\/schema\/person\/dcab619c614d3038751c63bc2aadc06d\",\"name\":\"ulqini\",\"sameAs\":[\"http:\/\/www.visit-ulcinj.com\"],\"url\":\"https:\/\/www.visit-ulcinj.com\/blog\/author\/admin\/\"}]}<\/script>\n<!-- \/ Yoast SEO plugin. -->","yoast_head_json":{"title":"In Memoriam: \u0110er\u0111 Noc Martini - Video - Lajme nga Ulqini","description":"Istaknuti crnogorski - ulcinjski slikar \u0110er\u0111 Noc Martini preminuo je u srijedu ve\u010de u Podgorici, nakon kra\u0107e bolesti. Rodjen je u \u0160toju \u2013 Ulcinj","robots":{"index":"index","follow":"follow","max-snippet":"max-snippet:-1","max-image-preview":"max-image-preview:large","max-video-preview":"max-video-preview:-1"},"canonical":"https:\/\/www.visit-ulcinj.com\/blog\/2012\/04\/21\/in-memoriam-derd-noc-martini\/","og_locale":"en_US","og_type":"article","og_title":"In Memoriam: \u0110er\u0111 Noc Martini - Video - Lajme nga Ulqini","og_description":"Istaknuti crnogorski - ulcinjski slikar \u0110er\u0111 Noc Martini preminuo je u srijedu ve\u010de u Podgorici, nakon kra\u0107e bolesti. Rodjen je u \u0160toju \u2013 Ulcinj","og_url":"https:\/\/www.visit-ulcinj.com\/blog\/2012\/04\/21\/in-memoriam-derd-noc-martini\/","og_site_name":"Lajme nga Ulqini","article_published_time":"2012-04-21T15:41:19+00:00","article_modified_time":"2012-04-21T15:52:08+00:00","og_image":[{"url":"http:\/\/www.visit-ulcinj.com\/blog\/wp-content\/uploads\/2012\/04\/Djerdj-Noc-Martini.jpg"}],"twitter_misc":{"Written by":"ulqini","Est. reading time":"1 minute"},"schema":{"@context":"https:\/\/schema.org","@graph":[{"@type":"WebSite","@id":"https:\/\/www.visit-ulcinj.com\/blog\/#website","url":"https:\/\/www.visit-ulcinj.com\/blog\/","name":"Lajme nga Ulqini","description":"Lajme,Vijesti,Ulqini,Ulqin,Crna Gora,Mali i Zi","potentialAction":[{"@type":"SearchAction","target":{"@type":"EntryPoint","urlTemplate":"https:\/\/www.visit-ulcinj.com\/blog\/?s={search_term_string}"},"query-input":"required name=search_term_string"}],"inLanguage":"en-US"},{"@type":"ImageObject","inLanguage":"en-US","@id":"https:\/\/www.visit-ulcinj.com\/blog\/2012\/04\/21\/in-memoriam-derd-noc-martini\/#primaryimage","url":"https:\/\/www.visit-ulcinj.com\/blog\/wp-content\/uploads\/2012\/04\/Djerdj-Noc-Martini.jpg","contentUrl":"https:\/\/www.visit-ulcinj.com\/blog\/wp-content\/uploads\/2012\/04\/Djerdj-Noc-Martini.jpg","width":"270","height":"322"},{"@type":"WebPage","@id":"https:\/\/www.visit-ulcinj.com\/blog\/2012\/04\/21\/in-memoriam-derd-noc-martini\/#webpage","url":"https:\/\/www.visit-ulcinj.com\/blog\/2012\/04\/21\/in-memoriam-derd-noc-martini\/","name":"In Memoriam: \u0110er\u0111 Noc Martini - Video - Lajme nga Ulqini","isPartOf":{"@id":"https:\/\/www.visit-ulcinj.com\/blog\/#website"},"primaryImageOfPage":{"@id":"https:\/\/www.visit-ulcinj.com\/blog\/2012\/04\/21\/in-memoriam-derd-noc-martini\/#primaryimage"},"datePublished":"2012-04-21T15:41:19+00:00","dateModified":"2012-04-21T15:52:08+00:00","author":{"@id":"https:\/\/www.visit-ulcinj.com\/blog\/#\/schema\/person\/dcab619c614d3038751c63bc2aadc06d"},"description":"Istaknuti crnogorski - ulcinjski slikar \u0110er\u0111 Noc Martini preminuo je u srijedu ve\u010de u Podgorici, nakon kra\u0107e bolesti. Rodjen je u \u0160toju \u2013 Ulcinj","breadcrumb":{"@id":"https:\/\/www.visit-ulcinj.com\/blog\/2012\/04\/21\/in-memoriam-derd-noc-martini\/#breadcrumb"},"inLanguage":"en-US","potentialAction":[{"@type":"ReadAction","target":["https:\/\/www.visit-ulcinj.com\/blog\/2012\/04\/21\/in-memoriam-derd-noc-martini\/"]}]},{"@type":"BreadcrumbList","@id":"https:\/\/www.visit-ulcinj.com\/blog\/2012\/04\/21\/in-memoriam-derd-noc-martini\/#breadcrumb","itemListElement":[{"@type":"ListItem","position":1,"name":"In Memoriam: \u0110er\u0111 Noc Martini &#8211; Video"}]},{"@type":"Person","@id":"https:\/\/www.visit-ulcinj.com\/blog\/#\/schema\/person\/dcab619c614d3038751c63bc2aadc06d","name":"ulqini","sameAs":["http:\/\/www.visit-ulcinj.com"],"url":"https:\/\/www.visit-ulcinj.com\/blog\/author\/admin\/"}]}},"jetpack_featured_media_url":"","jetpack_sharing_enabled":true,"jetpack_shortlink":"https:\/\/wp.me\/pe6lTn-fsn","_links":{"self":[{"href":"https:\/\/www.visit-ulcinj.com\/blog\/wp-json\/wp\/v2\/posts\/59419"}],"collection":[{"href":"https:\/\/www.visit-ulcinj.com\/blog\/wp-json\/wp\/v2\/posts"}],"about":[{"href":"https:\/\/www.visit-ulcinj.com\/blog\/wp-json\/wp\/v2\/types\/post"}],"author":[{"embeddable":true,"href":"https:\/\/www.visit-ulcinj.com\/blog\/wp-json\/wp\/v2\/users\/1"}],"replies":[{"embeddable":true,"href":"https:\/\/www.visit-ulcinj.com\/blog\/wp-json\/wp\/v2\/comments?post=59419"}],"version-history":[{"count":4,"href":"https:\/\/www.visit-ulcinj.com\/blog\/wp-json\/wp\/v2\/posts\/59419\/revisions"}],"predecessor-version":[{"id":59422,"href":"https:\/\/www.visit-ulcinj.com\/blog\/wp-json\/wp\/v2\/posts\/59419\/revisions\/59422"}],"wp:attachment":[{"href":"https:\/\/www.visit-ulcinj.com\/blog\/wp-json\/wp\/v2\/media?parent=59419"}],"wp:term":[{"taxonomy":"category","embeddable":true,"href":"https:\/\/www.visit-ulcinj.com\/blog\/wp-json\/wp\/v2\/categories?post=59419"},{"taxonomy":"post_tag","embeddable":true,"href":"https:\/\/www.visit-ulcinj.com\/blog\/wp-json\/wp\/v2\/tags?post=59419"}],"curies":[{"name":"wp","href":"https:\/\/api.w.org\/{rel}","templated":true}]}}