{"id":59428,"date":"2012-04-21T18:37:31","date_gmt":"2012-04-21T17:37:31","guid":{"rendered":"http:\/\/www.visit-ulcinj.com\/blog\/?p=59428"},"modified":"2012-04-23T16:11:09","modified_gmt":"2012-04-23T15:11:09","slug":"emin-halili-kalimanasit-millacaket","status":"publish","type":"post","link":"https:\/\/www.visit-ulcinj.com\/blog\/2012\/04\/21\/emin-halili-kalimanasit-millacaket\/","title":{"rendered":"Emin Halili: Kalimanasit &#038; milla\u00e7ak\u00ebt"},"content":{"rendered":"<p><a href=\"http:\/\/www.visit-ulcinj.com\/blog\/wp-content\/uploads\/2012\/04\/Emin-Halili-regjisor-shqiptar\u00eb-nga-Ulqini.jpg\"><img loading=\"lazy\" class=\"alignleft size-full wp-image-59429\" title=\"Emin Halili, regjisor, shqiptar\u00eb nga Ulqini\" src=\"http:\/\/www.visit-ulcinj.com\/blog\/wp-content\/uploads\/2012\/04\/Emin-Halili-regjisor-shqiptar\u00eb-nga-Ulqini.jpg\" alt=\"\" width=\"333\" height=\"207\" srcset=\"https:\/\/www.visit-ulcinj.com\/blog\/wp-content\/uploads\/2012\/04\/Emin-Halili-regjisor-shqiptar\u00eb-nga-Ulqini.jpg 333w, https:\/\/www.visit-ulcinj.com\/blog\/wp-content\/uploads\/2012\/04\/Emin-Halili-regjisor-shqiptar\u00eb-nga-Ulqini-300x186.jpg 300w\" sizes=\"(max-width: 333px) 100vw, 333px\" \/><\/a>Duke shikuar t\u00eb h\u00ebn\u00ebn mbr\u00ebmje TV\u00a0Klan, gjasht\u00eb burra, edhe me mjekrra\u00a0edhe te rruar, k\u00ebrkoj ndjes\u00eb, por kishte\u00a0edhe tullaca, t\u00eb cilet kurrsesi ta shohin\u00a0nje hart\u00eb gjeografike, ku dominonte\u00a0ngjyra e kuqe, e faktet d\u00ebshmojn\u00eb se\u00a0n\u00eb at\u00eb ngjyr\u00eb t\u00eb kuqe jetojn\u00eb shqiptar\u00ebt\u00a0n\u00eb Maqedoni. Muri shihet edhe\u00a0nga aeroplani, por zot\u00ebrinjt\u00eb n\u00eb studio\u00a0kurrsesi ta hedhin shikimin p\u00ebrtej\u00a0atij muri, e mua, as nj\u00eb as dy, mu kujtuan\u00a0bisedat e b\u00ebra me baban\u00eb tim 95\u00a0vje\u00e7ar, q\u00eb merr frym\u00eb n\u00eb aj\u00ebr t\u00eb past\u00ebr\u00a0t\u00eb Gjeranave. Duke i \u00e7el\u00eb dritaret n\u00eb\u00a0m\u00ebngjes i mbushen mushk\u00ebrit\u00eb me\u00a0jodin q\u00eb l\u00ebshohet nga Pinjeshi mbi Uqinin\u00a0e bukur dhe e pret kafja n\u00eb ballkon\u00a0te ullini nj\u00ebmij\u00ebvje\u00e7ar me fisniken e\u00a0tij tet\u00ebdhjet\u00eb e gjasht\u00eb vje\u00e7are. Shikimin\u00a0e l\u00ebshojn\u00eb deri te malet e Korabit,\u00a0por, nuk e shohin Kalimanin e Millen\u00a0me 76 mullinj uji dikur, se nostalgjin\u00eb\u00a0p\u00ebr vendlindje ua z\u00eb Mazhuri, nj\u00eb mal\u00a0i vog\u00ebl. Figurativisht mali i Kalimanit\u00a0dhe mali i Kryth\u00ebs, ju q\u00eb vini p\u00ebr ta l\u00ebshuar\u00a0trupin n\u00eb Plazhin e Madh, bashk\u00eb\u00a0me do ndjenja t\u00eb bukura q\u00eb si harroni\u00a0kurr\u00eb, sa e kaloni Lezhen, vet\u00ebm shikoni\u00a0drejt\u00eb dhe k\u00ebto dy male si krah\u00eb\u00a0shqiponje me kok\u00eb n\u00eb mes, sepse mu\u00a0n\u00eb mes \u00ebsht\u00eb nj\u00eb qarr, q\u00eb nuk munden\u00a0ta rrethojn\u00eb duart e shtat\u00eb burrave qe\u00a0ishin n\u00eb TV KLAN, n\u00eb emisionin OPINION,\u00a0q\u00eb do t\u00eb thot\u00eb: b\u00ebn\u00eb zhurm\u00eb deri\u00a0n\u00eb kup\u00eb t\u00eb qiellit, duke e vu gishtin\u00a0n\u00eb ball\u00eb, gjoja se duke menduar. Mir\u00eb.\u00a0Babait tim t\u00eb lindur n\u00eb Mill\u00eb, i ka th\u00ebn\u00eb\u00a0babaj i tij, gjyshi im, Meha Dani se\u00a0p\u00ebrgjat\u00eb Lipoj\u00ebs s\u00eb Mill\u00ebs \u00ebsht\u00eb nd\u00ebrtuar\u00a0nj\u00eb mur i pakaluesh\u00ebm per dele\u00a0e dhi, nga Milla n\u00eb pjesen tjet\u00ebr t\u00eb\u00a0Kalimanit, q\u00eb sa p\u00ebr dijeni \u00ebsht\u00eb cepi\u00a0m\u00eb p\u00ebrendimor i gjuhes shqipe. Ky\u00a0gjyshi im n\u00eb m\u00ebngjes her\u00ebt sa i qet delet\u00a0nga vatha, p\u00ebr dreq i shkojn\u00eb syt\u00eb te ai muri n\u00eb Lipoj\u00eb, dhe si vet\u00ebtima i\u00a0mbledh krejt\u00eb Milla\u00e7ak\u00ebt q\u00eb jan\u00eb t\u00eb Zot\u00a0e pushk\u00ebs, e t\u00eb shkopit fajletes, se Kalimanasit\u00a0jan\u00eb trim\u00ebruar dhe delet e tyre\u00a0i kan\u00eb kaluar n\u00eb an\u00ebn tjet\u00ebr t\u00eb murit.\u00a0Dreq o pun\u00eb, se edhe Kalimanasit turren\u00a0p\u00ebr Lipoj\u00eb p\u00ebr t\u00eb mbrojtur delet e\u00a0veta. B\u00ebhen burrat gati ta b\u00ebjn\u00eb namin,\u00a0e delet as qe u shqet\u00ebsuan se \u00e7ka po\u00a0ndodh\u00eb me k\u00ebto burra, megjithat\u00eb u\u00a0dukte kullota pak m\u00eb e mir\u00eb n\u00eb an\u00ebn e\u00a0Milles, se kishin edhe ujt\u00eb t\u00eb fresk\u00ebt te\u00a0kroni Maranxh\u00eb. Sa u b\u00ebn\u00eb burrat gati\u00a0t\u00eb ndajn\u00eb hesapin p\u00ebr pun\u00ebn e delesh,\u00a0nga Krytha posht\u00eb filloj t\u00eb d\u00ebgjohej nj\u00eb\u00a0zhurm\u00eb aq e r\u00ebnd\u00eb dhe shqet\u00ebsuese, sa\u00a0Meha Dani mbeti me sy t\u00eb ngulitur atje\u00a0n\u00eb xhaden q\u00eb e kan\u00eb nd\u00ebrtua\u00eb austriak\u00ebt,\u00a0pa e v\u00ebrejtur se Selim Meti ia ka\u00a0vu shenj\u00ebn mu n\u00eb lule t\u00eb ballit. Edhe ai\u00a0e l\u00ebshoj doren posht\u00eb, e \u00e7oj\u00eb shikimin\u00a0te xhadja, ku vlonte prej mengjesi deri\u00a0n\u00eb mbr\u00ebmje nga ushtria malazese e\u00a0drejtuar p\u00ebr n\u00eb Tarabosh, nj\u00eb pll\u00ebmb\u00eb\u00a0mbi Shkod\u00ebr, e nj\u00eb or\u00eb rrug\u00eb prej k\u00eb tyre burrave t\u00eb z\u00ebn\u00eb me fatin e deleve.\u00a0M\u00eb n\u00eb fund Meha Dani Milla\u00e7ak e kalon\u00a0shikimin nga hataja, q\u00eb nuk ka t\u00eb ndalur\u00a0n\u00eb Kryth\u00eb dhe p\u00ebrdreq Selim Meti\u00a0i Kalimanit ende e ka Pushken t\u00eb drejtuar\u00a0n\u00eb gjyshin tim:\u00a0&#8211; A pe ul at\u00eb pushk\u00eb, o Selim Meti! A\u00a0s\u2019po sheh se malalezt\u00eb po shkojn\u00eb me\u00a0marr Shkodren\u2026!\u00a0&#8211; Mos i prek delet o Meha Dan Milla\u00e7aku,\u00a0se ata nuk kan pun\u00eb m\u00eb n\u00eb\u2026!\u00a0&#8211; Mir\u00eb, mir\u00eb o trim i Kalimanit, ujku paska\u00a0me i\u2019hanger edhe delet e tua edhe\u00a0t\u2019mijat\u2026\u00a0Dhe Ana e Malit u dogj\u00eb , p\u00ebr her te\u00a0dyt\u00eb me 1913. U dogj\u00eb edhe Shkodra,\u00a0e dor\u00ebzoj Esad pash Toptani\u2026\u00a0Histori \u00ebsht\u00eb kjo o burr\u00eb, merre gruan\u00a0t\u00ebnde, apo n\u2019pa\u00e7 dashnore prap\u00a0mundesh ta shtrish trupin n\u00eb ran\u00ebn\u00a0e nxeht\u00eb, mundeni edhe t\u00eb hani nj\u00eb\u00a0dark\u00eb t\u00eb mir\u00eb n\u00eb kala t\u00eb Ulqinit, sepse\u00a0ata opinionistet e cepit lindor t\u00eb gjuh\u00ebs\u00a0shqipe e kishin pun\u00ebn e deleve t\u00eb Kalimanasve\u00a0dhe Milla\u00e7akeve.<\/p>\n<p><strong>Koha Javore<\/strong><\/p>\n","protected":false},"excerpt":{"rendered":"<p>Duke shikuar t\u00eb h\u00ebn\u00ebn mbr\u00ebmje TV\u00a0Klan, gjasht\u00eb burra, edhe me mjekrra\u00a0edhe te rruar, k\u00ebrkoj ndjes\u00eb, por kishte\u00a0edhe tullaca, t\u00eb cilet kurrsesi ta shohin\u00a0nje hart\u00eb gjeografike, ku dominonte\u00a0ngjyra e kuqe, e faktet d\u00ebshmojn\u00eb se\u00a0n\u00eb at\u00eb ngjyr\u00eb t\u00eb kuqe jetojn\u00eb shqiptar\u00ebt\u00a0n\u00eb Maqedoni. Muri shihet edhe\u00a0nga aeroplani, por zot\u00ebrinjt\u00eb n\u00eb studio\u00a0kurrsesi ta hedhin shikimin p\u00ebrtej\u00a0atij muri, e mua, [&hellip;]<\/p>\n","protected":false},"author":1,"featured_media":0,"comment_status":"open","ping_status":"closed","sticky":false,"template":"","format":"standard","meta":{"spay_email":"","jetpack_publicize_message":"","jetpack_is_tweetstorm":false,"jetpack_publicize_feature_enabled":true},"categories":[14249],"tags":[2889],"jetpack_publicize_connections":[],"yoast_head":"<!-- This site is optimized with the Yoast SEO plugin v19.1 - https:\/\/yoast.com\/wordpress\/plugins\/seo\/ -->\n<title>Emin Halili: Kalimanasit &amp; milla\u00e7ak\u00ebt - Lajme nga Ulqini<\/title>\n<meta name=\"description\" content=\"Duke shikuar t\u00eb h\u00ebn\u00ebn mbr\u00ebmje TV\u00a0Klan, gjasht\u00eb burra, edhe me mjekrra\u00a0edhe te rruar, k\u00ebrkoj ndjes\u00eb, por kishte\u00a0edhe tullaca, t\u00eb cilet kurrsesi ta\" \/>\n<meta name=\"robots\" content=\"index, follow, max-snippet:-1, max-image-preview:large, max-video-preview:-1\" \/>\n<link rel=\"canonical\" href=\"https:\/\/www.visit-ulcinj.com\/blog\/2012\/04\/21\/emin-halili-kalimanasit-millacaket\/\" \/>\n<meta property=\"og:locale\" content=\"en_US\" \/>\n<meta property=\"og:type\" content=\"article\" \/>\n<meta property=\"og:title\" content=\"Emin Halili: Kalimanasit &amp; milla\u00e7ak\u00ebt - Lajme nga Ulqini\" \/>\n<meta property=\"og:description\" content=\"Duke shikuar t\u00eb h\u00ebn\u00ebn mbr\u00ebmje TV\u00a0Klan, gjasht\u00eb burra, edhe me mjekrra\u00a0edhe te rruar, k\u00ebrkoj ndjes\u00eb, por kishte\u00a0edhe tullaca, t\u00eb cilet kurrsesi ta\" \/>\n<meta property=\"og:url\" content=\"https:\/\/www.visit-ulcinj.com\/blog\/2012\/04\/21\/emin-halili-kalimanasit-millacaket\/\" \/>\n<meta property=\"og:site_name\" content=\"Lajme nga Ulqini\" \/>\n<meta property=\"article:published_time\" content=\"2012-04-21T17:37:31+00:00\" \/>\n<meta property=\"article:modified_time\" content=\"2012-04-23T15:11:09+00:00\" \/>\n<meta name=\"twitter:label1\" content=\"Written by\" \/>\n\t<meta name=\"twitter:data1\" content=\"ulqini\" \/>\n\t<meta name=\"twitter:label2\" content=\"Est. reading time\" \/>\n\t<meta name=\"twitter:data2\" content=\"4 minutes\" \/>\n<script type=\"application\/ld+json\" class=\"yoast-schema-graph\">{\"@context\":\"https:\/\/schema.org\",\"@graph\":[{\"@type\":\"WebSite\",\"@id\":\"https:\/\/www.visit-ulcinj.com\/blog\/#website\",\"url\":\"https:\/\/www.visit-ulcinj.com\/blog\/\",\"name\":\"Lajme nga Ulqini\",\"description\":\"Lajme,Vijesti,Ulqini,Ulqin,Crna Gora,Mali i Zi\",\"potentialAction\":[{\"@type\":\"SearchAction\",\"target\":{\"@type\":\"EntryPoint\",\"urlTemplate\":\"https:\/\/www.visit-ulcinj.com\/blog\/?s={search_term_string}\"},\"query-input\":\"required name=search_term_string\"}],\"inLanguage\":\"en-US\"},{\"@type\":\"WebPage\",\"@id\":\"https:\/\/www.visit-ulcinj.com\/blog\/2012\/04\/21\/emin-halili-kalimanasit-millacaket\/#webpage\",\"url\":\"https:\/\/www.visit-ulcinj.com\/blog\/2012\/04\/21\/emin-halili-kalimanasit-millacaket\/\",\"name\":\"Emin Halili: Kalimanasit & milla\u00e7ak\u00ebt - Lajme nga Ulqini\",\"isPartOf\":{\"@id\":\"https:\/\/www.visit-ulcinj.com\/blog\/#website\"},\"datePublished\":\"2012-04-21T17:37:31+00:00\",\"dateModified\":\"2012-04-23T15:11:09+00:00\",\"author\":{\"@id\":\"https:\/\/www.visit-ulcinj.com\/blog\/#\/schema\/person\/dcab619c614d3038751c63bc2aadc06d\"},\"description\":\"Duke shikuar t\u00eb h\u00ebn\u00ebn mbr\u00ebmje TV\u00a0Klan, gjasht\u00eb burra, edhe me mjekrra\u00a0edhe te rruar, k\u00ebrkoj ndjes\u00eb, por kishte\u00a0edhe tullaca, t\u00eb cilet kurrsesi ta\",\"breadcrumb\":{\"@id\":\"https:\/\/www.visit-ulcinj.com\/blog\/2012\/04\/21\/emin-halili-kalimanasit-millacaket\/#breadcrumb\"},\"inLanguage\":\"en-US\",\"potentialAction\":[{\"@type\":\"ReadAction\",\"target\":[\"https:\/\/www.visit-ulcinj.com\/blog\/2012\/04\/21\/emin-halili-kalimanasit-millacaket\/\"]}]},{\"@type\":\"BreadcrumbList\",\"@id\":\"https:\/\/www.visit-ulcinj.com\/blog\/2012\/04\/21\/emin-halili-kalimanasit-millacaket\/#breadcrumb\",\"itemListElement\":[{\"@type\":\"ListItem\",\"position\":1,\"name\":\"Emin Halili: Kalimanasit &#038; milla\u00e7ak\u00ebt\"}]},{\"@type\":\"Person\",\"@id\":\"https:\/\/www.visit-ulcinj.com\/blog\/#\/schema\/person\/dcab619c614d3038751c63bc2aadc06d\",\"name\":\"ulqini\",\"sameAs\":[\"http:\/\/www.visit-ulcinj.com\"],\"url\":\"https:\/\/www.visit-ulcinj.com\/blog\/author\/admin\/\"}]}<\/script>\n<!-- \/ Yoast SEO plugin. -->","yoast_head_json":{"title":"Emin Halili: Kalimanasit & milla\u00e7ak\u00ebt - Lajme nga Ulqini","description":"Duke shikuar t\u00eb h\u00ebn\u00ebn mbr\u00ebmje TV\u00a0Klan, gjasht\u00eb burra, edhe me mjekrra\u00a0edhe te rruar, k\u00ebrkoj ndjes\u00eb, por kishte\u00a0edhe tullaca, t\u00eb cilet kurrsesi ta","robots":{"index":"index","follow":"follow","max-snippet":"max-snippet:-1","max-image-preview":"max-image-preview:large","max-video-preview":"max-video-preview:-1"},"canonical":"https:\/\/www.visit-ulcinj.com\/blog\/2012\/04\/21\/emin-halili-kalimanasit-millacaket\/","og_locale":"en_US","og_type":"article","og_title":"Emin Halili: Kalimanasit & milla\u00e7ak\u00ebt - Lajme nga Ulqini","og_description":"Duke shikuar t\u00eb h\u00ebn\u00ebn mbr\u00ebmje TV\u00a0Klan, gjasht\u00eb burra, edhe me mjekrra\u00a0edhe te rruar, k\u00ebrkoj ndjes\u00eb, por kishte\u00a0edhe tullaca, t\u00eb cilet kurrsesi ta","og_url":"https:\/\/www.visit-ulcinj.com\/blog\/2012\/04\/21\/emin-halili-kalimanasit-millacaket\/","og_site_name":"Lajme nga Ulqini","article_published_time":"2012-04-21T17:37:31+00:00","article_modified_time":"2012-04-23T15:11:09+00:00","twitter_misc":{"Written by":"ulqini","Est. reading time":"4 minutes"},"schema":{"@context":"https:\/\/schema.org","@graph":[{"@type":"WebSite","@id":"https:\/\/www.visit-ulcinj.com\/blog\/#website","url":"https:\/\/www.visit-ulcinj.com\/blog\/","name":"Lajme nga Ulqini","description":"Lajme,Vijesti,Ulqini,Ulqin,Crna Gora,Mali i Zi","potentialAction":[{"@type":"SearchAction","target":{"@type":"EntryPoint","urlTemplate":"https:\/\/www.visit-ulcinj.com\/blog\/?s={search_term_string}"},"query-input":"required name=search_term_string"}],"inLanguage":"en-US"},{"@type":"WebPage","@id":"https:\/\/www.visit-ulcinj.com\/blog\/2012\/04\/21\/emin-halili-kalimanasit-millacaket\/#webpage","url":"https:\/\/www.visit-ulcinj.com\/blog\/2012\/04\/21\/emin-halili-kalimanasit-millacaket\/","name":"Emin Halili: Kalimanasit & milla\u00e7ak\u00ebt - Lajme nga Ulqini","isPartOf":{"@id":"https:\/\/www.visit-ulcinj.com\/blog\/#website"},"datePublished":"2012-04-21T17:37:31+00:00","dateModified":"2012-04-23T15:11:09+00:00","author":{"@id":"https:\/\/www.visit-ulcinj.com\/blog\/#\/schema\/person\/dcab619c614d3038751c63bc2aadc06d"},"description":"Duke shikuar t\u00eb h\u00ebn\u00ebn mbr\u00ebmje TV\u00a0Klan, gjasht\u00eb burra, edhe me mjekrra\u00a0edhe te rruar, k\u00ebrkoj ndjes\u00eb, por kishte\u00a0edhe tullaca, t\u00eb cilet kurrsesi ta","breadcrumb":{"@id":"https:\/\/www.visit-ulcinj.com\/blog\/2012\/04\/21\/emin-halili-kalimanasit-millacaket\/#breadcrumb"},"inLanguage":"en-US","potentialAction":[{"@type":"ReadAction","target":["https:\/\/www.visit-ulcinj.com\/blog\/2012\/04\/21\/emin-halili-kalimanasit-millacaket\/"]}]},{"@type":"BreadcrumbList","@id":"https:\/\/www.visit-ulcinj.com\/blog\/2012\/04\/21\/emin-halili-kalimanasit-millacaket\/#breadcrumb","itemListElement":[{"@type":"ListItem","position":1,"name":"Emin Halili: Kalimanasit &#038; milla\u00e7ak\u00ebt"}]},{"@type":"Person","@id":"https:\/\/www.visit-ulcinj.com\/blog\/#\/schema\/person\/dcab619c614d3038751c63bc2aadc06d","name":"ulqini","sameAs":["http:\/\/www.visit-ulcinj.com"],"url":"https:\/\/www.visit-ulcinj.com\/blog\/author\/admin\/"}]}},"jetpack_featured_media_url":"","jetpack_sharing_enabled":true,"jetpack_shortlink":"https:\/\/wp.me\/pe6lTn-fsw","_links":{"self":[{"href":"https:\/\/www.visit-ulcinj.com\/blog\/wp-json\/wp\/v2\/posts\/59428"}],"collection":[{"href":"https:\/\/www.visit-ulcinj.com\/blog\/wp-json\/wp\/v2\/posts"}],"about":[{"href":"https:\/\/www.visit-ulcinj.com\/blog\/wp-json\/wp\/v2\/types\/post"}],"author":[{"embeddable":true,"href":"https:\/\/www.visit-ulcinj.com\/blog\/wp-json\/wp\/v2\/users\/1"}],"replies":[{"embeddable":true,"href":"https:\/\/www.visit-ulcinj.com\/blog\/wp-json\/wp\/v2\/comments?post=59428"}],"version-history":[{"count":3,"href":"https:\/\/www.visit-ulcinj.com\/blog\/wp-json\/wp\/v2\/posts\/59428\/revisions"}],"predecessor-version":[{"id":59431,"href":"https:\/\/www.visit-ulcinj.com\/blog\/wp-json\/wp\/v2\/posts\/59428\/revisions\/59431"}],"wp:attachment":[{"href":"https:\/\/www.visit-ulcinj.com\/blog\/wp-json\/wp\/v2\/media?parent=59428"}],"wp:term":[{"taxonomy":"category","embeddable":true,"href":"https:\/\/www.visit-ulcinj.com\/blog\/wp-json\/wp\/v2\/categories?post=59428"},{"taxonomy":"post_tag","embeddable":true,"href":"https:\/\/www.visit-ulcinj.com\/blog\/wp-json\/wp\/v2\/tags?post=59428"}],"curies":[{"name":"wp","href":"https:\/\/api.w.org\/{rel}","templated":true}]}}