{"id":59432,"date":"2012-04-21T18:55:39","date_gmt":"2012-04-21T17:55:39","guid":{"rendered":"http:\/\/www.visit-ulcinj.com\/blog\/?p=59432"},"modified":"2012-04-22T19:54:58","modified_gmt":"2012-04-22T18:54:58","slug":"dites-boterore-te-librit-biblioteka-popullore-e-ulqinit-ofron","status":"publish","type":"post","link":"https:\/\/www.visit-ulcinj.com\/blog\/2012\/04\/21\/dites-boterore-te-librit-biblioteka-popullore-e-ulqinit-ofron\/","title":{"rendered":"Biblioteka e Ulqinit sh\u00ebnon Dit\u00ebn Bot\u00ebrore t\u00eb Librit"},"content":{"rendered":"<p><a href=\"http:\/\/www.visit-ulcinj.com\/blog\/wp-content\/uploads\/2012\/04\/Dita-Bot\u00ebrore-e-Librit-Biblioteka-Popullore-e-Ulqinit-Ofron.jpg\"><img loading=\"lazy\" class=\"alignleft  wp-image-59433\" title=\"Dita Bot\u00ebrore e Librit, Biblioteka Popullore e Ulqinit Ofron\" src=\"http:\/\/www.visit-ulcinj.com\/blog\/wp-content\/uploads\/2012\/04\/Dita-Bot\u00ebrore-e-Librit-Biblioteka-Popullore-e-Ulqinit-Ofron.jpg\" alt=\"\" width=\"340\" height=\"400\" \/><\/a>T\u00eb nderuar,<\/p>\n<p>Me rastin e 23 prillit, Dit\u00ebs Bot\u00ebrore t\u00eb Librit, Biblioteka Popullore e Ulqinit i ofron at\u00eb dit\u00eb t\u00eb gjith\u00eb t\u00eb interesuarve an\u00ebtar\u00ebsim nj\u00ebvje\u00e7ar falas.<br \/>\nKy \u00ebsht\u00eb nj\u00eb aksion i nd\u00ebrmarr\u00eb n\u00eb bashk\u00ebpunim me Bibliotek\u00ebn Popullore Qendrore t\u00eb Malit t\u00eb Zi, me q\u00ebllim t\u00eb sh\u00ebnimit t\u00eb k\u00ebsaj date t\u00eb r\u00ebnd\u00ebsishme p\u00ebr let\u00ebrsin\u00eb bot\u00ebrore n\u00eb p\u00ebrgjith\u00ebsi. Duke sh\u00ebnuar k\u00ebt\u00eb dat\u00eb i b\u00ebjm\u00eb homazh librit dhe autor\u00ebve t\u00eb tij. Nj\u00ebkoh\u00ebsisht n\u00eb k\u00ebt\u00eb m\u00ebnyr\u00eb d\u00ebshirojm\u00eb t\u00eb nxisim interesimin p\u00ebr lexim te t\u00eb rinjt\u00eb, \u00e7ka n\u00eb koh\u00ebn e mediave elektronike \u00ebsht\u00eb nj\u00eb sfid\u00eb, jo vet\u00ebm p\u00ebr ne q\u00eb kemi profesion dhe pasion librin, por edhe p\u00ebr t\u00eb gjith\u00eb prind\u00ebrit e m\u00ebsimdh\u00ebn\u00ebsit.<br \/>\nP\u00ebrve\u00e7 an\u00ebtar\u00ebsimit falas, dhjet\u00eb f\u00ebmij\u00ebt e par\u00eb do t\u00eb fitojn\u00eb dhurat\u00eb edhe nga nj\u00eb lib\u00ebr me ilustrime.<br \/>\nMe k\u00ebt\u00eb aksion Biblioteka e Ulqinit vazhdon tradit\u00ebn e vet shum\u00ebvje\u00e7are t\u00eb promovimit t\u00eb vlerave jo vet\u00ebm t\u00eb librit, si instrument i fuqish\u00ebm i shp\u00ebrndarjes dhe grumbullimit t\u00eb dijes, por edhe t\u00eb vlerave e thesareve t\u00eb mir\u00ebfillta kulturore n\u00eb p\u00ebrgjith\u00ebsi.<\/p>\n<p>Ju mir\u00ebpresim n\u00eb Bibliotek\u00eb!<\/p>\n<p>Me respekt,<\/p>\n<p><strong> Ardita Rama<\/strong><br \/>\n<strong> Udh\u00ebheq\u00ebse e Bibliotek\u00ebs Popullore Ulqin<\/strong><\/p>\n<p>************************************************************************************<\/p>\n<p><strong>Po\u0161tovani,<\/strong><\/p>\n<p>Povodom 23. Aprila, Svjetskog dana knjige, Narodna Biblioteka u Ulcinju nudi tog dana svim zainteresovanima besplatnu jednogodi\u0161nju \u010dlanarinu.<br \/>\nOva akcija se realizuje u saradnji sa Centralnom Narodnom Bibliotekom Crne Gore, u cilju obelje\u017eavanja ovog zna\u010dajnog datuma za svjetsku knji\u017eevnost uop\u0161te. Obelje\u017eavanjem ovog datuma odajemo po\u010dast knjizi i njenim autorima. Istovremeno na ovaj na\u010dim \u017eelimo da podstaknemo interesovanje za \u010ditanje kod mladih, \u0161to u vrijeme elektronskih medija predstavlja pravi izazov, ne samo za nas kojima nam je knjiga profesija i strast, nego i za sve roditelje i nastavnike.<br \/>\nOsim besplatne \u010dlanarine, prvih desetoro djece \u0107e dobiti na poklon i jo\u0161 po jednu ilustrovanu knjigu.<br \/>\nOvom akcijom Ulcinjska Biblioteka nastavlja svoju dugogodi\u0161nju tradiciju promovisanja ne samo vrijednosti knjige, kao sna\u017enom instrumentu distribucije i prikupljanja znanja, nego i kulturnih vrijednosti i blaga uop\u0161te.<\/p>\n<p>O\u010dekujemo Vas u Biblioteci<\/p>\n<p>S po\u0161tovanjem,<\/p>\n<p><strong>Ardita Rama<\/strong><br \/>\n<strong> Upravnica Narodne Biblioteke Ulcinj<\/strong><\/p>\n","protected":false},"excerpt":{"rendered":"<p>T\u00eb nderuar, Me rastin e 23 prillit, Dit\u00ebs Bot\u00ebrore t\u00eb Librit, Biblioteka Popullore e Ulqinit i ofron at\u00eb dit\u00eb t\u00eb gjith\u00eb t\u00eb interesuarve an\u00ebtar\u00ebsim nj\u00ebvje\u00e7ar falas. Ky \u00ebsht\u00eb nj\u00eb aksion i nd\u00ebrmarr\u00eb n\u00eb bashk\u00ebpunim me Bibliotek\u00ebn Popullore Qendrore t\u00eb Malit t\u00eb Zi, me q\u00ebllim t\u00eb sh\u00ebnimit t\u00eb k\u00ebsaj date t\u00eb r\u00ebnd\u00ebsishme p\u00ebr let\u00ebrsin\u00eb bot\u00ebrore n\u00eb [&hellip;]<\/p>\n","protected":false},"author":1,"featured_media":0,"comment_status":"open","ping_status":"closed","sticky":false,"template":"","format":"standard","meta":{"spay_email":"","jetpack_publicize_message":"","jetpack_is_tweetstorm":false,"jetpack_publicize_feature_enabled":true},"categories":[6950],"tags":[10252,20328],"jetpack_publicize_connections":[],"yoast_head":"<!-- This site is optimized with the Yoast SEO plugin v19.1 - https:\/\/yoast.com\/wordpress\/plugins\/seo\/ -->\n<title>Biblioteka e Ulqinit sh\u00ebnon Dit\u00ebn Bot\u00ebrore t\u00eb Librit - Lajme nga Ulqini<\/title>\n<meta name=\"description\" content=\"T\u00eb nderuar, Me rastin e 23 prillit, Dit\u00ebs Bot\u00ebrore t\u00eb Librit, Biblioteka Popullore e Ulqinit i ofron at\u00eb dit\u00eb t\u00eb gjith\u00eb t\u00eb interesuarve an\u00ebtar\u00ebsim\" \/>\n<meta name=\"robots\" content=\"index, follow, max-snippet:-1, max-image-preview:large, max-video-preview:-1\" \/>\n<link rel=\"canonical\" href=\"https:\/\/www.visit-ulcinj.com\/blog\/2012\/04\/21\/dites-boterore-te-librit-biblioteka-popullore-e-ulqinit-ofron\/\" \/>\n<meta property=\"og:locale\" content=\"en_US\" \/>\n<meta property=\"og:type\" content=\"article\" \/>\n<meta property=\"og:title\" content=\"Biblioteka e Ulqinit sh\u00ebnon Dit\u00ebn Bot\u00ebrore t\u00eb Librit - Lajme nga Ulqini\" \/>\n<meta property=\"og:description\" content=\"T\u00eb nderuar, Me rastin e 23 prillit, Dit\u00ebs Bot\u00ebrore t\u00eb Librit, Biblioteka Popullore e Ulqinit i ofron at\u00eb dit\u00eb t\u00eb gjith\u00eb t\u00eb interesuarve an\u00ebtar\u00ebsim\" \/>\n<meta property=\"og:url\" content=\"https:\/\/www.visit-ulcinj.com\/blog\/2012\/04\/21\/dites-boterore-te-librit-biblioteka-popullore-e-ulqinit-ofron\/\" \/>\n<meta property=\"og:site_name\" content=\"Lajme nga Ulqini\" \/>\n<meta property=\"article:published_time\" content=\"2012-04-21T17:55:39+00:00\" \/>\n<meta property=\"article:modified_time\" content=\"2012-04-22T18:54:58+00:00\" \/>\n<meta name=\"twitter:label1\" content=\"Written by\" \/>\n\t<meta name=\"twitter:data1\" content=\"ulqini\" \/>\n\t<meta name=\"twitter:label2\" content=\"Est. reading time\" \/>\n\t<meta name=\"twitter:data2\" content=\"2 minutes\" \/>\n<script type=\"application\/ld+json\" class=\"yoast-schema-graph\">{\"@context\":\"https:\/\/schema.org\",\"@graph\":[{\"@type\":\"WebSite\",\"@id\":\"https:\/\/www.visit-ulcinj.com\/blog\/#website\",\"url\":\"https:\/\/www.visit-ulcinj.com\/blog\/\",\"name\":\"Lajme nga Ulqini\",\"description\":\"Lajme,Vijesti,Ulqini,Ulqin,Crna Gora,Mali i Zi\",\"potentialAction\":[{\"@type\":\"SearchAction\",\"target\":{\"@type\":\"EntryPoint\",\"urlTemplate\":\"https:\/\/www.visit-ulcinj.com\/blog\/?s={search_term_string}\"},\"query-input\":\"required name=search_term_string\"}],\"inLanguage\":\"en-US\"},{\"@type\":\"WebPage\",\"@id\":\"https:\/\/www.visit-ulcinj.com\/blog\/2012\/04\/21\/dites-boterore-te-librit-biblioteka-popullore-e-ulqinit-ofron\/#webpage\",\"url\":\"https:\/\/www.visit-ulcinj.com\/blog\/2012\/04\/21\/dites-boterore-te-librit-biblioteka-popullore-e-ulqinit-ofron\/\",\"name\":\"Biblioteka e Ulqinit sh\u00ebnon Dit\u00ebn Bot\u00ebrore t\u00eb Librit - Lajme nga Ulqini\",\"isPartOf\":{\"@id\":\"https:\/\/www.visit-ulcinj.com\/blog\/#website\"},\"datePublished\":\"2012-04-21T17:55:39+00:00\",\"dateModified\":\"2012-04-22T18:54:58+00:00\",\"author\":{\"@id\":\"https:\/\/www.visit-ulcinj.com\/blog\/#\/schema\/person\/dcab619c614d3038751c63bc2aadc06d\"},\"description\":\"T\u00eb nderuar, Me rastin e 23 prillit, Dit\u00ebs Bot\u00ebrore t\u00eb Librit, Biblioteka Popullore e Ulqinit i ofron at\u00eb dit\u00eb t\u00eb gjith\u00eb t\u00eb interesuarve an\u00ebtar\u00ebsim\",\"breadcrumb\":{\"@id\":\"https:\/\/www.visit-ulcinj.com\/blog\/2012\/04\/21\/dites-boterore-te-librit-biblioteka-popullore-e-ulqinit-ofron\/#breadcrumb\"},\"inLanguage\":\"en-US\",\"potentialAction\":[{\"@type\":\"ReadAction\",\"target\":[\"https:\/\/www.visit-ulcinj.com\/blog\/2012\/04\/21\/dites-boterore-te-librit-biblioteka-popullore-e-ulqinit-ofron\/\"]}]},{\"@type\":\"BreadcrumbList\",\"@id\":\"https:\/\/www.visit-ulcinj.com\/blog\/2012\/04\/21\/dites-boterore-te-librit-biblioteka-popullore-e-ulqinit-ofron\/#breadcrumb\",\"itemListElement\":[{\"@type\":\"ListItem\",\"position\":1,\"name\":\"Biblioteka e Ulqinit sh\u00ebnon Dit\u00ebn Bot\u00ebrore t\u00eb Librit\"}]},{\"@type\":\"Person\",\"@id\":\"https:\/\/www.visit-ulcinj.com\/blog\/#\/schema\/person\/dcab619c614d3038751c63bc2aadc06d\",\"name\":\"ulqini\",\"sameAs\":[\"http:\/\/www.visit-ulcinj.com\"],\"url\":\"https:\/\/www.visit-ulcinj.com\/blog\/author\/admin\/\"}]}<\/script>\n<!-- \/ Yoast SEO plugin. -->","yoast_head_json":{"title":"Biblioteka e Ulqinit sh\u00ebnon Dit\u00ebn Bot\u00ebrore t\u00eb Librit - Lajme nga Ulqini","description":"T\u00eb nderuar, Me rastin e 23 prillit, Dit\u00ebs Bot\u00ebrore t\u00eb Librit, Biblioteka Popullore e Ulqinit i ofron at\u00eb dit\u00eb t\u00eb gjith\u00eb t\u00eb interesuarve an\u00ebtar\u00ebsim","robots":{"index":"index","follow":"follow","max-snippet":"max-snippet:-1","max-image-preview":"max-image-preview:large","max-video-preview":"max-video-preview:-1"},"canonical":"https:\/\/www.visit-ulcinj.com\/blog\/2012\/04\/21\/dites-boterore-te-librit-biblioteka-popullore-e-ulqinit-ofron\/","og_locale":"en_US","og_type":"article","og_title":"Biblioteka e Ulqinit sh\u00ebnon Dit\u00ebn Bot\u00ebrore t\u00eb Librit - Lajme nga Ulqini","og_description":"T\u00eb nderuar, Me rastin e 23 prillit, Dit\u00ebs Bot\u00ebrore t\u00eb Librit, Biblioteka Popullore e Ulqinit i ofron at\u00eb dit\u00eb t\u00eb gjith\u00eb t\u00eb interesuarve an\u00ebtar\u00ebsim","og_url":"https:\/\/www.visit-ulcinj.com\/blog\/2012\/04\/21\/dites-boterore-te-librit-biblioteka-popullore-e-ulqinit-ofron\/","og_site_name":"Lajme nga Ulqini","article_published_time":"2012-04-21T17:55:39+00:00","article_modified_time":"2012-04-22T18:54:58+00:00","twitter_misc":{"Written by":"ulqini","Est. reading time":"2 minutes"},"schema":{"@context":"https:\/\/schema.org","@graph":[{"@type":"WebSite","@id":"https:\/\/www.visit-ulcinj.com\/blog\/#website","url":"https:\/\/www.visit-ulcinj.com\/blog\/","name":"Lajme nga Ulqini","description":"Lajme,Vijesti,Ulqini,Ulqin,Crna Gora,Mali i Zi","potentialAction":[{"@type":"SearchAction","target":{"@type":"EntryPoint","urlTemplate":"https:\/\/www.visit-ulcinj.com\/blog\/?s={search_term_string}"},"query-input":"required name=search_term_string"}],"inLanguage":"en-US"},{"@type":"WebPage","@id":"https:\/\/www.visit-ulcinj.com\/blog\/2012\/04\/21\/dites-boterore-te-librit-biblioteka-popullore-e-ulqinit-ofron\/#webpage","url":"https:\/\/www.visit-ulcinj.com\/blog\/2012\/04\/21\/dites-boterore-te-librit-biblioteka-popullore-e-ulqinit-ofron\/","name":"Biblioteka e Ulqinit sh\u00ebnon Dit\u00ebn Bot\u00ebrore t\u00eb Librit - Lajme nga Ulqini","isPartOf":{"@id":"https:\/\/www.visit-ulcinj.com\/blog\/#website"},"datePublished":"2012-04-21T17:55:39+00:00","dateModified":"2012-04-22T18:54:58+00:00","author":{"@id":"https:\/\/www.visit-ulcinj.com\/blog\/#\/schema\/person\/dcab619c614d3038751c63bc2aadc06d"},"description":"T\u00eb nderuar, Me rastin e 23 prillit, Dit\u00ebs Bot\u00ebrore t\u00eb Librit, Biblioteka Popullore e Ulqinit i ofron at\u00eb dit\u00eb t\u00eb gjith\u00eb t\u00eb interesuarve an\u00ebtar\u00ebsim","breadcrumb":{"@id":"https:\/\/www.visit-ulcinj.com\/blog\/2012\/04\/21\/dites-boterore-te-librit-biblioteka-popullore-e-ulqinit-ofron\/#breadcrumb"},"inLanguage":"en-US","potentialAction":[{"@type":"ReadAction","target":["https:\/\/www.visit-ulcinj.com\/blog\/2012\/04\/21\/dites-boterore-te-librit-biblioteka-popullore-e-ulqinit-ofron\/"]}]},{"@type":"BreadcrumbList","@id":"https:\/\/www.visit-ulcinj.com\/blog\/2012\/04\/21\/dites-boterore-te-librit-biblioteka-popullore-e-ulqinit-ofron\/#breadcrumb","itemListElement":[{"@type":"ListItem","position":1,"name":"Biblioteka e Ulqinit sh\u00ebnon Dit\u00ebn Bot\u00ebrore t\u00eb Librit"}]},{"@type":"Person","@id":"https:\/\/www.visit-ulcinj.com\/blog\/#\/schema\/person\/dcab619c614d3038751c63bc2aadc06d","name":"ulqini","sameAs":["http:\/\/www.visit-ulcinj.com"],"url":"https:\/\/www.visit-ulcinj.com\/blog\/author\/admin\/"}]}},"jetpack_featured_media_url":"","jetpack_sharing_enabled":true,"jetpack_shortlink":"https:\/\/wp.me\/pe6lTn-fsA","_links":{"self":[{"href":"https:\/\/www.visit-ulcinj.com\/blog\/wp-json\/wp\/v2\/posts\/59432"}],"collection":[{"href":"https:\/\/www.visit-ulcinj.com\/blog\/wp-json\/wp\/v2\/posts"}],"about":[{"href":"https:\/\/www.visit-ulcinj.com\/blog\/wp-json\/wp\/v2\/types\/post"}],"author":[{"embeddable":true,"href":"https:\/\/www.visit-ulcinj.com\/blog\/wp-json\/wp\/v2\/users\/1"}],"replies":[{"embeddable":true,"href":"https:\/\/www.visit-ulcinj.com\/blog\/wp-json\/wp\/v2\/comments?post=59432"}],"version-history":[{"count":5,"href":"https:\/\/www.visit-ulcinj.com\/blog\/wp-json\/wp\/v2\/posts\/59432\/revisions"}],"predecessor-version":[{"id":59515,"href":"https:\/\/www.visit-ulcinj.com\/blog\/wp-json\/wp\/v2\/posts\/59432\/revisions\/59515"}],"wp:attachment":[{"href":"https:\/\/www.visit-ulcinj.com\/blog\/wp-json\/wp\/v2\/media?parent=59432"}],"wp:term":[{"taxonomy":"category","embeddable":true,"href":"https:\/\/www.visit-ulcinj.com\/blog\/wp-json\/wp\/v2\/categories?post=59432"},{"taxonomy":"post_tag","embeddable":true,"href":"https:\/\/www.visit-ulcinj.com\/blog\/wp-json\/wp\/v2\/tags?post=59432"}],"curies":[{"name":"wp","href":"https:\/\/api.w.org\/{rel}","templated":true}]}}