{"id":59466,"date":"2012-04-22T11:29:17","date_gmt":"2012-04-22T10:29:17","guid":{"rendered":"http:\/\/www.visit-ulcinj.com\/blog\/?p=59466"},"modified":"2012-04-22T11:41:01","modified_gmt":"2012-04-22T10:41:01","slug":"princi-dhe-princesha-do-te-bejne-dasme-te-madhe-ne-shqiperi-e-kosove","status":"publish","type":"post","link":"https:\/\/www.visit-ulcinj.com\/blog\/2012\/04\/22\/princi-dhe-princesha-do-te-bejne-dasme-te-madhe-ne-shqiperi-e-kosove\/","title":{"rendered":"Princi dhe Princesha do t\u00eb b\u00ebjn\u00eb dasm\u00eb t\u00eb madhe n\u00eb Shqip\u00ebri e Kosov\u00eb &#8211; Video"},"content":{"rendered":"<p><a href=\"http:\/\/www.visit-ulcinj.com\/blog\/wp-content\/uploads\/2012\/04\/Princ-Leka-dhe-Princesha-Elia-Zaharia.jpg\"><img loading=\"lazy\" class=\"alignleft  wp-image-59467\" title=\"Princ Leka dhe Princesha Elia Zaharia,\" src=\"http:\/\/www.visit-ulcinj.com\/blog\/wp-content\/uploads\/2012\/04\/Princ-Leka-dhe-Princesha-Elia-Zaharia.jpg\" alt=\"\" width=\"508\" height=\"367\" \/><\/a>Princ Leka dhe Princesha Elia Zaharia, kan\u00eb b\u00ebr\u00eb ditur se vitin tjet\u00ebr do t\u00eb martohen dhe do t\u00eb b\u00ebjn\u00eb nj\u00eb dasm\u00eb t\u00eb madhe n\u00eb Shqip\u00ebri e Kosov\u00eb. \u201cNe do t\u00eb ndjekim tradit\u00ebn shqiptare. E kam p\u00ebrmendur q\u00eb nuk \u00ebsht\u00eb vet\u00ebm e princit, por e t\u00eb gjith\u00eb shqiptar\u00ebve. Kam d\u00ebshir\u00eb q\u00eb t\u00eb realizojm\u00eb nj\u00eb dasm\u00eb jo vet\u00ebm n\u00eb Shqip\u00ebri, por edhe n\u00eb Kosov\u00eb\u201d, \u00ebsht\u00eb shprehur Princ Leka. Ai tha se, \u201cne po presim sipas tradit\u00ebs, sepse me largimin e mbretit n\u00ebnkuptohet do t\u00eb kemi nj\u00eb vit zi, por shpresojm\u00eb q\u00eb vitin tjet\u00ebr t\u00eb kemi mund\u00ebsi, t\u00eb p\u00ebrcaktojm\u00eb nj\u00eb dat\u00eb t\u00eb mir\u00ebfillte p\u00ebr dasm\u00eb. Duke u ndalur te bashk\u00ebshortja e tij aktorja Elia Zaharia, ai tha se, \u201cajo m\u00eb ka mb\u00ebshtetur shum\u00eb dhe sinqerisht i jam shum\u00eb mir\u00ebnjoh\u00ebs\u201d, ka th\u00ebn\u00eb Princi.<\/p>\n<p><strong>Koha Net<\/strong><\/p>\n<!--YouTube Error: bad URL entered-->\n","protected":false},"excerpt":{"rendered":"<p>Princ Leka dhe Princesha Elia Zaharia, kan\u00eb b\u00ebr\u00eb ditur se vitin tjet\u00ebr do t\u00eb martohen dhe do t\u00eb b\u00ebjn\u00eb nj\u00eb dasm\u00eb t\u00eb madhe n\u00eb Shqip\u00ebri e Kosov\u00eb. \u201cNe do t\u00eb ndjekim tradit\u00ebn shqiptare. E kam p\u00ebrmendur q\u00eb nuk \u00ebsht\u00eb vet\u00ebm e princit, por e t\u00eb gjith\u00eb shqiptar\u00ebve. Kam d\u00ebshir\u00eb q\u00eb t\u00eb realizojm\u00eb nj\u00eb dasm\u00eb jo [&hellip;]<\/p>\n","protected":false},"author":1,"featured_media":0,"comment_status":"open","ping_status":"closed","sticky":false,"template":"","format":"standard","meta":{"spay_email":"","jetpack_publicize_message":"","jetpack_is_tweetstorm":false,"jetpack_publicize_feature_enabled":true},"categories":[1],"tags":[19694,20337],"jetpack_publicize_connections":[],"yoast_head":"<!-- This site is optimized with the Yoast SEO plugin v19.1 - https:\/\/yoast.com\/wordpress\/plugins\/seo\/ -->\n<title>Princi dhe Princesha do t\u00eb b\u00ebjn\u00eb dasm\u00eb t\u00eb madhe n\u00eb Shqip\u00ebri e Kosov\u00eb - Video - Lajme nga Ulqini<\/title>\n<meta name=\"description\" content=\"Princ Leka dhe Princesha Elia Zaharia, kan\u00eb b\u00ebr\u00eb ditur se vitin tjet\u00ebr do t\u00eb martohen dhe do t\u00eb b\u00ebjn\u00eb nj\u00eb dasm\u00eb t\u00eb madhe n\u00eb Shqip\u00ebri e Kosov\u00eb. \u201cNe do t\u00eb\" \/>\n<meta name=\"robots\" content=\"index, follow, max-snippet:-1, max-image-preview:large, max-video-preview:-1\" \/>\n<link rel=\"canonical\" href=\"https:\/\/www.visit-ulcinj.com\/blog\/2012\/04\/22\/princi-dhe-princesha-do-te-bejne-dasme-te-madhe-ne-shqiperi-e-kosove\/\" \/>\n<meta property=\"og:locale\" content=\"en_US\" \/>\n<meta property=\"og:type\" content=\"article\" \/>\n<meta property=\"og:title\" content=\"Princi dhe Princesha do t\u00eb b\u00ebjn\u00eb dasm\u00eb t\u00eb madhe n\u00eb Shqip\u00ebri e Kosov\u00eb - Video - Lajme nga Ulqini\" \/>\n<meta property=\"og:description\" content=\"Princ Leka dhe Princesha Elia Zaharia, kan\u00eb b\u00ebr\u00eb ditur se vitin tjet\u00ebr do t\u00eb martohen dhe do t\u00eb b\u00ebjn\u00eb nj\u00eb dasm\u00eb t\u00eb madhe n\u00eb Shqip\u00ebri e Kosov\u00eb. \u201cNe do t\u00eb\" \/>\n<meta property=\"og:url\" content=\"https:\/\/www.visit-ulcinj.com\/blog\/2012\/04\/22\/princi-dhe-princesha-do-te-bejne-dasme-te-madhe-ne-shqiperi-e-kosove\/\" \/>\n<meta property=\"og:site_name\" content=\"Lajme nga Ulqini\" \/>\n<meta property=\"article:published_time\" content=\"2012-04-22T10:29:17+00:00\" \/>\n<meta property=\"article:modified_time\" content=\"2012-04-22T10:41:01+00:00\" \/>\n<meta property=\"og:image\" content=\"http:\/\/www.visit-ulcinj.com\/blog\/wp-content\/uploads\/2012\/04\/Princ-Leka-dhe-Princesha-Elia-Zaharia.jpg\" \/>\n<meta name=\"twitter:label1\" content=\"Written by\" \/>\n\t<meta name=\"twitter:data1\" content=\"ulqini\" \/>\n\t<meta name=\"twitter:label2\" content=\"Est. reading time\" \/>\n\t<meta name=\"twitter:data2\" content=\"1 minute\" \/>\n<script type=\"application\/ld+json\" class=\"yoast-schema-graph\">{\"@context\":\"https:\/\/schema.org\",\"@graph\":[{\"@type\":\"WebSite\",\"@id\":\"https:\/\/www.visit-ulcinj.com\/blog\/#website\",\"url\":\"https:\/\/www.visit-ulcinj.com\/blog\/\",\"name\":\"Lajme nga Ulqini\",\"description\":\"Lajme,Vijesti,Ulqini,Ulqin,Crna Gora,Mali i Zi\",\"potentialAction\":[{\"@type\":\"SearchAction\",\"target\":{\"@type\":\"EntryPoint\",\"urlTemplate\":\"https:\/\/www.visit-ulcinj.com\/blog\/?s={search_term_string}\"},\"query-input\":\"required name=search_term_string\"}],\"inLanguage\":\"en-US\"},{\"@type\":\"ImageObject\",\"inLanguage\":\"en-US\",\"@id\":\"https:\/\/www.visit-ulcinj.com\/blog\/2012\/04\/22\/princi-dhe-princesha-do-te-bejne-dasme-te-madhe-ne-shqiperi-e-kosove\/#primaryimage\",\"url\":\"https:\/\/www.visit-ulcinj.com\/blog\/wp-content\/uploads\/2012\/04\/Princ-Leka-dhe-Princesha-Elia-Zaharia.jpg\",\"contentUrl\":\"https:\/\/www.visit-ulcinj.com\/blog\/wp-content\/uploads\/2012\/04\/Princ-Leka-dhe-Princesha-Elia-Zaharia.jpg\",\"width\":\"629\",\"height\":\"367\"},{\"@type\":\"WebPage\",\"@id\":\"https:\/\/www.visit-ulcinj.com\/blog\/2012\/04\/22\/princi-dhe-princesha-do-te-bejne-dasme-te-madhe-ne-shqiperi-e-kosove\/#webpage\",\"url\":\"https:\/\/www.visit-ulcinj.com\/blog\/2012\/04\/22\/princi-dhe-princesha-do-te-bejne-dasme-te-madhe-ne-shqiperi-e-kosove\/\",\"name\":\"Princi dhe Princesha do t\u00eb b\u00ebjn\u00eb dasm\u00eb t\u00eb madhe n\u00eb Shqip\u00ebri e Kosov\u00eb - Video - Lajme nga Ulqini\",\"isPartOf\":{\"@id\":\"https:\/\/www.visit-ulcinj.com\/blog\/#website\"},\"primaryImageOfPage\":{\"@id\":\"https:\/\/www.visit-ulcinj.com\/blog\/2012\/04\/22\/princi-dhe-princesha-do-te-bejne-dasme-te-madhe-ne-shqiperi-e-kosove\/#primaryimage\"},\"datePublished\":\"2012-04-22T10:29:17+00:00\",\"dateModified\":\"2012-04-22T10:41:01+00:00\",\"author\":{\"@id\":\"https:\/\/www.visit-ulcinj.com\/blog\/#\/schema\/person\/dcab619c614d3038751c63bc2aadc06d\"},\"description\":\"Princ Leka dhe Princesha Elia Zaharia, kan\u00eb b\u00ebr\u00eb ditur se vitin tjet\u00ebr do t\u00eb martohen dhe do t\u00eb b\u00ebjn\u00eb nj\u00eb dasm\u00eb t\u00eb madhe n\u00eb Shqip\u00ebri e Kosov\u00eb. \u201cNe do t\u00eb\",\"breadcrumb\":{\"@id\":\"https:\/\/www.visit-ulcinj.com\/blog\/2012\/04\/22\/princi-dhe-princesha-do-te-bejne-dasme-te-madhe-ne-shqiperi-e-kosove\/#breadcrumb\"},\"inLanguage\":\"en-US\",\"potentialAction\":[{\"@type\":\"ReadAction\",\"target\":[\"https:\/\/www.visit-ulcinj.com\/blog\/2012\/04\/22\/princi-dhe-princesha-do-te-bejne-dasme-te-madhe-ne-shqiperi-e-kosove\/\"]}]},{\"@type\":\"BreadcrumbList\",\"@id\":\"https:\/\/www.visit-ulcinj.com\/blog\/2012\/04\/22\/princi-dhe-princesha-do-te-bejne-dasme-te-madhe-ne-shqiperi-e-kosove\/#breadcrumb\",\"itemListElement\":[{\"@type\":\"ListItem\",\"position\":1,\"name\":\"Princi dhe Princesha do t\u00eb b\u00ebjn\u00eb dasm\u00eb t\u00eb madhe n\u00eb Shqip\u00ebri e Kosov\u00eb &#8211; Video\"}]},{\"@type\":\"Person\",\"@id\":\"https:\/\/www.visit-ulcinj.com\/blog\/#\/schema\/person\/dcab619c614d3038751c63bc2aadc06d\",\"name\":\"ulqini\",\"sameAs\":[\"http:\/\/www.visit-ulcinj.com\"],\"url\":\"https:\/\/www.visit-ulcinj.com\/blog\/author\/admin\/\"}]}<\/script>\n<!-- \/ Yoast SEO plugin. -->","yoast_head_json":{"title":"Princi dhe Princesha do t\u00eb b\u00ebjn\u00eb dasm\u00eb t\u00eb madhe n\u00eb Shqip\u00ebri e Kosov\u00eb - Video - Lajme nga Ulqini","description":"Princ Leka dhe Princesha Elia Zaharia, kan\u00eb b\u00ebr\u00eb ditur se vitin tjet\u00ebr do t\u00eb martohen dhe do t\u00eb b\u00ebjn\u00eb nj\u00eb dasm\u00eb t\u00eb madhe n\u00eb Shqip\u00ebri e Kosov\u00eb. \u201cNe do t\u00eb","robots":{"index":"index","follow":"follow","max-snippet":"max-snippet:-1","max-image-preview":"max-image-preview:large","max-video-preview":"max-video-preview:-1"},"canonical":"https:\/\/www.visit-ulcinj.com\/blog\/2012\/04\/22\/princi-dhe-princesha-do-te-bejne-dasme-te-madhe-ne-shqiperi-e-kosove\/","og_locale":"en_US","og_type":"article","og_title":"Princi dhe Princesha do t\u00eb b\u00ebjn\u00eb dasm\u00eb t\u00eb madhe n\u00eb Shqip\u00ebri e Kosov\u00eb - Video - Lajme nga Ulqini","og_description":"Princ Leka dhe Princesha Elia Zaharia, kan\u00eb b\u00ebr\u00eb ditur se vitin tjet\u00ebr do t\u00eb martohen dhe do t\u00eb b\u00ebjn\u00eb nj\u00eb dasm\u00eb t\u00eb madhe n\u00eb Shqip\u00ebri e Kosov\u00eb. \u201cNe do t\u00eb","og_url":"https:\/\/www.visit-ulcinj.com\/blog\/2012\/04\/22\/princi-dhe-princesha-do-te-bejne-dasme-te-madhe-ne-shqiperi-e-kosove\/","og_site_name":"Lajme nga Ulqini","article_published_time":"2012-04-22T10:29:17+00:00","article_modified_time":"2012-04-22T10:41:01+00:00","og_image":[{"url":"http:\/\/www.visit-ulcinj.com\/blog\/wp-content\/uploads\/2012\/04\/Princ-Leka-dhe-Princesha-Elia-Zaharia.jpg"}],"twitter_misc":{"Written by":"ulqini","Est. reading time":"1 minute"},"schema":{"@context":"https:\/\/schema.org","@graph":[{"@type":"WebSite","@id":"https:\/\/www.visit-ulcinj.com\/blog\/#website","url":"https:\/\/www.visit-ulcinj.com\/blog\/","name":"Lajme nga Ulqini","description":"Lajme,Vijesti,Ulqini,Ulqin,Crna Gora,Mali i Zi","potentialAction":[{"@type":"SearchAction","target":{"@type":"EntryPoint","urlTemplate":"https:\/\/www.visit-ulcinj.com\/blog\/?s={search_term_string}"},"query-input":"required name=search_term_string"}],"inLanguage":"en-US"},{"@type":"ImageObject","inLanguage":"en-US","@id":"https:\/\/www.visit-ulcinj.com\/blog\/2012\/04\/22\/princi-dhe-princesha-do-te-bejne-dasme-te-madhe-ne-shqiperi-e-kosove\/#primaryimage","url":"https:\/\/www.visit-ulcinj.com\/blog\/wp-content\/uploads\/2012\/04\/Princ-Leka-dhe-Princesha-Elia-Zaharia.jpg","contentUrl":"https:\/\/www.visit-ulcinj.com\/blog\/wp-content\/uploads\/2012\/04\/Princ-Leka-dhe-Princesha-Elia-Zaharia.jpg","width":"629","height":"367"},{"@type":"WebPage","@id":"https:\/\/www.visit-ulcinj.com\/blog\/2012\/04\/22\/princi-dhe-princesha-do-te-bejne-dasme-te-madhe-ne-shqiperi-e-kosove\/#webpage","url":"https:\/\/www.visit-ulcinj.com\/blog\/2012\/04\/22\/princi-dhe-princesha-do-te-bejne-dasme-te-madhe-ne-shqiperi-e-kosove\/","name":"Princi dhe Princesha do t\u00eb b\u00ebjn\u00eb dasm\u00eb t\u00eb madhe n\u00eb Shqip\u00ebri e Kosov\u00eb - Video - Lajme nga Ulqini","isPartOf":{"@id":"https:\/\/www.visit-ulcinj.com\/blog\/#website"},"primaryImageOfPage":{"@id":"https:\/\/www.visit-ulcinj.com\/blog\/2012\/04\/22\/princi-dhe-princesha-do-te-bejne-dasme-te-madhe-ne-shqiperi-e-kosove\/#primaryimage"},"datePublished":"2012-04-22T10:29:17+00:00","dateModified":"2012-04-22T10:41:01+00:00","author":{"@id":"https:\/\/www.visit-ulcinj.com\/blog\/#\/schema\/person\/dcab619c614d3038751c63bc2aadc06d"},"description":"Princ Leka dhe Princesha Elia Zaharia, kan\u00eb b\u00ebr\u00eb ditur se vitin tjet\u00ebr do t\u00eb martohen dhe do t\u00eb b\u00ebjn\u00eb nj\u00eb dasm\u00eb t\u00eb madhe n\u00eb Shqip\u00ebri e Kosov\u00eb. \u201cNe do t\u00eb","breadcrumb":{"@id":"https:\/\/www.visit-ulcinj.com\/blog\/2012\/04\/22\/princi-dhe-princesha-do-te-bejne-dasme-te-madhe-ne-shqiperi-e-kosove\/#breadcrumb"},"inLanguage":"en-US","potentialAction":[{"@type":"ReadAction","target":["https:\/\/www.visit-ulcinj.com\/blog\/2012\/04\/22\/princi-dhe-princesha-do-te-bejne-dasme-te-madhe-ne-shqiperi-e-kosove\/"]}]},{"@type":"BreadcrumbList","@id":"https:\/\/www.visit-ulcinj.com\/blog\/2012\/04\/22\/princi-dhe-princesha-do-te-bejne-dasme-te-madhe-ne-shqiperi-e-kosove\/#breadcrumb","itemListElement":[{"@type":"ListItem","position":1,"name":"Princi dhe Princesha do t\u00eb b\u00ebjn\u00eb dasm\u00eb t\u00eb madhe n\u00eb Shqip\u00ebri e Kosov\u00eb &#8211; Video"}]},{"@type":"Person","@id":"https:\/\/www.visit-ulcinj.com\/blog\/#\/schema\/person\/dcab619c614d3038751c63bc2aadc06d","name":"ulqini","sameAs":["http:\/\/www.visit-ulcinj.com"],"url":"https:\/\/www.visit-ulcinj.com\/blog\/author\/admin\/"}]}},"jetpack_featured_media_url":"","jetpack_sharing_enabled":true,"jetpack_shortlink":"https:\/\/wp.me\/pe6lTn-ft8","_links":{"self":[{"href":"https:\/\/www.visit-ulcinj.com\/blog\/wp-json\/wp\/v2\/posts\/59466"}],"collection":[{"href":"https:\/\/www.visit-ulcinj.com\/blog\/wp-json\/wp\/v2\/posts"}],"about":[{"href":"https:\/\/www.visit-ulcinj.com\/blog\/wp-json\/wp\/v2\/types\/post"}],"author":[{"embeddable":true,"href":"https:\/\/www.visit-ulcinj.com\/blog\/wp-json\/wp\/v2\/users\/1"}],"replies":[{"embeddable":true,"href":"https:\/\/www.visit-ulcinj.com\/blog\/wp-json\/wp\/v2\/comments?post=59466"}],"version-history":[{"count":2,"href":"https:\/\/www.visit-ulcinj.com\/blog\/wp-json\/wp\/v2\/posts\/59466\/revisions"}],"predecessor-version":[{"id":59473,"href":"https:\/\/www.visit-ulcinj.com\/blog\/wp-json\/wp\/v2\/posts\/59466\/revisions\/59473"}],"wp:attachment":[{"href":"https:\/\/www.visit-ulcinj.com\/blog\/wp-json\/wp\/v2\/media?parent=59466"}],"wp:term":[{"taxonomy":"category","embeddable":true,"href":"https:\/\/www.visit-ulcinj.com\/blog\/wp-json\/wp\/v2\/categories?post=59466"},{"taxonomy":"post_tag","embeddable":true,"href":"https:\/\/www.visit-ulcinj.com\/blog\/wp-json\/wp\/v2\/tags?post=59466"}],"curies":[{"name":"wp","href":"https:\/\/api.w.org\/{rel}","templated":true}]}}