{"id":59469,"date":"2012-04-22T11:36:44","date_gmt":"2012-04-22T10:36:44","guid":{"rendered":"http:\/\/www.visit-ulcinj.com\/blog\/?p=59469"},"modified":"2012-04-22T11:38:35","modified_gmt":"2012-04-22T10:38:35","slug":"ledri-tallet-me-armiqtene-fb","status":"publish","type":"post","link":"https:\/\/www.visit-ulcinj.com\/blog\/2012\/04\/22\/ledri-tallet-me-armiqtene-fb\/","title":{"rendered":"Ledri tallet me \u201carmiqt\u00eb\u201dn\u00eb \u201cFB\u201d"},"content":{"rendered":"<p>Ka shum\u00eb femra q\u00eb e adhurojn\u00eb, por ka edhe nga ato t\u00eb cilat e kan\u00eb inat. Por, p\u00ebr k\u00ebto t\u00eb fundit Ledri Vula shfryt\u00ebzon imazhin e vet p\u00ebr t\u2019i shar\u00eb n\u00eb publik. K\u00ebshtu ka ndodhur me nj\u00eb armike t\u00eb shpallur t\u00eb Ledrit n\u00eb Facebook e cila i ka d\u00ebrguar nj\u00eb email ku i shpreh urrejtjen e saj.<br \/>\n<a href=\"http:\/\/www.visit-ulcinj.com\/blog\/wp-content\/uploads\/2012\/04\/Ledri-Vula.jpg\"><img loading=\"lazy\" class=\"alignleft  wp-image-59470\" title=\"Ledri Vula\" src=\"http:\/\/www.visit-ulcinj.com\/blog\/wp-content\/uploads\/2012\/04\/Ledri-Vula.jpg\" alt=\"\" width=\"508\" height=\"600\" \/><\/a><\/p>\n<p>I pam\u00ebsuar me t\u00eb tilla reagime, Ledri ka gjetur nj\u00eb m\u00ebnyr\u00eb krejt origjinale p\u00ebr t\u2019u kund\u00ebrp\u00ebrgjigjur. Ka postuar mesazhin privat n\u00eb wall-in e tij dhe ka \u201cl\u00ebshuar\u201d fansat t\u00eb merren me armiken e tij. Nga komentet negative t\u00eb adhurueseve femra, Ledri nuk ka pasur aspak nevoj\u00eb t\u00eb thot\u00eb fjal\u00ebn e tij.<\/p>\n<p><strong>Bluetooth<br \/>\n<!--YouTube Error: bad URL entered--><br \/>\n<\/strong><\/p>\n","protected":false},"excerpt":{"rendered":"<p>Ka shum\u00eb femra q\u00eb e adhurojn\u00eb, por ka edhe nga ato t\u00eb cilat e kan\u00eb inat. Por, p\u00ebr k\u00ebto t\u00eb fundit Ledri Vula shfryt\u00ebzon imazhin e vet p\u00ebr t\u2019i shar\u00eb n\u00eb publik. K\u00ebshtu ka ndodhur me nj\u00eb armike t\u00eb shpallur t\u00eb Ledrit n\u00eb Facebook e cila i ka d\u00ebrguar nj\u00eb email ku i shpreh urrejtjen [&hellip;]<\/p>\n","protected":false},"author":1,"featured_media":0,"comment_status":"open","ping_status":"closed","sticky":false,"template":"","format":"standard","meta":{"spay_email":"","jetpack_publicize_message":"","jetpack_is_tweetstorm":false,"jetpack_publicize_feature_enabled":true},"categories":[1],"tags":[19677,19806,16036,19514,9004,19511,19512,6693,4684,19460],"jetpack_publicize_connections":[],"yoast_head":"<!-- This site is optimized with the Yoast SEO plugin v19.1 - https:\/\/yoast.com\/wordpress\/plugins\/seo\/ -->\n<title>Ledri tallet me \u201carmiqt\u00eb\u201dn\u00eb \u201cFB\u201d - Lajme nga Ulqini<\/title>\n<meta name=\"description\" content=\"Ka shum\u00eb femra q\u00eb e adhurojn\u00eb, por ka edhe nga ato t\u00eb cilat e kan\u00eb inat. Por, p\u00ebr k\u00ebto t\u00eb fundit Ledri Vula shfryt\u00ebzon imazhin e vet p\u00ebr t\u2019i shar\u00eb n\u00eb\" \/>\n<meta name=\"robots\" content=\"index, follow, max-snippet:-1, max-image-preview:large, max-video-preview:-1\" \/>\n<link rel=\"canonical\" href=\"https:\/\/www.visit-ulcinj.com\/blog\/2012\/04\/22\/ledri-tallet-me-armiqtene-fb\/\" \/>\n<meta property=\"og:locale\" content=\"en_US\" \/>\n<meta property=\"og:type\" content=\"article\" \/>\n<meta property=\"og:title\" content=\"Ledri tallet me \u201carmiqt\u00eb\u201dn\u00eb \u201cFB\u201d - Lajme nga Ulqini\" \/>\n<meta property=\"og:description\" content=\"Ka shum\u00eb femra q\u00eb e adhurojn\u00eb, por ka edhe nga ato t\u00eb cilat e kan\u00eb inat. Por, p\u00ebr k\u00ebto t\u00eb fundit Ledri Vula shfryt\u00ebzon imazhin e vet p\u00ebr t\u2019i shar\u00eb n\u00eb\" \/>\n<meta property=\"og:url\" content=\"https:\/\/www.visit-ulcinj.com\/blog\/2012\/04\/22\/ledri-tallet-me-armiqtene-fb\/\" \/>\n<meta property=\"og:site_name\" content=\"Lajme nga Ulqini\" \/>\n<meta property=\"article:published_time\" content=\"2012-04-22T10:36:44+00:00\" \/>\n<meta property=\"article:modified_time\" content=\"2012-04-22T10:38:35+00:00\" \/>\n<meta property=\"og:image\" content=\"http:\/\/www.visit-ulcinj.com\/blog\/wp-content\/uploads\/2012\/04\/Ledri-Vula.jpg\" \/>\n<meta name=\"twitter:label1\" content=\"Written by\" \/>\n\t<meta name=\"twitter:data1\" content=\"ulqini\" \/>\n\t<meta name=\"twitter:label2\" content=\"Est. reading time\" \/>\n\t<meta name=\"twitter:data2\" content=\"1 minute\" \/>\n<script type=\"application\/ld+json\" class=\"yoast-schema-graph\">{\"@context\":\"https:\/\/schema.org\",\"@graph\":[{\"@type\":\"WebSite\",\"@id\":\"https:\/\/www.visit-ulcinj.com\/blog\/#website\",\"url\":\"https:\/\/www.visit-ulcinj.com\/blog\/\",\"name\":\"Lajme nga Ulqini\",\"description\":\"Lajme,Vijesti,Ulqini,Ulqin,Crna Gora,Mali i Zi\",\"potentialAction\":[{\"@type\":\"SearchAction\",\"target\":{\"@type\":\"EntryPoint\",\"urlTemplate\":\"https:\/\/www.visit-ulcinj.com\/blog\/?s={search_term_string}\"},\"query-input\":\"required name=search_term_string\"}],\"inLanguage\":\"en-US\"},{\"@type\":\"ImageObject\",\"inLanguage\":\"en-US\",\"@id\":\"https:\/\/www.visit-ulcinj.com\/blog\/2012\/04\/22\/ledri-tallet-me-armiqtene-fb\/#primaryimage\",\"url\":\"http:\/\/www.visit-ulcinj.com\/blog\/wp-content\/uploads\/2012\/04\/Ledri-Vula.jpg\",\"contentUrl\":\"http:\/\/www.visit-ulcinj.com\/blog\/wp-content\/uploads\/2012\/04\/Ledri-Vula.jpg\"},{\"@type\":\"WebPage\",\"@id\":\"https:\/\/www.visit-ulcinj.com\/blog\/2012\/04\/22\/ledri-tallet-me-armiqtene-fb\/#webpage\",\"url\":\"https:\/\/www.visit-ulcinj.com\/blog\/2012\/04\/22\/ledri-tallet-me-armiqtene-fb\/\",\"name\":\"Ledri tallet me \u201carmiqt\u00eb\u201dn\u00eb \u201cFB\u201d - Lajme nga Ulqini\",\"isPartOf\":{\"@id\":\"https:\/\/www.visit-ulcinj.com\/blog\/#website\"},\"primaryImageOfPage\":{\"@id\":\"https:\/\/www.visit-ulcinj.com\/blog\/2012\/04\/22\/ledri-tallet-me-armiqtene-fb\/#primaryimage\"},\"datePublished\":\"2012-04-22T10:36:44+00:00\",\"dateModified\":\"2012-04-22T10:38:35+00:00\",\"author\":{\"@id\":\"https:\/\/www.visit-ulcinj.com\/blog\/#\/schema\/person\/dcab619c614d3038751c63bc2aadc06d\"},\"description\":\"Ka shum\u00eb femra q\u00eb e adhurojn\u00eb, por ka edhe nga ato t\u00eb cilat e kan\u00eb inat. Por, p\u00ebr k\u00ebto t\u00eb fundit Ledri Vula shfryt\u00ebzon imazhin e vet p\u00ebr t\u2019i shar\u00eb n\u00eb\",\"breadcrumb\":{\"@id\":\"https:\/\/www.visit-ulcinj.com\/blog\/2012\/04\/22\/ledri-tallet-me-armiqtene-fb\/#breadcrumb\"},\"inLanguage\":\"en-US\",\"potentialAction\":[{\"@type\":\"ReadAction\",\"target\":[\"https:\/\/www.visit-ulcinj.com\/blog\/2012\/04\/22\/ledri-tallet-me-armiqtene-fb\/\"]}]},{\"@type\":\"BreadcrumbList\",\"@id\":\"https:\/\/www.visit-ulcinj.com\/blog\/2012\/04\/22\/ledri-tallet-me-armiqtene-fb\/#breadcrumb\",\"itemListElement\":[{\"@type\":\"ListItem\",\"position\":1,\"name\":\"Ledri tallet me \u201carmiqt\u00eb\u201dn\u00eb \u201cFB\u201d\"}]},{\"@type\":\"Person\",\"@id\":\"https:\/\/www.visit-ulcinj.com\/blog\/#\/schema\/person\/dcab619c614d3038751c63bc2aadc06d\",\"name\":\"ulqini\",\"sameAs\":[\"http:\/\/www.visit-ulcinj.com\"],\"url\":\"https:\/\/www.visit-ulcinj.com\/blog\/author\/admin\/\"}]}<\/script>\n<!-- \/ Yoast SEO plugin. -->","yoast_head_json":{"title":"Ledri tallet me \u201carmiqt\u00eb\u201dn\u00eb \u201cFB\u201d - Lajme nga Ulqini","description":"Ka shum\u00eb femra q\u00eb e adhurojn\u00eb, por ka edhe nga ato t\u00eb cilat e kan\u00eb inat. Por, p\u00ebr k\u00ebto t\u00eb fundit Ledri Vula shfryt\u00ebzon imazhin e vet p\u00ebr t\u2019i shar\u00eb n\u00eb","robots":{"index":"index","follow":"follow","max-snippet":"max-snippet:-1","max-image-preview":"max-image-preview:large","max-video-preview":"max-video-preview:-1"},"canonical":"https:\/\/www.visit-ulcinj.com\/blog\/2012\/04\/22\/ledri-tallet-me-armiqtene-fb\/","og_locale":"en_US","og_type":"article","og_title":"Ledri tallet me \u201carmiqt\u00eb\u201dn\u00eb \u201cFB\u201d - Lajme nga Ulqini","og_description":"Ka shum\u00eb femra q\u00eb e adhurojn\u00eb, por ka edhe nga ato t\u00eb cilat e kan\u00eb inat. Por, p\u00ebr k\u00ebto t\u00eb fundit Ledri Vula shfryt\u00ebzon imazhin e vet p\u00ebr t\u2019i shar\u00eb n\u00eb","og_url":"https:\/\/www.visit-ulcinj.com\/blog\/2012\/04\/22\/ledri-tallet-me-armiqtene-fb\/","og_site_name":"Lajme nga Ulqini","article_published_time":"2012-04-22T10:36:44+00:00","article_modified_time":"2012-04-22T10:38:35+00:00","og_image":[{"url":"http:\/\/www.visit-ulcinj.com\/blog\/wp-content\/uploads\/2012\/04\/Ledri-Vula.jpg"}],"twitter_misc":{"Written by":"ulqini","Est. reading time":"1 minute"},"schema":{"@context":"https:\/\/schema.org","@graph":[{"@type":"WebSite","@id":"https:\/\/www.visit-ulcinj.com\/blog\/#website","url":"https:\/\/www.visit-ulcinj.com\/blog\/","name":"Lajme nga Ulqini","description":"Lajme,Vijesti,Ulqini,Ulqin,Crna Gora,Mali i Zi","potentialAction":[{"@type":"SearchAction","target":{"@type":"EntryPoint","urlTemplate":"https:\/\/www.visit-ulcinj.com\/blog\/?s={search_term_string}"},"query-input":"required name=search_term_string"}],"inLanguage":"en-US"},{"@type":"ImageObject","inLanguage":"en-US","@id":"https:\/\/www.visit-ulcinj.com\/blog\/2012\/04\/22\/ledri-tallet-me-armiqtene-fb\/#primaryimage","url":"http:\/\/www.visit-ulcinj.com\/blog\/wp-content\/uploads\/2012\/04\/Ledri-Vula.jpg","contentUrl":"http:\/\/www.visit-ulcinj.com\/blog\/wp-content\/uploads\/2012\/04\/Ledri-Vula.jpg"},{"@type":"WebPage","@id":"https:\/\/www.visit-ulcinj.com\/blog\/2012\/04\/22\/ledri-tallet-me-armiqtene-fb\/#webpage","url":"https:\/\/www.visit-ulcinj.com\/blog\/2012\/04\/22\/ledri-tallet-me-armiqtene-fb\/","name":"Ledri tallet me \u201carmiqt\u00eb\u201dn\u00eb \u201cFB\u201d - Lajme nga Ulqini","isPartOf":{"@id":"https:\/\/www.visit-ulcinj.com\/blog\/#website"},"primaryImageOfPage":{"@id":"https:\/\/www.visit-ulcinj.com\/blog\/2012\/04\/22\/ledri-tallet-me-armiqtene-fb\/#primaryimage"},"datePublished":"2012-04-22T10:36:44+00:00","dateModified":"2012-04-22T10:38:35+00:00","author":{"@id":"https:\/\/www.visit-ulcinj.com\/blog\/#\/schema\/person\/dcab619c614d3038751c63bc2aadc06d"},"description":"Ka shum\u00eb femra q\u00eb e adhurojn\u00eb, por ka edhe nga ato t\u00eb cilat e kan\u00eb inat. Por, p\u00ebr k\u00ebto t\u00eb fundit Ledri Vula shfryt\u00ebzon imazhin e vet p\u00ebr t\u2019i shar\u00eb n\u00eb","breadcrumb":{"@id":"https:\/\/www.visit-ulcinj.com\/blog\/2012\/04\/22\/ledri-tallet-me-armiqtene-fb\/#breadcrumb"},"inLanguage":"en-US","potentialAction":[{"@type":"ReadAction","target":["https:\/\/www.visit-ulcinj.com\/blog\/2012\/04\/22\/ledri-tallet-me-armiqtene-fb\/"]}]},{"@type":"BreadcrumbList","@id":"https:\/\/www.visit-ulcinj.com\/blog\/2012\/04\/22\/ledri-tallet-me-armiqtene-fb\/#breadcrumb","itemListElement":[{"@type":"ListItem","position":1,"name":"Ledri tallet me \u201carmiqt\u00eb\u201dn\u00eb \u201cFB\u201d"}]},{"@type":"Person","@id":"https:\/\/www.visit-ulcinj.com\/blog\/#\/schema\/person\/dcab619c614d3038751c63bc2aadc06d","name":"ulqini","sameAs":["http:\/\/www.visit-ulcinj.com"],"url":"https:\/\/www.visit-ulcinj.com\/blog\/author\/admin\/"}]}},"jetpack_featured_media_url":"","jetpack_sharing_enabled":true,"jetpack_shortlink":"https:\/\/wp.me\/pe6lTn-ftb","_links":{"self":[{"href":"https:\/\/www.visit-ulcinj.com\/blog\/wp-json\/wp\/v2\/posts\/59469"}],"collection":[{"href":"https:\/\/www.visit-ulcinj.com\/blog\/wp-json\/wp\/v2\/posts"}],"about":[{"href":"https:\/\/www.visit-ulcinj.com\/blog\/wp-json\/wp\/v2\/types\/post"}],"author":[{"embeddable":true,"href":"https:\/\/www.visit-ulcinj.com\/blog\/wp-json\/wp\/v2\/users\/1"}],"replies":[{"embeddable":true,"href":"https:\/\/www.visit-ulcinj.com\/blog\/wp-json\/wp\/v2\/comments?post=59469"}],"version-history":[{"count":2,"href":"https:\/\/www.visit-ulcinj.com\/blog\/wp-json\/wp\/v2\/posts\/59469\/revisions"}],"predecessor-version":[{"id":59472,"href":"https:\/\/www.visit-ulcinj.com\/blog\/wp-json\/wp\/v2\/posts\/59469\/revisions\/59472"}],"wp:attachment":[{"href":"https:\/\/www.visit-ulcinj.com\/blog\/wp-json\/wp\/v2\/media?parent=59469"}],"wp:term":[{"taxonomy":"category","embeddable":true,"href":"https:\/\/www.visit-ulcinj.com\/blog\/wp-json\/wp\/v2\/categories?post=59469"},{"taxonomy":"post_tag","embeddable":true,"href":"https:\/\/www.visit-ulcinj.com\/blog\/wp-json\/wp\/v2\/tags?post=59469"}],"curies":[{"name":"wp","href":"https:\/\/api.w.org\/{rel}","templated":true}]}}