{"id":5947,"date":"2008-11-13T15:07:37","date_gmt":"2008-11-13T20:07:37","guid":{"rendered":"http:\/\/www.visit-ulcinj.com\/blog\/?p=5947"},"modified":"2008-11-15T16:42:44","modified_gmt":"2008-11-15T21:42:44","slug":"alban-skenderajkenget-e-mia-duan-dedikim-te-vecante","status":"publish","type":"post","link":"https:\/\/www.visit-ulcinj.com\/blog\/2008\/11\/13\/alban-skenderajkenget-e-mia-duan-dedikim-te-vecante\/","title":{"rendered":"Alban Skenderaj:K\u00ebng\u00ebt e mia duan dedikim t\u00eb ve\u00e7ant\u00eb"},"content":{"rendered":"<p><a href=\"http:\/\/www.visit-ulcinj.com\/blog\/wp-content\/uploads\/2008\/11\/albanskenderaj.jpg\"><img loading=\"lazy\" class=\"alignleft size-medium wp-image-5948\" title=\"albanskenderaj\" src=\"http:\/\/www.visit-ulcinj.com\/blog\/wp-content\/uploads\/2008\/11\/albanskenderaj-200x300.jpg\" alt=\"\" width=\"247\" height=\"300\" \/><\/a>Ndon\u00ebse ka pritur 3 vjet q\u00eb t\u00eb sjell\u00eb n\u00eb treg albumin e dyt\u00eb, \u201cMelodi\u201d, kjo nuk do t\u00eb thot\u00eb se k\u00ebng\u00ebtari i famsh\u00ebm Alban Skenderaj \u00ebsht\u00eb p\u00ebrtac. P\u00ebrkundrazi, ai ka mbrojtur fuqish\u00ebm veten duke pohuar se k\u00ebng\u00ebt e tij duan nj\u00eb dedikim t\u00eb ve\u00e7ant\u00eb, prandaj koha prej 3 vjet\u00ebsh, derisa albumi i tij ka par\u00eb drit\u00ebn, ka qen\u00eb koh\u00eb p\u00ebrkushtimi dhe pune e v\u00ebrtet\u00eb e k\u00ebng\u00ebtarit.<br \/>\n\u201cK\u00ebng\u00ebt e rrym\u00ebs q\u00eb preferoj un\u00eb jetojn\u00eb m\u00eb gjat\u00eb, ndaj dhe duan m\u00eb shum\u00eb dedikim\u201d, ka pohuar p\u00ebr televizionin Top Channel, Albani.<br \/>\nSi d\u00ebshmi t\u00eb k\u00ebtij fakti, ai ka kujtuar rastet e shpeshta kur atij ende i k\u00ebrkohet t\u00eb k\u00ebndoj\u00eb k\u00ebng\u00ebn e tij t\u00eb par\u00eb \u201cVet\u00ebm ty\u201d.<br \/>\nNdryshe, Albani s\u00ebrish \u00ebsht\u00eb shfaqur publikisht p\u00ebrkrah k\u00ebng\u00ebtares Miriam Cani, n\u00eb nj\u00eb gala mbr\u00ebmje q\u00eb regjisorja Vera Grabocka dhe aktori Timo Flloko, kan\u00eb organizuar p\u00ebr aktorin me origjin\u00eb shqiptare, Jim Belushi.<\/p>\n<p><strong>Infopress<\/strong><\/p>\n<p><strong><br \/>\n<\/strong><strong>Exclusive Top SHOW &#8211; Alban Skenderaj<\/strong><\/p>\n<p>[flv]http:\/\/shqiphost2.top-channel.tv\/18754796\/topshow\/topshow30tetor.flv[\/flv]<\/p>\n","protected":false},"excerpt":{"rendered":"<p>Ndon\u00ebse ka pritur 3 vjet q\u00eb t\u00eb sjell\u00eb n\u00eb treg albumin e dyt\u00eb, \u201cMelodi\u201d, kjo nuk do t\u00eb thot\u00eb se k\u00ebng\u00ebtari i famsh\u00ebm Alban Skenderaj \u00ebsht\u00eb p\u00ebrtac. P\u00ebrkundrazi, ai ka mbrojtur fuqish\u00ebm veten duke pohuar se k\u00ebng\u00ebt e tij duan nj\u00eb dedikim t\u00eb ve\u00e7ant\u00eb, prandaj koha prej 3 vjet\u00ebsh, derisa albumi i tij ka par\u00eb [&hellip;]<\/p>\n","protected":false},"author":1,"featured_media":0,"comment_status":"open","ping_status":"closed","sticky":false,"template":"","format":"standard","meta":{"spay_email":"","jetpack_publicize_message":"","jetpack_is_tweetstorm":false,"jetpack_publicize_feature_enabled":true},"categories":[1],"tags":[4019],"jetpack_publicize_connections":[],"yoast_head":"<!-- This site is optimized with the Yoast SEO plugin v19.1 - https:\/\/yoast.com\/wordpress\/plugins\/seo\/ -->\n<title>Alban Skenderaj:K\u00ebng\u00ebt e mia duan dedikim t\u00eb ve\u00e7ant\u00eb - Lajme nga Ulqini<\/title>\n<meta name=\"description\" content=\"Ndon\u00ebse ka pritur 3 vjet q\u00eb t\u00eb sjell\u00eb n\u00eb treg albumin e dyt\u00eb, \u201cMelodi\u201d, kjo nuk do t\u00eb thot\u00eb se k\u00ebng\u00ebtari i famsh\u00ebm Alban Skenderaj \u00ebsht\u00eb p\u00ebrtac.\" \/>\n<meta name=\"robots\" content=\"index, follow, max-snippet:-1, max-image-preview:large, max-video-preview:-1\" \/>\n<link rel=\"canonical\" href=\"https:\/\/www.visit-ulcinj.com\/blog\/2008\/11\/13\/alban-skenderajkenget-e-mia-duan-dedikim-te-vecante\/\" \/>\n<meta property=\"og:locale\" content=\"en_US\" \/>\n<meta property=\"og:type\" content=\"article\" \/>\n<meta property=\"og:title\" content=\"Alban Skenderaj:K\u00ebng\u00ebt e mia duan dedikim t\u00eb ve\u00e7ant\u00eb - Lajme nga Ulqini\" \/>\n<meta property=\"og:description\" content=\"Ndon\u00ebse ka pritur 3 vjet q\u00eb t\u00eb sjell\u00eb n\u00eb treg albumin e dyt\u00eb, \u201cMelodi\u201d, kjo nuk do t\u00eb thot\u00eb se k\u00ebng\u00ebtari i famsh\u00ebm Alban Skenderaj \u00ebsht\u00eb p\u00ebrtac.\" \/>\n<meta property=\"og:url\" content=\"https:\/\/www.visit-ulcinj.com\/blog\/2008\/11\/13\/alban-skenderajkenget-e-mia-duan-dedikim-te-vecante\/\" \/>\n<meta property=\"og:site_name\" content=\"Lajme nga Ulqini\" \/>\n<meta property=\"article:published_time\" content=\"2008-11-13T20:07:37+00:00\" \/>\n<meta property=\"article:modified_time\" content=\"2008-11-15T21:42:44+00:00\" \/>\n<meta property=\"og:image\" content=\"http:\/\/www.visit-ulcinj.com\/blog\/wp-content\/uploads\/2008\/11\/albanskenderaj-200x300.jpg\" \/>\n<meta name=\"twitter:label1\" content=\"Written by\" \/>\n\t<meta name=\"twitter:data1\" content=\"ulqini\" \/>\n\t<meta name=\"twitter:label2\" content=\"Est. reading time\" \/>\n\t<meta name=\"twitter:data2\" content=\"1 minute\" \/>\n<script type=\"application\/ld+json\" class=\"yoast-schema-graph\">{\"@context\":\"https:\/\/schema.org\",\"@graph\":[{\"@type\":\"WebSite\",\"@id\":\"https:\/\/www.visit-ulcinj.com\/blog\/#website\",\"url\":\"https:\/\/www.visit-ulcinj.com\/blog\/\",\"name\":\"Lajme nga Ulqini\",\"description\":\"Lajme,Vijesti,Ulqini,Ulqin,Crna Gora,Mali i Zi\",\"potentialAction\":[{\"@type\":\"SearchAction\",\"target\":{\"@type\":\"EntryPoint\",\"urlTemplate\":\"https:\/\/www.visit-ulcinj.com\/blog\/?s={search_term_string}\"},\"query-input\":\"required name=search_term_string\"}],\"inLanguage\":\"en-US\"},{\"@type\":\"ImageObject\",\"inLanguage\":\"en-US\",\"@id\":\"https:\/\/www.visit-ulcinj.com\/blog\/2008\/11\/13\/alban-skenderajkenget-e-mia-duan-dedikim-te-vecante\/#primaryimage\",\"url\":\"http:\/\/www.visit-ulcinj.com\/blog\/wp-content\/uploads\/2008\/11\/albanskenderaj-200x300.jpg\",\"contentUrl\":\"http:\/\/www.visit-ulcinj.com\/blog\/wp-content\/uploads\/2008\/11\/albanskenderaj-200x300.jpg\"},{\"@type\":\"WebPage\",\"@id\":\"https:\/\/www.visit-ulcinj.com\/blog\/2008\/11\/13\/alban-skenderajkenget-e-mia-duan-dedikim-te-vecante\/#webpage\",\"url\":\"https:\/\/www.visit-ulcinj.com\/blog\/2008\/11\/13\/alban-skenderajkenget-e-mia-duan-dedikim-te-vecante\/\",\"name\":\"Alban Skenderaj:K\u00ebng\u00ebt e mia duan dedikim t\u00eb ve\u00e7ant\u00eb - Lajme nga Ulqini\",\"isPartOf\":{\"@id\":\"https:\/\/www.visit-ulcinj.com\/blog\/#website\"},\"primaryImageOfPage\":{\"@id\":\"https:\/\/www.visit-ulcinj.com\/blog\/2008\/11\/13\/alban-skenderajkenget-e-mia-duan-dedikim-te-vecante\/#primaryimage\"},\"datePublished\":\"2008-11-13T20:07:37+00:00\",\"dateModified\":\"2008-11-15T21:42:44+00:00\",\"author\":{\"@id\":\"https:\/\/www.visit-ulcinj.com\/blog\/#\/schema\/person\/dcab619c614d3038751c63bc2aadc06d\"},\"description\":\"Ndon\u00ebse ka pritur 3 vjet q\u00eb t\u00eb sjell\u00eb n\u00eb treg albumin e dyt\u00eb, \u201cMelodi\u201d, kjo nuk do t\u00eb thot\u00eb se k\u00ebng\u00ebtari i famsh\u00ebm Alban Skenderaj \u00ebsht\u00eb p\u00ebrtac.\",\"breadcrumb\":{\"@id\":\"https:\/\/www.visit-ulcinj.com\/blog\/2008\/11\/13\/alban-skenderajkenget-e-mia-duan-dedikim-te-vecante\/#breadcrumb\"},\"inLanguage\":\"en-US\",\"potentialAction\":[{\"@type\":\"ReadAction\",\"target\":[\"https:\/\/www.visit-ulcinj.com\/blog\/2008\/11\/13\/alban-skenderajkenget-e-mia-duan-dedikim-te-vecante\/\"]}]},{\"@type\":\"BreadcrumbList\",\"@id\":\"https:\/\/www.visit-ulcinj.com\/blog\/2008\/11\/13\/alban-skenderajkenget-e-mia-duan-dedikim-te-vecante\/#breadcrumb\",\"itemListElement\":[{\"@type\":\"ListItem\",\"position\":1,\"name\":\"Alban Skenderaj:K\u00ebng\u00ebt e mia duan dedikim t\u00eb ve\u00e7ant\u00eb\"}]},{\"@type\":\"Person\",\"@id\":\"https:\/\/www.visit-ulcinj.com\/blog\/#\/schema\/person\/dcab619c614d3038751c63bc2aadc06d\",\"name\":\"ulqini\",\"sameAs\":[\"http:\/\/www.visit-ulcinj.com\"],\"url\":\"https:\/\/www.visit-ulcinj.com\/blog\/author\/admin\/\"}]}<\/script>\n<!-- \/ Yoast SEO plugin. -->","yoast_head_json":{"title":"Alban Skenderaj:K\u00ebng\u00ebt e mia duan dedikim t\u00eb ve\u00e7ant\u00eb - Lajme nga Ulqini","description":"Ndon\u00ebse ka pritur 3 vjet q\u00eb t\u00eb sjell\u00eb n\u00eb treg albumin e dyt\u00eb, \u201cMelodi\u201d, kjo nuk do t\u00eb thot\u00eb se k\u00ebng\u00ebtari i famsh\u00ebm Alban Skenderaj \u00ebsht\u00eb p\u00ebrtac.","robots":{"index":"index","follow":"follow","max-snippet":"max-snippet:-1","max-image-preview":"max-image-preview:large","max-video-preview":"max-video-preview:-1"},"canonical":"https:\/\/www.visit-ulcinj.com\/blog\/2008\/11\/13\/alban-skenderajkenget-e-mia-duan-dedikim-te-vecante\/","og_locale":"en_US","og_type":"article","og_title":"Alban Skenderaj:K\u00ebng\u00ebt e mia duan dedikim t\u00eb ve\u00e7ant\u00eb - Lajme nga Ulqini","og_description":"Ndon\u00ebse ka pritur 3 vjet q\u00eb t\u00eb sjell\u00eb n\u00eb treg albumin e dyt\u00eb, \u201cMelodi\u201d, kjo nuk do t\u00eb thot\u00eb se k\u00ebng\u00ebtari i famsh\u00ebm Alban Skenderaj \u00ebsht\u00eb p\u00ebrtac.","og_url":"https:\/\/www.visit-ulcinj.com\/blog\/2008\/11\/13\/alban-skenderajkenget-e-mia-duan-dedikim-te-vecante\/","og_site_name":"Lajme nga Ulqini","article_published_time":"2008-11-13T20:07:37+00:00","article_modified_time":"2008-11-15T21:42:44+00:00","og_image":[{"url":"http:\/\/www.visit-ulcinj.com\/blog\/wp-content\/uploads\/2008\/11\/albanskenderaj-200x300.jpg"}],"twitter_misc":{"Written by":"ulqini","Est. reading time":"1 minute"},"schema":{"@context":"https:\/\/schema.org","@graph":[{"@type":"WebSite","@id":"https:\/\/www.visit-ulcinj.com\/blog\/#website","url":"https:\/\/www.visit-ulcinj.com\/blog\/","name":"Lajme nga Ulqini","description":"Lajme,Vijesti,Ulqini,Ulqin,Crna Gora,Mali i Zi","potentialAction":[{"@type":"SearchAction","target":{"@type":"EntryPoint","urlTemplate":"https:\/\/www.visit-ulcinj.com\/blog\/?s={search_term_string}"},"query-input":"required name=search_term_string"}],"inLanguage":"en-US"},{"@type":"ImageObject","inLanguage":"en-US","@id":"https:\/\/www.visit-ulcinj.com\/blog\/2008\/11\/13\/alban-skenderajkenget-e-mia-duan-dedikim-te-vecante\/#primaryimage","url":"http:\/\/www.visit-ulcinj.com\/blog\/wp-content\/uploads\/2008\/11\/albanskenderaj-200x300.jpg","contentUrl":"http:\/\/www.visit-ulcinj.com\/blog\/wp-content\/uploads\/2008\/11\/albanskenderaj-200x300.jpg"},{"@type":"WebPage","@id":"https:\/\/www.visit-ulcinj.com\/blog\/2008\/11\/13\/alban-skenderajkenget-e-mia-duan-dedikim-te-vecante\/#webpage","url":"https:\/\/www.visit-ulcinj.com\/blog\/2008\/11\/13\/alban-skenderajkenget-e-mia-duan-dedikim-te-vecante\/","name":"Alban Skenderaj:K\u00ebng\u00ebt e mia duan dedikim t\u00eb ve\u00e7ant\u00eb - Lajme nga Ulqini","isPartOf":{"@id":"https:\/\/www.visit-ulcinj.com\/blog\/#website"},"primaryImageOfPage":{"@id":"https:\/\/www.visit-ulcinj.com\/blog\/2008\/11\/13\/alban-skenderajkenget-e-mia-duan-dedikim-te-vecante\/#primaryimage"},"datePublished":"2008-11-13T20:07:37+00:00","dateModified":"2008-11-15T21:42:44+00:00","author":{"@id":"https:\/\/www.visit-ulcinj.com\/blog\/#\/schema\/person\/dcab619c614d3038751c63bc2aadc06d"},"description":"Ndon\u00ebse ka pritur 3 vjet q\u00eb t\u00eb sjell\u00eb n\u00eb treg albumin e dyt\u00eb, \u201cMelodi\u201d, kjo nuk do t\u00eb thot\u00eb se k\u00ebng\u00ebtari i famsh\u00ebm Alban Skenderaj \u00ebsht\u00eb p\u00ebrtac.","breadcrumb":{"@id":"https:\/\/www.visit-ulcinj.com\/blog\/2008\/11\/13\/alban-skenderajkenget-e-mia-duan-dedikim-te-vecante\/#breadcrumb"},"inLanguage":"en-US","potentialAction":[{"@type":"ReadAction","target":["https:\/\/www.visit-ulcinj.com\/blog\/2008\/11\/13\/alban-skenderajkenget-e-mia-duan-dedikim-te-vecante\/"]}]},{"@type":"BreadcrumbList","@id":"https:\/\/www.visit-ulcinj.com\/blog\/2008\/11\/13\/alban-skenderajkenget-e-mia-duan-dedikim-te-vecante\/#breadcrumb","itemListElement":[{"@type":"ListItem","position":1,"name":"Alban Skenderaj:K\u00ebng\u00ebt e mia duan dedikim t\u00eb ve\u00e7ant\u00eb"}]},{"@type":"Person","@id":"https:\/\/www.visit-ulcinj.com\/blog\/#\/schema\/person\/dcab619c614d3038751c63bc2aadc06d","name":"ulqini","sameAs":["http:\/\/www.visit-ulcinj.com"],"url":"https:\/\/www.visit-ulcinj.com\/blog\/author\/admin\/"}]}},"jetpack_featured_media_url":"","jetpack_sharing_enabled":true,"jetpack_shortlink":"https:\/\/wp.me\/pe6lTn-1xV","_links":{"self":[{"href":"https:\/\/www.visit-ulcinj.com\/blog\/wp-json\/wp\/v2\/posts\/5947"}],"collection":[{"href":"https:\/\/www.visit-ulcinj.com\/blog\/wp-json\/wp\/v2\/posts"}],"about":[{"href":"https:\/\/www.visit-ulcinj.com\/blog\/wp-json\/wp\/v2\/types\/post"}],"author":[{"embeddable":true,"href":"https:\/\/www.visit-ulcinj.com\/blog\/wp-json\/wp\/v2\/users\/1"}],"replies":[{"embeddable":true,"href":"https:\/\/www.visit-ulcinj.com\/blog\/wp-json\/wp\/v2\/comments?post=5947"}],"version-history":[{"count":0,"href":"https:\/\/www.visit-ulcinj.com\/blog\/wp-json\/wp\/v2\/posts\/5947\/revisions"}],"wp:attachment":[{"href":"https:\/\/www.visit-ulcinj.com\/blog\/wp-json\/wp\/v2\/media?parent=5947"}],"wp:term":[{"taxonomy":"category","embeddable":true,"href":"https:\/\/www.visit-ulcinj.com\/blog\/wp-json\/wp\/v2\/categories?post=5947"},{"taxonomy":"post_tag","embeddable":true,"href":"https:\/\/www.visit-ulcinj.com\/blog\/wp-json\/wp\/v2\/tags?post=5947"}],"curies":[{"name":"wp","href":"https:\/\/api.w.org\/{rel}","templated":true}]}}