{"id":59478,"date":"2012-04-22T12:25:38","date_gmt":"2012-04-22T11:25:38","guid":{"rendered":"http:\/\/www.visit-ulcinj.com\/blog\/?p=59478"},"modified":"2012-04-22T12:25:38","modified_gmt":"2012-04-22T11:25:38","slug":"rozana-radi-nje-dedikim-per-dashurine","status":"publish","type":"post","link":"https:\/\/www.visit-ulcinj.com\/blog\/2012\/04\/22\/rozana-radi-nje-dedikim-per-dashurine\/","title":{"rendered":"Rozana Radi, nj\u00eb dedikim p\u00ebr dashurin\u00eb"},"content":{"rendered":"<p>&nbsp;<\/p>\n<p><strong>Rozana Radi duket se \u00ebsht\u00eb shum\u00eb e angazhuar me projektet e saj muzikore k\u00ebto koh\u00eb. Vet\u00eb k\u00ebng\u00ebtarja koh\u00eb m\u00eb par\u00eb ka pohuar se kjo do t\u00eb jet\u00eb nj\u00eb ver\u00eb shum\u00eb produktive p\u00ebr t\u00eb, me shum\u00eb krijime t\u00eb reja. Lajmi m\u00eb i ri rreth saj \u00ebsht\u00eb se ajo po xhiron klipin e k\u00ebng\u00ebs \u201cU desh\u00ebm tep\u00ebr\u201d.<\/strong><strong><br \/>\n<a href=\"http:\/\/www.visit-ulcinj.com\/blog\/wp-content\/uploads\/2012\/04\/Rozana-Radi.jpg\"><img loading=\"lazy\" class=\"alignleft  wp-image-59479\" title=\"Rozana Radi\" src=\"http:\/\/www.visit-ulcinj.com\/blog\/wp-content\/uploads\/2012\/04\/Rozana-Radi.jpg\" alt=\"\" width=\"508\" height=\"620\" \/><\/a><br \/>\n<\/strong><br \/>\nK\u00ebt\u00eb gj\u00eb ajo e ka ndar\u00eb me gjith\u00eb miqt\u00eb e saj n\u00eb \u201cFacebook\u201d, ku ka shkruar: \u201cN\u00eb xhirimet e k\u00ebng\u00ebs \u2018U desh\u00ebm tep\u00ebr\u2019\u2026<\/p>\n<p>Nj\u00eb dedikim p\u00ebr t\u00eb gjith\u00eb ato \u00e7ifte q\u00eb jan\u00eb dashur pa kushte, q\u00eb jan\u00eb dashur v\u00ebrtet dhe pengesat e m\u00ebdha t\u00eb jet\u00ebs n\u00eb \u00e7ift kan\u00eb ditur t\u2019i superojn\u00eb. P\u00ebr ata q\u00eb kan\u00eb shtyr\u00eb malet p\u00ebr t\u00eb vazhduar \u00ebndrr\u00ebn e tyre.<\/p>\n<p><strong>Mapo<\/strong><br \/>\n<!--YouTube Error: bad URL entered--><\/p>\n","protected":false},"excerpt":{"rendered":"<p>&nbsp; Rozana Radi duket se \u00ebsht\u00eb shum\u00eb e angazhuar me projektet e saj muzikore k\u00ebto koh\u00eb. Vet\u00eb k\u00ebng\u00ebtarja koh\u00eb m\u00eb par\u00eb ka pohuar se kjo do t\u00eb jet\u00eb nj\u00eb ver\u00eb shum\u00eb produktive p\u00ebr t\u00eb, me shum\u00eb krijime t\u00eb reja. Lajmi m\u00eb i ri rreth saj \u00ebsht\u00eb se ajo po xhiron klipin e k\u00ebng\u00ebs \u201cU desh\u00ebm [&hellip;]<\/p>\n","protected":false},"author":1,"featured_media":0,"comment_status":"open","ping_status":"closed","sticky":false,"template":"","format":"standard","meta":{"spay_email":"","jetpack_publicize_message":"","jetpack_is_tweetstorm":false,"jetpack_publicize_feature_enabled":true},"categories":[1],"tags":[4964],"jetpack_publicize_connections":[],"yoast_head":"<!-- This site is optimized with the Yoast SEO plugin v19.1 - https:\/\/yoast.com\/wordpress\/plugins\/seo\/ -->\n<title>Rozana Radi, nj\u00eb dedikim p\u00ebr dashurin\u00eb - Lajme nga Ulqini<\/title>\n<meta name=\"description\" content=\"&nbsp; Rozana Radi duket se \u00ebsht\u00eb shum\u00eb e angazhuar me projektet e saj muzikore k\u00ebto koh\u00eb. Vet\u00eb k\u00ebng\u00ebtarja koh\u00eb m\u00eb par\u00eb ka pohuar se kjo do t\u00eb jet\u00eb nj\u00eb\" \/>\n<meta name=\"robots\" content=\"index, follow, max-snippet:-1, max-image-preview:large, max-video-preview:-1\" \/>\n<link rel=\"canonical\" href=\"https:\/\/www.visit-ulcinj.com\/blog\/2012\/04\/22\/rozana-radi-nje-dedikim-per-dashurine\/\" \/>\n<meta property=\"og:locale\" content=\"en_US\" \/>\n<meta property=\"og:type\" content=\"article\" \/>\n<meta property=\"og:title\" content=\"Rozana Radi, nj\u00eb dedikim p\u00ebr dashurin\u00eb - Lajme nga Ulqini\" \/>\n<meta property=\"og:description\" content=\"&nbsp; Rozana Radi duket se \u00ebsht\u00eb shum\u00eb e angazhuar me projektet e saj muzikore k\u00ebto koh\u00eb. Vet\u00eb k\u00ebng\u00ebtarja koh\u00eb m\u00eb par\u00eb ka pohuar se kjo do t\u00eb jet\u00eb nj\u00eb\" \/>\n<meta property=\"og:url\" content=\"https:\/\/www.visit-ulcinj.com\/blog\/2012\/04\/22\/rozana-radi-nje-dedikim-per-dashurine\/\" \/>\n<meta property=\"og:site_name\" content=\"Lajme nga Ulqini\" \/>\n<meta property=\"article:published_time\" content=\"2012-04-22T11:25:38+00:00\" \/>\n<meta property=\"og:image\" content=\"http:\/\/www.visit-ulcinj.com\/blog\/wp-content\/uploads\/2012\/04\/Rozana-Radi.jpg\" \/>\n<meta name=\"twitter:label1\" content=\"Written by\" \/>\n\t<meta name=\"twitter:data1\" content=\"ulqini\" \/>\n\t<meta name=\"twitter:label2\" content=\"Est. reading time\" \/>\n\t<meta name=\"twitter:data2\" content=\"1 minute\" \/>\n<script type=\"application\/ld+json\" class=\"yoast-schema-graph\">{\"@context\":\"https:\/\/schema.org\",\"@graph\":[{\"@type\":\"WebSite\",\"@id\":\"https:\/\/www.visit-ulcinj.com\/blog\/#website\",\"url\":\"https:\/\/www.visit-ulcinj.com\/blog\/\",\"name\":\"Lajme nga Ulqini\",\"description\":\"Lajme,Vijesti,Ulqini,Ulqin,Crna Gora,Mali i Zi\",\"potentialAction\":[{\"@type\":\"SearchAction\",\"target\":{\"@type\":\"EntryPoint\",\"urlTemplate\":\"https:\/\/www.visit-ulcinj.com\/blog\/?s={search_term_string}\"},\"query-input\":\"required name=search_term_string\"}],\"inLanguage\":\"en-US\"},{\"@type\":\"ImageObject\",\"inLanguage\":\"en-US\",\"@id\":\"https:\/\/www.visit-ulcinj.com\/blog\/2012\/04\/22\/rozana-radi-nje-dedikim-per-dashurine\/#primaryimage\",\"url\":\"http:\/\/www.visit-ulcinj.com\/blog\/wp-content\/uploads\/2012\/04\/Rozana-Radi.jpg\",\"contentUrl\":\"http:\/\/www.visit-ulcinj.com\/blog\/wp-content\/uploads\/2012\/04\/Rozana-Radi.jpg\"},{\"@type\":\"WebPage\",\"@id\":\"https:\/\/www.visit-ulcinj.com\/blog\/2012\/04\/22\/rozana-radi-nje-dedikim-per-dashurine\/#webpage\",\"url\":\"https:\/\/www.visit-ulcinj.com\/blog\/2012\/04\/22\/rozana-radi-nje-dedikim-per-dashurine\/\",\"name\":\"Rozana Radi, nj\u00eb dedikim p\u00ebr dashurin\u00eb - Lajme nga Ulqini\",\"isPartOf\":{\"@id\":\"https:\/\/www.visit-ulcinj.com\/blog\/#website\"},\"primaryImageOfPage\":{\"@id\":\"https:\/\/www.visit-ulcinj.com\/blog\/2012\/04\/22\/rozana-radi-nje-dedikim-per-dashurine\/#primaryimage\"},\"datePublished\":\"2012-04-22T11:25:38+00:00\",\"dateModified\":\"2012-04-22T11:25:38+00:00\",\"author\":{\"@id\":\"https:\/\/www.visit-ulcinj.com\/blog\/#\/schema\/person\/dcab619c614d3038751c63bc2aadc06d\"},\"description\":\"&nbsp; Rozana Radi duket se \u00ebsht\u00eb shum\u00eb e angazhuar me projektet e saj muzikore k\u00ebto koh\u00eb. Vet\u00eb k\u00ebng\u00ebtarja koh\u00eb m\u00eb par\u00eb ka pohuar se kjo do t\u00eb jet\u00eb nj\u00eb\",\"breadcrumb\":{\"@id\":\"https:\/\/www.visit-ulcinj.com\/blog\/2012\/04\/22\/rozana-radi-nje-dedikim-per-dashurine\/#breadcrumb\"},\"inLanguage\":\"en-US\",\"potentialAction\":[{\"@type\":\"ReadAction\",\"target\":[\"https:\/\/www.visit-ulcinj.com\/blog\/2012\/04\/22\/rozana-radi-nje-dedikim-per-dashurine\/\"]}]},{\"@type\":\"BreadcrumbList\",\"@id\":\"https:\/\/www.visit-ulcinj.com\/blog\/2012\/04\/22\/rozana-radi-nje-dedikim-per-dashurine\/#breadcrumb\",\"itemListElement\":[{\"@type\":\"ListItem\",\"position\":1,\"name\":\"Rozana Radi, nj\u00eb dedikim p\u00ebr dashurin\u00eb\"}]},{\"@type\":\"Person\",\"@id\":\"https:\/\/www.visit-ulcinj.com\/blog\/#\/schema\/person\/dcab619c614d3038751c63bc2aadc06d\",\"name\":\"ulqini\",\"sameAs\":[\"http:\/\/www.visit-ulcinj.com\"],\"url\":\"https:\/\/www.visit-ulcinj.com\/blog\/author\/admin\/\"}]}<\/script>\n<!-- \/ Yoast SEO plugin. -->","yoast_head_json":{"title":"Rozana Radi, nj\u00eb dedikim p\u00ebr dashurin\u00eb - Lajme nga Ulqini","description":"&nbsp; Rozana Radi duket se \u00ebsht\u00eb shum\u00eb e angazhuar me projektet e saj muzikore k\u00ebto koh\u00eb. Vet\u00eb k\u00ebng\u00ebtarja koh\u00eb m\u00eb par\u00eb ka pohuar se kjo do t\u00eb jet\u00eb nj\u00eb","robots":{"index":"index","follow":"follow","max-snippet":"max-snippet:-1","max-image-preview":"max-image-preview:large","max-video-preview":"max-video-preview:-1"},"canonical":"https:\/\/www.visit-ulcinj.com\/blog\/2012\/04\/22\/rozana-radi-nje-dedikim-per-dashurine\/","og_locale":"en_US","og_type":"article","og_title":"Rozana Radi, nj\u00eb dedikim p\u00ebr dashurin\u00eb - Lajme nga Ulqini","og_description":"&nbsp; Rozana Radi duket se \u00ebsht\u00eb shum\u00eb e angazhuar me projektet e saj muzikore k\u00ebto koh\u00eb. Vet\u00eb k\u00ebng\u00ebtarja koh\u00eb m\u00eb par\u00eb ka pohuar se kjo do t\u00eb jet\u00eb nj\u00eb","og_url":"https:\/\/www.visit-ulcinj.com\/blog\/2012\/04\/22\/rozana-radi-nje-dedikim-per-dashurine\/","og_site_name":"Lajme nga Ulqini","article_published_time":"2012-04-22T11:25:38+00:00","og_image":[{"url":"http:\/\/www.visit-ulcinj.com\/blog\/wp-content\/uploads\/2012\/04\/Rozana-Radi.jpg"}],"twitter_misc":{"Written by":"ulqini","Est. reading time":"1 minute"},"schema":{"@context":"https:\/\/schema.org","@graph":[{"@type":"WebSite","@id":"https:\/\/www.visit-ulcinj.com\/blog\/#website","url":"https:\/\/www.visit-ulcinj.com\/blog\/","name":"Lajme nga Ulqini","description":"Lajme,Vijesti,Ulqini,Ulqin,Crna Gora,Mali i Zi","potentialAction":[{"@type":"SearchAction","target":{"@type":"EntryPoint","urlTemplate":"https:\/\/www.visit-ulcinj.com\/blog\/?s={search_term_string}"},"query-input":"required name=search_term_string"}],"inLanguage":"en-US"},{"@type":"ImageObject","inLanguage":"en-US","@id":"https:\/\/www.visit-ulcinj.com\/blog\/2012\/04\/22\/rozana-radi-nje-dedikim-per-dashurine\/#primaryimage","url":"http:\/\/www.visit-ulcinj.com\/blog\/wp-content\/uploads\/2012\/04\/Rozana-Radi.jpg","contentUrl":"http:\/\/www.visit-ulcinj.com\/blog\/wp-content\/uploads\/2012\/04\/Rozana-Radi.jpg"},{"@type":"WebPage","@id":"https:\/\/www.visit-ulcinj.com\/blog\/2012\/04\/22\/rozana-radi-nje-dedikim-per-dashurine\/#webpage","url":"https:\/\/www.visit-ulcinj.com\/blog\/2012\/04\/22\/rozana-radi-nje-dedikim-per-dashurine\/","name":"Rozana Radi, nj\u00eb dedikim p\u00ebr dashurin\u00eb - Lajme nga Ulqini","isPartOf":{"@id":"https:\/\/www.visit-ulcinj.com\/blog\/#website"},"primaryImageOfPage":{"@id":"https:\/\/www.visit-ulcinj.com\/blog\/2012\/04\/22\/rozana-radi-nje-dedikim-per-dashurine\/#primaryimage"},"datePublished":"2012-04-22T11:25:38+00:00","dateModified":"2012-04-22T11:25:38+00:00","author":{"@id":"https:\/\/www.visit-ulcinj.com\/blog\/#\/schema\/person\/dcab619c614d3038751c63bc2aadc06d"},"description":"&nbsp; Rozana Radi duket se \u00ebsht\u00eb shum\u00eb e angazhuar me projektet e saj muzikore k\u00ebto koh\u00eb. Vet\u00eb k\u00ebng\u00ebtarja koh\u00eb m\u00eb par\u00eb ka pohuar se kjo do t\u00eb jet\u00eb nj\u00eb","breadcrumb":{"@id":"https:\/\/www.visit-ulcinj.com\/blog\/2012\/04\/22\/rozana-radi-nje-dedikim-per-dashurine\/#breadcrumb"},"inLanguage":"en-US","potentialAction":[{"@type":"ReadAction","target":["https:\/\/www.visit-ulcinj.com\/blog\/2012\/04\/22\/rozana-radi-nje-dedikim-per-dashurine\/"]}]},{"@type":"BreadcrumbList","@id":"https:\/\/www.visit-ulcinj.com\/blog\/2012\/04\/22\/rozana-radi-nje-dedikim-per-dashurine\/#breadcrumb","itemListElement":[{"@type":"ListItem","position":1,"name":"Rozana Radi, nj\u00eb dedikim p\u00ebr dashurin\u00eb"}]},{"@type":"Person","@id":"https:\/\/www.visit-ulcinj.com\/blog\/#\/schema\/person\/dcab619c614d3038751c63bc2aadc06d","name":"ulqini","sameAs":["http:\/\/www.visit-ulcinj.com"],"url":"https:\/\/www.visit-ulcinj.com\/blog\/author\/admin\/"}]}},"jetpack_featured_media_url":"","jetpack_sharing_enabled":true,"jetpack_shortlink":"https:\/\/wp.me\/pe6lTn-ftk","_links":{"self":[{"href":"https:\/\/www.visit-ulcinj.com\/blog\/wp-json\/wp\/v2\/posts\/59478"}],"collection":[{"href":"https:\/\/www.visit-ulcinj.com\/blog\/wp-json\/wp\/v2\/posts"}],"about":[{"href":"https:\/\/www.visit-ulcinj.com\/blog\/wp-json\/wp\/v2\/types\/post"}],"author":[{"embeddable":true,"href":"https:\/\/www.visit-ulcinj.com\/blog\/wp-json\/wp\/v2\/users\/1"}],"replies":[{"embeddable":true,"href":"https:\/\/www.visit-ulcinj.com\/blog\/wp-json\/wp\/v2\/comments?post=59478"}],"version-history":[{"count":1,"href":"https:\/\/www.visit-ulcinj.com\/blog\/wp-json\/wp\/v2\/posts\/59478\/revisions"}],"predecessor-version":[{"id":59480,"href":"https:\/\/www.visit-ulcinj.com\/blog\/wp-json\/wp\/v2\/posts\/59478\/revisions\/59480"}],"wp:attachment":[{"href":"https:\/\/www.visit-ulcinj.com\/blog\/wp-json\/wp\/v2\/media?parent=59478"}],"wp:term":[{"taxonomy":"category","embeddable":true,"href":"https:\/\/www.visit-ulcinj.com\/blog\/wp-json\/wp\/v2\/categories?post=59478"},{"taxonomy":"post_tag","embeddable":true,"href":"https:\/\/www.visit-ulcinj.com\/blog\/wp-json\/wp\/v2\/tags?post=59478"}],"curies":[{"name":"wp","href":"https:\/\/api.w.org\/{rel}","templated":true}]}}