{"id":59482,"date":"2012-04-22T13:40:29","date_gmt":"2012-04-22T12:40:29","guid":{"rendered":"http:\/\/www.visit-ulcinj.com\/blog\/?p=59482"},"modified":"2012-04-22T13:40:29","modified_gmt":"2012-04-22T12:40:29","slug":"interviste-me-sopranon-nga-ulqini-maida-resulbegu","status":"publish","type":"post","link":"https:\/\/www.visit-ulcinj.com\/blog\/2012\/04\/22\/interviste-me-sopranon-nga-ulqini-maida-resulbegu\/","title":{"rendered":"Interviste me sopranon nga Ulqini Maida Resulbegu"},"content":{"rendered":"<p><strong>Nga Shaqir Foniqi<\/strong><\/p>\n<p>E themi pa hezitim,madje pa as m\u00eb t\u00eb vo-glin dyshim se Maida Resulbegu,nj\u00eb dit\u00eb do t\u00eb ngjitet n\u00eb Olimp p\u00ebt t\u00eb qendruar atje p\u00ebrjet\u00ebsisht dhe misionarisht.Ajo e ka kuptuar k\u00ebt\u00eb mision,prandaj punon me shum\u00eb ndjenj\u00eb dhe pasion.Ajo,sikur me shkopin magjik po arrin t\u00eb ngjitet n\u00eb kar-rier\u00ebn artistike,me pun\u00eb fisnike dhe besoj se nuk e teproj,n\u00ebse konstatoj se tek Mai-da ka gjith\u00e7ka t\u00eb magjishme,pse jo edhe t\u00eb hyjnishme,t\u00eb lindur,q\u00eb nga z\u00ebri,pamja, sjellja,shikim,qendrimi&#8230;por,mbi t\u00eb gjitha z\u00ebri i saj i praruar,\u00ebsht\u00eb p\u00ebr t\u2019 u admiruar.<br \/>\nNe biseduam me te p\u00ebr shum\u00eb\u00e7ka dhe fare spontalisht dhe shum\u00eb sinqerisht.<br \/>\n<a href=\"http:\/\/www.visit-ulcinj.com\/blog\/wp-content\/uploads\/2012\/04\/Maida-Resulbegu-Soprano-nga-Ulqini.3.jpg\"><img loading=\"lazy\" class=\"alignleft  wp-image-59483\" title=\"Maida Resulbegu - Soprano nga Ulqini.3\" src=\"http:\/\/www.visit-ulcinj.com\/blog\/wp-content\/uploads\/2012\/04\/Maida-Resulbegu-Soprano-nga-Ulqini.3.jpg\" alt=\"\" width=\"508\" height=\"600\" \/><\/a><\/p>\n<p><strong>Zj.Maida cil\u00ebt ishin hapat tu t\u00eb par\u00eb n\u00eb k\u00ebt\u00eb gar\u00eb artistike shum\u00eb fisnike,t\u00eb rrall\u00eb dhe platonike?<\/strong><br \/>\nSi \u00e7do e re,q\u00eb \u00ebsht\u00eb e mb\u00ebrthyer n\u00eb shum\u00eb dilema e synime,un\u00eb,m\u00ebgjithat\u00eb zgjodha rrug\u00ebn time t\u00eb Kantos,sepse aty,talenti im,duket se shp\u00ebrheu me t\u00ebr\u00eb potenc\u00ebn dhe fuqin\u00eb e vet.Meq\u00eb ,tashm\u00eb isha zbukuar dhe isha p\u00ebrcaktuar,mbarova shkol\u00ebn e ult\u00eb t\u00eb muzik\u00ebs dhe mora rrug\u00ebn e Tiran\u00ebs,p\u00ebr n\u00eb deg\u00ebn e Kantos n\u00eb Aka-demin\u00eb e Arteve,tek profesoresha e nde-ruar Suzana Frash\u00ebri.Mund t\u00eb them se jam studente e shk\u00eblqyeshme dhe aty e gjeta p\u00ebrkrahj\u00ebn dhe vet\u00ebn time.Madje,mora edhe nofk\u00ebn ,z\u00ebri i boty\u00ebs\u2019(artistike vj) ,nje epitet q\u00eb t\u00eb mbush me krenari,por edhe q\u00eb t\u00eb obligon shum\u00eb,sepse \u00ebsht\u00eb m\u00eb leht\u00eb q\u00eb t\u00eb arrish di\u00e7ka,se sa ta arsyetosh dhe ta mbrosh at\u00eb epitet.Un\u00eb,konsideroj se do t\u00eb mb roj\u00eb m\u00eb forc\u00eb dhe fanatiz\u00ebm. Synimi im \u00ebsht\u00eb mbi \u00e7do paragjykim dhe parashikim.T\u00eb shohim&#8230;<br \/>\n<a href=\"http:\/\/www.visit-ulcinj.com\/blog\/wp-content\/uploads\/2012\/04\/Maida-Resulbegu-Soprano-nga-Ulqini.2.jpg\"><img loading=\"lazy\" src=\"http:\/\/www.visit-ulcinj.com\/blog\/wp-content\/uploads\/2012\/04\/Maida-Resulbegu-Soprano-nga-Ulqini.2.jpg\" alt=\"\" title=\"Maida Resulbegu - Soprano nga Ulqini.2\" width=\"508\" height=\"600\" class=\"alignleft size-full wp-image-59484\" \/><\/a><\/p>\n<p><strong>Keni\u00a0 provuar\u00a0 edhe\u00a0 duatrikitjet,\u00a0 shp\u00ebrbli-et, keni prekur edhe fam\u00ebn&#8230;<\/strong><\/p>\n<p>T\u00eb gjitha.Madje,kam fituar edhe n\u00eb konkurse nd\u00ebrkomb\u00ebtare,por ende jam e re dhe,e them pa modesti se z\u00ebri im do t\u00eb d\u00ebgjohet larg dhe p\u00ebr shum\u00ebk\u00ebnd do t\u00eb jet\u00eb nj\u00eb befasi.Madje,profesor\u00ebt e mi,sikur me thon\u00eb q\u00eb t\u00eb hesht\u00eb dhe m\u00eb von\u00eb heshtja t\u00eb shp\u00ebrthej\u00eb m\u00eb zhrm\u00eb t\u00eb madhe p\u00ebr t\u00eb b\u00ebr\u00eb nj\u00eb buj\u00eb t\u00eb papar\u00eb edhe n\u00eb nivelin nd\u00ebrkomb\u00ebtar.Pra,aktualisht jam duke u mbushur artistikisht p\u00ebr t\u00eb shp\u00ebr-thyer befasisht dhe triumfalisht.<br \/>\n<a href=\"http:\/\/www.visit-ulcinj.com\/blog\/wp-content\/uploads\/2012\/04\/Maida-Resulbegu-Soprano-nga-Ulqini.4.jpg\"><img loading=\"lazy\" src=\"http:\/\/www.visit-ulcinj.com\/blog\/wp-content\/uploads\/2012\/04\/Maida-Resulbegu-Soprano-nga-Ulqini.4.jpg\" alt=\"\" title=\"Maida Resulbegu - Soprano nga Ulqini.4\" width=\"508\" height=\"300\" class=\"alignleft size-full wp-image-59485\" \/><\/a><br \/>\n<strong>Cilat jan\u00eb karakteristikat q\u00eb nj\u00eb so-prano t\u00eb jet\u00eb komplete?<\/strong><br \/>\nZ\u00ebri,pamja,qendrimi,shikimi,p\u00ebrgatitja akademike,shpieti,ndjenja,pasioni,p\u00ebrkr ahja,misioni,q\u00ebllimi,synimi,publiku&#8230;pra jan\u00eb shum\u00eb hallka n\u00eb zingjirin e gjat\u00eb t\u00eb fam\u00ebs.Un\u00eb po mundoh\u00ebm ti kap k\u00ebto hallka dhe jam n\u00eb rrug\u00eb q\u00eb t lidh t\u00eb gjitha ato,n\u00eb m\u00ebnyr\u00eb q\u00eb t\u00eb b\u00ebhem komplete. Sepse,puna qendron aty se,vet\u00ebm n\u00ebse nj\u00eb hallk\u00eb d\u00ebshton,je e humbur dhe e dje-gur.Esht\u00eb sikur puna e \u00e7do arti tjeter,n\u00ebse nuk je komplete,nuk arrin dot gj\u00eb prej gj\u00ebje.Mua,me p\u00ebngon mesatarja,un\u00eb dua ose majat,ose asgj\u00eb.Dhe p\u00ebr t\u00eb pushtuar majat k\u00ebrkohet sakrific\u00eb deri n\u00eb (vet\u00eb) flijim,sepse arti ka k\u00ebt\u00eb q\u00ebllim:duhet sakrifikuar p\u00ebr t\u2019u pranuar.Sot skena \u00ebsht\u00eb embushur plot,kurse edhe shija \u00ebsht\u00eb ngritur,njer\u00ebzit din\u00eb \u00e7ka dojn\u00eb dhe din\u00eb t\u00eb vler\u00ebsojn\u00eb.<br \/>\n<a href=\"http:\/\/www.visit-ulcinj.com\/blog\/wp-content\/uploads\/2012\/04\/Maida-Resulbegu-Soprano-nga-Ulqini.5.jpg\"><img loading=\"lazy\" src=\"http:\/\/www.visit-ulcinj.com\/blog\/wp-content\/uploads\/2012\/04\/Maida-Resulbegu-Soprano-nga-Ulqini.5.jpg\" alt=\"\" title=\"Maida Resulbegu - Soprano nga Ulqini.5\" width=\"508\" height=\"302\" class=\"alignleft size-full wp-image-59486\" \/><\/a><br \/>\n<strong>Por,profesioni juaj,soprano duklet se ende duhet t\u00eb pres q\u00eb t\u00eb gjej\u00eb shtratin,terrenin e vet?<\/strong><br \/>\nAshtu \u00ebsht\u00eb Shaqa.fatkeq\u00ebisht ende dominon mentaliteti arakik dhe arti yn\u00eb me fisnik,nuk pranohet nga t\u00eb gjith\u00eb. Por,duhet ditur di\u00e7ka(ta them un\u00eb Maida):artin as nuk e krijon shumica,as n uk e shijon shumica.Kanto \u00ebsht\u00eb art elitar dhe elitat,besoj do t\u00eb krijoh\u00ebn se s\u2019b\u00ebn. Bota e ka t\u00eb qart\u00eb,tashm\u00eb:nuk ka lidhje me tallava.Ne jemi n\u00eb tranzicion dhe d\u00eb-tyrimisht duhet t\u00eb kalojm\u00eb nga kjo gjen-dje n\u00eb nj\u00eb stad tjet\u00ebr.Kombi zhvillohet,e mancipohet,kultivohet dhe arti yn\u00eb \u00ebsht\u00eb ai q\u00eb prin\u00eb&#8230;Bota e civilizuar ,tashm\u00eb nuk b\u00ebn tjet\u00ebr vet\u00ebm investon n\u00eb k\u00ebt\u00eb lloj arti suprem.keni par\u00eb diku,n\u00eb ndonj\u00eb sken\u00eb serioze,apo t\u00eb themi n\u00eb ndonj\u00eb lokal t\u00eb per\u00ebndimit ,ku nuk ka muzik\u00eb t\u00eb leht\u00eb??? keni par\u00eb koncetet e Vien\u00ebs,p\u00ebr t\u00eb hyr\u00eb ty,nuk gjen dot bilet\u00eb.Biletat shit\u00ebn nj\u00eb vit p\u00ebrpara koncertit dhe Viena,gjeografikisht nuk \u00ebsht\u00eb larg me Tiran\u00ebn dhe Prishtin\u00ebn. Un\u00eb jam e bindur se do t\u00eb vij\u00eb koha,kur ky lloj arti do ta pushtoj\u00eb t\u00ebr\u00eb bot\u00ebn,sepse bota k\u00ebt\u00eb e k\u00ebrkon.<br \/>\n<a href=\"http:\/\/www.visit-ulcinj.com\/blog\/wp-content\/uploads\/2012\/04\/Maida-Resulbegu-Soprano-nga-Ulqini.6.jpg\"><img loading=\"lazy\" src=\"http:\/\/www.visit-ulcinj.com\/blog\/wp-content\/uploads\/2012\/04\/Maida-Resulbegu-Soprano-nga-Ulqini.6.jpg\" alt=\"\" title=\"Maida Resulbegu - Soprano nga Ulqini.6\" width=\"508\" height=\"600\" class=\"alignleft size-full wp-image-59487\" \/><\/a><\/p>\n<p><strong>Por,duket se ende jemi larg,apo jo?<\/strong><br \/>\nNuk jemi k\u00ebrkah,hahah,por do t\u00eb ar-rijm\u00eb pa\u00e7ka se jemi t\u00eb vonuar,por jo edhe t\u00eb d\u00ebshtuar.T\u2019ua them vet\u00ebm nj\u00eb fakt:sopranoja jon\u00eb Inva Mula,Ermonela Jaho,pastaj Saimir Pirgu,Ram\u00eb Lahaj,Flaka Goranci,sot jan\u00eb d\u00ebshmuar dhe pran-uar m\u00eb shum\u00eb gatishm\u00ebri nga bota e jashtme,madje Ermonela ka thyer t\u00eb gjitha paragjykimet dhe do t\u00eb thosha edhe parashikimet e pritshme.Kam bind-jen e fort\u00eb,se ne po ecim me hapa t\u00eb shpejt\u00eb dhe t\u00eb sigurt\u00eb p\u00ebr t\u00eb kompensuar at\u00eb q\u00eb jemi vonuar.Nuk ka dyshim se do t\u2019 ia arrijm\u00eb.Ne shqiptar\u00ebt,sikur jemi indi-vidualist\u00eb dhe fanatik\u00eb,pra sukseset i kemi jo n\u00eb grup,por si individ\u00eb dhe kjo i ka t\u00eb metat,por edhe p;\u00ebrpar\u00ebsit\u00eb,sepse arti \u00ebsht\u00eb individual,talenti poashtu,pastaj edhe pranimi i k\u00ebtij arti nuk b\u00ebhet men-j\u00ebher\u00eb.Edhe popujt e tjer\u00eb kan\u00eb kaluar n\u00ebp\u00ebr ket\u00eb rrug\u00eb dhe n\u00ebp\u00ebr k\u00ebt\u00eb kap\u00ebr cim.Un\u00eb,nuk dua t\u00eb mohoj\u00eb vlerat q\u00eb kemi n\u00eb t\u00eb gjitha sferat e artit,sepse ato ajn\u00eb pjes\u00eb e jona e pakontestueshme,pr un\u00eb angazhohem p\u00ebr vlera dhe kritera n\u00eb s\u00ebcilin segment t\u00eb artit dhe t\u00eb kultur\u00ebs. Zat\u00ebn,arti ka vet\u00ebm nj\u00eb mision:fisnik\u00ebrimin dhe civilizimin,por edhe edukimin dhe k\u00ebnaq\u00ebsin\u00eb e k\u00ebnaq\u00ebsia q\u00eb sjell arti \u00ebsht\u00eb e gajt\u00eb dhe p\u00ebr te duhet punuar dit\u00eb e nat\u00eb.Jam shum\u00eb optimiste se nj\u00eb dit\u00eb arti e elitar do ta pushtoj\u00eb bot\u00ebn mbar\u00eb&#8230;<br \/>\n<a href=\"http:\/\/www.visit-ulcinj.com\/blog\/wp-content\/uploads\/2012\/04\/Maida-Resulbegu-Soprano-nga-Ulqini.7.jpg\"><img loading=\"lazy\" src=\"http:\/\/www.visit-ulcinj.com\/blog\/wp-content\/uploads\/2012\/04\/Maida-Resulbegu-Soprano-nga-Ulqini.7.jpg\" alt=\"\" title=\"Maida Resulbegu - Soprano nga Ulqini.7\" width=\"508\" height=\"300\" class=\"alignleft size-full wp-image-59488\" \/><\/a><br \/>\n<strong>Ku e gjeni vet\u00ebn pas p\u00ebrfundimit t\u00eb Akademis\u00eb?<\/strong><br \/>\nNdoshta n\u00eb Paris.Nuk dua t\u00eb ndal\u00ebm m\u00eb kaq,synoj t\u00eb p\u00ebrgatit\u00ebm p\u00ebr skenat Ev-ropiane dhe Bot\u00ebrore.Pra,jam n\u00eb k\u00ebrkim prore.Jam e gatshme t\u00eb sakrifikoh\u00ebm,q\u00eb t\u00eb d\u00ebshmohem.Nuk them se Tirana nuk me pfron,e di q\u00eb ajo dhe Ulqini e Prtishtina,me mungon,por dua q\u00eb t\u00eb kompletohem artistikisht,q\u00eb pastaj kom-bin ta prezantoj me mburrje dhe t\u00eb jem nj\u00ebfar\u00eb ambasadoreje e kombit tim,kudo q\u00eb t\u00eb shkoj.Un\u00eb,jam shum\u00eb e p\u00ebrkush-tuar p\u00ebr k\u00ebt\u00eb dhe po punoj p\u00ebr t\u00eb arritur dhe p\u00ebrmbushur synimet e mia t\u00eb m\u00ebd-ha.Jam n\u00eb fillim t\u00eb karrier\u00ebs dhe dua q\u00eb ajo t\u00eb jet\u00eb e ndritshme dhe e fuqishme. Pra,do t\u00eb studioj,t\u00eb m\u00ebsoj,t\u00eb dep\u00ebrtoj me pun\u00eb,me p\u00ebrkushtim,gjithnj\u00eb duke patuir nj\u00eb q\u00eblllim:q\u00eb t\u00eb arrij\u00eb suksese \u00e7\u2019far\u00eb un\u00eb i d\u00ebshiroj dhe i gjakoj.Mir\u00ebpo,kahdo q\u00eb t\u00eb shkoj,do t\u00eb prezantoh\u00ebm me krenari se jam shqiptare dhe me vete do t\u00eb marr ndjenj\u00ebn dhe krenarin\u00eb p\u00ebr k\u00ebt\u00eb.<br \/>\n<a href=\"http:\/\/www.visit-ulcinj.com\/blog\/wp-content\/uploads\/2012\/04\/Maida-Resulbegu-Soprano-nga-Ulqini_Kastriot-Tusha.jpg\"><img loading=\"lazy\" src=\"http:\/\/www.visit-ulcinj.com\/blog\/wp-content\/uploads\/2012\/04\/Maida-Resulbegu-Soprano-nga-Ulqini_Kastriot-Tusha.jpg\" alt=\"\" title=\"Maida Resulbegu - Soprano nga Ulqini_Kastriot Tusha\" width=\"508\" height=\"300\" class=\"alignleft size-full wp-image-59489\" \/><\/a><br \/>\nEsht\u00eb nj\u00eb fat mir\u00eb se n\u00eb k\u00ebt\u00eb profesion nuk ka hile,dhe malverzie,sepse z\u00ebri nuk blihet as nuk falet,por ai lind dhe \u00ebsht\u00eb dhunti e natyr\u00ebs.I fal\u00ebnderohem Zotit q\u00eb m\u00eb ka dhuruart k\u00ebt\u00eb begati,prandaj un\u00eb do te di ta kanalizoj talentin tim deri n\u00eb maksimum,p\u00ebr t\u00eb qen\u00eb ajo q\u00eb d\u00ebshiroj un\u00eb.<\/p>\n<p><strong>Dhe ju d\u00ebshironi t\u2019 i psuhtoni skenat bot\u00ebrore?<\/strong><br \/>\nPo,po,pse jo? Arti dep\u00ebrton dhe nuk nd-alon.Esht\u00eb sikur ajri nuk njeh kufinj dhe pengesa.Arti e gjen rrug\u00ebn e vet dhe e p\u00ebr-ballon \u00e7do penges\u00eb.Nuk thuhet kot,ARs longa,vita brevis.Ari \u00ebsht\u00eb i gjat\u00eb,jeta \u00ebsht\u00eb e shkurt\u00ebr.Un\u00eb,kam shum\u00eb plane,shum\u00eb synime,shum\u00eb (vet\u00eb)besim dhe kjo m\u00eb b\u00ebn q\u00eb t\u00eb ndih\u00ebm e sigurt\u00eb dhe mezi po e pres rastin.E ,rasti,mbreti bot\u00ebs,do t\u00eb vij\u00eb nj\u00eb dit\u00eb.Pra do t\u00eb vij\u00eb aj \u00e7ast i madh.<\/p>\n<p><strong>Nuk ju pyet\u00ebm p\u00ebr jet\u00ebn private?<\/strong><br \/>\n\u00cbsht\u00eb\u00a0 shum\u00eb\u00a0 e\u00a0 thjesht\u00eb\u00a0 dhe\u00a0 mund\u00a0 t\u00eb dy fjal\u00eb:studime,ushtrime.Relacioni im duket n\u00eb nj\u00eb drejtim:Akademi sht\u00ebpi.<\/p>\n<p><strong>Po ndonj\u00eb kafe me shoq\u00ebri?<\/strong><br \/>\nKa kafe mq\u00ebsore,shoq\u00ebrore,sepse si \u00e7do e re dhe i ri,nuk mund t\u00eb jetoj e getoizuar,pa shoq\u00ebri,por \u00e7do gj\u00eb m\u00eb prioritet dhe me mas\u00eb.N\u00eb kt\u00eb jet\u00eb ka prioritete dhe prior-iteti im \u00ebsht\u00eb m\u00ebsimi,studimi,afirmimi,de p\u00ebrtimi,arti dhe avancimi i tij.Tjesht\u00eb dua t\u00eb jetoj p\u00ebr artin dhe t\u2019i p\u00ebrkushtohem atij me mish e me shpirt,sepse n\u00eb k\u00ebt\u00eb bot\u00eb t\u00eb artit nuk kam hyr\u00eb me imponim,por pse kisha talent dhe vullnet e p\u00ebrkushtim.Dua q\u00eb t\u00eb arrij majat e tij.<br \/>\n<a href=\"http:\/\/www.visit-ulcinj.com\/blog\/wp-content\/uploads\/2012\/04\/Maida-Resulbegu-Soprano-nga-Ulqini.DIVA_.1.jpg\"><img loading=\"lazy\" src=\"http:\/\/www.visit-ulcinj.com\/blog\/wp-content\/uploads\/2012\/04\/Maida-Resulbegu-Soprano-nga-Ulqini.DIVA_.1.jpg\" alt=\"\" title=\"Maida Resulbegu - Soprano nga Ulqini.DIVA.1\" width=\"508\" height=\"300\" class=\"alignleft size-full wp-image-59491\" \/><\/a><br \/>\n<strong>Keni lindur n\u00eb dit\u00ebn e t\u00eb dashuruarve dhe&#8230;<\/strong><br \/>\nPo ua lexoj mendimin,por po them p\u00ebr t\u00eb sat\u00ebn her\u00eb:prioriteti im \u00ebsht\u00eb shkol-limi dhe n\u00eb k\u00ebt\u00eb moment t\u00eb gjitha t\u00eb tjerat jan\u00eb t\u00ebrciare.Jam e preokupuar m\u00eb studime,m\u00ebsime,ushtrime dhe nuk kam int\u00ebresim dhe koh\u00eb p\u00ebr asgj\u00eb tjet\u00ebr.Ua uroj t\u00eb gjith\u00eb atyre q\u00eb jan\u00eb t\u00eb dashuruar,dit\u00ebn e tyre,por un\u00eb (ende) nuk e pranoj nj\u00eb urim t\u00eb till\u00eb dhe mund t\u00eb them se ndje-hem mir\u00eb,k\u00ebshtu si jam&#8230;e lir\u00eb!<\/p>\n<p><strong>At\u00ebher\u00eb,urime n\u00eb studime dhe t\u00eb presim q\u00eb n j\u00eb dit\u00eb do t\u00eb jesh nj\u00eb yll q\u00eb b\u00ebn drit\u00eb?<\/strong><br \/>\nFal\u00ebminderit p\u00ebr int\u00ebrvist\u00ebn dhe p\u00ebr p\u00ebrkrahj\u00ebn tuaj t\u00eb madhe.Po b\u00ebni nj\u00eb pun\u00eb t\u00eb fisme,sepse n\u00ebse nuk e p\u00ebrkra-him nj\u00ebri tjetrin,ateh\u00ebr\u00eb kush do t\u00eb na p\u00ebrkrahe???<br \/>\n<a href=\"http:\/\/www.visit-ulcinj.com\/blog\/wp-content\/uploads\/2012\/04\/Maida-Resulbegu-Soprano-nga-Ulqini.DIVA_.jpg\"><img loading=\"lazy\" src=\"http:\/\/www.visit-ulcinj.com\/blog\/wp-content\/uploads\/2012\/04\/Maida-Resulbegu-Soprano-nga-Ulqini.DIVA_.jpg\" alt=\"\" title=\"Maida Resulbegu - Soprano nga Ulqini.DIVA\" width=\"508\" height=\"600\" class=\"alignleft size-full wp-image-59490\" \/><\/a><br \/>\nDuaje t\u00ebndin dhe \u00e7moje,sepse k\u00ebshtu b\u00ebjn\u00eb t\u00eb gjith\u00eb,pse t\u00eb jemi ne p\u00ebrjashtim. Pra,sopranoja jon\u00eb(simpatike, plo sharm dhe sinqeritet), Maida esulbegu, ngadal, por sigurt po ngjit\u00ebt n\u00eb piadestal,si nj\u00eb ar-eal.Mbajeni mend k\u00ebt\u00eb em\u00ebr:Maida,do t\u00eb b\u00ebhet DIVA!<\/p>\n<p><strong>Koha Javore<\/strong><\/p>\n","protected":false},"excerpt":{"rendered":"<p>Nga Shaqir Foniqi E themi pa hezitim,madje pa as m\u00eb t\u00eb vo-glin dyshim se Maida Resulbegu,nj\u00eb dit\u00eb do t\u00eb ngjitet n\u00eb Olimp p\u00ebt t\u00eb qendruar atje p\u00ebrjet\u00ebsisht dhe misionarisht.Ajo e ka kuptuar k\u00ebt\u00eb mision,prandaj punon me shum\u00eb ndjenj\u00eb dhe pasion.Ajo,sikur me shkopin magjik po arrin t\u00eb ngjitet n\u00eb kar-rier\u00ebn artistike,me pun\u00eb fisnike dhe besoj se [&hellip;]<\/p>\n","protected":false},"author":1,"featured_media":0,"comment_status":"open","ping_status":"closed","sticky":false,"template":"","format":"standard","meta":{"spay_email":"","jetpack_publicize_message":"","jetpack_is_tweetstorm":false,"jetpack_publicize_feature_enabled":true},"categories":[5],"tags":[20338,1896,2893,19,200,18],"jetpack_publicize_connections":[],"yoast_head":"<!-- This site is optimized with the Yoast SEO plugin v19.1 - https:\/\/yoast.com\/wordpress\/plugins\/seo\/ -->\n<title>Interviste me sopranon nga Ulqini Maida Resulbegu - Lajme nga Ulqini<\/title>\n<meta name=\"description\" content=\"Nga Shaqir Foniqi E themi pa hezitim,madje pa as m\u00eb t\u00eb vo-glin dyshim se Maida Resulbegu,nj\u00eb dit\u00eb do t\u00eb ngjitet n\u00eb Olimp p\u00ebt t\u00eb qendruar atje p\u00ebrjet\u00ebsisht\" \/>\n<meta name=\"robots\" content=\"index, follow, max-snippet:-1, max-image-preview:large, max-video-preview:-1\" \/>\n<link rel=\"canonical\" href=\"https:\/\/www.visit-ulcinj.com\/blog\/2012\/04\/22\/interviste-me-sopranon-nga-ulqini-maida-resulbegu\/\" \/>\n<meta property=\"og:locale\" content=\"en_US\" \/>\n<meta property=\"og:type\" content=\"article\" \/>\n<meta property=\"og:title\" content=\"Interviste me sopranon nga Ulqini Maida Resulbegu - Lajme nga Ulqini\" \/>\n<meta property=\"og:description\" content=\"Nga Shaqir Foniqi E themi pa hezitim,madje pa as m\u00eb t\u00eb vo-glin dyshim se Maida Resulbegu,nj\u00eb dit\u00eb do t\u00eb ngjitet n\u00eb Olimp p\u00ebt t\u00eb qendruar atje p\u00ebrjet\u00ebsisht\" \/>\n<meta property=\"og:url\" content=\"https:\/\/www.visit-ulcinj.com\/blog\/2012\/04\/22\/interviste-me-sopranon-nga-ulqini-maida-resulbegu\/\" \/>\n<meta property=\"og:site_name\" content=\"Lajme nga Ulqini\" \/>\n<meta property=\"article:published_time\" content=\"2012-04-22T12:40:29+00:00\" \/>\n<meta property=\"og:image\" content=\"http:\/\/www.visit-ulcinj.com\/blog\/wp-content\/uploads\/2012\/04\/Maida-Resulbegu-Soprano-nga-Ulqini.3.jpg\" \/>\n<meta name=\"twitter:label1\" content=\"Written by\" \/>\n\t<meta name=\"twitter:data1\" content=\"ulqini\" \/>\n\t<meta name=\"twitter:label2\" content=\"Est. reading time\" \/>\n\t<meta name=\"twitter:data2\" content=\"9 minutes\" \/>\n<script type=\"application\/ld+json\" class=\"yoast-schema-graph\">{\"@context\":\"https:\/\/schema.org\",\"@graph\":[{\"@type\":\"WebSite\",\"@id\":\"https:\/\/www.visit-ulcinj.com\/blog\/#website\",\"url\":\"https:\/\/www.visit-ulcinj.com\/blog\/\",\"name\":\"Lajme nga Ulqini\",\"description\":\"Lajme,Vijesti,Ulqini,Ulqin,Crna Gora,Mali i Zi\",\"potentialAction\":[{\"@type\":\"SearchAction\",\"target\":{\"@type\":\"EntryPoint\",\"urlTemplate\":\"https:\/\/www.visit-ulcinj.com\/blog\/?s={search_term_string}\"},\"query-input\":\"required name=search_term_string\"}],\"inLanguage\":\"en-US\"},{\"@type\":\"ImageObject\",\"inLanguage\":\"en-US\",\"@id\":\"https:\/\/www.visit-ulcinj.com\/blog\/2012\/04\/22\/interviste-me-sopranon-nga-ulqini-maida-resulbegu\/#primaryimage\",\"url\":\"http:\/\/www.visit-ulcinj.com\/blog\/wp-content\/uploads\/2012\/04\/Maida-Resulbegu-Soprano-nga-Ulqini.3.jpg\",\"contentUrl\":\"http:\/\/www.visit-ulcinj.com\/blog\/wp-content\/uploads\/2012\/04\/Maida-Resulbegu-Soprano-nga-Ulqini.3.jpg\"},{\"@type\":\"WebPage\",\"@id\":\"https:\/\/www.visit-ulcinj.com\/blog\/2012\/04\/22\/interviste-me-sopranon-nga-ulqini-maida-resulbegu\/#webpage\",\"url\":\"https:\/\/www.visit-ulcinj.com\/blog\/2012\/04\/22\/interviste-me-sopranon-nga-ulqini-maida-resulbegu\/\",\"name\":\"Interviste me sopranon nga Ulqini Maida Resulbegu - Lajme nga Ulqini\",\"isPartOf\":{\"@id\":\"https:\/\/www.visit-ulcinj.com\/blog\/#website\"},\"primaryImageOfPage\":{\"@id\":\"https:\/\/www.visit-ulcinj.com\/blog\/2012\/04\/22\/interviste-me-sopranon-nga-ulqini-maida-resulbegu\/#primaryimage\"},\"datePublished\":\"2012-04-22T12:40:29+00:00\",\"dateModified\":\"2012-04-22T12:40:29+00:00\",\"author\":{\"@id\":\"https:\/\/www.visit-ulcinj.com\/blog\/#\/schema\/person\/dcab619c614d3038751c63bc2aadc06d\"},\"description\":\"Nga Shaqir Foniqi E themi pa hezitim,madje pa as m\u00eb t\u00eb vo-glin dyshim se Maida Resulbegu,nj\u00eb dit\u00eb do t\u00eb ngjitet n\u00eb Olimp p\u00ebt t\u00eb qendruar atje p\u00ebrjet\u00ebsisht\",\"breadcrumb\":{\"@id\":\"https:\/\/www.visit-ulcinj.com\/blog\/2012\/04\/22\/interviste-me-sopranon-nga-ulqini-maida-resulbegu\/#breadcrumb\"},\"inLanguage\":\"en-US\",\"potentialAction\":[{\"@type\":\"ReadAction\",\"target\":[\"https:\/\/www.visit-ulcinj.com\/blog\/2012\/04\/22\/interviste-me-sopranon-nga-ulqini-maida-resulbegu\/\"]}]},{\"@type\":\"BreadcrumbList\",\"@id\":\"https:\/\/www.visit-ulcinj.com\/blog\/2012\/04\/22\/interviste-me-sopranon-nga-ulqini-maida-resulbegu\/#breadcrumb\",\"itemListElement\":[{\"@type\":\"ListItem\",\"position\":1,\"name\":\"Interviste me sopranon nga Ulqini Maida Resulbegu\"}]},{\"@type\":\"Person\",\"@id\":\"https:\/\/www.visit-ulcinj.com\/blog\/#\/schema\/person\/dcab619c614d3038751c63bc2aadc06d\",\"name\":\"ulqini\",\"sameAs\":[\"http:\/\/www.visit-ulcinj.com\"],\"url\":\"https:\/\/www.visit-ulcinj.com\/blog\/author\/admin\/\"}]}<\/script>\n<!-- \/ Yoast SEO plugin. -->","yoast_head_json":{"title":"Interviste me sopranon nga Ulqini Maida Resulbegu - Lajme nga Ulqini","description":"Nga Shaqir Foniqi E themi pa hezitim,madje pa as m\u00eb t\u00eb vo-glin dyshim se Maida Resulbegu,nj\u00eb dit\u00eb do t\u00eb ngjitet n\u00eb Olimp p\u00ebt t\u00eb qendruar atje p\u00ebrjet\u00ebsisht","robots":{"index":"index","follow":"follow","max-snippet":"max-snippet:-1","max-image-preview":"max-image-preview:large","max-video-preview":"max-video-preview:-1"},"canonical":"https:\/\/www.visit-ulcinj.com\/blog\/2012\/04\/22\/interviste-me-sopranon-nga-ulqini-maida-resulbegu\/","og_locale":"en_US","og_type":"article","og_title":"Interviste me sopranon nga Ulqini Maida Resulbegu - Lajme nga Ulqini","og_description":"Nga Shaqir Foniqi E themi pa hezitim,madje pa as m\u00eb t\u00eb vo-glin dyshim se Maida Resulbegu,nj\u00eb dit\u00eb do t\u00eb ngjitet n\u00eb Olimp p\u00ebt t\u00eb qendruar atje p\u00ebrjet\u00ebsisht","og_url":"https:\/\/www.visit-ulcinj.com\/blog\/2012\/04\/22\/interviste-me-sopranon-nga-ulqini-maida-resulbegu\/","og_site_name":"Lajme nga Ulqini","article_published_time":"2012-04-22T12:40:29+00:00","og_image":[{"url":"http:\/\/www.visit-ulcinj.com\/blog\/wp-content\/uploads\/2012\/04\/Maida-Resulbegu-Soprano-nga-Ulqini.3.jpg"}],"twitter_misc":{"Written by":"ulqini","Est. reading time":"9 minutes"},"schema":{"@context":"https:\/\/schema.org","@graph":[{"@type":"WebSite","@id":"https:\/\/www.visit-ulcinj.com\/blog\/#website","url":"https:\/\/www.visit-ulcinj.com\/blog\/","name":"Lajme nga Ulqini","description":"Lajme,Vijesti,Ulqini,Ulqin,Crna Gora,Mali i Zi","potentialAction":[{"@type":"SearchAction","target":{"@type":"EntryPoint","urlTemplate":"https:\/\/www.visit-ulcinj.com\/blog\/?s={search_term_string}"},"query-input":"required name=search_term_string"}],"inLanguage":"en-US"},{"@type":"ImageObject","inLanguage":"en-US","@id":"https:\/\/www.visit-ulcinj.com\/blog\/2012\/04\/22\/interviste-me-sopranon-nga-ulqini-maida-resulbegu\/#primaryimage","url":"http:\/\/www.visit-ulcinj.com\/blog\/wp-content\/uploads\/2012\/04\/Maida-Resulbegu-Soprano-nga-Ulqini.3.jpg","contentUrl":"http:\/\/www.visit-ulcinj.com\/blog\/wp-content\/uploads\/2012\/04\/Maida-Resulbegu-Soprano-nga-Ulqini.3.jpg"},{"@type":"WebPage","@id":"https:\/\/www.visit-ulcinj.com\/blog\/2012\/04\/22\/interviste-me-sopranon-nga-ulqini-maida-resulbegu\/#webpage","url":"https:\/\/www.visit-ulcinj.com\/blog\/2012\/04\/22\/interviste-me-sopranon-nga-ulqini-maida-resulbegu\/","name":"Interviste me sopranon nga Ulqini Maida Resulbegu - Lajme nga Ulqini","isPartOf":{"@id":"https:\/\/www.visit-ulcinj.com\/blog\/#website"},"primaryImageOfPage":{"@id":"https:\/\/www.visit-ulcinj.com\/blog\/2012\/04\/22\/interviste-me-sopranon-nga-ulqini-maida-resulbegu\/#primaryimage"},"datePublished":"2012-04-22T12:40:29+00:00","dateModified":"2012-04-22T12:40:29+00:00","author":{"@id":"https:\/\/www.visit-ulcinj.com\/blog\/#\/schema\/person\/dcab619c614d3038751c63bc2aadc06d"},"description":"Nga Shaqir Foniqi E themi pa hezitim,madje pa as m\u00eb t\u00eb vo-glin dyshim se Maida Resulbegu,nj\u00eb dit\u00eb do t\u00eb ngjitet n\u00eb Olimp p\u00ebt t\u00eb qendruar atje p\u00ebrjet\u00ebsisht","breadcrumb":{"@id":"https:\/\/www.visit-ulcinj.com\/blog\/2012\/04\/22\/interviste-me-sopranon-nga-ulqini-maida-resulbegu\/#breadcrumb"},"inLanguage":"en-US","potentialAction":[{"@type":"ReadAction","target":["https:\/\/www.visit-ulcinj.com\/blog\/2012\/04\/22\/interviste-me-sopranon-nga-ulqini-maida-resulbegu\/"]}]},{"@type":"BreadcrumbList","@id":"https:\/\/www.visit-ulcinj.com\/blog\/2012\/04\/22\/interviste-me-sopranon-nga-ulqini-maida-resulbegu\/#breadcrumb","itemListElement":[{"@type":"ListItem","position":1,"name":"Interviste me sopranon nga Ulqini Maida Resulbegu"}]},{"@type":"Person","@id":"https:\/\/www.visit-ulcinj.com\/blog\/#\/schema\/person\/dcab619c614d3038751c63bc2aadc06d","name":"ulqini","sameAs":["http:\/\/www.visit-ulcinj.com"],"url":"https:\/\/www.visit-ulcinj.com\/blog\/author\/admin\/"}]}},"jetpack_featured_media_url":"","jetpack_sharing_enabled":true,"jetpack_shortlink":"https:\/\/wp.me\/pe6lTn-fto","_links":{"self":[{"href":"https:\/\/www.visit-ulcinj.com\/blog\/wp-json\/wp\/v2\/posts\/59482"}],"collection":[{"href":"https:\/\/www.visit-ulcinj.com\/blog\/wp-json\/wp\/v2\/posts"}],"about":[{"href":"https:\/\/www.visit-ulcinj.com\/blog\/wp-json\/wp\/v2\/types\/post"}],"author":[{"embeddable":true,"href":"https:\/\/www.visit-ulcinj.com\/blog\/wp-json\/wp\/v2\/users\/1"}],"replies":[{"embeddable":true,"href":"https:\/\/www.visit-ulcinj.com\/blog\/wp-json\/wp\/v2\/comments?post=59482"}],"version-history":[{"count":1,"href":"https:\/\/www.visit-ulcinj.com\/blog\/wp-json\/wp\/v2\/posts\/59482\/revisions"}],"predecessor-version":[{"id":59492,"href":"https:\/\/www.visit-ulcinj.com\/blog\/wp-json\/wp\/v2\/posts\/59482\/revisions\/59492"}],"wp:attachment":[{"href":"https:\/\/www.visit-ulcinj.com\/blog\/wp-json\/wp\/v2\/media?parent=59482"}],"wp:term":[{"taxonomy":"category","embeddable":true,"href":"https:\/\/www.visit-ulcinj.com\/blog\/wp-json\/wp\/v2\/categories?post=59482"},{"taxonomy":"post_tag","embeddable":true,"href":"https:\/\/www.visit-ulcinj.com\/blog\/wp-json\/wp\/v2\/tags?post=59482"}],"curies":[{"name":"wp","href":"https:\/\/api.w.org\/{rel}","templated":true}]}}