{"id":59495,"date":"2012-04-22T18:34:29","date_gmt":"2012-04-22T17:34:29","guid":{"rendered":"http:\/\/www.visit-ulcinj.com\/blog\/?p=59495"},"modified":"2012-04-22T18:56:27","modified_gmt":"2012-04-22T17:56:27","slug":"takimi-radhes-i-forumeve-rinore-mbareshqiptare-ne-ulqin","status":"publish","type":"post","link":"https:\/\/www.visit-ulcinj.com\/blog\/2012\/04\/22\/takimi-radhes-i-forumeve-rinore-mbareshqiptare-ne-ulqin\/","title":{"rendered":"Takimi radh\u00ebs i Forumeve Rinore Mbar\u00ebshqiptare n\u00eb Ulqin &#8211; Video"},"content":{"rendered":"<p><a href=\"http:\/\/www.visit-ulcinj.com\/blog\/wp-content\/uploads\/2012\/04\/Lidhja-e-Forumeve-Rinore-Mbar\u00ebshqiptare_kosove_ulqin.jpg\"><img loading=\"lazy\" class=\"alignleft  wp-image-59496\" title=\"Lidhja e Forumeve Rinore Mbar\u00ebshqiptare_kosove_ulqin\" src=\"http:\/\/www.visit-ulcinj.com\/blog\/wp-content\/uploads\/2012\/04\/Lidhja-e-Forumeve-Rinore-Mbar\u00ebshqiptare_kosove_ulqin.jpg\" alt=\"\" width=\"508\" height=\"340\" \/><\/a>N\u00eb organizim t\u00eb Forumit t\u00eb Rinis\u00eb s\u00eb Lidhjes Demokratike te Kosov\u00ebs, sot n\u00eb Prishtin\u00eb, u mbajt takimi i forumeve rinore t\u00eb partive politike shqiptare nga t\u00eb gjitha trevat etnike shqiptare.<\/p>\n<p>N\u00eb takim mor\u00ebn pjes\u00eb 12 forume rinore, ku u biseduan dhe u listuan nj\u00eb num\u00ebr i aktiviteteve q\u00eb t\u00eb rinjt\u00eb e partive politike shqiptare do t\u00eb organizojn\u00eb p\u00ebr t\u00eb sh\u00ebnuar 100 &#8211; vjetorin e pavar\u00ebsis\u00eb s\u00eb Shqip\u00ebris\u00eb.<\/p>\n<p>N\u00eb hapje t\u00eb k\u00ebtij takimi, kryetari i FR LDK-s\u00eb Xhafer Tahiri lexoi nj\u00eb deklarat\u00eb n\u00eb em\u00ebr t\u00eb FR LDK -s\u00eb si nikoqir i takimit. Sipas nj\u00eb komunikate, n\u00eb k\u00ebt\u00eb deklarat\u00eb thuhet : \u201cN\u00eb k\u00ebt\u00eb p\u00ebrvjetor t\u00eb r\u00ebnd\u00ebsish\u00ebm t\u00eb rinjt\u00eb shqiptar, sot, kan\u00eb nevoj\u00eb t\u00eb ken\u00eb universitete e arsim cil\u00ebsor t\u00eb nivelit evropian. Do t\u00eb jemi ne t\u00eb rinjt\u00eb, q\u00eb do t\u00eb zgjedhim se si do t\u00eb jetojm\u00eb t\u00eb tashmen dhe t\u00eb ardhmen ton\u00eb me bindjen e thell\u00eb se drejt\u00ebsia, paqja, harmonia dhe bashk\u00ebpunimi nd\u00ebrmjet\u00a0 kombeve jan\u00eb nd\u00ebr\u00a0 vlerat\u00a0 m\u00eb\u00a0 t\u00eb\u00a0 larta\u00a0 t\u00eb njer\u00ebzimit. Sh\u00ebnimi i 100- vjetorit t\u00eb shtetit shqiptar \u00ebsht\u00eb shkas i k\u00ebtij takimi, i cili do t\u00eb vazhdoj p\u00ebrtej sh\u00ebnimit t\u00eb k\u00ebsaj date.\u00a0 Duke u takuar n\u00eb m\u00ebnyr\u00eb t\u00eb rregullt, ne t\u00eb rinjt\u00eb e partive politike pa dallim, do t\u00eb thellojm\u00eb integrimet tona brenda shqiptare dhe integrimet evropiane t\u00eb shqiptar\u00ebve. Sot, shumica e t\u00eb rinjve shqiptar jan\u00eb t\u00eb lir\u00eb. Liria, \u00ebsht\u00eb e arritura m\u00eb e madhe e jona n\u00eb k\u00ebto 100 vite. Pavar\u00ebsia e Kosov\u00ebs, padyshim paraqet arritjen e nj\u00eb q\u00ebllimi t\u00eb lart\u00eb p\u00ebr t\u00eb cil\u00ebn u sakrifikuan breza t\u00eb t\u00ebr\u00eb n\u00eb Kosov\u00eb, q\u00eb sublimohen n\u00eb figurat e ndritura t\u00eb Ibrahim Rugov\u00ebs dhe Adem Jasharit. Sot, sfida jon\u00eb \u00ebsht\u00eb t\u00eb bashk\u00ebmoshatar\u00ebt tan\u00eb n\u00eb Lugin\u00eb t\u00eb Preshev\u00ebs t\u00eb vazhdojn\u00eb t\u00eb q\u00ebndrojn\u00eb n\u00eb tokat e tyre t\u00eb lir\u00eb, dhe t\u00eb ndihmojm\u00eb t\u00eb rinjt\u00eb n\u00eb Malin e Zi q\u00eb t\u00eb ruajn\u00eb dhe kultivojn\u00eb identitetin e tyre komb\u00ebtar\u201d.<\/p>\n<p>\u201cLidhja e Forumeve Rinore Mbar\u00ebshqiptare\u201d \u00ebsht\u00eb emri dhe ombrella me t\u00eb cil\u00ebn do t\u00eb sh\u00ebnohen aktivitetet e forumeve rinore shqiptare p\u00ebr sh\u00ebnimin e 100 &#8211; vjetorit t\u00eb pavar\u00ebsis\u00eb s\u00eb Shqip\u00ebris\u00eb.<\/p>\n<p>T\u00eb rinjt\u00eb e partive politike shqiptare nga t\u00eb gjitha trojet etnike\u00a0 u prit\u00ebn nga kryetari i LDK-s\u00eb,\u00a0 Isa Mustafa.<\/p>\n<p>Poashtu t\u00eb rinjt\u00eb e forumeve rinore u priten nga ministri i Kultur\u00ebs, Memli Krasniqi.<\/p>\n<p>Gjat\u00eb drek\u00ebs t\u00eb rinjt\u00eb kishin nj\u00eb bashk\u00ebbisedim me historianin, e autorin e librit \u201cHistoria e Kosoves\u201d,\u00a0 Jusuf Buxhovin.<\/p>\n<p>T\u00eb rinjt\u00eb e partive politike shqiptare nga t\u00eb gjitha trojet etnike b\u00ebn\u00eb vizit\u00eb dhe homazhe te varri i presidentit historik Dr. Ibrahim Rugova dhe u prit\u00ebn nga familja Rugova.<\/p>\n<p>Takimi i t\u00eb rinjve t\u00eb partive politike shqiptare nga t\u00eb gjitha trojet etnike p\u00ebrfundoi me vizit\u00eb homazhe te varrezat e d\u00ebshmor\u00ebve n\u00eb Prekaz, te varri i\u00a0 Komandantit Legjendar t\u00eb U\u00c7K-s\u00eb Adem Jashari.<\/p>\n<p>Takimi i radh\u00ebs do t\u00eb mbahet n\u00eb Ulqin.<\/p>\n<!--YouTube Error: bad URL entered-->\n","protected":false},"excerpt":{"rendered":"<p>N\u00eb organizim t\u00eb Forumit t\u00eb Rinis\u00eb s\u00eb Lidhjes Demokratike te Kosov\u00ebs, sot n\u00eb Prishtin\u00eb, u mbajt takimi i forumeve rinore t\u00eb partive politike shqiptare nga t\u00eb gjitha trevat etnike shqiptare. N\u00eb takim mor\u00ebn pjes\u00eb 12 forume rinore, ku u biseduan dhe u listuan nj\u00eb num\u00ebr i aktiviteteve q\u00eb t\u00eb rinjt\u00eb e partive politike shqiptare do [&hellip;]<\/p>\n","protected":false},"author":1,"featured_media":0,"comment_status":"open","ping_status":"closed","sticky":false,"template":"","format":"standard","meta":{"spay_email":"","jetpack_publicize_message":"","jetpack_is_tweetstorm":false,"jetpack_publicize_feature_enabled":true},"categories":[14],"tags":[20339,325,2334],"jetpack_publicize_connections":[],"yoast_head":"<!-- This site is optimized with the Yoast SEO plugin v19.1 - https:\/\/yoast.com\/wordpress\/plugins\/seo\/ -->\n<title>Takimi radh\u00ebs i Forumeve Rinore Mbar\u00ebshqiptare n\u00eb Ulqin - Video - Lajme nga Ulqini<\/title>\n<meta name=\"description\" content=\"N\u00eb organizim t\u00eb Forumit t\u00eb Rinis\u00eb s\u00eb Lidhjes Demokratike te Kosov\u00ebs, sot n\u00eb Prishtin\u00eb, u mbajt takimi i forumeve rinore t\u00eb partive politike shqiptare nga\" \/>\n<meta name=\"robots\" content=\"index, follow, max-snippet:-1, max-image-preview:large, max-video-preview:-1\" \/>\n<link rel=\"canonical\" href=\"https:\/\/www.visit-ulcinj.com\/blog\/2012\/04\/22\/takimi-radhes-i-forumeve-rinore-mbareshqiptare-ne-ulqin\/\" \/>\n<meta property=\"og:locale\" content=\"en_US\" \/>\n<meta property=\"og:type\" content=\"article\" \/>\n<meta property=\"og:title\" content=\"Takimi radh\u00ebs i Forumeve Rinore Mbar\u00ebshqiptare n\u00eb Ulqin - Video - Lajme nga Ulqini\" \/>\n<meta property=\"og:description\" content=\"N\u00eb organizim t\u00eb Forumit t\u00eb Rinis\u00eb s\u00eb Lidhjes Demokratike te Kosov\u00ebs, sot n\u00eb Prishtin\u00eb, u mbajt takimi i forumeve rinore t\u00eb partive politike shqiptare nga\" \/>\n<meta property=\"og:url\" content=\"https:\/\/www.visit-ulcinj.com\/blog\/2012\/04\/22\/takimi-radhes-i-forumeve-rinore-mbareshqiptare-ne-ulqin\/\" \/>\n<meta property=\"og:site_name\" content=\"Lajme nga Ulqini\" \/>\n<meta property=\"article:published_time\" content=\"2012-04-22T17:34:29+00:00\" \/>\n<meta property=\"article:modified_time\" content=\"2012-04-22T17:56:27+00:00\" \/>\n<meta name=\"twitter:label1\" content=\"Written by\" \/>\n\t<meta name=\"twitter:data1\" content=\"ulqini\" \/>\n\t<meta name=\"twitter:label2\" content=\"Est. reading time\" \/>\n\t<meta name=\"twitter:data2\" content=\"3 minutes\" \/>\n<script type=\"application\/ld+json\" class=\"yoast-schema-graph\">{\"@context\":\"https:\/\/schema.org\",\"@graph\":[{\"@type\":\"WebSite\",\"@id\":\"https:\/\/www.visit-ulcinj.com\/blog\/#website\",\"url\":\"https:\/\/www.visit-ulcinj.com\/blog\/\",\"name\":\"Lajme nga Ulqini\",\"description\":\"Lajme,Vijesti,Ulqini,Ulqin,Crna Gora,Mali i Zi\",\"potentialAction\":[{\"@type\":\"SearchAction\",\"target\":{\"@type\":\"EntryPoint\",\"urlTemplate\":\"https:\/\/www.visit-ulcinj.com\/blog\/?s={search_term_string}\"},\"query-input\":\"required name=search_term_string\"}],\"inLanguage\":\"en-US\"},{\"@type\":\"WebPage\",\"@id\":\"https:\/\/www.visit-ulcinj.com\/blog\/2012\/04\/22\/takimi-radhes-i-forumeve-rinore-mbareshqiptare-ne-ulqin\/#webpage\",\"url\":\"https:\/\/www.visit-ulcinj.com\/blog\/2012\/04\/22\/takimi-radhes-i-forumeve-rinore-mbareshqiptare-ne-ulqin\/\",\"name\":\"Takimi radh\u00ebs i Forumeve Rinore Mbar\u00ebshqiptare n\u00eb Ulqin - Video - Lajme nga Ulqini\",\"isPartOf\":{\"@id\":\"https:\/\/www.visit-ulcinj.com\/blog\/#website\"},\"datePublished\":\"2012-04-22T17:34:29+00:00\",\"dateModified\":\"2012-04-22T17:56:27+00:00\",\"author\":{\"@id\":\"https:\/\/www.visit-ulcinj.com\/blog\/#\/schema\/person\/dcab619c614d3038751c63bc2aadc06d\"},\"description\":\"N\u00eb organizim t\u00eb Forumit t\u00eb Rinis\u00eb s\u00eb Lidhjes Demokratike te Kosov\u00ebs, sot n\u00eb Prishtin\u00eb, u mbajt takimi i forumeve rinore t\u00eb partive politike shqiptare nga\",\"breadcrumb\":{\"@id\":\"https:\/\/www.visit-ulcinj.com\/blog\/2012\/04\/22\/takimi-radhes-i-forumeve-rinore-mbareshqiptare-ne-ulqin\/#breadcrumb\"},\"inLanguage\":\"en-US\",\"potentialAction\":[{\"@type\":\"ReadAction\",\"target\":[\"https:\/\/www.visit-ulcinj.com\/blog\/2012\/04\/22\/takimi-radhes-i-forumeve-rinore-mbareshqiptare-ne-ulqin\/\"]}]},{\"@type\":\"BreadcrumbList\",\"@id\":\"https:\/\/www.visit-ulcinj.com\/blog\/2012\/04\/22\/takimi-radhes-i-forumeve-rinore-mbareshqiptare-ne-ulqin\/#breadcrumb\",\"itemListElement\":[{\"@type\":\"ListItem\",\"position\":1,\"name\":\"Takimi radh\u00ebs i Forumeve Rinore Mbar\u00ebshqiptare n\u00eb Ulqin &#8211; Video\"}]},{\"@type\":\"Person\",\"@id\":\"https:\/\/www.visit-ulcinj.com\/blog\/#\/schema\/person\/dcab619c614d3038751c63bc2aadc06d\",\"name\":\"ulqini\",\"sameAs\":[\"http:\/\/www.visit-ulcinj.com\"],\"url\":\"https:\/\/www.visit-ulcinj.com\/blog\/author\/admin\/\"}]}<\/script>\n<!-- \/ Yoast SEO plugin. -->","yoast_head_json":{"title":"Takimi radh\u00ebs i Forumeve Rinore Mbar\u00ebshqiptare n\u00eb Ulqin - Video - Lajme nga Ulqini","description":"N\u00eb organizim t\u00eb Forumit t\u00eb Rinis\u00eb s\u00eb Lidhjes Demokratike te Kosov\u00ebs, sot n\u00eb Prishtin\u00eb, u mbajt takimi i forumeve rinore t\u00eb partive politike shqiptare nga","robots":{"index":"index","follow":"follow","max-snippet":"max-snippet:-1","max-image-preview":"max-image-preview:large","max-video-preview":"max-video-preview:-1"},"canonical":"https:\/\/www.visit-ulcinj.com\/blog\/2012\/04\/22\/takimi-radhes-i-forumeve-rinore-mbareshqiptare-ne-ulqin\/","og_locale":"en_US","og_type":"article","og_title":"Takimi radh\u00ebs i Forumeve Rinore Mbar\u00ebshqiptare n\u00eb Ulqin - Video - Lajme nga Ulqini","og_description":"N\u00eb organizim t\u00eb Forumit t\u00eb Rinis\u00eb s\u00eb Lidhjes Demokratike te Kosov\u00ebs, sot n\u00eb Prishtin\u00eb, u mbajt takimi i forumeve rinore t\u00eb partive politike shqiptare nga","og_url":"https:\/\/www.visit-ulcinj.com\/blog\/2012\/04\/22\/takimi-radhes-i-forumeve-rinore-mbareshqiptare-ne-ulqin\/","og_site_name":"Lajme nga Ulqini","article_published_time":"2012-04-22T17:34:29+00:00","article_modified_time":"2012-04-22T17:56:27+00:00","twitter_misc":{"Written by":"ulqini","Est. reading time":"3 minutes"},"schema":{"@context":"https:\/\/schema.org","@graph":[{"@type":"WebSite","@id":"https:\/\/www.visit-ulcinj.com\/blog\/#website","url":"https:\/\/www.visit-ulcinj.com\/blog\/","name":"Lajme nga Ulqini","description":"Lajme,Vijesti,Ulqini,Ulqin,Crna Gora,Mali i Zi","potentialAction":[{"@type":"SearchAction","target":{"@type":"EntryPoint","urlTemplate":"https:\/\/www.visit-ulcinj.com\/blog\/?s={search_term_string}"},"query-input":"required name=search_term_string"}],"inLanguage":"en-US"},{"@type":"WebPage","@id":"https:\/\/www.visit-ulcinj.com\/blog\/2012\/04\/22\/takimi-radhes-i-forumeve-rinore-mbareshqiptare-ne-ulqin\/#webpage","url":"https:\/\/www.visit-ulcinj.com\/blog\/2012\/04\/22\/takimi-radhes-i-forumeve-rinore-mbareshqiptare-ne-ulqin\/","name":"Takimi radh\u00ebs i Forumeve Rinore Mbar\u00ebshqiptare n\u00eb Ulqin - Video - Lajme nga Ulqini","isPartOf":{"@id":"https:\/\/www.visit-ulcinj.com\/blog\/#website"},"datePublished":"2012-04-22T17:34:29+00:00","dateModified":"2012-04-22T17:56:27+00:00","author":{"@id":"https:\/\/www.visit-ulcinj.com\/blog\/#\/schema\/person\/dcab619c614d3038751c63bc2aadc06d"},"description":"N\u00eb organizim t\u00eb Forumit t\u00eb Rinis\u00eb s\u00eb Lidhjes Demokratike te Kosov\u00ebs, sot n\u00eb Prishtin\u00eb, u mbajt takimi i forumeve rinore t\u00eb partive politike shqiptare nga","breadcrumb":{"@id":"https:\/\/www.visit-ulcinj.com\/blog\/2012\/04\/22\/takimi-radhes-i-forumeve-rinore-mbareshqiptare-ne-ulqin\/#breadcrumb"},"inLanguage":"en-US","potentialAction":[{"@type":"ReadAction","target":["https:\/\/www.visit-ulcinj.com\/blog\/2012\/04\/22\/takimi-radhes-i-forumeve-rinore-mbareshqiptare-ne-ulqin\/"]}]},{"@type":"BreadcrumbList","@id":"https:\/\/www.visit-ulcinj.com\/blog\/2012\/04\/22\/takimi-radhes-i-forumeve-rinore-mbareshqiptare-ne-ulqin\/#breadcrumb","itemListElement":[{"@type":"ListItem","position":1,"name":"Takimi radh\u00ebs i Forumeve Rinore Mbar\u00ebshqiptare n\u00eb Ulqin &#8211; Video"}]},{"@type":"Person","@id":"https:\/\/www.visit-ulcinj.com\/blog\/#\/schema\/person\/dcab619c614d3038751c63bc2aadc06d","name":"ulqini","sameAs":["http:\/\/www.visit-ulcinj.com"],"url":"https:\/\/www.visit-ulcinj.com\/blog\/author\/admin\/"}]}},"jetpack_featured_media_url":"","jetpack_sharing_enabled":true,"jetpack_shortlink":"https:\/\/wp.me\/pe6lTn-ftB","_links":{"self":[{"href":"https:\/\/www.visit-ulcinj.com\/blog\/wp-json\/wp\/v2\/posts\/59495"}],"collection":[{"href":"https:\/\/www.visit-ulcinj.com\/blog\/wp-json\/wp\/v2\/posts"}],"about":[{"href":"https:\/\/www.visit-ulcinj.com\/blog\/wp-json\/wp\/v2\/types\/post"}],"author":[{"embeddable":true,"href":"https:\/\/www.visit-ulcinj.com\/blog\/wp-json\/wp\/v2\/users\/1"}],"replies":[{"embeddable":true,"href":"https:\/\/www.visit-ulcinj.com\/blog\/wp-json\/wp\/v2\/comments?post=59495"}],"version-history":[{"count":3,"href":"https:\/\/www.visit-ulcinj.com\/blog\/wp-json\/wp\/v2\/posts\/59495\/revisions"}],"predecessor-version":[{"id":59506,"href":"https:\/\/www.visit-ulcinj.com\/blog\/wp-json\/wp\/v2\/posts\/59495\/revisions\/59506"}],"wp:attachment":[{"href":"https:\/\/www.visit-ulcinj.com\/blog\/wp-json\/wp\/v2\/media?parent=59495"}],"wp:term":[{"taxonomy":"category","embeddable":true,"href":"https:\/\/www.visit-ulcinj.com\/blog\/wp-json\/wp\/v2\/categories?post=59495"},{"taxonomy":"post_tag","embeddable":true,"href":"https:\/\/www.visit-ulcinj.com\/blog\/wp-json\/wp\/v2\/tags?post=59495"}],"curies":[{"name":"wp","href":"https:\/\/api.w.org\/{rel}","templated":true}]}}