{"id":59499,"date":"2012-04-22T18:49:47","date_gmt":"2012-04-22T17:49:47","guid":{"rendered":"http:\/\/www.visit-ulcinj.com\/blog\/?p=59499"},"modified":"2012-04-22T18:49:47","modified_gmt":"2012-04-22T17:49:47","slug":"hapet-panairi-nderkombetar-i-turizmit-video","status":"publish","type":"post","link":"https:\/\/www.visit-ulcinj.com\/blog\/2012\/04\/22\/hapet-panairi-nderkombetar-i-turizmit-video\/","title":{"rendered":"Hapet panairi nd\u00ebrkomb\u00ebtar i Turizmit &#8211; Video"},"content":{"rendered":"<p><strong><a href=\"http:\/\/www.visit-ulcinj.com\/blog\/wp-content\/uploads\/2012\/04\/Nazif-Cungu-Hapi-panairin-nd\u00ebrkomb\u00ebtar-te-Turizmit-.jpg\"><img loading=\"lazy\" class=\"alignleft  wp-image-59500\" title=\"Nazif Cungu Hapi panairin nd\u00ebrkomb\u00ebtar te Turizmit\" src=\"http:\/\/www.visit-ulcinj.com\/blog\/wp-content\/uploads\/2012\/04\/Nazif-Cungu-Hapi-panairin-nd\u00ebrkomb\u00ebtar-te-Turizmit-.jpg\" alt=\"\" width=\"508\" height=\"360\" \/><\/a>Me m\u00eb shum\u00eb kompani se \u00e7do her\u00eb tjet\u00ebr, e ve\u00e7an\u00ebrisht me m\u00eb shum\u00eb kompani vendore, n\u00eb pallatin e Rinis\u00eb dhe Sporteve, \u00ebsht\u00eb hapur panairi i n\u00ebnt\u00eb nd\u00ebrkomb\u00ebtar i Turizmit, Udh\u00ebtimeve dhe Gastronomis\u00eb.1 Panairi ka mbledhur kompanit\u00eb nga t\u00eb gjitha vendet e rajonit, t\u00eb cil\u00ebve u ipet mund\u00ebsi t\u00eb shpalosin ofertat e reja q\u00eb kan\u00eb b\u00ebr\u00eb k\u00ebt\u00eb vit. Ajo q\u00eb \u00ebsht\u00eb v\u00ebrejtur m\u00eb s\u00eb shumti \u00ebsht\u00eb numri i madh i kompanive nga Kosova.<\/strong><\/p>\n<p>Skender Tha\u00e7i, drejtor i hotel Magra Austria q\u00eb \u00ebsht\u00eb hapur s\u00eb voni n\u00eb Bog\u00eb t\u00eb Rugov\u00ebs, ka pohuar se panair \u00ebsht\u00eb mund\u00ebsi e mir\u00eb q\u00eb t\u2019i njoftojn\u00eb t\u00eb tjet\u00ebr me ato q\u00eb ofrojn\u00eb. Tha\u00e7i thot\u00eb se hoteli i tij q\u00eb posedon 33 dhoma \u00ebsht\u00eb i pari bio n\u00eb rajon.<\/p>\n<p>\u201cDuke pas parasysh problemet sociale q\u00eb i ka Kosova kemi shkuar me disa \u00e7mime simbolike. Nj\u00eb dhom\u00eb tek ne \u00ebsht\u00eb 40 euro p\u00ebr dy persona, me m\u00ebngjes me tavolin\u00eb suedeze. Dometh\u00ebn\u00eb 20 euro p\u00ebr nj\u00eb person\u201d, ka th\u00ebn\u00eb ai.<\/p>\n<p>N\u00eb hapjen e k\u00ebtij panairi ishte edhe z\u00ebvend\u00ebsministri i Turizmit nga Shqip\u00ebria, Abaz Hado i cili ka th\u00ebn\u00eb se interesimi i kosovar\u00ebve p\u00ebr t\u00eb vizituar Shqip\u00ebrin\u00eb po shtohet vazhdimisht, por edhe \u00ebsht\u00eb shp\u00ebrndar\u00eb n\u00ebp\u00ebr vende t\u00eb ndryshme.<br \/>\n<a href=\"http:\/\/www.visit-ulcinj.com\/blog\/wp-content\/uploads\/2012\/04\/Nazif-Cungu-Hapi-panairin-nd\u00ebrkomb\u00ebtar-te-Turizmit.2.jpg\"><img loading=\"lazy\" class=\"alignleft  wp-image-59501\" title=\"Nazif Cungu Hapi panairin nd\u00ebrkomb\u00ebtar te Turizmit.2\" src=\"http:\/\/www.visit-ulcinj.com\/blog\/wp-content\/uploads\/2012\/04\/Nazif-Cungu-Hapi-panairin-nd\u00ebrkomb\u00ebtar-te-Turizmit.2.jpg\" alt=\"\" width=\"508\" height=\"300\" \/><\/a><\/p>\n<p>Hado thot\u00eb se dikur vizitohej Durr\u00ebsi e tash edhe Velipoja, Vlora, Sh\u00ebngjini dhe Saranda.<\/p>\n<p>\u201cVizitor\u00ebt nga Kosova p\u00ebrb\u00ebjn\u00eb nj\u00eb nga prurjet kryesore t\u00eb turist\u00ebve n\u00eb Shqip\u00ebri, duke arritur shifr\u00ebn e rreth 1 milion\u00eb e gjysm\u00eb turist\u00eb. Por destinacionet m\u00eb t\u00eb preferuara mbeten plazhet e Durr\u00ebsit, por gjat\u00eb viteve t\u00eb fundit kan\u00eb shtrir\u00eb n\u00eb zonat e tjera t\u00eb bregdetit, si plazhet e Sh\u00ebngjinit, Velipoj\u00ebs, Vlor\u00ebs dhe Sarand\u00ebs. Krahas k\u00ebtyre interes paraqesin edhe objektet e trash\u00ebgimis\u00eb kulturore\u201d, ka th\u00ebn\u00eb ai.<\/p>\n<p>Nd\u00ebrsa, kryetari i komun\u00ebs s\u00eb Ulqinit, Nazif Cungu ka pohuar se infrastruktura \u00ebsht\u00eb rregulluar duksh\u00ebm madje edhe rruga q\u00eb qon p\u00ebr n\u00eb Ulqin \u00ebsht\u00eb shkurtuar.<\/p>\n<p>\u201cUlqini ka vazhduar me tradit\u00ebn e vet q\u00eb t\u00eb jet\u00eb qendra e shqiptar\u00ebve, qendra e Kosov\u00ebs dhe me k\u00ebt\u00eb rast un\u00eb dua t\u2019 ju fal\u00ebnderoj\u00eb t\u00eb gjith\u00eb ata q\u00eb gjat\u00eb vitit t\u00eb kaluar i kan\u00eb q\u00ebndruar besnik Ulqinit dhe i kan\u00eb kaluar pushimet n\u00eb Ulqin, dhe nj\u00ebkoh\u00ebsisht dua t\u2019i ftoj\u00eb t\u00eb gjith\u00eb t\u00eb vin\u00eb. Ne kemi arritur p\u00ebr nj\u00eb koh\u00eb t\u00eb shkurt\u00ebr t\u00eb b\u00ebjm\u00eb ndryshime t\u00eb m\u00ebdha n\u00eb infrastruktur\u00eb, dhe pasi q\u00eb edhe rruga prej Shqip\u00ebris\u00eb drejt Ulqinit \u00ebsht\u00eb p\u00ebrmir\u00ebsuar dhe \u00ebsht\u00eb shkurtuar\u201d, ka th\u00ebn\u00eb ai.<br \/>\n<a href=\"http:\/\/www.visit-ulcinj.com\/blog\/wp-content\/uploads\/2012\/04\/Nazif-Cungu-Hapi-panairin-nd\u00ebrkomb\u00ebtar-te-Turizmit.1.jpg\"><img loading=\"lazy\" class=\"alignleft  wp-image-59502\" title=\"Nazif Cungu Hapi panairin nd\u00ebrkomb\u00ebtar te Turizmit.1\" src=\"http:\/\/www.visit-ulcinj.com\/blog\/wp-content\/uploads\/2012\/04\/Nazif-Cungu-Hapi-panairin-nd\u00ebrkomb\u00ebtar-te-Turizmit.1.jpg\" alt=\"\" width=\"508\" height=\"300\" \/><\/a><\/p>\n<p>Kompanit\u00eb nga Ulqini kan\u00eb pohuar se \u00e7mimet do t\u2019i ken\u00eb si n\u00eb vitet e kaluar por i kan\u00eb b\u00ebr\u00eb m\u00eb cil\u00ebsore ato q\u00eb ofrojn\u00eb, nd\u00ebrsa kompanit\u00eb nga Shqip\u00ebria kan\u00eb th\u00ebn\u00eb se k\u00ebt\u00eb vit gjith\u00e7ka do t\u00eb jet\u00eb m\u00eb ndryshe se vitin e kaluar.<\/p>\n<p>N\u00eb k\u00ebt\u00eb panair thuhet se ka rritje t\u00eb ndejsh\u00ebm t\u00eb numrit t\u00eb ekspozuesve, t\u00eb cil\u00ebt para vizitor\u00ebve po lansojn\u00eb ofertat m\u00eb t\u00eb reja p\u00ebr sezonin veror, si dhe produkte dhe sh\u00ebrbime nga fusha e turizmit, udh\u00ebtimeve dhe hoteleris\u00eb. Panairi do t\u00eb q\u00ebndroj i hapur deri m\u00eb 20 prill, dhe mund t\u00eb vizitohet nga t\u00eb gjith\u00eb, gjat\u00eb t\u00ebr\u00eb dit\u00ebs. \/Kosovapress\/<\/p>\n<!--YouTube Error: bad URL entered-->\n","protected":false},"excerpt":{"rendered":"<p>Me m\u00eb shum\u00eb kompani se \u00e7do her\u00eb tjet\u00ebr, e ve\u00e7an\u00ebrisht me m\u00eb shum\u00eb kompani vendore, n\u00eb pallatin e Rinis\u00eb dhe Sporteve, \u00ebsht\u00eb hapur panairi i n\u00ebnt\u00eb nd\u00ebrkomb\u00ebtar i Turizmit, Udh\u00ebtimeve dhe Gastronomis\u00eb.1 Panairi ka mbledhur kompanit\u00eb nga t\u00eb gjitha vendet e rajonit, t\u00eb cil\u00ebve u ipet mund\u00ebsi t\u00eb shpalosin ofertat e reja q\u00eb kan\u00eb b\u00ebr\u00eb [&hellip;]<\/p>\n","protected":false},"author":1,"featured_media":0,"comment_status":"open","ping_status":"closed","sticky":false,"template":"","format":"standard","meta":{"spay_email":"","jetpack_publicize_message":"","jetpack_is_tweetstorm":false,"jetpack_publicize_feature_enabled":true},"categories":[15],"tags":[17410,538,15894,2797,200,18],"jetpack_publicize_connections":[],"yoast_head":"<!-- This site is optimized with the Yoast SEO plugin v19.1 - https:\/\/yoast.com\/wordpress\/plugins\/seo\/ -->\n<title>Hapet panairi nd\u00ebrkomb\u00ebtar i Turizmit - Video - Lajme nga Ulqini<\/title>\n<meta name=\"description\" content=\"Me m\u00eb shum\u00eb kompani se \u00e7do her\u00eb tjet\u00ebr, e ve\u00e7an\u00ebrisht me m\u00eb shum\u00eb kompani vendore, n\u00eb pallatin e Rinis\u00eb dhe Sporteve, \u00ebsht\u00eb hapur panairi i n\u00ebnt\u00eb\" \/>\n<meta name=\"robots\" content=\"index, follow, max-snippet:-1, max-image-preview:large, max-video-preview:-1\" \/>\n<link rel=\"canonical\" href=\"https:\/\/www.visit-ulcinj.com\/blog\/2012\/04\/22\/hapet-panairi-nderkombetar-i-turizmit-video\/\" \/>\n<meta property=\"og:locale\" content=\"en_US\" \/>\n<meta property=\"og:type\" content=\"article\" \/>\n<meta property=\"og:title\" content=\"Hapet panairi nd\u00ebrkomb\u00ebtar i Turizmit - Video - Lajme nga Ulqini\" \/>\n<meta property=\"og:description\" content=\"Me m\u00eb shum\u00eb kompani se \u00e7do her\u00eb tjet\u00ebr, e ve\u00e7an\u00ebrisht me m\u00eb shum\u00eb kompani vendore, n\u00eb pallatin e Rinis\u00eb dhe Sporteve, \u00ebsht\u00eb hapur panairi i n\u00ebnt\u00eb\" \/>\n<meta property=\"og:url\" content=\"https:\/\/www.visit-ulcinj.com\/blog\/2012\/04\/22\/hapet-panairi-nderkombetar-i-turizmit-video\/\" \/>\n<meta property=\"og:site_name\" content=\"Lajme nga Ulqini\" \/>\n<meta property=\"article:published_time\" content=\"2012-04-22T17:49:47+00:00\" \/>\n<meta name=\"twitter:label1\" content=\"Written by\" \/>\n\t<meta name=\"twitter:data1\" content=\"ulqini\" \/>\n\t<meta name=\"twitter:label2\" content=\"Est. reading time\" \/>\n\t<meta name=\"twitter:data2\" content=\"3 minutes\" \/>\n<script type=\"application\/ld+json\" class=\"yoast-schema-graph\">{\"@context\":\"https:\/\/schema.org\",\"@graph\":[{\"@type\":\"WebSite\",\"@id\":\"https:\/\/www.visit-ulcinj.com\/blog\/#website\",\"url\":\"https:\/\/www.visit-ulcinj.com\/blog\/\",\"name\":\"Lajme nga Ulqini\",\"description\":\"Lajme,Vijesti,Ulqini,Ulqin,Crna Gora,Mali i Zi\",\"potentialAction\":[{\"@type\":\"SearchAction\",\"target\":{\"@type\":\"EntryPoint\",\"urlTemplate\":\"https:\/\/www.visit-ulcinj.com\/blog\/?s={search_term_string}\"},\"query-input\":\"required name=search_term_string\"}],\"inLanguage\":\"en-US\"},{\"@type\":\"WebPage\",\"@id\":\"https:\/\/www.visit-ulcinj.com\/blog\/2012\/04\/22\/hapet-panairi-nderkombetar-i-turizmit-video\/#webpage\",\"url\":\"https:\/\/www.visit-ulcinj.com\/blog\/2012\/04\/22\/hapet-panairi-nderkombetar-i-turizmit-video\/\",\"name\":\"Hapet panairi nd\u00ebrkomb\u00ebtar i Turizmit - Video - Lajme nga Ulqini\",\"isPartOf\":{\"@id\":\"https:\/\/www.visit-ulcinj.com\/blog\/#website\"},\"datePublished\":\"2012-04-22T17:49:47+00:00\",\"dateModified\":\"2012-04-22T17:49:47+00:00\",\"author\":{\"@id\":\"https:\/\/www.visit-ulcinj.com\/blog\/#\/schema\/person\/dcab619c614d3038751c63bc2aadc06d\"},\"description\":\"Me m\u00eb shum\u00eb kompani se \u00e7do her\u00eb tjet\u00ebr, e ve\u00e7an\u00ebrisht me m\u00eb shum\u00eb kompani vendore, n\u00eb pallatin e Rinis\u00eb dhe Sporteve, \u00ebsht\u00eb hapur panairi i n\u00ebnt\u00eb\",\"breadcrumb\":{\"@id\":\"https:\/\/www.visit-ulcinj.com\/blog\/2012\/04\/22\/hapet-panairi-nderkombetar-i-turizmit-video\/#breadcrumb\"},\"inLanguage\":\"en-US\",\"potentialAction\":[{\"@type\":\"ReadAction\",\"target\":[\"https:\/\/www.visit-ulcinj.com\/blog\/2012\/04\/22\/hapet-panairi-nderkombetar-i-turizmit-video\/\"]}]},{\"@type\":\"BreadcrumbList\",\"@id\":\"https:\/\/www.visit-ulcinj.com\/blog\/2012\/04\/22\/hapet-panairi-nderkombetar-i-turizmit-video\/#breadcrumb\",\"itemListElement\":[{\"@type\":\"ListItem\",\"position\":1,\"name\":\"Hapet panairi nd\u00ebrkomb\u00ebtar i Turizmit &#8211; Video\"}]},{\"@type\":\"Person\",\"@id\":\"https:\/\/www.visit-ulcinj.com\/blog\/#\/schema\/person\/dcab619c614d3038751c63bc2aadc06d\",\"name\":\"ulqini\",\"sameAs\":[\"http:\/\/www.visit-ulcinj.com\"],\"url\":\"https:\/\/www.visit-ulcinj.com\/blog\/author\/admin\/\"}]}<\/script>\n<!-- \/ Yoast SEO plugin. -->","yoast_head_json":{"title":"Hapet panairi nd\u00ebrkomb\u00ebtar i Turizmit - Video - Lajme nga Ulqini","description":"Me m\u00eb shum\u00eb kompani se \u00e7do her\u00eb tjet\u00ebr, e ve\u00e7an\u00ebrisht me m\u00eb shum\u00eb kompani vendore, n\u00eb pallatin e Rinis\u00eb dhe Sporteve, \u00ebsht\u00eb hapur panairi i n\u00ebnt\u00eb","robots":{"index":"index","follow":"follow","max-snippet":"max-snippet:-1","max-image-preview":"max-image-preview:large","max-video-preview":"max-video-preview:-1"},"canonical":"https:\/\/www.visit-ulcinj.com\/blog\/2012\/04\/22\/hapet-panairi-nderkombetar-i-turizmit-video\/","og_locale":"en_US","og_type":"article","og_title":"Hapet panairi nd\u00ebrkomb\u00ebtar i Turizmit - Video - Lajme nga Ulqini","og_description":"Me m\u00eb shum\u00eb kompani se \u00e7do her\u00eb tjet\u00ebr, e ve\u00e7an\u00ebrisht me m\u00eb shum\u00eb kompani vendore, n\u00eb pallatin e Rinis\u00eb dhe Sporteve, \u00ebsht\u00eb hapur panairi i n\u00ebnt\u00eb","og_url":"https:\/\/www.visit-ulcinj.com\/blog\/2012\/04\/22\/hapet-panairi-nderkombetar-i-turizmit-video\/","og_site_name":"Lajme nga Ulqini","article_published_time":"2012-04-22T17:49:47+00:00","twitter_misc":{"Written by":"ulqini","Est. reading time":"3 minutes"},"schema":{"@context":"https:\/\/schema.org","@graph":[{"@type":"WebSite","@id":"https:\/\/www.visit-ulcinj.com\/blog\/#website","url":"https:\/\/www.visit-ulcinj.com\/blog\/","name":"Lajme nga Ulqini","description":"Lajme,Vijesti,Ulqini,Ulqin,Crna Gora,Mali i Zi","potentialAction":[{"@type":"SearchAction","target":{"@type":"EntryPoint","urlTemplate":"https:\/\/www.visit-ulcinj.com\/blog\/?s={search_term_string}"},"query-input":"required name=search_term_string"}],"inLanguage":"en-US"},{"@type":"WebPage","@id":"https:\/\/www.visit-ulcinj.com\/blog\/2012\/04\/22\/hapet-panairi-nderkombetar-i-turizmit-video\/#webpage","url":"https:\/\/www.visit-ulcinj.com\/blog\/2012\/04\/22\/hapet-panairi-nderkombetar-i-turizmit-video\/","name":"Hapet panairi nd\u00ebrkomb\u00ebtar i Turizmit - Video - Lajme nga Ulqini","isPartOf":{"@id":"https:\/\/www.visit-ulcinj.com\/blog\/#website"},"datePublished":"2012-04-22T17:49:47+00:00","dateModified":"2012-04-22T17:49:47+00:00","author":{"@id":"https:\/\/www.visit-ulcinj.com\/blog\/#\/schema\/person\/dcab619c614d3038751c63bc2aadc06d"},"description":"Me m\u00eb shum\u00eb kompani se \u00e7do her\u00eb tjet\u00ebr, e ve\u00e7an\u00ebrisht me m\u00eb shum\u00eb kompani vendore, n\u00eb pallatin e Rinis\u00eb dhe Sporteve, \u00ebsht\u00eb hapur panairi i n\u00ebnt\u00eb","breadcrumb":{"@id":"https:\/\/www.visit-ulcinj.com\/blog\/2012\/04\/22\/hapet-panairi-nderkombetar-i-turizmit-video\/#breadcrumb"},"inLanguage":"en-US","potentialAction":[{"@type":"ReadAction","target":["https:\/\/www.visit-ulcinj.com\/blog\/2012\/04\/22\/hapet-panairi-nderkombetar-i-turizmit-video\/"]}]},{"@type":"BreadcrumbList","@id":"https:\/\/www.visit-ulcinj.com\/blog\/2012\/04\/22\/hapet-panairi-nderkombetar-i-turizmit-video\/#breadcrumb","itemListElement":[{"@type":"ListItem","position":1,"name":"Hapet panairi nd\u00ebrkomb\u00ebtar i Turizmit &#8211; Video"}]},{"@type":"Person","@id":"https:\/\/www.visit-ulcinj.com\/blog\/#\/schema\/person\/dcab619c614d3038751c63bc2aadc06d","name":"ulqini","sameAs":["http:\/\/www.visit-ulcinj.com"],"url":"https:\/\/www.visit-ulcinj.com\/blog\/author\/admin\/"}]}},"jetpack_featured_media_url":"","jetpack_sharing_enabled":true,"jetpack_shortlink":"https:\/\/wp.me\/pe6lTn-ftF","_links":{"self":[{"href":"https:\/\/www.visit-ulcinj.com\/blog\/wp-json\/wp\/v2\/posts\/59499"}],"collection":[{"href":"https:\/\/www.visit-ulcinj.com\/blog\/wp-json\/wp\/v2\/posts"}],"about":[{"href":"https:\/\/www.visit-ulcinj.com\/blog\/wp-json\/wp\/v2\/types\/post"}],"author":[{"embeddable":true,"href":"https:\/\/www.visit-ulcinj.com\/blog\/wp-json\/wp\/v2\/users\/1"}],"replies":[{"embeddable":true,"href":"https:\/\/www.visit-ulcinj.com\/blog\/wp-json\/wp\/v2\/comments?post=59499"}],"version-history":[{"count":1,"href":"https:\/\/www.visit-ulcinj.com\/blog\/wp-json\/wp\/v2\/posts\/59499\/revisions"}],"predecessor-version":[{"id":59503,"href":"https:\/\/www.visit-ulcinj.com\/blog\/wp-json\/wp\/v2\/posts\/59499\/revisions\/59503"}],"wp:attachment":[{"href":"https:\/\/www.visit-ulcinj.com\/blog\/wp-json\/wp\/v2\/media?parent=59499"}],"wp:term":[{"taxonomy":"category","embeddable":true,"href":"https:\/\/www.visit-ulcinj.com\/blog\/wp-json\/wp\/v2\/categories?post=59499"},{"taxonomy":"post_tag","embeddable":true,"href":"https:\/\/www.visit-ulcinj.com\/blog\/wp-json\/wp\/v2\/tags?post=59499"}],"curies":[{"name":"wp","href":"https:\/\/api.w.org\/{rel}","templated":true}]}}