{"id":59507,"date":"2012-04-22T19:09:01","date_gmt":"2012-04-22T18:09:01","guid":{"rendered":"http:\/\/www.visit-ulcinj.com\/blog\/?p=59507"},"modified":"2012-04-22T19:09:01","modified_gmt":"2012-04-22T18:09:01","slug":"kanuni-i-leke-dukagjinit-perkthehet-ne-gjuhen-malazeze","status":"publish","type":"post","link":"https:\/\/www.visit-ulcinj.com\/blog\/2012\/04\/22\/kanuni-i-leke-dukagjinit-perkthehet-ne-gjuhen-malazeze\/","title":{"rendered":"Kanuni i Lek\u00eb Dukagjinit p\u00ebrkthehet n\u00eb gjuh\u00ebn malazeze"},"content":{"rendered":"<p><a href=\"http:\/\/www.visit-ulcinj.com\/blog\/wp-content\/uploads\/2012\/04\/Kanuni-i-Lek\u00eb-Dukagjinit.jpg\"><img loading=\"lazy\" class=\"alignleft size-full wp-image-59508\" title=\"Kanuni i Lek\u00eb Dukagjinit\" src=\"http:\/\/www.visit-ulcinj.com\/blog\/wp-content\/uploads\/2012\/04\/Kanuni-i-Lek\u00eb-Dukagjinit.jpg\" alt=\"\" width=\"240\" height=\"320\" srcset=\"https:\/\/www.visit-ulcinj.com\/blog\/wp-content\/uploads\/2012\/04\/Kanuni-i-Lek\u00eb-Dukagjinit.jpg 240w, https:\/\/www.visit-ulcinj.com\/blog\/wp-content\/uploads\/2012\/04\/Kanuni-i-Lek\u00eb-Dukagjinit-225x300.jpg 225w\" sizes=\"(max-width: 240px) 100vw, 240px\" \/><\/a>\u201cKanuni i Lek\u00eb Dukagjinit\u201d, nga dita e mart\u00eb prezantohet edhe para opinionit kulturor t\u00eb Malit t\u00eb Zi.<\/p>\n<p>K\u00ebt\u00eb vep\u00ebr kapitale e ka p\u00ebrkthyer intelektuali dhe p\u00ebrkthyesi i ri nga Mal\u00ebsia, Agron M. Camaj.<\/p>\n<p>\u201cPara lexuesit n\u00eb gjuh\u00ebn sllave \u2018Kanuni&#8230; prezantohet origjinal, shqip dhe i p\u00ebrkthyer n\u00eb gjuh\u00ebn malazeze.<\/p>\n<p>Pjes\u00eb e k\u00ebtij botimi \u00ebsht\u00eb edhe parath\u00ebnia e Dr. Syrja Popovcit, ku lexuesi ka mund\u00ebsi t\u00eb madhe ta njoh\u00eb r\u00ebnd\u00ebsin\u00eb e k\u00ebsaj vepre monumentale t\u00eb tradit\u00ebs son\u00eb shqiptare\u201d, u shpreh Camaj p\u00ebr \u201cKosovaLive\u201d.<\/p>\n<p>Libri \u00ebsht\u00eb botuar n\u00eb kuad\u00ebr t\u00eb sht\u00ebpis\u00eb botuese CID, nd\u00ebrsa redaktor \u00ebsht\u00eb Dragan K. Vuk\u00e7eviq, nd\u00ebrsa Ministria e Kultur\u00ebs e Malit t\u00eb Zi e ka mb\u00ebshtetur financiarisht.<\/p>\n<p>Koha Net<\/p>\n","protected":false},"excerpt":{"rendered":"<p>\u201cKanuni i Lek\u00eb Dukagjinit\u201d, nga dita e mart\u00eb prezantohet edhe para opinionit kulturor t\u00eb Malit t\u00eb Zi. K\u00ebt\u00eb vep\u00ebr kapitale e ka p\u00ebrkthyer intelektuali dhe p\u00ebrkthyesi i ri nga Mal\u00ebsia, Agron M. Camaj. \u201cPara lexuesit n\u00eb gjuh\u00ebn sllave \u2018Kanuni&#8230; prezantohet origjinal, shqip dhe i p\u00ebrkthyer n\u00eb gjuh\u00ebn malazeze. Pjes\u00eb e k\u00ebtij botimi \u00ebsht\u00eb edhe parath\u00ebnia [&hellip;]<\/p>\n","protected":false},"author":1,"featured_media":0,"comment_status":"open","ping_status":"closed","sticky":false,"template":"","format":"standard","meta":{"spay_email":"","jetpack_publicize_message":"","jetpack_is_tweetstorm":false,"jetpack_publicize_feature_enabled":true},"categories":[14249],"tags":[20340],"jetpack_publicize_connections":[],"yoast_head":"<!-- This site is optimized with the Yoast SEO plugin v19.1 - https:\/\/yoast.com\/wordpress\/plugins\/seo\/ -->\n<title>Kanuni i Lek\u00eb Dukagjinit p\u00ebrkthehet n\u00eb gjuh\u00ebn malazeze - Lajme nga Ulqini<\/title>\n<meta name=\"description\" content=\"\u201cKanuni i Lek\u00eb Dukagjinit\u201d, nga dita e mart\u00eb prezantohet edhe para opinionit kulturor t\u00eb Malit t\u00eb Zi. K\u00ebt\u00eb vep\u00ebr kapitale e ka p\u00ebrkthyer intelektuali dhe\" \/>\n<meta name=\"robots\" content=\"index, follow, max-snippet:-1, max-image-preview:large, max-video-preview:-1\" \/>\n<link rel=\"canonical\" href=\"https:\/\/www.visit-ulcinj.com\/blog\/2012\/04\/22\/kanuni-i-leke-dukagjinit-perkthehet-ne-gjuhen-malazeze\/\" \/>\n<meta property=\"og:locale\" content=\"en_US\" \/>\n<meta property=\"og:type\" content=\"article\" \/>\n<meta property=\"og:title\" content=\"Kanuni i Lek\u00eb Dukagjinit p\u00ebrkthehet n\u00eb gjuh\u00ebn malazeze - Lajme nga Ulqini\" \/>\n<meta property=\"og:description\" content=\"\u201cKanuni i Lek\u00eb Dukagjinit\u201d, nga dita e mart\u00eb prezantohet edhe para opinionit kulturor t\u00eb Malit t\u00eb Zi. K\u00ebt\u00eb vep\u00ebr kapitale e ka p\u00ebrkthyer intelektuali dhe\" \/>\n<meta property=\"og:url\" content=\"https:\/\/www.visit-ulcinj.com\/blog\/2012\/04\/22\/kanuni-i-leke-dukagjinit-perkthehet-ne-gjuhen-malazeze\/\" \/>\n<meta property=\"og:site_name\" content=\"Lajme nga Ulqini\" \/>\n<meta property=\"article:published_time\" content=\"2012-04-22T18:09:01+00:00\" \/>\n<meta name=\"twitter:label1\" content=\"Written by\" \/>\n\t<meta name=\"twitter:data1\" content=\"ulqini\" \/>\n\t<meta name=\"twitter:label2\" content=\"Est. reading time\" \/>\n\t<meta name=\"twitter:data2\" content=\"1 minute\" \/>\n<script type=\"application\/ld+json\" class=\"yoast-schema-graph\">{\"@context\":\"https:\/\/schema.org\",\"@graph\":[{\"@type\":\"WebSite\",\"@id\":\"https:\/\/www.visit-ulcinj.com\/blog\/#website\",\"url\":\"https:\/\/www.visit-ulcinj.com\/blog\/\",\"name\":\"Lajme nga Ulqini\",\"description\":\"Lajme,Vijesti,Ulqini,Ulqin,Crna Gora,Mali i Zi\",\"potentialAction\":[{\"@type\":\"SearchAction\",\"target\":{\"@type\":\"EntryPoint\",\"urlTemplate\":\"https:\/\/www.visit-ulcinj.com\/blog\/?s={search_term_string}\"},\"query-input\":\"required name=search_term_string\"}],\"inLanguage\":\"en-US\"},{\"@type\":\"WebPage\",\"@id\":\"https:\/\/www.visit-ulcinj.com\/blog\/2012\/04\/22\/kanuni-i-leke-dukagjinit-perkthehet-ne-gjuhen-malazeze\/#webpage\",\"url\":\"https:\/\/www.visit-ulcinj.com\/blog\/2012\/04\/22\/kanuni-i-leke-dukagjinit-perkthehet-ne-gjuhen-malazeze\/\",\"name\":\"Kanuni i Lek\u00eb Dukagjinit p\u00ebrkthehet n\u00eb gjuh\u00ebn malazeze - Lajme nga Ulqini\",\"isPartOf\":{\"@id\":\"https:\/\/www.visit-ulcinj.com\/blog\/#website\"},\"datePublished\":\"2012-04-22T18:09:01+00:00\",\"dateModified\":\"2012-04-22T18:09:01+00:00\",\"author\":{\"@id\":\"https:\/\/www.visit-ulcinj.com\/blog\/#\/schema\/person\/dcab619c614d3038751c63bc2aadc06d\"},\"description\":\"\u201cKanuni i Lek\u00eb Dukagjinit\u201d, nga dita e mart\u00eb prezantohet edhe para opinionit kulturor t\u00eb Malit t\u00eb Zi. K\u00ebt\u00eb vep\u00ebr kapitale e ka p\u00ebrkthyer intelektuali dhe\",\"breadcrumb\":{\"@id\":\"https:\/\/www.visit-ulcinj.com\/blog\/2012\/04\/22\/kanuni-i-leke-dukagjinit-perkthehet-ne-gjuhen-malazeze\/#breadcrumb\"},\"inLanguage\":\"en-US\",\"potentialAction\":[{\"@type\":\"ReadAction\",\"target\":[\"https:\/\/www.visit-ulcinj.com\/blog\/2012\/04\/22\/kanuni-i-leke-dukagjinit-perkthehet-ne-gjuhen-malazeze\/\"]}]},{\"@type\":\"BreadcrumbList\",\"@id\":\"https:\/\/www.visit-ulcinj.com\/blog\/2012\/04\/22\/kanuni-i-leke-dukagjinit-perkthehet-ne-gjuhen-malazeze\/#breadcrumb\",\"itemListElement\":[{\"@type\":\"ListItem\",\"position\":1,\"name\":\"Kanuni i Lek\u00eb Dukagjinit p\u00ebrkthehet n\u00eb gjuh\u00ebn malazeze\"}]},{\"@type\":\"Person\",\"@id\":\"https:\/\/www.visit-ulcinj.com\/blog\/#\/schema\/person\/dcab619c614d3038751c63bc2aadc06d\",\"name\":\"ulqini\",\"sameAs\":[\"http:\/\/www.visit-ulcinj.com\"],\"url\":\"https:\/\/www.visit-ulcinj.com\/blog\/author\/admin\/\"}]}<\/script>\n<!-- \/ Yoast SEO plugin. -->","yoast_head_json":{"title":"Kanuni i Lek\u00eb Dukagjinit p\u00ebrkthehet n\u00eb gjuh\u00ebn malazeze - Lajme nga Ulqini","description":"\u201cKanuni i Lek\u00eb Dukagjinit\u201d, nga dita e mart\u00eb prezantohet edhe para opinionit kulturor t\u00eb Malit t\u00eb Zi. K\u00ebt\u00eb vep\u00ebr kapitale e ka p\u00ebrkthyer intelektuali dhe","robots":{"index":"index","follow":"follow","max-snippet":"max-snippet:-1","max-image-preview":"max-image-preview:large","max-video-preview":"max-video-preview:-1"},"canonical":"https:\/\/www.visit-ulcinj.com\/blog\/2012\/04\/22\/kanuni-i-leke-dukagjinit-perkthehet-ne-gjuhen-malazeze\/","og_locale":"en_US","og_type":"article","og_title":"Kanuni i Lek\u00eb Dukagjinit p\u00ebrkthehet n\u00eb gjuh\u00ebn malazeze - Lajme nga Ulqini","og_description":"\u201cKanuni i Lek\u00eb Dukagjinit\u201d, nga dita e mart\u00eb prezantohet edhe para opinionit kulturor t\u00eb Malit t\u00eb Zi. K\u00ebt\u00eb vep\u00ebr kapitale e ka p\u00ebrkthyer intelektuali dhe","og_url":"https:\/\/www.visit-ulcinj.com\/blog\/2012\/04\/22\/kanuni-i-leke-dukagjinit-perkthehet-ne-gjuhen-malazeze\/","og_site_name":"Lajme nga Ulqini","article_published_time":"2012-04-22T18:09:01+00:00","twitter_misc":{"Written by":"ulqini","Est. reading time":"1 minute"},"schema":{"@context":"https:\/\/schema.org","@graph":[{"@type":"WebSite","@id":"https:\/\/www.visit-ulcinj.com\/blog\/#website","url":"https:\/\/www.visit-ulcinj.com\/blog\/","name":"Lajme nga Ulqini","description":"Lajme,Vijesti,Ulqini,Ulqin,Crna Gora,Mali i Zi","potentialAction":[{"@type":"SearchAction","target":{"@type":"EntryPoint","urlTemplate":"https:\/\/www.visit-ulcinj.com\/blog\/?s={search_term_string}"},"query-input":"required name=search_term_string"}],"inLanguage":"en-US"},{"@type":"WebPage","@id":"https:\/\/www.visit-ulcinj.com\/blog\/2012\/04\/22\/kanuni-i-leke-dukagjinit-perkthehet-ne-gjuhen-malazeze\/#webpage","url":"https:\/\/www.visit-ulcinj.com\/blog\/2012\/04\/22\/kanuni-i-leke-dukagjinit-perkthehet-ne-gjuhen-malazeze\/","name":"Kanuni i Lek\u00eb Dukagjinit p\u00ebrkthehet n\u00eb gjuh\u00ebn malazeze - Lajme nga Ulqini","isPartOf":{"@id":"https:\/\/www.visit-ulcinj.com\/blog\/#website"},"datePublished":"2012-04-22T18:09:01+00:00","dateModified":"2012-04-22T18:09:01+00:00","author":{"@id":"https:\/\/www.visit-ulcinj.com\/blog\/#\/schema\/person\/dcab619c614d3038751c63bc2aadc06d"},"description":"\u201cKanuni i Lek\u00eb Dukagjinit\u201d, nga dita e mart\u00eb prezantohet edhe para opinionit kulturor t\u00eb Malit t\u00eb Zi. K\u00ebt\u00eb vep\u00ebr kapitale e ka p\u00ebrkthyer intelektuali dhe","breadcrumb":{"@id":"https:\/\/www.visit-ulcinj.com\/blog\/2012\/04\/22\/kanuni-i-leke-dukagjinit-perkthehet-ne-gjuhen-malazeze\/#breadcrumb"},"inLanguage":"en-US","potentialAction":[{"@type":"ReadAction","target":["https:\/\/www.visit-ulcinj.com\/blog\/2012\/04\/22\/kanuni-i-leke-dukagjinit-perkthehet-ne-gjuhen-malazeze\/"]}]},{"@type":"BreadcrumbList","@id":"https:\/\/www.visit-ulcinj.com\/blog\/2012\/04\/22\/kanuni-i-leke-dukagjinit-perkthehet-ne-gjuhen-malazeze\/#breadcrumb","itemListElement":[{"@type":"ListItem","position":1,"name":"Kanuni i Lek\u00eb Dukagjinit p\u00ebrkthehet n\u00eb gjuh\u00ebn malazeze"}]},{"@type":"Person","@id":"https:\/\/www.visit-ulcinj.com\/blog\/#\/schema\/person\/dcab619c614d3038751c63bc2aadc06d","name":"ulqini","sameAs":["http:\/\/www.visit-ulcinj.com"],"url":"https:\/\/www.visit-ulcinj.com\/blog\/author\/admin\/"}]}},"jetpack_featured_media_url":"","jetpack_sharing_enabled":true,"jetpack_shortlink":"https:\/\/wp.me\/pe6lTn-ftN","_links":{"self":[{"href":"https:\/\/www.visit-ulcinj.com\/blog\/wp-json\/wp\/v2\/posts\/59507"}],"collection":[{"href":"https:\/\/www.visit-ulcinj.com\/blog\/wp-json\/wp\/v2\/posts"}],"about":[{"href":"https:\/\/www.visit-ulcinj.com\/blog\/wp-json\/wp\/v2\/types\/post"}],"author":[{"embeddable":true,"href":"https:\/\/www.visit-ulcinj.com\/blog\/wp-json\/wp\/v2\/users\/1"}],"replies":[{"embeddable":true,"href":"https:\/\/www.visit-ulcinj.com\/blog\/wp-json\/wp\/v2\/comments?post=59507"}],"version-history":[{"count":1,"href":"https:\/\/www.visit-ulcinj.com\/blog\/wp-json\/wp\/v2\/posts\/59507\/revisions"}],"predecessor-version":[{"id":59509,"href":"https:\/\/www.visit-ulcinj.com\/blog\/wp-json\/wp\/v2\/posts\/59507\/revisions\/59509"}],"wp:attachment":[{"href":"https:\/\/www.visit-ulcinj.com\/blog\/wp-json\/wp\/v2\/media?parent=59507"}],"wp:term":[{"taxonomy":"category","embeddable":true,"href":"https:\/\/www.visit-ulcinj.com\/blog\/wp-json\/wp\/v2\/categories?post=59507"},{"taxonomy":"post_tag","embeddable":true,"href":"https:\/\/www.visit-ulcinj.com\/blog\/wp-json\/wp\/v2\/tags?post=59507"}],"curies":[{"name":"wp","href":"https:\/\/api.w.org\/{rel}","templated":true}]}}