{"id":59518,"date":"2012-04-23T09:09:46","date_gmt":"2012-04-23T08:09:46","guid":{"rendered":"http:\/\/www.visit-ulcinj.com\/blog\/?p=59518"},"modified":"2012-04-23T09:09:46","modified_gmt":"2012-04-23T08:09:46","slug":"gradani-protestovali-i-u-ulcinju-video","status":"publish","type":"post","link":"https:\/\/www.visit-ulcinj.com\/blog\/2012\/04\/23\/gradani-protestovali-i-u-ulcinju-video\/","title":{"rendered":"Gra\u0111ani protestovali i u Ulcinju &#8211; Video"},"content":{"rendered":"<p><a href=\"http:\/\/www.visit-ulcinj.com\/blog\/wp-content\/uploads\/2012\/04\/Gradjani-protestovali-i-u-Ulcinju.jpg\"><img loading=\"lazy\" class=\"alignleft size-full wp-image-59519\" title=\"Gradjani protestovali i u Ulcinju\" src=\"http:\/\/www.visit-ulcinj.com\/blog\/wp-content\/uploads\/2012\/04\/Gradjani-protestovali-i-u-Ulcinju.jpg\" alt=\"\" width=\"303\" height=\"289\" srcset=\"https:\/\/www.visit-ulcinj.com\/blog\/wp-content\/uploads\/2012\/04\/Gradjani-protestovali-i-u-Ulcinju.jpg 303w, https:\/\/www.visit-ulcinj.com\/blog\/wp-content\/uploads\/2012\/04\/Gradjani-protestovali-i-u-Ulcinju-300x286.jpg 300w\" sizes=\"(max-width: 303px) 100vw, 303px\" \/><\/a>I na krajnjem jugu gra\u0111ani su danas u podne izrazili nezadovoljstvo zbog lo\u0161e ekonomske situacije, pa je prema procjenama organizatora na protestu u Ulcinju bilo oko hiljadu ljudi. Zahtjevi manje-vi\u0161e sli\u010dni. Ulcinjani, me\u0111utim, poru\u010duju da ne\u0107e stati na jednom protestu.<\/p>\n<p>Lijepo vrijeme poslu\u017eilo je Ulcinjane da se, ta\u010dno u podne, okupe na Pristanu kod Male pla\u017ee, i da poru\u010de vlasti da je, kako ka\u017eu, vrijeme za promjene.<\/p>\n<p>Jedan od organizatora Aslan Zeneli:<\/p>\n<p>\u00abOkupili su se radnici, biv\u0161i radnici, penzioneri, studenti, svi. Oko hiljadu ljudi. Zadnju rije\u010d kada sam rekao po\u010dela je ki\u0161a, ina\u010de tokom mitinga nije bilo ki\u0161e.\u00bb<\/p>\n<p>Okupljenima su se, ka\u017ee Zeneli, obratili radnici nekoliko ulcinjskih firmi, predstavnici penzionera i studenata, a nije izostao ni nevladin sektor. Poruka je, me\u0111utim, \u00a0bila jedna:<\/p>\n<p>\u00abTra\u017eili smo od Vlade da preispita ugovore o privatizaciji za preduze\u0107a u Ulcinju i sve te ugovore koji nijesu ispo\u0161tovani da se raskinu. I da pod hitno po\u010dne da se investira u Ulcinj za zapo\u0161ljavanje na\u0161e djece.\u00bb<\/p>\n<p>Radnik Solane Marko Miranovi\u0107 zadovoljan je kako je proteklo okupljanje gra\u0111ana:<\/p>\n<p>\u00abPrezadovoljan sam, to je prvo okupljanje u Ulcinju te prirode. Zato \u0161to su obuva\u0107ene sve radne organizacije i sva privatizovana preduze\u0107a. Ti ljudi su bili radnici u tim preduze\u0107ima i po raznim osnovama su gubili posao ili su radnom odnosu ali su obespravljeni na sve mogu\u0107e na\u010dine.\u00bb<\/p>\n<p>Aslan Zeneli smatra da je protest dovoljna opomena Vladi, pa o\u010dekuje konkretna rje\u0161enja:<\/p>\n<p>\u00abNa osnovu koliko je naroda bilo i kakvo je bilo raspolo\u017eenje, Vlada \u0107e morati da preduzme korake da se ne\u0161to uradi u Ulcinju.\u00bb<\/p>\n<p>U suprotnom, najavljuje:<\/p>\n<p>\u00abSljede\u0107i put \u0107emo se okupiti u jo\u0161 ve\u0107em broju. I zahtjevi \u0107e biti radikalniji.\u00bb<\/p>\n<p>Aslan Zeneli ka\u017ee i da \u0107e radnici do\u0107i na veliki protest u Podgorici najavljen za prvu polovinu maja, te da se ve\u0107 pripremaju za to.<\/p>\n<p><a href=\"http:\/\/antenam.net\/sajt\/index.php\/drutvo\/12129-graani-protestovali-i-u-ulcinju\" target=\"_blank\"><strong>\u00a0Nikoleta Bo\u0161kovi\u0107<\/strong><br \/>\n<strong> Radio Antena M<\/strong><\/a><\/p>\n<p><strong>VIDEO TV VIJESTI<\/strong><br \/>\n<!--YouTube Error: bad URL entered--><\/p>\n<p>&nbsp;<\/p>\n","protected":false},"excerpt":{"rendered":"<p>I na krajnjem jugu gra\u0111ani su danas u podne izrazili nezadovoljstvo zbog lo\u0161e ekonomske situacije, pa je prema procjenama organizatora na protestu u Ulcinju bilo oko hiljadu ljudi. Zahtjevi manje-vi\u0161e sli\u010dni. Ulcinjani, me\u0111utim, poru\u010duju da ne\u0107e stati na jednom protestu. Lijepo vrijeme poslu\u017eilo je Ulcinjane da se, ta\u010dno u podne, okupe na Pristanu kod Male [&hellip;]<\/p>\n","protected":false},"author":1,"featured_media":0,"comment_status":"open","ping_status":"closed","sticky":false,"template":"","format":"standard","meta":{"spay_email":"","jetpack_publicize_message":"","jetpack_is_tweetstorm":false,"jetpack_publicize_feature_enabled":true},"categories":[8337],"tags":[20341,19],"jetpack_publicize_connections":[],"yoast_head":"<!-- This site is optimized with the Yoast SEO plugin v19.1 - https:\/\/yoast.com\/wordpress\/plugins\/seo\/ -->\n<title>Gra\u0111ani protestovali i u Ulcinju - Video - Lajme nga Ulqini<\/title>\n<meta name=\"description\" content=\"I na krajnjem jugu gra\u0111ani su danas u podne izrazili nezadovoljstvo zbog lo\u0161e ekonomske situacije, pa je prema procjenama organizatora na protestu u\" \/>\n<meta name=\"robots\" content=\"index, follow, max-snippet:-1, max-image-preview:large, max-video-preview:-1\" \/>\n<link rel=\"canonical\" href=\"https:\/\/www.visit-ulcinj.com\/blog\/2012\/04\/23\/gradani-protestovali-i-u-ulcinju-video\/\" \/>\n<meta property=\"og:locale\" content=\"en_US\" \/>\n<meta property=\"og:type\" content=\"article\" \/>\n<meta property=\"og:title\" content=\"Gra\u0111ani protestovali i u Ulcinju - Video - Lajme nga Ulqini\" \/>\n<meta property=\"og:description\" content=\"I na krajnjem jugu gra\u0111ani su danas u podne izrazili nezadovoljstvo zbog lo\u0161e ekonomske situacije, pa je prema procjenama organizatora na protestu u\" \/>\n<meta property=\"og:url\" content=\"https:\/\/www.visit-ulcinj.com\/blog\/2012\/04\/23\/gradani-protestovali-i-u-ulcinju-video\/\" \/>\n<meta property=\"og:site_name\" content=\"Lajme nga Ulqini\" \/>\n<meta property=\"article:published_time\" content=\"2012-04-23T08:09:46+00:00\" \/>\n<meta property=\"og:image\" content=\"http:\/\/www.visit-ulcinj.com\/blog\/wp-content\/uploads\/2012\/04\/Gradjani-protestovali-i-u-Ulcinju.jpg\" \/>\n<meta name=\"twitter:label1\" content=\"Written by\" \/>\n\t<meta name=\"twitter:data1\" content=\"ulqini\" \/>\n\t<meta name=\"twitter:label2\" content=\"Est. reading time\" \/>\n\t<meta name=\"twitter:data2\" content=\"2 minutes\" \/>\n<script type=\"application\/ld+json\" class=\"yoast-schema-graph\">{\"@context\":\"https:\/\/schema.org\",\"@graph\":[{\"@type\":\"WebSite\",\"@id\":\"https:\/\/www.visit-ulcinj.com\/blog\/#website\",\"url\":\"https:\/\/www.visit-ulcinj.com\/blog\/\",\"name\":\"Lajme nga Ulqini\",\"description\":\"Lajme,Vijesti,Ulqini,Ulqin,Crna Gora,Mali i Zi\",\"potentialAction\":[{\"@type\":\"SearchAction\",\"target\":{\"@type\":\"EntryPoint\",\"urlTemplate\":\"https:\/\/www.visit-ulcinj.com\/blog\/?s={search_term_string}\"},\"query-input\":\"required name=search_term_string\"}],\"inLanguage\":\"en-US\"},{\"@type\":\"ImageObject\",\"inLanguage\":\"en-US\",\"@id\":\"https:\/\/www.visit-ulcinj.com\/blog\/2012\/04\/23\/gradani-protestovali-i-u-ulcinju-video\/#primaryimage\",\"url\":\"https:\/\/www.visit-ulcinj.com\/blog\/wp-content\/uploads\/2012\/04\/Gradjani-protestovali-i-u-Ulcinju.jpg\",\"contentUrl\":\"https:\/\/www.visit-ulcinj.com\/blog\/wp-content\/uploads\/2012\/04\/Gradjani-protestovali-i-u-Ulcinju.jpg\",\"width\":\"303\",\"height\":\"289\"},{\"@type\":\"WebPage\",\"@id\":\"https:\/\/www.visit-ulcinj.com\/blog\/2012\/04\/23\/gradani-protestovali-i-u-ulcinju-video\/#webpage\",\"url\":\"https:\/\/www.visit-ulcinj.com\/blog\/2012\/04\/23\/gradani-protestovali-i-u-ulcinju-video\/\",\"name\":\"Gra\u0111ani protestovali i u Ulcinju - Video - Lajme nga Ulqini\",\"isPartOf\":{\"@id\":\"https:\/\/www.visit-ulcinj.com\/blog\/#website\"},\"primaryImageOfPage\":{\"@id\":\"https:\/\/www.visit-ulcinj.com\/blog\/2012\/04\/23\/gradani-protestovali-i-u-ulcinju-video\/#primaryimage\"},\"datePublished\":\"2012-04-23T08:09:46+00:00\",\"dateModified\":\"2012-04-23T08:09:46+00:00\",\"author\":{\"@id\":\"https:\/\/www.visit-ulcinj.com\/blog\/#\/schema\/person\/dcab619c614d3038751c63bc2aadc06d\"},\"description\":\"I na krajnjem jugu gra\u0111ani su danas u podne izrazili nezadovoljstvo zbog lo\u0161e ekonomske situacije, pa je prema procjenama organizatora na protestu u\",\"breadcrumb\":{\"@id\":\"https:\/\/www.visit-ulcinj.com\/blog\/2012\/04\/23\/gradani-protestovali-i-u-ulcinju-video\/#breadcrumb\"},\"inLanguage\":\"en-US\",\"potentialAction\":[{\"@type\":\"ReadAction\",\"target\":[\"https:\/\/www.visit-ulcinj.com\/blog\/2012\/04\/23\/gradani-protestovali-i-u-ulcinju-video\/\"]}]},{\"@type\":\"BreadcrumbList\",\"@id\":\"https:\/\/www.visit-ulcinj.com\/blog\/2012\/04\/23\/gradani-protestovali-i-u-ulcinju-video\/#breadcrumb\",\"itemListElement\":[{\"@type\":\"ListItem\",\"position\":1,\"name\":\"Gra\u0111ani protestovali i u Ulcinju &#8211; Video\"}]},{\"@type\":\"Person\",\"@id\":\"https:\/\/www.visit-ulcinj.com\/blog\/#\/schema\/person\/dcab619c614d3038751c63bc2aadc06d\",\"name\":\"ulqini\",\"sameAs\":[\"http:\/\/www.visit-ulcinj.com\"],\"url\":\"https:\/\/www.visit-ulcinj.com\/blog\/author\/admin\/\"}]}<\/script>\n<!-- \/ Yoast SEO plugin. -->","yoast_head_json":{"title":"Gra\u0111ani protestovali i u Ulcinju - Video - Lajme nga Ulqini","description":"I na krajnjem jugu gra\u0111ani su danas u podne izrazili nezadovoljstvo zbog lo\u0161e ekonomske situacije, pa je prema procjenama organizatora na protestu u","robots":{"index":"index","follow":"follow","max-snippet":"max-snippet:-1","max-image-preview":"max-image-preview:large","max-video-preview":"max-video-preview:-1"},"canonical":"https:\/\/www.visit-ulcinj.com\/blog\/2012\/04\/23\/gradani-protestovali-i-u-ulcinju-video\/","og_locale":"en_US","og_type":"article","og_title":"Gra\u0111ani protestovali i u Ulcinju - Video - Lajme nga Ulqini","og_description":"I na krajnjem jugu gra\u0111ani su danas u podne izrazili nezadovoljstvo zbog lo\u0161e ekonomske situacije, pa je prema procjenama organizatora na protestu u","og_url":"https:\/\/www.visit-ulcinj.com\/blog\/2012\/04\/23\/gradani-protestovali-i-u-ulcinju-video\/","og_site_name":"Lajme nga Ulqini","article_published_time":"2012-04-23T08:09:46+00:00","og_image":[{"url":"http:\/\/www.visit-ulcinj.com\/blog\/wp-content\/uploads\/2012\/04\/Gradjani-protestovali-i-u-Ulcinju.jpg"}],"twitter_misc":{"Written by":"ulqini","Est. reading time":"2 minutes"},"schema":{"@context":"https:\/\/schema.org","@graph":[{"@type":"WebSite","@id":"https:\/\/www.visit-ulcinj.com\/blog\/#website","url":"https:\/\/www.visit-ulcinj.com\/blog\/","name":"Lajme nga Ulqini","description":"Lajme,Vijesti,Ulqini,Ulqin,Crna Gora,Mali i Zi","potentialAction":[{"@type":"SearchAction","target":{"@type":"EntryPoint","urlTemplate":"https:\/\/www.visit-ulcinj.com\/blog\/?s={search_term_string}"},"query-input":"required name=search_term_string"}],"inLanguage":"en-US"},{"@type":"ImageObject","inLanguage":"en-US","@id":"https:\/\/www.visit-ulcinj.com\/blog\/2012\/04\/23\/gradani-protestovali-i-u-ulcinju-video\/#primaryimage","url":"https:\/\/www.visit-ulcinj.com\/blog\/wp-content\/uploads\/2012\/04\/Gradjani-protestovali-i-u-Ulcinju.jpg","contentUrl":"https:\/\/www.visit-ulcinj.com\/blog\/wp-content\/uploads\/2012\/04\/Gradjani-protestovali-i-u-Ulcinju.jpg","width":"303","height":"289"},{"@type":"WebPage","@id":"https:\/\/www.visit-ulcinj.com\/blog\/2012\/04\/23\/gradani-protestovali-i-u-ulcinju-video\/#webpage","url":"https:\/\/www.visit-ulcinj.com\/blog\/2012\/04\/23\/gradani-protestovali-i-u-ulcinju-video\/","name":"Gra\u0111ani protestovali i u Ulcinju - Video - Lajme nga Ulqini","isPartOf":{"@id":"https:\/\/www.visit-ulcinj.com\/blog\/#website"},"primaryImageOfPage":{"@id":"https:\/\/www.visit-ulcinj.com\/blog\/2012\/04\/23\/gradani-protestovali-i-u-ulcinju-video\/#primaryimage"},"datePublished":"2012-04-23T08:09:46+00:00","dateModified":"2012-04-23T08:09:46+00:00","author":{"@id":"https:\/\/www.visit-ulcinj.com\/blog\/#\/schema\/person\/dcab619c614d3038751c63bc2aadc06d"},"description":"I na krajnjem jugu gra\u0111ani su danas u podne izrazili nezadovoljstvo zbog lo\u0161e ekonomske situacije, pa je prema procjenama organizatora na protestu u","breadcrumb":{"@id":"https:\/\/www.visit-ulcinj.com\/blog\/2012\/04\/23\/gradani-protestovali-i-u-ulcinju-video\/#breadcrumb"},"inLanguage":"en-US","potentialAction":[{"@type":"ReadAction","target":["https:\/\/www.visit-ulcinj.com\/blog\/2012\/04\/23\/gradani-protestovali-i-u-ulcinju-video\/"]}]},{"@type":"BreadcrumbList","@id":"https:\/\/www.visit-ulcinj.com\/blog\/2012\/04\/23\/gradani-protestovali-i-u-ulcinju-video\/#breadcrumb","itemListElement":[{"@type":"ListItem","position":1,"name":"Gra\u0111ani protestovali i u Ulcinju &#8211; Video"}]},{"@type":"Person","@id":"https:\/\/www.visit-ulcinj.com\/blog\/#\/schema\/person\/dcab619c614d3038751c63bc2aadc06d","name":"ulqini","sameAs":["http:\/\/www.visit-ulcinj.com"],"url":"https:\/\/www.visit-ulcinj.com\/blog\/author\/admin\/"}]}},"jetpack_featured_media_url":"","jetpack_sharing_enabled":true,"jetpack_shortlink":"https:\/\/wp.me\/pe6lTn-ftY","_links":{"self":[{"href":"https:\/\/www.visit-ulcinj.com\/blog\/wp-json\/wp\/v2\/posts\/59518"}],"collection":[{"href":"https:\/\/www.visit-ulcinj.com\/blog\/wp-json\/wp\/v2\/posts"}],"about":[{"href":"https:\/\/www.visit-ulcinj.com\/blog\/wp-json\/wp\/v2\/types\/post"}],"author":[{"embeddable":true,"href":"https:\/\/www.visit-ulcinj.com\/blog\/wp-json\/wp\/v2\/users\/1"}],"replies":[{"embeddable":true,"href":"https:\/\/www.visit-ulcinj.com\/blog\/wp-json\/wp\/v2\/comments?post=59518"}],"version-history":[{"count":1,"href":"https:\/\/www.visit-ulcinj.com\/blog\/wp-json\/wp\/v2\/posts\/59518\/revisions"}],"predecessor-version":[{"id":59520,"href":"https:\/\/www.visit-ulcinj.com\/blog\/wp-json\/wp\/v2\/posts\/59518\/revisions\/59520"}],"wp:attachment":[{"href":"https:\/\/www.visit-ulcinj.com\/blog\/wp-json\/wp\/v2\/media?parent=59518"}],"wp:term":[{"taxonomy":"category","embeddable":true,"href":"https:\/\/www.visit-ulcinj.com\/blog\/wp-json\/wp\/v2\/categories?post=59518"},{"taxonomy":"post_tag","embeddable":true,"href":"https:\/\/www.visit-ulcinj.com\/blog\/wp-json\/wp\/v2\/tags?post=59518"}],"curies":[{"name":"wp","href":"https:\/\/api.w.org\/{rel}","templated":true}]}}