{"id":59521,"date":"2012-04-23T10:27:56","date_gmt":"2012-04-23T09:27:56","guid":{"rendered":"http:\/\/www.visit-ulcinj.com\/blog\/?p=59521"},"modified":"2012-04-23T16:19:36","modified_gmt":"2012-04-23T15:19:36","slug":"ulqini-ka-shume-gjera-per-te-bere-video","status":"publish","type":"post","link":"https:\/\/www.visit-ulcinj.com\/blog\/2012\/04\/23\/ulqini-ka-shume-gjera-per-te-bere-video\/","title":{"rendered":"Ulqini ka shum\u00eb gj\u00ebra p\u00ebr t\u00eb b\u00ebr\u00eb &#8211; Video"},"content":{"rendered":"<p><a href=\"http:\/\/www.visit-ulcinj.com\/blog\/wp-content\/uploads\/2012\/04\/Ulqini-Ulcinj-Town-Montenegro.jpg\"><img loading=\"lazy\" class=\"alignleft  wp-image-59523\" title=\"Ulqini - Ulcinj Town - Montenegro\" src=\"http:\/\/www.visit-ulcinj.com\/blog\/wp-content\/uploads\/2012\/04\/Ulqini-Ulcinj-Town-Montenegro.jpg\" alt=\"\" width=\"508\" height=\"360\" \/><\/a>Ulqini ka nj\u00eb list\u00eb t\u00eb gjat\u00eb gj\u00ebrash p\u00ebr t\u00eb b\u00ebr\u00eb dhe jam i sigurt q\u00eb kjo dihet gjer\u00ebsisht. Them se jan\u00eb tri detyra kryesore. Nj\u00ebra \u00ebsht\u00eb nd\u00ebrtimi dhe p\u00ebrmir\u00ebsimi i infrastruktur\u00ebs, rrug\u00ebt, sistemi i komunikimit, sistemi i tubacioneve, q\u00eb t\u00eb mos shkat\u00ebrrohet natyra dhe shum\u00eb gj\u00ebra t\u00eb tjera n\u00eb k\u00ebt\u00eb aspekt.<\/p>\n<p>E dyta \u00ebsht\u00eb nd\u00ebrgjegj\u00ebsimi i aren\u00ebs bot\u00ebrore dhe asaj t\u00eb Malit t\u00eb Zi p\u00ebr Ulqinin. Shum\u00eb ulqinak\u00eb s\u2019e din\u00eb q\u00eb p\u00ebr shkak t\u00eb koh\u00ebs s\u00eb gjat\u00eb t\u00eb izolimit,Ulqini s\u2019\u00ebsht\u00eb m\u00eb n\u00eb hart\u00ebn mendore t\u00eb industris\u00eb s\u00eb turizmit dhe t\u00eb konsumator\u00ebve. \u00cbsht\u00eb e rrethuar nga vende me turiz\u00ebm t\u00eb fort\u00eb n\u00eb jug e n\u00eb veri, dhe k\u00ebta jan\u00eb konkurent\u00eb.Ulqini duhet t\u00eb mendoj\u00eb m\u00ebnyra p\u00ebr t\u00eb pasur sukses n\u00eb k\u00ebt\u00eb atmosfer\u00eb konkurruese, dhe mendoj se p\u00ebr k\u00ebt\u00eb duhet t\u00eb t\u00eb mendoj\u00eb p\u00ebr vlerat origjinale, si mikpritja dhe natyra. K\u00ebto jan\u00eb pik\u00eb t\u00eb forta. Por nuk duhet menduar se t\u00eb gjith\u00eb e din\u00eb se \u00e7\u2019ka p\u00ebr t\u00eb ofruar Ulqini dhe se ku \u00ebsht\u00eb n\u00eb hart\u00eb.<br \/>\n<a href=\"http:\/\/www.visit-ulcinj.com\/blog\/wp-content\/uploads\/2012\/04\/Copakabana-Beach-Ulqin-UlcinjMontenegro.jpg\"><img loading=\"lazy\" class=\"alignleft  wp-image-59522\" title=\"Copakabana Beach Ulqin-Ulcinj,Montenegro\" src=\"http:\/\/www.visit-ulcinj.com\/blog\/wp-content\/uploads\/2012\/04\/Copakabana-Beach-Ulqin-UlcinjMontenegro.jpg\" alt=\"\" width=\"508\" height=\"300\" \/><\/a><\/p>\n<p>E treta q\u00eb sugjeroj, \u00ebsht\u00eb p\u00ebrmir\u00ebsimi i krahut t\u00eb pun\u00ebs. \u00cbsht\u00eb e leht\u00eb t\u00eb nd\u00ebrtosh hotele t\u00eb m\u00ebdha, sepse investuesit e kushdo mund t\u00eb hedh\u00eb \u00e7imento e t\u00eb ngrej\u00eb nd\u00ebrtesa me 10 a 20 kate, me mjedise t\u00eb brendshme p\u00ebr pes\u00eb yje e gjith\u00e7ka. Kjo s\u2019\u00ebsht\u00eb e r\u00ebnd\u00ebsishme. R\u00ebnd\u00ebsi ka sh\u00ebrbimi. Njer\u00ebzve u l\u00ebn\u00eb mbresa njer\u00ebzit e tjer\u00eb, dhe m\u00ebnyra se si trajtohen nga ata q\u00eb i mir\u00ebpresin, n\u00ebse i presin me mir\u00ebsjellje dhe me profesionaliz\u00ebm.<\/p>\n<p>\u00c7do konsumator, \u00e7do njeri, ka pritshm\u00ebri ndryshe. Nj\u00eb gjerman mund t\u00eb ket\u00eb pritshm\u00ebri ndryshe nga nj\u00eb francez ose nga nj\u00eb italian. Duhen njohur tregjet. \u00cbsht\u00eb shum\u00eb e r\u00ebnd\u00ebsishme t\u00eb trajnohen t\u00eb rinjt\u00eb, por edhe t\u00eb moshuarit, n\u00eb t\u00eb gjitha aspektet e sh\u00ebrbimeve n\u00eb restorante, hotele e n\u00eb industrin\u00eb e transportit, n\u00eb m\u00ebnyr\u00eb q\u00eb t\u00eb jen\u00eb prit\u00ebs profesionist\u00eb.<\/p>\n<!--YouTube Error: bad URL entered-->\n","protected":false},"excerpt":{"rendered":"<p>Ulqini ka nj\u00eb list\u00eb t\u00eb gjat\u00eb gj\u00ebrash p\u00ebr t\u00eb b\u00ebr\u00eb dhe jam i sigurt q\u00eb kjo dihet gjer\u00ebsisht. Them se jan\u00eb tri detyra kryesore. Nj\u00ebra \u00ebsht\u00eb nd\u00ebrtimi dhe p\u00ebrmir\u00ebsimi i infrastruktur\u00ebs, rrug\u00ebt, sistemi i komunikimit, sistemi i tubacioneve, q\u00eb t\u00eb mos shkat\u00ebrrohet natyra dhe shum\u00eb gj\u00ebra t\u00eb tjera n\u00eb k\u00ebt\u00eb aspekt. E dyta \u00ebsht\u00eb nd\u00ebrgjegj\u00ebsimi [&hellip;]<\/p>\n","protected":false},"author":1,"featured_media":0,"comment_status":"open","ping_status":"closed","sticky":false,"template":"","format":"standard","meta":{"spay_email":"","jetpack_publicize_message":"","jetpack_is_tweetstorm":false,"jetpack_publicize_feature_enabled":true},"categories":[1,14249],"tags":[20342,297,3084,16064,200,18],"jetpack_publicize_connections":[],"yoast_head":"<!-- This site is optimized with the Yoast SEO plugin v19.1 - https:\/\/yoast.com\/wordpress\/plugins\/seo\/ -->\n<title>Ulqini ka shum\u00eb gj\u00ebra p\u00ebr t\u00eb b\u00ebr\u00eb - Video - Lajme nga Ulqini<\/title>\n<meta name=\"description\" content=\"Ulqini ka nj\u00eb list\u00eb t\u00eb gjat\u00eb gj\u00ebrash p\u00ebr t\u00eb b\u00ebr\u00eb dhe jam i sigurt q\u00eb kjo dihet gjer\u00ebsisht. Them se jan\u00eb tri detyra kryesore. Nj\u00ebra \u00ebsht\u00eb nd\u00ebrtimi dhe\" \/>\n<meta name=\"robots\" content=\"index, follow, max-snippet:-1, max-image-preview:large, max-video-preview:-1\" \/>\n<link rel=\"canonical\" href=\"https:\/\/www.visit-ulcinj.com\/blog\/2012\/04\/23\/ulqini-ka-shume-gjera-per-te-bere-video\/\" \/>\n<meta property=\"og:locale\" content=\"en_US\" \/>\n<meta property=\"og:type\" content=\"article\" \/>\n<meta property=\"og:title\" content=\"Ulqini ka shum\u00eb gj\u00ebra p\u00ebr t\u00eb b\u00ebr\u00eb - Video - Lajme nga Ulqini\" \/>\n<meta property=\"og:description\" content=\"Ulqini ka nj\u00eb list\u00eb t\u00eb gjat\u00eb gj\u00ebrash p\u00ebr t\u00eb b\u00ebr\u00eb dhe jam i sigurt q\u00eb kjo dihet gjer\u00ebsisht. Them se jan\u00eb tri detyra kryesore. Nj\u00ebra \u00ebsht\u00eb nd\u00ebrtimi dhe\" \/>\n<meta property=\"og:url\" content=\"https:\/\/www.visit-ulcinj.com\/blog\/2012\/04\/23\/ulqini-ka-shume-gjera-per-te-bere-video\/\" \/>\n<meta property=\"og:site_name\" content=\"Lajme nga Ulqini\" \/>\n<meta property=\"article:published_time\" content=\"2012-04-23T09:27:56+00:00\" \/>\n<meta property=\"article:modified_time\" content=\"2012-04-23T15:19:36+00:00\" \/>\n<meta property=\"og:image\" content=\"http:\/\/www.visit-ulcinj.com\/blog\/wp-content\/uploads\/2012\/04\/Ulqini-Ulcinj-Town-Montenegro.jpg\" \/>\n<meta name=\"twitter:label1\" content=\"Written by\" \/>\n\t<meta name=\"twitter:data1\" content=\"ulqini\" \/>\n\t<meta name=\"twitter:label2\" content=\"Est. reading time\" \/>\n\t<meta name=\"twitter:data2\" content=\"2 minutes\" \/>\n<script type=\"application\/ld+json\" class=\"yoast-schema-graph\">{\"@context\":\"https:\/\/schema.org\",\"@graph\":[{\"@type\":\"WebSite\",\"@id\":\"https:\/\/www.visit-ulcinj.com\/blog\/#website\",\"url\":\"https:\/\/www.visit-ulcinj.com\/blog\/\",\"name\":\"Lajme nga Ulqini\",\"description\":\"Lajme,Vijesti,Ulqini,Ulqin,Crna Gora,Mali i Zi\",\"potentialAction\":[{\"@type\":\"SearchAction\",\"target\":{\"@type\":\"EntryPoint\",\"urlTemplate\":\"https:\/\/www.visit-ulcinj.com\/blog\/?s={search_term_string}\"},\"query-input\":\"required name=search_term_string\"}],\"inLanguage\":\"en-US\"},{\"@type\":\"ImageObject\",\"inLanguage\":\"en-US\",\"@id\":\"https:\/\/www.visit-ulcinj.com\/blog\/2012\/04\/23\/ulqini-ka-shume-gjera-per-te-bere-video\/#primaryimage\",\"url\":\"https:\/\/www.visit-ulcinj.com\/blog\/wp-content\/uploads\/2012\/04\/Ulqini-Ulcinj-Town-Montenegro.jpg\",\"contentUrl\":\"https:\/\/www.visit-ulcinj.com\/blog\/wp-content\/uploads\/2012\/04\/Ulqini-Ulcinj-Town-Montenegro.jpg\",\"width\":\"1024\",\"height\":\"682\"},{\"@type\":\"WebPage\",\"@id\":\"https:\/\/www.visit-ulcinj.com\/blog\/2012\/04\/23\/ulqini-ka-shume-gjera-per-te-bere-video\/#webpage\",\"url\":\"https:\/\/www.visit-ulcinj.com\/blog\/2012\/04\/23\/ulqini-ka-shume-gjera-per-te-bere-video\/\",\"name\":\"Ulqini ka shum\u00eb gj\u00ebra p\u00ebr t\u00eb b\u00ebr\u00eb - Video - Lajme nga Ulqini\",\"isPartOf\":{\"@id\":\"https:\/\/www.visit-ulcinj.com\/blog\/#website\"},\"primaryImageOfPage\":{\"@id\":\"https:\/\/www.visit-ulcinj.com\/blog\/2012\/04\/23\/ulqini-ka-shume-gjera-per-te-bere-video\/#primaryimage\"},\"datePublished\":\"2012-04-23T09:27:56+00:00\",\"dateModified\":\"2012-04-23T15:19:36+00:00\",\"author\":{\"@id\":\"https:\/\/www.visit-ulcinj.com\/blog\/#\/schema\/person\/dcab619c614d3038751c63bc2aadc06d\"},\"description\":\"Ulqini ka nj\u00eb list\u00eb t\u00eb gjat\u00eb gj\u00ebrash p\u00ebr t\u00eb b\u00ebr\u00eb dhe jam i sigurt q\u00eb kjo dihet gjer\u00ebsisht. Them se jan\u00eb tri detyra kryesore. Nj\u00ebra \u00ebsht\u00eb nd\u00ebrtimi dhe\",\"breadcrumb\":{\"@id\":\"https:\/\/www.visit-ulcinj.com\/blog\/2012\/04\/23\/ulqini-ka-shume-gjera-per-te-bere-video\/#breadcrumb\"},\"inLanguage\":\"en-US\",\"potentialAction\":[{\"@type\":\"ReadAction\",\"target\":[\"https:\/\/www.visit-ulcinj.com\/blog\/2012\/04\/23\/ulqini-ka-shume-gjera-per-te-bere-video\/\"]}]},{\"@type\":\"BreadcrumbList\",\"@id\":\"https:\/\/www.visit-ulcinj.com\/blog\/2012\/04\/23\/ulqini-ka-shume-gjera-per-te-bere-video\/#breadcrumb\",\"itemListElement\":[{\"@type\":\"ListItem\",\"position\":1,\"name\":\"Ulqini ka shum\u00eb gj\u00ebra p\u00ebr t\u00eb b\u00ebr\u00eb &#8211; Video\"}]},{\"@type\":\"Person\",\"@id\":\"https:\/\/www.visit-ulcinj.com\/blog\/#\/schema\/person\/dcab619c614d3038751c63bc2aadc06d\",\"name\":\"ulqini\",\"sameAs\":[\"http:\/\/www.visit-ulcinj.com\"],\"url\":\"https:\/\/www.visit-ulcinj.com\/blog\/author\/admin\/\"}]}<\/script>\n<!-- \/ Yoast SEO plugin. -->","yoast_head_json":{"title":"Ulqini ka shum\u00eb gj\u00ebra p\u00ebr t\u00eb b\u00ebr\u00eb - Video - Lajme nga Ulqini","description":"Ulqini ka nj\u00eb list\u00eb t\u00eb gjat\u00eb gj\u00ebrash p\u00ebr t\u00eb b\u00ebr\u00eb dhe jam i sigurt q\u00eb kjo dihet gjer\u00ebsisht. Them se jan\u00eb tri detyra kryesore. Nj\u00ebra \u00ebsht\u00eb nd\u00ebrtimi dhe","robots":{"index":"index","follow":"follow","max-snippet":"max-snippet:-1","max-image-preview":"max-image-preview:large","max-video-preview":"max-video-preview:-1"},"canonical":"https:\/\/www.visit-ulcinj.com\/blog\/2012\/04\/23\/ulqini-ka-shume-gjera-per-te-bere-video\/","og_locale":"en_US","og_type":"article","og_title":"Ulqini ka shum\u00eb gj\u00ebra p\u00ebr t\u00eb b\u00ebr\u00eb - Video - Lajme nga Ulqini","og_description":"Ulqini ka nj\u00eb list\u00eb t\u00eb gjat\u00eb gj\u00ebrash p\u00ebr t\u00eb b\u00ebr\u00eb dhe jam i sigurt q\u00eb kjo dihet gjer\u00ebsisht. Them se jan\u00eb tri detyra kryesore. Nj\u00ebra \u00ebsht\u00eb nd\u00ebrtimi dhe","og_url":"https:\/\/www.visit-ulcinj.com\/blog\/2012\/04\/23\/ulqini-ka-shume-gjera-per-te-bere-video\/","og_site_name":"Lajme nga Ulqini","article_published_time":"2012-04-23T09:27:56+00:00","article_modified_time":"2012-04-23T15:19:36+00:00","og_image":[{"url":"http:\/\/www.visit-ulcinj.com\/blog\/wp-content\/uploads\/2012\/04\/Ulqini-Ulcinj-Town-Montenegro.jpg"}],"twitter_misc":{"Written by":"ulqini","Est. reading time":"2 minutes"},"schema":{"@context":"https:\/\/schema.org","@graph":[{"@type":"WebSite","@id":"https:\/\/www.visit-ulcinj.com\/blog\/#website","url":"https:\/\/www.visit-ulcinj.com\/blog\/","name":"Lajme nga Ulqini","description":"Lajme,Vijesti,Ulqini,Ulqin,Crna Gora,Mali i Zi","potentialAction":[{"@type":"SearchAction","target":{"@type":"EntryPoint","urlTemplate":"https:\/\/www.visit-ulcinj.com\/blog\/?s={search_term_string}"},"query-input":"required name=search_term_string"}],"inLanguage":"en-US"},{"@type":"ImageObject","inLanguage":"en-US","@id":"https:\/\/www.visit-ulcinj.com\/blog\/2012\/04\/23\/ulqini-ka-shume-gjera-per-te-bere-video\/#primaryimage","url":"https:\/\/www.visit-ulcinj.com\/blog\/wp-content\/uploads\/2012\/04\/Ulqini-Ulcinj-Town-Montenegro.jpg","contentUrl":"https:\/\/www.visit-ulcinj.com\/blog\/wp-content\/uploads\/2012\/04\/Ulqini-Ulcinj-Town-Montenegro.jpg","width":"1024","height":"682"},{"@type":"WebPage","@id":"https:\/\/www.visit-ulcinj.com\/blog\/2012\/04\/23\/ulqini-ka-shume-gjera-per-te-bere-video\/#webpage","url":"https:\/\/www.visit-ulcinj.com\/blog\/2012\/04\/23\/ulqini-ka-shume-gjera-per-te-bere-video\/","name":"Ulqini ka shum\u00eb gj\u00ebra p\u00ebr t\u00eb b\u00ebr\u00eb - Video - Lajme nga Ulqini","isPartOf":{"@id":"https:\/\/www.visit-ulcinj.com\/blog\/#website"},"primaryImageOfPage":{"@id":"https:\/\/www.visit-ulcinj.com\/blog\/2012\/04\/23\/ulqini-ka-shume-gjera-per-te-bere-video\/#primaryimage"},"datePublished":"2012-04-23T09:27:56+00:00","dateModified":"2012-04-23T15:19:36+00:00","author":{"@id":"https:\/\/www.visit-ulcinj.com\/blog\/#\/schema\/person\/dcab619c614d3038751c63bc2aadc06d"},"description":"Ulqini ka nj\u00eb list\u00eb t\u00eb gjat\u00eb gj\u00ebrash p\u00ebr t\u00eb b\u00ebr\u00eb dhe jam i sigurt q\u00eb kjo dihet gjer\u00ebsisht. Them se jan\u00eb tri detyra kryesore. Nj\u00ebra \u00ebsht\u00eb nd\u00ebrtimi dhe","breadcrumb":{"@id":"https:\/\/www.visit-ulcinj.com\/blog\/2012\/04\/23\/ulqini-ka-shume-gjera-per-te-bere-video\/#breadcrumb"},"inLanguage":"en-US","potentialAction":[{"@type":"ReadAction","target":["https:\/\/www.visit-ulcinj.com\/blog\/2012\/04\/23\/ulqini-ka-shume-gjera-per-te-bere-video\/"]}]},{"@type":"BreadcrumbList","@id":"https:\/\/www.visit-ulcinj.com\/blog\/2012\/04\/23\/ulqini-ka-shume-gjera-per-te-bere-video\/#breadcrumb","itemListElement":[{"@type":"ListItem","position":1,"name":"Ulqini ka shum\u00eb gj\u00ebra p\u00ebr t\u00eb b\u00ebr\u00eb &#8211; Video"}]},{"@type":"Person","@id":"https:\/\/www.visit-ulcinj.com\/blog\/#\/schema\/person\/dcab619c614d3038751c63bc2aadc06d","name":"ulqini","sameAs":["http:\/\/www.visit-ulcinj.com"],"url":"https:\/\/www.visit-ulcinj.com\/blog\/author\/admin\/"}]}},"jetpack_featured_media_url":"","jetpack_sharing_enabled":true,"jetpack_shortlink":"https:\/\/wp.me\/pe6lTn-fu1","_links":{"self":[{"href":"https:\/\/www.visit-ulcinj.com\/blog\/wp-json\/wp\/v2\/posts\/59521"}],"collection":[{"href":"https:\/\/www.visit-ulcinj.com\/blog\/wp-json\/wp\/v2\/posts"}],"about":[{"href":"https:\/\/www.visit-ulcinj.com\/blog\/wp-json\/wp\/v2\/types\/post"}],"author":[{"embeddable":true,"href":"https:\/\/www.visit-ulcinj.com\/blog\/wp-json\/wp\/v2\/users\/1"}],"replies":[{"embeddable":true,"href":"https:\/\/www.visit-ulcinj.com\/blog\/wp-json\/wp\/v2\/comments?post=59521"}],"version-history":[{"count":2,"href":"https:\/\/www.visit-ulcinj.com\/blog\/wp-json\/wp\/v2\/posts\/59521\/revisions"}],"predecessor-version":[{"id":59542,"href":"https:\/\/www.visit-ulcinj.com\/blog\/wp-json\/wp\/v2\/posts\/59521\/revisions\/59542"}],"wp:attachment":[{"href":"https:\/\/www.visit-ulcinj.com\/blog\/wp-json\/wp\/v2\/media?parent=59521"}],"wp:term":[{"taxonomy":"category","embeddable":true,"href":"https:\/\/www.visit-ulcinj.com\/blog\/wp-json\/wp\/v2\/categories?post=59521"},{"taxonomy":"post_tag","embeddable":true,"href":"https:\/\/www.visit-ulcinj.com\/blog\/wp-json\/wp\/v2\/tags?post=59521"}],"curies":[{"name":"wp","href":"https:\/\/api.w.org\/{rel}","templated":true}]}}