{"id":5953,"date":"2008-11-13T15:48:11","date_gmt":"2008-11-13T20:48:11","guid":{"rendered":"http:\/\/www.visit-ulcinj.com\/blog\/?p=5953"},"modified":"2008-11-13T15:48:11","modified_gmt":"2008-11-13T20:48:11","slug":"enigma-e-historise-malazeze-rasti-i-shasit-10","status":"publish","type":"post","link":"https:\/\/www.visit-ulcinj.com\/blog\/2008\/11\/13\/enigma-e-historise-malazeze-rasti-i-shasit-10\/","title":{"rendered":"Enigma e historis\u00eb malazeze &#8211; rasti i Shasit (10)"},"content":{"rendered":"<p><a href=\"http:\/\/www.visit-ulcinj.com\/blog\/wp-content\/uploads\/2008\/11\/svac_shasi.jpg\"><img loading=\"lazy\" class=\"alignleft size-medium wp-image-5954\" title=\"svac_shasi\" src=\"http:\/\/www.visit-ulcinj.com\/blog\/wp-content\/uploads\/2008\/11\/svac_shasi-233x300.jpg\" alt=\"\" width=\"289\" height=\"300\" \/><\/a><strong>Zmadhimi i shkat\u00ebrrimit nga mongol\u00ebt<\/strong><br \/>\nS\u00eb bashku me Drishtin dhe Kotorrin, Shasi u sulmua dhe u rr\u00ebnua nga pushtimi i mongol\u00ebve gjat\u00eb t\u00ebrheqjes s\u00eb tyre nga Dalmacia n\u00eb vitet 1241-1242, por ai \u00ebsht\u00eb rind\u00ebrtuar s\u00ebrish dhe, me gjith\u00eb munges\u00ebn e g\u00ebrmimeve t\u00eb plota arkeologjike, \u00ebsht\u00eb e arsyeshme t\u00eb mendohet q\u00eb shkalla e shkat\u00ebrrimeve \u00ebsht\u00eb e zmadhuar n\u00eb burimet e shkruara.<br \/>\nVersionet malazeze t\u00eb k\u00ebsaj periudhe e quajn\u00eb se konvertimi n\u00eb ortodoksi u krye n\u00eb k\u00ebt\u00eb koh\u00eb, ose q\u00eb ai ishte nj\u00eb konvertim i detyruar; Nemanja mendohet se shkat\u00ebrroi kishat dhe librat latine dhe grabiti krejt\u00ebsisht qytetet. Kjo p\u00ebrputhet me tradit\u00ebn e deritashme gojore n\u00eb Shas, ku banor\u00ebt thon\u00eb se t\u00eb gjitha kishat &#8220;n\u00eb fillim ishin katolike&#8221;.<br \/>\nNj\u00eb v\u00ebshtrim m\u00eb i thelluar tregon se tensionet e hershme ose bashk\u00ebveprimi midis lindjes dhe per\u00ebndimit vazhdoi gjat\u00eb k\u00ebsaj periudhe, me mbret\u00ebresh\u00ebn e plotfuqishme Jelena (gruaja e Stefan Uroshit I) pasi vet\u00eb ishte nj\u00eb katolike. Qytetet bregdetare shiheshin si objektiva p\u00ebr misione t\u00eb urdhrave predikuese fetare, nd\u00ebrsa Serbia n\u00ebn Stefan Uroshin I (1243-1276) hapi minierat e saj p\u00ebr sakson\u00ebt nga Hungaria dhe tregjet e saj p\u00ebr tregtar\u00ebt dalmat\u00eb nga bregdeti, nd\u00ebrsa i k\u00ebrkoi Raguz\u00ebs nj\u00eb hara\u00e7 vjetor edhe pse ajo ishte n\u00ebn sovranitetin venedikas.<br \/>\nPor lul\u00ebzimi i shtetit mesjetar serb ishte i shkurt\u00ebr. Festa e pushtetit serb, trup\u00ebzuar n\u00eb nd\u00ebrtimin e kishave &#8220;t\u00eb reja&#8221; t\u00eb Shasit, ishte mjaft e p\u00ebrkohshme.<br \/>\nSipas d\u00ebshmive malazeze, pushteti serb nisi t\u00eb shk\u00ebrmoqet n\u00eb shekullin XIV pas vdekjes s\u00eb Stefan Dushanit, i cili n\u00eb materialet malazeze p\u00ebrmendet si nj\u00eb &#8220;car mizor&#8221;. Me dinastit\u00eb Balshiq dhe Crnojeviq n\u00eb Zeta, me sa duket Mali i Zi rifitoi shpejt pavar\u00ebsin\u00eb e tij dhe &#8220;riktheu&#8221; sundimtar\u00ebt malazez\u00eb rr\u00ebfimet popullore vazhdojn\u00eb t\u00eb thon\u00eb q\u00eb me rishpalljen e &#8220;pavar\u00ebsis\u00eb&#8221;, Perandoria Osmane nuk e pushtoi kurr\u00eb t\u00ebr\u00ebsisht Zet\u00ebn dhe, me t\u00eb v\u00ebrtet\u00eb, megjith\u00ebse nuk \u00ebsht\u00eb e qart\u00eb se \u00e7far\u00eb pushteti zot\u00ebronin, aty ishin zot\u00ebr peshkop\u00ebt-princ\u00eb dhe mandej princ\u00ebrit e Cetin\u00ebs nga shekulli XVI deri n\u00eb vitin 1918.<br \/>\nHistoria komplekse e shtjelluar k\u00ebtu \u00ebsht\u00eb nj\u00eb variant tejet i thjesht\u00ebzuar i shum\u00eb ndryshimeve q\u00eb Shasi duhet t\u00eb ket\u00eb provuar para dhe gjat\u00eb periudh\u00ebs osmane. S\u00eb bashku me Drishtin dhe Kotorrin, Shasi u sulmua dhe u rr\u00ebnua nga pushtimi i mongol\u00ebve gjat\u00eb t\u00ebrheqjes s\u00eb tyre nga Dalmacia n\u00eb vitet 1241-1242, por ai \u00ebsht\u00eb rind\u00ebrtuar s\u00ebrish dhe, me gjith\u00eb munges\u00ebn e g\u00ebrmimeve t\u00eb plota arkeologjike, \u00ebsht\u00eb e arsyeshme t\u00eb mendohet q\u00eb shkalla e shkat\u00ebrrimeve \u00ebsht\u00eb e zmadhuar n\u00eb burimet e shkruara.<br \/>\nN\u00eb gjysm\u00ebn e dyt\u00eb t\u00eb shekullit XIV dioqezat katolike ishin n\u00eb kulmin e tyre dhe nj\u00eb &#8220;Gjon i Suacios&#8221; jetonte n\u00eb sht\u00ebpin\u00eb e tij t\u00eb kryepeshkopit t\u00eb Raguz\u00ebs n\u00eb vitet 1365-1371. Katedrala e Shasit u riparua pas d\u00ebmtimeve n\u00eb luft\u00ebn e vitit 1413. S\u00ebrish goj\u00ebdh\u00ebna vendase hedh drit\u00eb: autor\u00ebt n\u00eb vitin 2004 zbuluan se banor\u00ebt e Ambullit besonin se &#8220;historia jon\u00eb e v\u00ebrtet\u00eb do t\u00eb gjendet n\u00eb Vatikan&#8221;.<br \/>\n<strong>Averil Cameroon &amp; James Pettifer<br \/>\nKoha Javore<\/strong><\/p>\n<!--YouTube Error: bad URL entered-->\n","protected":false},"excerpt":{"rendered":"<p>Zmadhimi i shkat\u00ebrrimit nga mongol\u00ebt S\u00eb bashku me Drishtin dhe Kotorrin, Shasi u sulmua dhe u rr\u00ebnua nga pushtimi i mongol\u00ebve gjat\u00eb t\u00ebrheqjes s\u00eb tyre nga Dalmacia n\u00eb vitet 1241-1242, por ai \u00ebsht\u00eb rind\u00ebrtuar s\u00ebrish dhe, me gjith\u00eb munges\u00ebn e g\u00ebrmimeve t\u00eb plota arkeologjike, \u00ebsht\u00eb e arsyeshme t\u00eb mendohet q\u00eb shkalla e shkat\u00ebrrimeve \u00ebsht\u00eb e [&hellip;]<\/p>\n","protected":false},"author":1,"featured_media":0,"comment_status":"open","ping_status":"closed","sticky":false,"template":"","format":"standard","meta":{"spay_email":"","jetpack_publicize_message":"","jetpack_is_tweetstorm":false,"jetpack_publicize_feature_enabled":true},"categories":[4],"tags":[4921,3231,200],"jetpack_publicize_connections":[],"yoast_head":"<!-- This site is optimized with the Yoast SEO plugin v19.1 - https:\/\/yoast.com\/wordpress\/plugins\/seo\/ -->\n<title>Enigma e historis\u00eb malazeze - rasti i Shasit (10) - Lajme nga Ulqini<\/title>\n<meta name=\"description\" content=\"Zmadhimi i shkat\u00ebrrimit nga mongol\u00ebt S\u00eb bashku me Drishtin dhe Kotorrin, Shasi u sulmua dhe u rr\u00ebnua nga pushtimi i mongol\u00ebve gjat\u00eb t\u00ebrheqjes s\u00eb tyre nga\" \/>\n<meta name=\"robots\" content=\"index, follow, max-snippet:-1, max-image-preview:large, max-video-preview:-1\" \/>\n<link rel=\"canonical\" href=\"https:\/\/www.visit-ulcinj.com\/blog\/2008\/11\/13\/enigma-e-historise-malazeze-rasti-i-shasit-10\/\" \/>\n<meta property=\"og:locale\" content=\"en_US\" \/>\n<meta property=\"og:type\" content=\"article\" \/>\n<meta property=\"og:title\" content=\"Enigma e historis\u00eb malazeze - rasti i Shasit (10) - Lajme nga Ulqini\" \/>\n<meta property=\"og:description\" content=\"Zmadhimi i shkat\u00ebrrimit nga mongol\u00ebt S\u00eb bashku me Drishtin dhe Kotorrin, Shasi u sulmua dhe u rr\u00ebnua nga pushtimi i mongol\u00ebve gjat\u00eb t\u00ebrheqjes s\u00eb tyre nga\" \/>\n<meta property=\"og:url\" content=\"https:\/\/www.visit-ulcinj.com\/blog\/2008\/11\/13\/enigma-e-historise-malazeze-rasti-i-shasit-10\/\" \/>\n<meta property=\"og:site_name\" content=\"Lajme nga Ulqini\" \/>\n<meta property=\"article:published_time\" content=\"2008-11-13T20:48:11+00:00\" \/>\n<meta property=\"og:image\" content=\"http:\/\/www.visit-ulcinj.com\/blog\/wp-content\/uploads\/2008\/11\/svac_shasi-233x300.jpg\" \/>\n<meta name=\"twitter:label1\" content=\"Written by\" \/>\n\t<meta name=\"twitter:data1\" content=\"ulqini\" \/>\n\t<meta name=\"twitter:label2\" content=\"Est. reading time\" \/>\n\t<meta name=\"twitter:data2\" content=\"3 minutes\" \/>\n<script type=\"application\/ld+json\" class=\"yoast-schema-graph\">{\"@context\":\"https:\/\/schema.org\",\"@graph\":[{\"@type\":\"WebSite\",\"@id\":\"https:\/\/www.visit-ulcinj.com\/blog\/#website\",\"url\":\"https:\/\/www.visit-ulcinj.com\/blog\/\",\"name\":\"Lajme nga Ulqini\",\"description\":\"Lajme,Vijesti,Ulqini,Ulqin,Crna Gora,Mali i Zi\",\"potentialAction\":[{\"@type\":\"SearchAction\",\"target\":{\"@type\":\"EntryPoint\",\"urlTemplate\":\"https:\/\/www.visit-ulcinj.com\/blog\/?s={search_term_string}\"},\"query-input\":\"required name=search_term_string\"}],\"inLanguage\":\"en-US\"},{\"@type\":\"ImageObject\",\"inLanguage\":\"en-US\",\"@id\":\"https:\/\/www.visit-ulcinj.com\/blog\/2008\/11\/13\/enigma-e-historise-malazeze-rasti-i-shasit-10\/#primaryimage\",\"url\":\"http:\/\/www.visit-ulcinj.com\/blog\/wp-content\/uploads\/2008\/11\/svac_shasi-233x300.jpg\",\"contentUrl\":\"http:\/\/www.visit-ulcinj.com\/blog\/wp-content\/uploads\/2008\/11\/svac_shasi-233x300.jpg\"},{\"@type\":\"WebPage\",\"@id\":\"https:\/\/www.visit-ulcinj.com\/blog\/2008\/11\/13\/enigma-e-historise-malazeze-rasti-i-shasit-10\/#webpage\",\"url\":\"https:\/\/www.visit-ulcinj.com\/blog\/2008\/11\/13\/enigma-e-historise-malazeze-rasti-i-shasit-10\/\",\"name\":\"Enigma e historis\u00eb malazeze - rasti i Shasit (10) - Lajme nga Ulqini\",\"isPartOf\":{\"@id\":\"https:\/\/www.visit-ulcinj.com\/blog\/#website\"},\"primaryImageOfPage\":{\"@id\":\"https:\/\/www.visit-ulcinj.com\/blog\/2008\/11\/13\/enigma-e-historise-malazeze-rasti-i-shasit-10\/#primaryimage\"},\"datePublished\":\"2008-11-13T20:48:11+00:00\",\"dateModified\":\"2008-11-13T20:48:11+00:00\",\"author\":{\"@id\":\"https:\/\/www.visit-ulcinj.com\/blog\/#\/schema\/person\/dcab619c614d3038751c63bc2aadc06d\"},\"description\":\"Zmadhimi i shkat\u00ebrrimit nga mongol\u00ebt S\u00eb bashku me Drishtin dhe Kotorrin, Shasi u sulmua dhe u rr\u00ebnua nga pushtimi i mongol\u00ebve gjat\u00eb t\u00ebrheqjes s\u00eb tyre nga\",\"breadcrumb\":{\"@id\":\"https:\/\/www.visit-ulcinj.com\/blog\/2008\/11\/13\/enigma-e-historise-malazeze-rasti-i-shasit-10\/#breadcrumb\"},\"inLanguage\":\"en-US\",\"potentialAction\":[{\"@type\":\"ReadAction\",\"target\":[\"https:\/\/www.visit-ulcinj.com\/blog\/2008\/11\/13\/enigma-e-historise-malazeze-rasti-i-shasit-10\/\"]}]},{\"@type\":\"BreadcrumbList\",\"@id\":\"https:\/\/www.visit-ulcinj.com\/blog\/2008\/11\/13\/enigma-e-historise-malazeze-rasti-i-shasit-10\/#breadcrumb\",\"itemListElement\":[{\"@type\":\"ListItem\",\"position\":1,\"name\":\"Enigma e historis\u00eb malazeze &#8211; rasti i Shasit (10)\"}]},{\"@type\":\"Person\",\"@id\":\"https:\/\/www.visit-ulcinj.com\/blog\/#\/schema\/person\/dcab619c614d3038751c63bc2aadc06d\",\"name\":\"ulqini\",\"sameAs\":[\"http:\/\/www.visit-ulcinj.com\"],\"url\":\"https:\/\/www.visit-ulcinj.com\/blog\/author\/admin\/\"}]}<\/script>\n<!-- \/ Yoast SEO plugin. -->","yoast_head_json":{"title":"Enigma e historis\u00eb malazeze - rasti i Shasit (10) - Lajme nga Ulqini","description":"Zmadhimi i shkat\u00ebrrimit nga mongol\u00ebt S\u00eb bashku me Drishtin dhe Kotorrin, Shasi u sulmua dhe u rr\u00ebnua nga pushtimi i mongol\u00ebve gjat\u00eb t\u00ebrheqjes s\u00eb tyre nga","robots":{"index":"index","follow":"follow","max-snippet":"max-snippet:-1","max-image-preview":"max-image-preview:large","max-video-preview":"max-video-preview:-1"},"canonical":"https:\/\/www.visit-ulcinj.com\/blog\/2008\/11\/13\/enigma-e-historise-malazeze-rasti-i-shasit-10\/","og_locale":"en_US","og_type":"article","og_title":"Enigma e historis\u00eb malazeze - rasti i Shasit (10) - Lajme nga Ulqini","og_description":"Zmadhimi i shkat\u00ebrrimit nga mongol\u00ebt S\u00eb bashku me Drishtin dhe Kotorrin, Shasi u sulmua dhe u rr\u00ebnua nga pushtimi i mongol\u00ebve gjat\u00eb t\u00ebrheqjes s\u00eb tyre nga","og_url":"https:\/\/www.visit-ulcinj.com\/blog\/2008\/11\/13\/enigma-e-historise-malazeze-rasti-i-shasit-10\/","og_site_name":"Lajme nga Ulqini","article_published_time":"2008-11-13T20:48:11+00:00","og_image":[{"url":"http:\/\/www.visit-ulcinj.com\/blog\/wp-content\/uploads\/2008\/11\/svac_shasi-233x300.jpg"}],"twitter_misc":{"Written by":"ulqini","Est. reading time":"3 minutes"},"schema":{"@context":"https:\/\/schema.org","@graph":[{"@type":"WebSite","@id":"https:\/\/www.visit-ulcinj.com\/blog\/#website","url":"https:\/\/www.visit-ulcinj.com\/blog\/","name":"Lajme nga Ulqini","description":"Lajme,Vijesti,Ulqini,Ulqin,Crna Gora,Mali i Zi","potentialAction":[{"@type":"SearchAction","target":{"@type":"EntryPoint","urlTemplate":"https:\/\/www.visit-ulcinj.com\/blog\/?s={search_term_string}"},"query-input":"required name=search_term_string"}],"inLanguage":"en-US"},{"@type":"ImageObject","inLanguage":"en-US","@id":"https:\/\/www.visit-ulcinj.com\/blog\/2008\/11\/13\/enigma-e-historise-malazeze-rasti-i-shasit-10\/#primaryimage","url":"http:\/\/www.visit-ulcinj.com\/blog\/wp-content\/uploads\/2008\/11\/svac_shasi-233x300.jpg","contentUrl":"http:\/\/www.visit-ulcinj.com\/blog\/wp-content\/uploads\/2008\/11\/svac_shasi-233x300.jpg"},{"@type":"WebPage","@id":"https:\/\/www.visit-ulcinj.com\/blog\/2008\/11\/13\/enigma-e-historise-malazeze-rasti-i-shasit-10\/#webpage","url":"https:\/\/www.visit-ulcinj.com\/blog\/2008\/11\/13\/enigma-e-historise-malazeze-rasti-i-shasit-10\/","name":"Enigma e historis\u00eb malazeze - rasti i Shasit (10) - Lajme nga Ulqini","isPartOf":{"@id":"https:\/\/www.visit-ulcinj.com\/blog\/#website"},"primaryImageOfPage":{"@id":"https:\/\/www.visit-ulcinj.com\/blog\/2008\/11\/13\/enigma-e-historise-malazeze-rasti-i-shasit-10\/#primaryimage"},"datePublished":"2008-11-13T20:48:11+00:00","dateModified":"2008-11-13T20:48:11+00:00","author":{"@id":"https:\/\/www.visit-ulcinj.com\/blog\/#\/schema\/person\/dcab619c614d3038751c63bc2aadc06d"},"description":"Zmadhimi i shkat\u00ebrrimit nga mongol\u00ebt S\u00eb bashku me Drishtin dhe Kotorrin, Shasi u sulmua dhe u rr\u00ebnua nga pushtimi i mongol\u00ebve gjat\u00eb t\u00ebrheqjes s\u00eb tyre nga","breadcrumb":{"@id":"https:\/\/www.visit-ulcinj.com\/blog\/2008\/11\/13\/enigma-e-historise-malazeze-rasti-i-shasit-10\/#breadcrumb"},"inLanguage":"en-US","potentialAction":[{"@type":"ReadAction","target":["https:\/\/www.visit-ulcinj.com\/blog\/2008\/11\/13\/enigma-e-historise-malazeze-rasti-i-shasit-10\/"]}]},{"@type":"BreadcrumbList","@id":"https:\/\/www.visit-ulcinj.com\/blog\/2008\/11\/13\/enigma-e-historise-malazeze-rasti-i-shasit-10\/#breadcrumb","itemListElement":[{"@type":"ListItem","position":1,"name":"Enigma e historis\u00eb malazeze &#8211; rasti i Shasit (10)"}]},{"@type":"Person","@id":"https:\/\/www.visit-ulcinj.com\/blog\/#\/schema\/person\/dcab619c614d3038751c63bc2aadc06d","name":"ulqini","sameAs":["http:\/\/www.visit-ulcinj.com"],"url":"https:\/\/www.visit-ulcinj.com\/blog\/author\/admin\/"}]}},"jetpack_featured_media_url":"","jetpack_sharing_enabled":true,"jetpack_shortlink":"https:\/\/wp.me\/pe6lTn-1y1","_links":{"self":[{"href":"https:\/\/www.visit-ulcinj.com\/blog\/wp-json\/wp\/v2\/posts\/5953"}],"collection":[{"href":"https:\/\/www.visit-ulcinj.com\/blog\/wp-json\/wp\/v2\/posts"}],"about":[{"href":"https:\/\/www.visit-ulcinj.com\/blog\/wp-json\/wp\/v2\/types\/post"}],"author":[{"embeddable":true,"href":"https:\/\/www.visit-ulcinj.com\/blog\/wp-json\/wp\/v2\/users\/1"}],"replies":[{"embeddable":true,"href":"https:\/\/www.visit-ulcinj.com\/blog\/wp-json\/wp\/v2\/comments?post=5953"}],"version-history":[{"count":0,"href":"https:\/\/www.visit-ulcinj.com\/blog\/wp-json\/wp\/v2\/posts\/5953\/revisions"}],"wp:attachment":[{"href":"https:\/\/www.visit-ulcinj.com\/blog\/wp-json\/wp\/v2\/media?parent=5953"}],"wp:term":[{"taxonomy":"category","embeddable":true,"href":"https:\/\/www.visit-ulcinj.com\/blog\/wp-json\/wp\/v2\/categories?post=5953"},{"taxonomy":"post_tag","embeddable":true,"href":"https:\/\/www.visit-ulcinj.com\/blog\/wp-json\/wp\/v2\/tags?post=5953"}],"curies":[{"name":"wp","href":"https:\/\/api.w.org\/{rel}","templated":true}]}}