{"id":59545,"date":"2012-04-23T16:48:18","date_gmt":"2012-04-23T15:48:18","guid":{"rendered":"http:\/\/www.visit-ulcinj.com\/blog\/?p=59545"},"modified":"2012-04-23T16:50:59","modified_gmt":"2012-04-23T15:50:59","slug":"59545","status":"publish","type":"post","link":"https:\/\/www.visit-ulcinj.com\/blog\/2012\/04\/23\/59545\/","title":{"rendered":"Sezona po\u010dinje u maju u HTP &#8220;Ulcinjska rivijera&#8221;"},"content":{"rendered":"<p><a href=\"http:\/\/www.visit-ulcinj.com\/blog\/wp-content\/uploads\/2012\/04\/Velika-plaza-Bellevue-Olympic.jpg\"><img loading=\"lazy\" class=\"alignleft  wp-image-59546\" title=\"Velika plaza Bellevue, Olympic\" src=\"http:\/\/www.visit-ulcinj.com\/blog\/wp-content\/uploads\/2012\/04\/Velika-plaza-Bellevue-Olympic.jpg\" alt=\"\" width=\"508\" height=\"360\" \/><\/a>Prvi gosti na Adu dolaze posredstvom njem\u010dke agencije Obena 7. maja, a kapije hotela \u201eOlympic\u201c i \u201eBellevue\u201c se otvaraju 10. maja kada \u0107e u ovim hotelima biti organizovano okupljanje studenata pravnih fakulteta (Pravnijada 2012.).<\/p>\n<p>Buking za ljeto 2012. je odli\u010dan, a od strane agencija sa kojima sara\u0111ujemo imamo pove\u0107ano interesovanje ne samo za pro\u0161irenje zakupljenih kapaciteta, nego i za produ\u017eetak vremena kori\u0161\u0107enja. U periodu predsezone (maj, juni) ima\u0107emo veliki broj organizovanih grupa u hotelima na Velikoj pla\u017ei. Za mjesece juni, juli i avgust polovina kapaciteta u hotelima \u201eOlympic\u201c i \u201eBellevue\u201c je data u fiksni zakup \u010de\u0161kim agencijama.<\/p>\n<p><a href=\"http:\/\/www.visit-ulcinj.com\/blog\/wp-content\/uploads\/2012\/04\/Horse-riding-_Ada-Bojana.jpg\"><img loading=\"lazy\" class=\"alignleft  wp-image-59547\" title=\"Horse riding _Ada Bojana\" src=\"http:\/\/www.visit-ulcinj.com\/blog\/wp-content\/uploads\/2012\/04\/Horse-riding-_Ada-Bojana.jpg\" alt=\"\" width=\"340\" height=\"440\" \/><\/a>I ovoga ljeta najvi\u0161e gostiju o\u010dekujemo iz \u010ce\u0161ke, Srbije, Kosova, Njema\u010dke, Poljske, Rusije, BiH i Crne Gore. Cijene u hotelima Ulcinjske rivijere se nisu mijenjale nekoliko godina unazad pa se polupansion kre\u0107e od 22 eura u predsezoni do 40 eura u \u0161picu sezone. Cijena polupansiona do 10. juna \u00a0se kre\u0107e od 22 do 26 eura po osobi dnevno u zavisnosti od objekta koji je gost izabrao za svoj boravak<\/p>\n<p>Novost u ponudi za sezonu 2012. jeste osvje\u017eeni nudisti\u010dki centar Ada Bojana u kojem se privodi kraju renoviranje 88 soba. U 48 soba Tipa A bi\u0107e promjenjene plo\u010dice, stolarija, bravarija, namje\u0161taj i renovirana kupatila. Tako\u0111e, 40 soba Tipa L \u0107e ovoga ljeta imati potpuno novi izgled. Ure\u0111eni su sportski sadr\u017eaji, a me\u0111u njima posebno isti\u010demo teniske terene. Od sredine juna, posjetioci Ade \u0107e ponovo imati na raspolaganju jaha\u0107e konje.<\/p>\n<p>HTP \u201eUlcinjska rivijera\u201c je predstavila svoju ponudu na sajmovima u Pragu, Beogradu, Berlinu, Moskvi, Pri\u0161tini, Sarajevu i Budvi.<\/p>\n<p>Tokom 2011. godine u hotelima HTP \u201eUlcinjske rivijere\u201c je boravilo ukupno 16140 turista, \u0161to je za 20% vi\u0161e gostiju u odnosu na sezonu 2010. godine kada je u istim hotelima boravilo 13 485 turista.<\/p>\n<p>&nbsp;<\/p>\n<p align=\"right\">\u00a0HTP Ulcinjska rivijera<\/p>\n<p style=\"text-align: left;\" align=\"right\"><!--YouTube Error: bad URL entered--><\/p>\n","protected":false},"excerpt":{"rendered":"<p>Prvi gosti na Adu dolaze posredstvom njem\u010dke agencije Obena 7. maja, a kapije hotela \u201eOlympic\u201c i \u201eBellevue\u201c se otvaraju 10. maja kada \u0107e u ovim hotelima biti organizovano okupljanje studenata pravnih fakulteta (Pravnijada 2012.). Buking za ljeto 2012. je odli\u010dan, a od strane agencija sa kojima sara\u0111ujemo imamo pove\u0107ano interesovanje ne samo za pro\u0161irenje zakupljenih [&hellip;]<\/p>\n","protected":false},"author":1,"featured_media":0,"comment_status":"open","ping_status":"closed","sticky":false,"template":"","format":"standard","meta":{"spay_email":"","jetpack_publicize_message":"","jetpack_is_tweetstorm":false,"jetpack_publicize_feature_enabled":true},"categories":[8337],"tags":[138,19,849],"jetpack_publicize_connections":[],"yoast_head":"<!-- This site is optimized with the Yoast SEO plugin v19.1 - https:\/\/yoast.com\/wordpress\/plugins\/seo\/ -->\n<title>Sezona po\u010dinje u maju u HTP &quot;Ulcinjska rivijera&quot; - Lajme nga Ulqini<\/title>\n<meta name=\"description\" content=\"Prvi gosti na Adu dolaze posredstvom njem\u010dke agencije Obena 7. maja, a kapije hotela \u201eOlympic\u201c i \u201eBellevue\u201c se otvaraju 10. maja kada \u0107e u ovim hotelima\" \/>\n<meta name=\"robots\" content=\"index, follow, max-snippet:-1, max-image-preview:large, max-video-preview:-1\" \/>\n<link rel=\"canonical\" href=\"https:\/\/www.visit-ulcinj.com\/blog\/2012\/04\/23\/59545\/\" \/>\n<meta property=\"og:locale\" content=\"en_US\" \/>\n<meta property=\"og:type\" content=\"article\" \/>\n<meta property=\"og:title\" content=\"Sezona po\u010dinje u maju u HTP &quot;Ulcinjska rivijera&quot; - Lajme nga Ulqini\" \/>\n<meta property=\"og:description\" content=\"Prvi gosti na Adu dolaze posredstvom njem\u010dke agencije Obena 7. maja, a kapije hotela \u201eOlympic\u201c i \u201eBellevue\u201c se otvaraju 10. maja kada \u0107e u ovim hotelima\" \/>\n<meta property=\"og:url\" content=\"https:\/\/www.visit-ulcinj.com\/blog\/2012\/04\/23\/59545\/\" \/>\n<meta property=\"og:site_name\" content=\"Lajme nga Ulqini\" \/>\n<meta property=\"article:published_time\" content=\"2012-04-23T15:48:18+00:00\" \/>\n<meta property=\"article:modified_time\" content=\"2012-04-23T15:50:59+00:00\" \/>\n<meta property=\"og:image\" content=\"http:\/\/www.visit-ulcinj.com\/blog\/wp-content\/uploads\/2012\/04\/Velika-plaza-Bellevue-Olympic.jpg\" \/>\n<meta name=\"twitter:label1\" content=\"Written by\" \/>\n\t<meta name=\"twitter:data1\" content=\"ulqini\" \/>\n\t<meta name=\"twitter:label2\" content=\"Est. reading time\" \/>\n\t<meta name=\"twitter:data2\" content=\"2 minutes\" \/>\n<script type=\"application\/ld+json\" class=\"yoast-schema-graph\">{\"@context\":\"https:\/\/schema.org\",\"@graph\":[{\"@type\":\"WebSite\",\"@id\":\"https:\/\/www.visit-ulcinj.com\/blog\/#website\",\"url\":\"https:\/\/www.visit-ulcinj.com\/blog\/\",\"name\":\"Lajme nga Ulqini\",\"description\":\"Lajme,Vijesti,Ulqini,Ulqin,Crna Gora,Mali i Zi\",\"potentialAction\":[{\"@type\":\"SearchAction\",\"target\":{\"@type\":\"EntryPoint\",\"urlTemplate\":\"https:\/\/www.visit-ulcinj.com\/blog\/?s={search_term_string}\"},\"query-input\":\"required name=search_term_string\"}],\"inLanguage\":\"en-US\"},{\"@type\":\"ImageObject\",\"inLanguage\":\"en-US\",\"@id\":\"https:\/\/www.visit-ulcinj.com\/blog\/2012\/04\/23\/59545\/#primaryimage\",\"url\":\"https:\/\/www.visit-ulcinj.com\/blog\/wp-content\/uploads\/2012\/04\/Velika-plaza-Bellevue-Olympic.jpg\",\"contentUrl\":\"https:\/\/www.visit-ulcinj.com\/blog\/wp-content\/uploads\/2012\/04\/Velika-plaza-Bellevue-Olympic.jpg\",\"width\":\"1016\",\"height\":\"768\"},{\"@type\":\"WebPage\",\"@id\":\"https:\/\/www.visit-ulcinj.com\/blog\/2012\/04\/23\/59545\/#webpage\",\"url\":\"https:\/\/www.visit-ulcinj.com\/blog\/2012\/04\/23\/59545\/\",\"name\":\"Sezona po\u010dinje u maju u HTP \\\"Ulcinjska rivijera\\\" - Lajme nga Ulqini\",\"isPartOf\":{\"@id\":\"https:\/\/www.visit-ulcinj.com\/blog\/#website\"},\"primaryImageOfPage\":{\"@id\":\"https:\/\/www.visit-ulcinj.com\/blog\/2012\/04\/23\/59545\/#primaryimage\"},\"datePublished\":\"2012-04-23T15:48:18+00:00\",\"dateModified\":\"2012-04-23T15:50:59+00:00\",\"author\":{\"@id\":\"https:\/\/www.visit-ulcinj.com\/blog\/#\/schema\/person\/dcab619c614d3038751c63bc2aadc06d\"},\"description\":\"Prvi gosti na Adu dolaze posredstvom njem\u010dke agencije Obena 7. maja, a kapije hotela \u201eOlympic\u201c i \u201eBellevue\u201c se otvaraju 10. maja kada \u0107e u ovim hotelima\",\"breadcrumb\":{\"@id\":\"https:\/\/www.visit-ulcinj.com\/blog\/2012\/04\/23\/59545\/#breadcrumb\"},\"inLanguage\":\"en-US\",\"potentialAction\":[{\"@type\":\"ReadAction\",\"target\":[\"https:\/\/www.visit-ulcinj.com\/blog\/2012\/04\/23\/59545\/\"]}]},{\"@type\":\"BreadcrumbList\",\"@id\":\"https:\/\/www.visit-ulcinj.com\/blog\/2012\/04\/23\/59545\/#breadcrumb\",\"itemListElement\":[{\"@type\":\"ListItem\",\"position\":1,\"name\":\"Sezona po\u010dinje u maju u HTP &#8220;Ulcinjska rivijera&#8221;\"}]},{\"@type\":\"Person\",\"@id\":\"https:\/\/www.visit-ulcinj.com\/blog\/#\/schema\/person\/dcab619c614d3038751c63bc2aadc06d\",\"name\":\"ulqini\",\"sameAs\":[\"http:\/\/www.visit-ulcinj.com\"],\"url\":\"https:\/\/www.visit-ulcinj.com\/blog\/author\/admin\/\"}]}<\/script>\n<!-- \/ Yoast SEO plugin. -->","yoast_head_json":{"title":"Sezona po\u010dinje u maju u HTP \"Ulcinjska rivijera\" - Lajme nga Ulqini","description":"Prvi gosti na Adu dolaze posredstvom njem\u010dke agencije Obena 7. maja, a kapije hotela \u201eOlympic\u201c i \u201eBellevue\u201c se otvaraju 10. maja kada \u0107e u ovim hotelima","robots":{"index":"index","follow":"follow","max-snippet":"max-snippet:-1","max-image-preview":"max-image-preview:large","max-video-preview":"max-video-preview:-1"},"canonical":"https:\/\/www.visit-ulcinj.com\/blog\/2012\/04\/23\/59545\/","og_locale":"en_US","og_type":"article","og_title":"Sezona po\u010dinje u maju u HTP \"Ulcinjska rivijera\" - Lajme nga Ulqini","og_description":"Prvi gosti na Adu dolaze posredstvom njem\u010dke agencije Obena 7. maja, a kapije hotela \u201eOlympic\u201c i \u201eBellevue\u201c se otvaraju 10. maja kada \u0107e u ovim hotelima","og_url":"https:\/\/www.visit-ulcinj.com\/blog\/2012\/04\/23\/59545\/","og_site_name":"Lajme nga Ulqini","article_published_time":"2012-04-23T15:48:18+00:00","article_modified_time":"2012-04-23T15:50:59+00:00","og_image":[{"url":"http:\/\/www.visit-ulcinj.com\/blog\/wp-content\/uploads\/2012\/04\/Velika-plaza-Bellevue-Olympic.jpg"}],"twitter_misc":{"Written by":"ulqini","Est. reading time":"2 minutes"},"schema":{"@context":"https:\/\/schema.org","@graph":[{"@type":"WebSite","@id":"https:\/\/www.visit-ulcinj.com\/blog\/#website","url":"https:\/\/www.visit-ulcinj.com\/blog\/","name":"Lajme nga Ulqini","description":"Lajme,Vijesti,Ulqini,Ulqin,Crna Gora,Mali i Zi","potentialAction":[{"@type":"SearchAction","target":{"@type":"EntryPoint","urlTemplate":"https:\/\/www.visit-ulcinj.com\/blog\/?s={search_term_string}"},"query-input":"required name=search_term_string"}],"inLanguage":"en-US"},{"@type":"ImageObject","inLanguage":"en-US","@id":"https:\/\/www.visit-ulcinj.com\/blog\/2012\/04\/23\/59545\/#primaryimage","url":"https:\/\/www.visit-ulcinj.com\/blog\/wp-content\/uploads\/2012\/04\/Velika-plaza-Bellevue-Olympic.jpg","contentUrl":"https:\/\/www.visit-ulcinj.com\/blog\/wp-content\/uploads\/2012\/04\/Velika-plaza-Bellevue-Olympic.jpg","width":"1016","height":"768"},{"@type":"WebPage","@id":"https:\/\/www.visit-ulcinj.com\/blog\/2012\/04\/23\/59545\/#webpage","url":"https:\/\/www.visit-ulcinj.com\/blog\/2012\/04\/23\/59545\/","name":"Sezona po\u010dinje u maju u HTP \"Ulcinjska rivijera\" - Lajme nga Ulqini","isPartOf":{"@id":"https:\/\/www.visit-ulcinj.com\/blog\/#website"},"primaryImageOfPage":{"@id":"https:\/\/www.visit-ulcinj.com\/blog\/2012\/04\/23\/59545\/#primaryimage"},"datePublished":"2012-04-23T15:48:18+00:00","dateModified":"2012-04-23T15:50:59+00:00","author":{"@id":"https:\/\/www.visit-ulcinj.com\/blog\/#\/schema\/person\/dcab619c614d3038751c63bc2aadc06d"},"description":"Prvi gosti na Adu dolaze posredstvom njem\u010dke agencije Obena 7. maja, a kapije hotela \u201eOlympic\u201c i \u201eBellevue\u201c se otvaraju 10. maja kada \u0107e u ovim hotelima","breadcrumb":{"@id":"https:\/\/www.visit-ulcinj.com\/blog\/2012\/04\/23\/59545\/#breadcrumb"},"inLanguage":"en-US","potentialAction":[{"@type":"ReadAction","target":["https:\/\/www.visit-ulcinj.com\/blog\/2012\/04\/23\/59545\/"]}]},{"@type":"BreadcrumbList","@id":"https:\/\/www.visit-ulcinj.com\/blog\/2012\/04\/23\/59545\/#breadcrumb","itemListElement":[{"@type":"ListItem","position":1,"name":"Sezona po\u010dinje u maju u HTP &#8220;Ulcinjska rivijera&#8221;"}]},{"@type":"Person","@id":"https:\/\/www.visit-ulcinj.com\/blog\/#\/schema\/person\/dcab619c614d3038751c63bc2aadc06d","name":"ulqini","sameAs":["http:\/\/www.visit-ulcinj.com"],"url":"https:\/\/www.visit-ulcinj.com\/blog\/author\/admin\/"}]}},"jetpack_featured_media_url":"","jetpack_sharing_enabled":true,"jetpack_shortlink":"https:\/\/wp.me\/se6lTn-59545","_links":{"self":[{"href":"https:\/\/www.visit-ulcinj.com\/blog\/wp-json\/wp\/v2\/posts\/59545"}],"collection":[{"href":"https:\/\/www.visit-ulcinj.com\/blog\/wp-json\/wp\/v2\/posts"}],"about":[{"href":"https:\/\/www.visit-ulcinj.com\/blog\/wp-json\/wp\/v2\/types\/post"}],"author":[{"embeddable":true,"href":"https:\/\/www.visit-ulcinj.com\/blog\/wp-json\/wp\/v2\/users\/1"}],"replies":[{"embeddable":true,"href":"https:\/\/www.visit-ulcinj.com\/blog\/wp-json\/wp\/v2\/comments?post=59545"}],"version-history":[{"count":3,"href":"https:\/\/www.visit-ulcinj.com\/blog\/wp-json\/wp\/v2\/posts\/59545\/revisions"}],"predecessor-version":[{"id":59549,"href":"https:\/\/www.visit-ulcinj.com\/blog\/wp-json\/wp\/v2\/posts\/59545\/revisions\/59549"}],"wp:attachment":[{"href":"https:\/\/www.visit-ulcinj.com\/blog\/wp-json\/wp\/v2\/media?parent=59545"}],"wp:term":[{"taxonomy":"category","embeddable":true,"href":"https:\/\/www.visit-ulcinj.com\/blog\/wp-json\/wp\/v2\/categories?post=59545"},{"taxonomy":"post_tag","embeddable":true,"href":"https:\/\/www.visit-ulcinj.com\/blog\/wp-json\/wp\/v2\/tags?post=59545"}],"curies":[{"name":"wp","href":"https:\/\/api.w.org\/{rel}","templated":true}]}}