{"id":59551,"date":"2012-04-24T12:47:59","date_gmt":"2012-04-24T11:47:59","guid":{"rendered":"http:\/\/www.visit-ulcinj.com\/blog\/?p=59551"},"modified":"2012-04-26T08:13:04","modified_gmt":"2012-04-26T07:13:04","slug":"panairi-i-turizmit-ne-prishtine-2012-ulqini-prezanton-oferten-turistike","status":"publish","type":"post","link":"https:\/\/www.visit-ulcinj.com\/blog\/2012\/04\/24\/panairi-i-turizmit-ne-prishtine-2012-ulqini-prezanton-oferten-turistike\/","title":{"rendered":"Panairi i turizmit n\u00eb Prishtine 2012 &#8211; Ulqini prezanton oferten turistike"},"content":{"rendered":"<p><a href=\"http:\/\/www.visit-ulcinj.com\/blog\/wp-content\/uploads\/2012\/04\/Panairi-i-turizmit-n\u00eb-Prishtine-2012-Ulqini-prezanton-oferten-turistike.1.jpg\"><img loading=\"lazy\" class=\"alignleft  wp-image-59552\" title=\"Panairi i turizmit n\u00eb Prishtine 2012 - Ulqini prezanton oferten turistike.1\" src=\"http:\/\/www.visit-ulcinj.com\/blog\/wp-content\/uploads\/2012\/04\/Panairi-i-turizmit-n\u00eb-Prishtine-2012-Ulqini-prezanton-oferten-turistike.1.jpg\" alt=\"\" width=\"508\" height=\"360\" \/><\/a>Kryetari i Komun\u00ebs s\u00eb Ulqinit, Nazif Cungu, i shoq\u00ebruar edhe nga zyrtar\u00eb t\u00eb tjer\u00eb komunal, drejtori i Organizat\u00ebs Tirisitike dhe pronar hotelesh q\u00eb funksionojn\u00eb n\u00eb Komun\u00ebn e Ulqinit, moren pjes\u00eb n\u00eb Prishtin\u00eb n\u00eb panairin e n\u00ebnt\u00eb t\u00eb turizmit, organizuar nga CEO.<br \/>\n<a href=\"http:\/\/www.visit-ulcinj.com\/blog\/wp-content\/uploads\/2012\/04\/Panairi-i-turizmit-n\u00eb-Prishtine-2012-Ulqini-prezanton-oferten-turistike.5.jpg\"><img loading=\"lazy\" class=\"alignleft  wp-image-59553\" title=\"Panairi i turizmit n\u00eb Prishtine 2012 - Ulqini prezanton oferten turistike.5\" src=\"http:\/\/www.visit-ulcinj.com\/blog\/wp-content\/uploads\/2012\/04\/Panairi-i-turizmit-n\u00eb-Prishtine-2012-Ulqini-prezanton-oferten-turistike.5.jpg\" alt=\"\" width=\"508\" height=\"300\" \/><\/a><br \/>\nSipas tij, Ulqini n\u00eb ver\u00ebn e k\u00ebtij viti do t\u00eb ket\u00eb infrastruktur\u00eb shum\u00eb m\u00eb t\u00eb mir\u00eb rrugore, uj\u00eb t\u00eb pijsh\u00ebm dhe past\u00ebrti absolute p\u00ebr pushuesit.<\/p>\n<p>Ai u shpreh se n\u00eb rend t\u00eb par\u00eb prioritet mbetet infrastruktura n\u00eb Komun\u00ebn e Ulqinit, e cila \u00ebsht\u00eb l\u00ebn\u00eb shum\u00eb pas dore mirpo gj\u00ebrat kan\u00eb nisur t\u00eb ndryshojn\u00eb.<\/p>\n<p>\u201cNe po p\u00ebrmir\u00ebsojm\u00eb infrastruktur\u00ebn e rrug\u00ebve, trotuareve, gjelb\u00ebrimit, past\u00ebrtis\u00eb dhe do ti realizojm\u00eb si \u00ebsht\u00eb m\u00eb s\u00eb miri,ku n\u00eb bashk\u00ebpunim me Qeverin\u00eb qendrore, kemi nisur procedurat n\u00eb nivel t\u00eb Komun\u00ebs s\u00eb Ulqinit p\u00ebr realizmin e projekteve madhore\u201d, tha kryetari Cungu.<\/p>\n<p>\u201cProblem i madh ishte dhe vazhdon t\u00eb jet\u00eb rruga nga Muriqani, pra nga kufiri i Shqip\u00ebris\u00eb deri n\u00eb Ulqin, dhe mund t\u2019ju siguroj q\u00eb ne kemi filluar t\u00eb b\u00ebjm\u00eb rinovimin e k\u00ebsaj rruge e cila do t\u00eb punohet n\u00eb faza. Faza e pare p\u00ebrfshin nj\u00eb gjat\u00ebsi prej 6 kilometra e gjysm\u00eb, e cila do t\u00eb p\u00ebrfundohet para sezonit turistik, k\u00ebshtu q\u00eb ajo pjes\u00eb do t\u00eb jet\u00eb e nj\u00eb niveli shum\u00eb m\u00eb t\u00eb lart\u00eb dhe normalisht pas sezonit turistik do t\u00eb vazhdojm\u00eb me fazen tjet\u00ebr t\u00eb k\u00ebsaj rruge\u201d, ka th\u00ebn\u00eb kryetari Cungu.<br \/>\n<a href=\"http:\/\/www.visit-ulcinj.com\/blog\/wp-content\/uploads\/2012\/04\/Panairi-i-turizmit-n\u00eb-Prishtine-2012-Ulqini-prezanton-oferten-turistike.14.jpg\"><img loading=\"lazy\" class=\"alignleft  wp-image-59555\" title=\"Panairi i turizmit n\u00eb Prishtine 2012 - Ulqini prezanton oferten turistike.14\" src=\"http:\/\/www.visit-ulcinj.com\/blog\/wp-content\/uploads\/2012\/04\/Panairi-i-turizmit-n\u00eb-Prishtine-2012-Ulqini-prezanton-oferten-turistike.14.jpg\" alt=\"\" width=\"508\" height=\"300\" \/><\/a><br \/>\nAi shtoi se p\u00ebr t\u00eb rritur turizmin duhet shum\u00eb pun\u00eb e mund. P\u00ebr t\u00eb t\u00ebrhequr turist\u00ebt nga Evropa Per\u00ebndimore, duhet t\u00eb nd\u00ebrtohen hotele t\u00eb cil\u00ebsis\u00eb s\u00eb lart\u00eb nga 3, 4 e 5 yje e q\u00eb nuk i kemi, por do ti b\u00ebjm\u00eb shpejt. Ne po kryejm\u00eb baz\u00ebn urbanistike dhe pastaj investitor\u00ebt mund t\u00eb investojn\u00eb.<\/p>\n<p>\u201cJan\u00eb shum\u00eb hotele q\u00eb nuk jan\u00eb funksionale dhe i kemi b\u00ebr\u00eb t\u00eb gjith\u00eb p\u00ebrgatitjet urbanistike q\u00eb t\u00eb gjith\u00eb investitor\u00ebt ti ken\u00eb duart e lira p\u00ebr investime. Mendoj\u00eb se investimet apo nd\u00ebrtimet mund t\u00eb nisin nga shtatori i k\u00ebtij viti, ku edhe mund t\u00eb nisin procedurat. P\u00ebr t\u00eb nd\u00ebrtuar hotel me kat\u00ebr e pes\u00eb yje duhet koh\u00eb. Kemi b\u00ebr\u00eb t\u00eb gjitha p\u00ebrgatitjet dhe studimet p\u00ebr dy lokacione p\u00ebr investime n\u00eb dy qendra turistike n\u00eb Liqenin e Shasit q\u00eb kapin vleren prej 150 milion\u00eb euro\u201d.<\/p>\n<p>Kryetari Cungu ka ftuar edhe investitor\u00ebt kosovar\u00eb q\u00eb t\u00eb investojn\u00eb n\u00eb k\u00ebt\u00eb komun\u00eb.<\/p>\n<p>\u201cNe si komun\u00eb jemi duke b\u00ebr\u00eb parakushte q\u00eb shum\u00eb shpejt t\u00eb fillojm\u00eb edhe me nd\u00ebrtimin e hoteleve t\u00eb cil\u00ebsis\u00eb s\u00eb lart\u00eb, k\u00ebshtu q\u00eb kjo \u00ebsht\u00eb edhe nj\u00eb moment q\u00eb t\u00eb ftojm\u00eb edhe investitor\u00ebt nga Kosova q\u00eb jan\u00eb t\u00eb interesuar q\u00eb s\u00eb bashku t\u00eb b\u00ebjn\u00eb investime n\u00eb Ulqin \u00e7ka nuk ka qen\u00eb mund\u00ebsia deri tani\u201d, ka th\u00ebn\u00eb Cungu.<br \/>\n<a href=\"http:\/\/www.visit-ulcinj.com\/blog\/wp-content\/uploads\/2012\/04\/Panairi-i-turizmit-n\u00eb-Prishtine-2012-Ulqini-prezanton-oferten-turistike.9.jpg\"><img loading=\"lazy\" class=\"alignleft  wp-image-59556\" title=\"Panairi i turizmit n\u00eb Prishtine 2012 - Ulqini prezanton oferten turistike.9\" src=\"http:\/\/www.visit-ulcinj.com\/blog\/wp-content\/uploads\/2012\/04\/Panairi-i-turizmit-n\u00eb-Prishtine-2012-Ulqini-prezanton-oferten-turistike.9.jpg\" alt=\"\" width=\"508\" height=\"300\" \/><\/a><br \/>\nN\u00eb lidhje me parashikimin e k\u00ebsaj sezone turistike n\u00eb Ulqin ai u shpreh:<\/p>\n<p>\u201cN\u00eb m\u00ebnyr\u00eb tradicionale turist\u00ebt nga Kosova do t\u00eb vizitojn\u00eb Ulqinin. N\u00eb baz\u00eb t\u00eb hulumtimeve q\u00eb kemi marr ky sezon turistik do t\u00eb kemi edhe m\u00eb shum\u00eb turist\u00eb nga Kosova sesa n\u00eb t\u00eb kaluar\u00ebn. Popullit nga Kosova nuk kemi nevoj\u00eb ti prezantojm\u00eb Ulqinin, sepse ata tashm\u00eb i njohin bukurit\u00eb dhe ofertat q\u00eb kemi\u201d, tha kryetar i Komun\u00ebs t\u00eb Ulqinit.<\/p>\n<p>Poashtu ka theksuar se k\u00ebt\u00eb vit \u00e7mimet nuk do t\u00eb ndryshojn\u00eb dhe do t\u00eb jen\u00eb p\u00ebraf\u00ebrsisht t\u00eb nj\u00ebjta me ato t\u00eb vitit t\u00eb kaluar.<\/p>\n<p>\u201cUn\u00eb n\u00eb diskutimet q\u00eb kam pasur me hotelier\u00eb edhe me qiradh\u00ebn\u00ebsit q\u00eb japin akomodimin privat n\u00eb num\u00ebr t\u00eb konsideruesh\u00ebm, jan\u00eb t\u00eb mendimit q\u00eb \u00e7mimet t\u00eb do t\u00eb jen\u00eb n\u00eb nivel t\u00eb vitit t\u00eb kaluar, do t\u00eb thot\u00eb nuk do t\u00eb ket\u00eb ndryshime sa i p\u00ebrket \u00e7mimeve\u201d, ka th\u00ebn\u00eb ai<\/p>\n<p>N\u00eb fund kryetari Cungu ftoi t\u00eb gjith\u00eb qytetar\u00ebt e Kosoves q\u00eb edhe k\u00ebt\u00eb sezon turistike ti mbesin besnik dhe pushimet t\u00eb vijn\u00eb ti kalojn\u00eb n\u00eb Ulqin.<\/p>\n<p>Komuna e Ulqinit<br \/>\n\n\t\t<style type=\"text\/css\">\n\t\t\t#gallery-1 {\n\t\t\t\tmargin: auto;\n\t\t\t}\n\t\t\t#gallery-1 .gallery-item {\n\t\t\t\tfloat: left;\n\t\t\t\tmargin-top: 10px;\n\t\t\t\ttext-align: center;\n\t\t\t\twidth: 33%;\n\t\t\t}\n\t\t\t#gallery-1 img {\n\t\t\t\tborder: 2px solid #cfcfcf;\n\t\t\t}\n\t\t\t#gallery-1 .gallery-caption {\n\t\t\t\tmargin-left: 0;\n\t\t\t}\n\t\t\t\/* see gallery_shortcode() in wp-includes\/media.php *\/\n\t\t<\/style>\n\t\t<div id='gallery-1' class='gallery galleryid-59551 gallery-columns-3 gallery-size-thumbnail'><dl class='gallery-item'>\n\t\t\t<dt class='gallery-icon landscape'>\n\t\t\t\t<a href='https:\/\/www.visit-ulcinj.com\/blog\/wp-content\/uploads\/2012\/04\/Panairi-i-turizmit-n\u00eb-Prishtine-2012-Ulqini-prezanton-oferten-turistike.1.jpg'><img width=\"150\" height=\"150\" src=\"https:\/\/www.visit-ulcinj.com\/blog\/wp-content\/uploads\/2012\/04\/Panairi-i-turizmit-n\u00eb-Prishtine-2012-Ulqini-prezanton-oferten-turistike.1-150x150.jpg\" class=\"attachment-thumbnail size-thumbnail\" alt=\"\" loading=\"lazy\" \/><\/a>\n\t\t\t<\/dt><\/dl><dl class='gallery-item'>\n\t\t\t<dt class='gallery-icon landscape'>\n\t\t\t\t<a href='https:\/\/www.visit-ulcinj.com\/blog\/wp-content\/uploads\/2012\/04\/Panairi-i-turizmit-n\u00eb-Prishtine-2012-Ulqini-prezanton-oferten-turistike.5.jpg'><img width=\"150\" height=\"150\" src=\"https:\/\/www.visit-ulcinj.com\/blog\/wp-content\/uploads\/2012\/04\/Panairi-i-turizmit-n\u00eb-Prishtine-2012-Ulqini-prezanton-oferten-turistike.5-150x150.jpg\" class=\"attachment-thumbnail size-thumbnail\" alt=\"\" loading=\"lazy\" \/><\/a>\n\t\t\t<\/dt><\/dl><dl class='gallery-item'>\n\t\t\t<dt class='gallery-icon landscape'>\n\t\t\t\t<a href='https:\/\/www.visit-ulcinj.com\/blog\/wp-content\/uploads\/2012\/04\/Panairi-i-turizmit-n\u00eb-Prishtine-2012-Ulqini-prezanton-oferten-turistike.14.jpg'><img width=\"150\" height=\"150\" src=\"https:\/\/www.visit-ulcinj.com\/blog\/wp-content\/uploads\/2012\/04\/Panairi-i-turizmit-n\u00eb-Prishtine-2012-Ulqini-prezanton-oferten-turistike.14-150x150.jpg\" class=\"attachment-thumbnail size-thumbnail\" alt=\"\" loading=\"lazy\" \/><\/a>\n\t\t\t<\/dt><\/dl><br style=\"clear: both\" \/><dl class='gallery-item'>\n\t\t\t<dt class='gallery-icon landscape'>\n\t\t\t\t<a href='https:\/\/www.visit-ulcinj.com\/blog\/wp-content\/uploads\/2012\/04\/Panairi-i-turizmit-n\u00eb-Prishtine-2012-Ulqini-prezanton-oferten-turistike.9.jpg'><img width=\"150\" height=\"150\" src=\"https:\/\/www.visit-ulcinj.com\/blog\/wp-content\/uploads\/2012\/04\/Panairi-i-turizmit-n\u00eb-Prishtine-2012-Ulqini-prezanton-oferten-turistike.9-150x150.jpg\" class=\"attachment-thumbnail size-thumbnail\" alt=\"\" loading=\"lazy\" \/><\/a>\n\t\t\t<\/dt><\/dl><dl class='gallery-item'>\n\t\t\t<dt class='gallery-icon landscape'>\n\t\t\t\t<a href='https:\/\/www.visit-ulcinj.com\/blog\/wp-content\/uploads\/2012\/04\/Panairi-i-turizmit-n\u00eb-Prishtine-2012-Ulqini-prezanton-oferten-turistike.2.jpg'><img width=\"150\" height=\"150\" src=\"https:\/\/www.visit-ulcinj.com\/blog\/wp-content\/uploads\/2012\/04\/Panairi-i-turizmit-n\u00eb-Prishtine-2012-Ulqini-prezanton-oferten-turistike.2-150x150.jpg\" class=\"attachment-thumbnail size-thumbnail\" alt=\"\" loading=\"lazy\" \/><\/a>\n\t\t\t<\/dt><\/dl><dl class='gallery-item'>\n\t\t\t<dt class='gallery-icon landscape'>\n\t\t\t\t<a href='https:\/\/www.visit-ulcinj.com\/blog\/wp-content\/uploads\/2012\/04\/Panairi-i-turizmit-n\u00eb-Prishtine-2012-Ulqini-prezanton-oferten-turistike.3.jpg'><img width=\"150\" height=\"150\" src=\"https:\/\/www.visit-ulcinj.com\/blog\/wp-content\/uploads\/2012\/04\/Panairi-i-turizmit-n\u00eb-Prishtine-2012-Ulqini-prezanton-oferten-turistike.3-150x150.jpg\" class=\"attachment-thumbnail size-thumbnail\" alt=\"\" loading=\"lazy\" \/><\/a>\n\t\t\t<\/dt><\/dl><br style=\"clear: both\" \/><dl class='gallery-item'>\n\t\t\t<dt class='gallery-icon landscape'>\n\t\t\t\t<a href='https:\/\/www.visit-ulcinj.com\/blog\/wp-content\/uploads\/2012\/04\/Panairi-i-turizmit-n\u00eb-Prishtine-2012-Ulqini-prezanton-oferten-turistike.6.jpg'><img width=\"150\" height=\"150\" src=\"https:\/\/www.visit-ulcinj.com\/blog\/wp-content\/uploads\/2012\/04\/Panairi-i-turizmit-n\u00eb-Prishtine-2012-Ulqini-prezanton-oferten-turistike.6-150x150.jpg\" class=\"attachment-thumbnail size-thumbnail\" alt=\"\" loading=\"lazy\" \/><\/a>\n\t\t\t<\/dt><\/dl><dl class='gallery-item'>\n\t\t\t<dt class='gallery-icon landscape'>\n\t\t\t\t<a href='https:\/\/www.visit-ulcinj.com\/blog\/wp-content\/uploads\/2012\/04\/Panairi-i-turizmit-n\u00eb-Prishtine-2012-Ulqini-prezanton-oferten-turistike.7.jpg'><img width=\"150\" height=\"150\" src=\"https:\/\/www.visit-ulcinj.com\/blog\/wp-content\/uploads\/2012\/04\/Panairi-i-turizmit-n\u00eb-Prishtine-2012-Ulqini-prezanton-oferten-turistike.7-150x150.jpg\" class=\"attachment-thumbnail size-thumbnail\" alt=\"\" loading=\"lazy\" \/><\/a>\n\t\t\t<\/dt><\/dl><dl class='gallery-item'>\n\t\t\t<dt class='gallery-icon landscape'>\n\t\t\t\t<a href='https:\/\/www.visit-ulcinj.com\/blog\/wp-content\/uploads\/2012\/04\/Panairi-i-turizmit-n\u00eb-Prishtine-2012-Ulqini-prezanton-oferten-turistike.8.jpg'><img width=\"150\" height=\"150\" src=\"https:\/\/www.visit-ulcinj.com\/blog\/wp-content\/uploads\/2012\/04\/Panairi-i-turizmit-n\u00eb-Prishtine-2012-Ulqini-prezanton-oferten-turistike.8-150x150.jpg\" class=\"attachment-thumbnail size-thumbnail\" alt=\"\" loading=\"lazy\" \/><\/a>\n\t\t\t<\/dt><\/dl><br style=\"clear: both\" \/><dl class='gallery-item'>\n\t\t\t<dt class='gallery-icon landscape'>\n\t\t\t\t<a href='https:\/\/www.visit-ulcinj.com\/blog\/wp-content\/uploads\/2012\/04\/Panairi-i-turizmit-n\u00eb-Prishtine-2012-Ulqini-prezanton-oferten-turistike.10.jpg'><img width=\"150\" height=\"150\" src=\"https:\/\/www.visit-ulcinj.com\/blog\/wp-content\/uploads\/2012\/04\/Panairi-i-turizmit-n\u00eb-Prishtine-2012-Ulqini-prezanton-oferten-turistike.10-150x150.jpg\" class=\"attachment-thumbnail size-thumbnail\" alt=\"\" loading=\"lazy\" \/><\/a>\n\t\t\t<\/dt><\/dl><dl class='gallery-item'>\n\t\t\t<dt class='gallery-icon landscape'>\n\t\t\t\t<a href='https:\/\/www.visit-ulcinj.com\/blog\/wp-content\/uploads\/2012\/04\/Panairi-i-turizmit-n\u00eb-Prishtine-2012-Ulqini-prezanton-oferten-turistike.11.jpg'><img width=\"150\" height=\"150\" src=\"https:\/\/www.visit-ulcinj.com\/blog\/wp-content\/uploads\/2012\/04\/Panairi-i-turizmit-n\u00eb-Prishtine-2012-Ulqini-prezanton-oferten-turistike.11-150x150.jpg\" class=\"attachment-thumbnail size-thumbnail\" alt=\"\" loading=\"lazy\" \/><\/a>\n\t\t\t<\/dt><\/dl><dl class='gallery-item'>\n\t\t\t<dt class='gallery-icon landscape'>\n\t\t\t\t<a href='https:\/\/www.visit-ulcinj.com\/blog\/wp-content\/uploads\/2012\/04\/Panairi-i-turizmit-n\u00eb-Prishtine-2012-Ulqini-prezanton-oferten-turistike.12.jpg'><img width=\"150\" height=\"150\" src=\"https:\/\/www.visit-ulcinj.com\/blog\/wp-content\/uploads\/2012\/04\/Panairi-i-turizmit-n\u00eb-Prishtine-2012-Ulqini-prezanton-oferten-turistike.12-150x150.jpg\" class=\"attachment-thumbnail size-thumbnail\" alt=\"\" loading=\"lazy\" \/><\/a>\n\t\t\t<\/dt><\/dl><br style=\"clear: both\" \/><dl class='gallery-item'>\n\t\t\t<dt class='gallery-icon landscape'>\n\t\t\t\t<a href='https:\/\/www.visit-ulcinj.com\/blog\/wp-content\/uploads\/2012\/04\/Panairi-i-turizmit-n\u00eb-Prishtine-2012-Ulqini-prezanton-oferten-turistike.13.jpg'><img width=\"150\" height=\"150\" src=\"https:\/\/www.visit-ulcinj.com\/blog\/wp-content\/uploads\/2012\/04\/Panairi-i-turizmit-n\u00eb-Prishtine-2012-Ulqini-prezanton-oferten-turistike.13-150x150.jpg\" class=\"attachment-thumbnail size-thumbnail\" alt=\"\" loading=\"lazy\" \/><\/a>\n\t\t\t<\/dt><\/dl><dl class='gallery-item'>\n\t\t\t<dt class='gallery-icon landscape'>\n\t\t\t\t<a href='https:\/\/www.visit-ulcinj.com\/blog\/wp-content\/uploads\/2012\/04\/Panairi-i-turizmit-n\u00eb-Prishtine-2012-Ulqini-prezanton-oferten-turistike.141.jpg'><img width=\"150\" height=\"150\" src=\"https:\/\/www.visit-ulcinj.com\/blog\/wp-content\/uploads\/2012\/04\/Panairi-i-turizmit-n\u00eb-Prishtine-2012-Ulqini-prezanton-oferten-turistike.141-150x150.jpg\" class=\"attachment-thumbnail size-thumbnail\" alt=\"\" loading=\"lazy\" \/><\/a>\n\t\t\t<\/dt><\/dl><dl class='gallery-item'>\n\t\t\t<dt class='gallery-icon landscape'>\n\t\t\t\t<a href='https:\/\/www.visit-ulcinj.com\/blog\/wp-content\/uploads\/2012\/04\/Panairi-i-turizmit-n\u00eb-Prishtine-2012-Ulqini-prezanton-oferten-turistike.15.jpg'><img width=\"150\" height=\"150\" src=\"https:\/\/www.visit-ulcinj.com\/blog\/wp-content\/uploads\/2012\/04\/Panairi-i-turizmit-n\u00eb-Prishtine-2012-Ulqini-prezanton-oferten-turistike.15-150x150.jpg\" class=\"attachment-thumbnail size-thumbnail\" alt=\"\" loading=\"lazy\" \/><\/a>\n\t\t\t<\/dt><\/dl><br style=\"clear: both\" \/><dl class='gallery-item'>\n\t\t\t<dt class='gallery-icon landscape'>\n\t\t\t\t<a href='https:\/\/www.visit-ulcinj.com\/blog\/wp-content\/uploads\/2012\/04\/Panairi-i-turizmit-n\u00eb-Prishtine-2012-Ulqini-prezanton-oferten-turistike.16.jpg'><img width=\"150\" height=\"150\" src=\"https:\/\/www.visit-ulcinj.com\/blog\/wp-content\/uploads\/2012\/04\/Panairi-i-turizmit-n\u00eb-Prishtine-2012-Ulqini-prezanton-oferten-turistike.16-150x150.jpg\" class=\"attachment-thumbnail size-thumbnail\" alt=\"\" loading=\"lazy\" \/><\/a>\n\t\t\t<\/dt><\/dl><dl class='gallery-item'>\n\t\t\t<dt class='gallery-icon landscape'>\n\t\t\t\t<a href='https:\/\/www.visit-ulcinj.com\/blog\/wp-content\/uploads\/2012\/04\/Panairi-i-turizmit-n\u00eb-Prishtine-2012-Ulqini-prezanton-oferten-turistike.17.jpg'><img width=\"150\" height=\"150\" src=\"https:\/\/www.visit-ulcinj.com\/blog\/wp-content\/uploads\/2012\/04\/Panairi-i-turizmit-n\u00eb-Prishtine-2012-Ulqini-prezanton-oferten-turistike.17-150x150.jpg\" class=\"attachment-thumbnail size-thumbnail\" alt=\"\" loading=\"lazy\" \/><\/a>\n\t\t\t<\/dt><\/dl><dl class='gallery-item'>\n\t\t\t<dt class='gallery-icon landscape'>\n\t\t\t\t<a href='https:\/\/www.visit-ulcinj.com\/blog\/wp-content\/uploads\/2012\/04\/Panairi-i-turizmit-n\u00eb-Prishtine-2012-Ulqini-prezanton-oferten-turistike.jpg'><img width=\"150\" height=\"150\" src=\"https:\/\/www.visit-ulcinj.com\/blog\/wp-content\/uploads\/2012\/04\/Panairi-i-turizmit-n\u00eb-Prishtine-2012-Ulqini-prezanton-oferten-turistike-150x150.jpg\" class=\"attachment-thumbnail size-thumbnail\" alt=\"\" loading=\"lazy\" \/><\/a>\n\t\t\t<\/dt><\/dl><br style=\"clear: both\" \/>\n\t\t<\/div>\n<br \/>\n<!--YouTube Error: bad URL entered--><\/p>\n","protected":false},"excerpt":{"rendered":"<p>Kryetari i Komun\u00ebs s\u00eb Ulqinit, Nazif Cungu, i shoq\u00ebruar edhe nga zyrtar\u00eb t\u00eb tjer\u00eb komunal, drejtori i Organizat\u00ebs Tirisitike dhe pronar hotelesh q\u00eb funksionojn\u00eb n\u00eb Komun\u00ebn e Ulqinit, moren pjes\u00eb n\u00eb Prishtin\u00eb n\u00eb panairin e n\u00ebnt\u00eb t\u00eb turizmit, organizuar nga CEO. Sipas tij, Ulqini n\u00eb ver\u00ebn e k\u00ebtij viti do t\u00eb ket\u00eb infrastruktur\u00eb shum\u00eb m\u00eb [&hellip;]<\/p>\n","protected":false},"author":1,"featured_media":0,"comment_status":"open","ping_status":"closed","sticky":false,"template":"","format":"standard","meta":{"spay_email":"","jetpack_publicize_message":"","jetpack_is_tweetstorm":false,"jetpack_publicize_feature_enabled":true},"categories":[1,6],"tags":[95,20343,8870,18503,200,18],"jetpack_publicize_connections":[],"yoast_head":"<!-- This site is optimized with the Yoast SEO plugin v19.1 - https:\/\/yoast.com\/wordpress\/plugins\/seo\/ -->\n<title>Panairi i turizmit n\u00eb Prishtine 2012 - Ulqini prezanton oferten turistike - Lajme nga Ulqini<\/title>\n<meta name=\"description\" content=\"Kryetari i Komun\u00ebs s\u00eb Ulqinit, Nazif Cungu, i shoq\u00ebruar edhe nga zyrtar\u00eb t\u00eb tjer\u00eb komunal, drejtori i Organizat\u00ebs Tirisitike dhe pronar hotelesh q\u00eb\" \/>\n<meta name=\"robots\" content=\"index, follow, max-snippet:-1, max-image-preview:large, max-video-preview:-1\" \/>\n<link rel=\"canonical\" href=\"https:\/\/www.visit-ulcinj.com\/blog\/2012\/04\/24\/panairi-i-turizmit-ne-prishtine-2012-ulqini-prezanton-oferten-turistike\/\" \/>\n<meta property=\"og:locale\" content=\"en_US\" \/>\n<meta property=\"og:type\" content=\"article\" \/>\n<meta property=\"og:title\" content=\"Panairi i turizmit n\u00eb Prishtine 2012 - Ulqini prezanton oferten turistike - Lajme nga Ulqini\" \/>\n<meta property=\"og:description\" content=\"Kryetari i Komun\u00ebs s\u00eb Ulqinit, Nazif Cungu, i shoq\u00ebruar edhe nga zyrtar\u00eb t\u00eb tjer\u00eb komunal, drejtori i Organizat\u00ebs Tirisitike dhe pronar hotelesh q\u00eb\" \/>\n<meta property=\"og:url\" content=\"https:\/\/www.visit-ulcinj.com\/blog\/2012\/04\/24\/panairi-i-turizmit-ne-prishtine-2012-ulqini-prezanton-oferten-turistike\/\" \/>\n<meta property=\"og:site_name\" content=\"Lajme nga Ulqini\" \/>\n<meta property=\"article:published_time\" content=\"2012-04-24T11:47:59+00:00\" \/>\n<meta property=\"article:modified_time\" content=\"2012-04-26T07:13:04+00:00\" \/>\n<meta property=\"og:image\" content=\"https:\/\/www.visit-ulcinj.com\/blog\/wp-content\/uploads\/2012\/04\/Panairi-i-turizmit-n\u00eb-Prishtine-2012-Ulqini-prezanton-oferten-turistike.1-150x150.jpg\" \/>\n<meta name=\"twitter:label1\" content=\"Written by\" \/>\n\t<meta name=\"twitter:data1\" content=\"ulqini\" \/>\n\t<meta name=\"twitter:label2\" content=\"Est. reading time\" \/>\n\t<meta name=\"twitter:data2\" content=\"3 minutes\" \/>\n<script type=\"application\/ld+json\" class=\"yoast-schema-graph\">{\"@context\":\"https:\/\/schema.org\",\"@graph\":[{\"@type\":\"WebSite\",\"@id\":\"https:\/\/www.visit-ulcinj.com\/blog\/#website\",\"url\":\"https:\/\/www.visit-ulcinj.com\/blog\/\",\"name\":\"Lajme nga Ulqini\",\"description\":\"Lajme,Vijesti,Ulqini,Ulqin,Crna Gora,Mali i Zi\",\"potentialAction\":[{\"@type\":\"SearchAction\",\"target\":{\"@type\":\"EntryPoint\",\"urlTemplate\":\"https:\/\/www.visit-ulcinj.com\/blog\/?s={search_term_string}\"},\"query-input\":\"required name=search_term_string\"}],\"inLanguage\":\"en-US\"},{\"@type\":\"WebPage\",\"@id\":\"https:\/\/www.visit-ulcinj.com\/blog\/2012\/04\/24\/panairi-i-turizmit-ne-prishtine-2012-ulqini-prezanton-oferten-turistike\/#webpage\",\"url\":\"https:\/\/www.visit-ulcinj.com\/blog\/2012\/04\/24\/panairi-i-turizmit-ne-prishtine-2012-ulqini-prezanton-oferten-turistike\/\",\"name\":\"Panairi i turizmit n\u00eb Prishtine 2012 - Ulqini prezanton oferten turistike - Lajme nga Ulqini\",\"isPartOf\":{\"@id\":\"https:\/\/www.visit-ulcinj.com\/blog\/#website\"},\"datePublished\":\"2012-04-24T11:47:59+00:00\",\"dateModified\":\"2012-04-26T07:13:04+00:00\",\"author\":{\"@id\":\"https:\/\/www.visit-ulcinj.com\/blog\/#\/schema\/person\/dcab619c614d3038751c63bc2aadc06d\"},\"description\":\"Kryetari i Komun\u00ebs s\u00eb Ulqinit, Nazif Cungu, i shoq\u00ebruar edhe nga zyrtar\u00eb t\u00eb tjer\u00eb komunal, drejtori i Organizat\u00ebs Tirisitike dhe pronar hotelesh q\u00eb\",\"breadcrumb\":{\"@id\":\"https:\/\/www.visit-ulcinj.com\/blog\/2012\/04\/24\/panairi-i-turizmit-ne-prishtine-2012-ulqini-prezanton-oferten-turistike\/#breadcrumb\"},\"inLanguage\":\"en-US\",\"potentialAction\":[{\"@type\":\"ReadAction\",\"target\":[\"https:\/\/www.visit-ulcinj.com\/blog\/2012\/04\/24\/panairi-i-turizmit-ne-prishtine-2012-ulqini-prezanton-oferten-turistike\/\"]}]},{\"@type\":\"BreadcrumbList\",\"@id\":\"https:\/\/www.visit-ulcinj.com\/blog\/2012\/04\/24\/panairi-i-turizmit-ne-prishtine-2012-ulqini-prezanton-oferten-turistike\/#breadcrumb\",\"itemListElement\":[{\"@type\":\"ListItem\",\"position\":1,\"name\":\"Panairi i turizmit n\u00eb Prishtine 2012 &#8211; Ulqini prezanton oferten turistike\"}]},{\"@type\":\"Person\",\"@id\":\"https:\/\/www.visit-ulcinj.com\/blog\/#\/schema\/person\/dcab619c614d3038751c63bc2aadc06d\",\"name\":\"ulqini\",\"sameAs\":[\"http:\/\/www.visit-ulcinj.com\"],\"url\":\"https:\/\/www.visit-ulcinj.com\/blog\/author\/admin\/\"}]}<\/script>\n<!-- \/ Yoast SEO plugin. -->","yoast_head_json":{"title":"Panairi i turizmit n\u00eb Prishtine 2012 - Ulqini prezanton oferten turistike - Lajme nga Ulqini","description":"Kryetari i Komun\u00ebs s\u00eb Ulqinit, Nazif Cungu, i shoq\u00ebruar edhe nga zyrtar\u00eb t\u00eb tjer\u00eb komunal, drejtori i Organizat\u00ebs Tirisitike dhe pronar hotelesh q\u00eb","robots":{"index":"index","follow":"follow","max-snippet":"max-snippet:-1","max-image-preview":"max-image-preview:large","max-video-preview":"max-video-preview:-1"},"canonical":"https:\/\/www.visit-ulcinj.com\/blog\/2012\/04\/24\/panairi-i-turizmit-ne-prishtine-2012-ulqini-prezanton-oferten-turistike\/","og_locale":"en_US","og_type":"article","og_title":"Panairi i turizmit n\u00eb Prishtine 2012 - Ulqini prezanton oferten turistike - Lajme nga Ulqini","og_description":"Kryetari i Komun\u00ebs s\u00eb Ulqinit, Nazif Cungu, i shoq\u00ebruar edhe nga zyrtar\u00eb t\u00eb tjer\u00eb komunal, drejtori i Organizat\u00ebs Tirisitike dhe pronar hotelesh q\u00eb","og_url":"https:\/\/www.visit-ulcinj.com\/blog\/2012\/04\/24\/panairi-i-turizmit-ne-prishtine-2012-ulqini-prezanton-oferten-turistike\/","og_site_name":"Lajme nga Ulqini","article_published_time":"2012-04-24T11:47:59+00:00","article_modified_time":"2012-04-26T07:13:04+00:00","og_image":[{"url":"https:\/\/www.visit-ulcinj.com\/blog\/wp-content\/uploads\/2012\/04\/Panairi-i-turizmit-n\u00eb-Prishtine-2012-Ulqini-prezanton-oferten-turistike.1-150x150.jpg"}],"twitter_misc":{"Written by":"ulqini","Est. reading time":"3 minutes"},"schema":{"@context":"https:\/\/schema.org","@graph":[{"@type":"WebSite","@id":"https:\/\/www.visit-ulcinj.com\/blog\/#website","url":"https:\/\/www.visit-ulcinj.com\/blog\/","name":"Lajme nga Ulqini","description":"Lajme,Vijesti,Ulqini,Ulqin,Crna Gora,Mali i Zi","potentialAction":[{"@type":"SearchAction","target":{"@type":"EntryPoint","urlTemplate":"https:\/\/www.visit-ulcinj.com\/blog\/?s={search_term_string}"},"query-input":"required name=search_term_string"}],"inLanguage":"en-US"},{"@type":"WebPage","@id":"https:\/\/www.visit-ulcinj.com\/blog\/2012\/04\/24\/panairi-i-turizmit-ne-prishtine-2012-ulqini-prezanton-oferten-turistike\/#webpage","url":"https:\/\/www.visit-ulcinj.com\/blog\/2012\/04\/24\/panairi-i-turizmit-ne-prishtine-2012-ulqini-prezanton-oferten-turistike\/","name":"Panairi i turizmit n\u00eb Prishtine 2012 - Ulqini prezanton oferten turistike - Lajme nga Ulqini","isPartOf":{"@id":"https:\/\/www.visit-ulcinj.com\/blog\/#website"},"datePublished":"2012-04-24T11:47:59+00:00","dateModified":"2012-04-26T07:13:04+00:00","author":{"@id":"https:\/\/www.visit-ulcinj.com\/blog\/#\/schema\/person\/dcab619c614d3038751c63bc2aadc06d"},"description":"Kryetari i Komun\u00ebs s\u00eb Ulqinit, Nazif Cungu, i shoq\u00ebruar edhe nga zyrtar\u00eb t\u00eb tjer\u00eb komunal, drejtori i Organizat\u00ebs Tirisitike dhe pronar hotelesh q\u00eb","breadcrumb":{"@id":"https:\/\/www.visit-ulcinj.com\/blog\/2012\/04\/24\/panairi-i-turizmit-ne-prishtine-2012-ulqini-prezanton-oferten-turistike\/#breadcrumb"},"inLanguage":"en-US","potentialAction":[{"@type":"ReadAction","target":["https:\/\/www.visit-ulcinj.com\/blog\/2012\/04\/24\/panairi-i-turizmit-ne-prishtine-2012-ulqini-prezanton-oferten-turistike\/"]}]},{"@type":"BreadcrumbList","@id":"https:\/\/www.visit-ulcinj.com\/blog\/2012\/04\/24\/panairi-i-turizmit-ne-prishtine-2012-ulqini-prezanton-oferten-turistike\/#breadcrumb","itemListElement":[{"@type":"ListItem","position":1,"name":"Panairi i turizmit n\u00eb Prishtine 2012 &#8211; Ulqini prezanton oferten turistike"}]},{"@type":"Person","@id":"https:\/\/www.visit-ulcinj.com\/blog\/#\/schema\/person\/dcab619c614d3038751c63bc2aadc06d","name":"ulqini","sameAs":["http:\/\/www.visit-ulcinj.com"],"url":"https:\/\/www.visit-ulcinj.com\/blog\/author\/admin\/"}]}},"jetpack_featured_media_url":"","jetpack_sharing_enabled":true,"jetpack_shortlink":"https:\/\/wp.me\/pe6lTn-fuv","_links":{"self":[{"href":"https:\/\/www.visit-ulcinj.com\/blog\/wp-json\/wp\/v2\/posts\/59551"}],"collection":[{"href":"https:\/\/www.visit-ulcinj.com\/blog\/wp-json\/wp\/v2\/posts"}],"about":[{"href":"https:\/\/www.visit-ulcinj.com\/blog\/wp-json\/wp\/v2\/types\/post"}],"author":[{"embeddable":true,"href":"https:\/\/www.visit-ulcinj.com\/blog\/wp-json\/wp\/v2\/users\/1"}],"replies":[{"embeddable":true,"href":"https:\/\/www.visit-ulcinj.com\/blog\/wp-json\/wp\/v2\/comments?post=59551"}],"version-history":[{"count":5,"href":"https:\/\/www.visit-ulcinj.com\/blog\/wp-json\/wp\/v2\/posts\/59551\/revisions"}],"predecessor-version":[{"id":59642,"href":"https:\/\/www.visit-ulcinj.com\/blog\/wp-json\/wp\/v2\/posts\/59551\/revisions\/59642"}],"wp:attachment":[{"href":"https:\/\/www.visit-ulcinj.com\/blog\/wp-json\/wp\/v2\/media?parent=59551"}],"wp:term":[{"taxonomy":"category","embeddable":true,"href":"https:\/\/www.visit-ulcinj.com\/blog\/wp-json\/wp\/v2\/categories?post=59551"},{"taxonomy":"post_tag","embeddable":true,"href":"https:\/\/www.visit-ulcinj.com\/blog\/wp-json\/wp\/v2\/tags?post=59551"}],"curies":[{"name":"wp","href":"https:\/\/api.w.org\/{rel}","templated":true}]}}